{"id":68766,"date":"2018-10-11T09:46:32","date_gmt":"2018-10-11T07:46:32","guid":{"rendered":"http:\/\/likemetkovic.hr\/?p=68766"},"modified":"2018-10-11T13:48:50","modified_gmt":"2018-10-11T11:48:50","slug":"tijekom-noci-u-mostarskoj-bolnici-preminuo-don-damjan-raguz","status":"publish","type":"post","link":"https:\/\/likemetkovic.hr\/portal\/tijekom-noci-u-mostarskoj-bolnici-preminuo-don-damjan-raguz\/","title":{"rendered":"Tijekom no\u0107i u mostarskoj bolnici preminuo je don Damjan Ragu\u017e"},"content":{"rendered":"<p><a href=\"http:\/\/likemetkovic.hr\/don-damjan-raguz-prvi-zupnik-gabela-polja-kriticno-nakon-prometne-nesrece-u-mostaru\/\" target=\"_blank\" rel=\"noopener\">Don Damjan Ragu\u017e<\/a>\u00a0<strong>preminuo je tijekom no\u0107i, u 00:15 u SKB Mostar<\/strong>\u00a0na Odjelu za anasteziju, reanimaciju i intezivno lije\u010denje, potvr\u0111eno je jutros za portal <a href=\"https:\/\/www.bljesak.info\/vijesti\/crna-kronika\/mostar-preminuo-svecenik-damjan-raguz\/249837\" target=\"_blank\" rel=\"noopener\"><em>Bljesak.info<\/em><\/a>.<\/p>\n<p><em>&#8211; Tim lije\u010dnika je vi\u0161e od 24 sata poku\u0161avao stabilizirati njegovo stanje, ali su ozljede bile prete\u0161ke. Na\u017ealost, ovu bitku nismo dobili,<\/em>\u00a0rekli su jutros u SKB Mostar.<\/p>\n<p>Don Damjan je stradao preksino\u0107 u prometnoj\u00a0<strong>nesre\u0107i kod mostarske katedrale<\/strong>, gdje ga je udario motocikl. U nesre\u0107i je zadobio te\u0161ke tjelesne povrede, dok je motociklist pro\u0161ao sa lak\u0161im povredama. Odmah nakon nesre\u0107e preba\u010den je u bolnicu i podvrgnut intezivnom lije\u010denju, ali su ozlijede bile prete\u0161ke.<\/p>\n<p>Jutros su se emotivnim porukama od njega\u00a0<strong>opra\u0161tali brojni vjernici i njegove kolege sve\u0107enici<\/strong>.<\/p>\n<p><em>&#8211; No\u0107as je preminuo sve\u0107enik Trebinjsko markanske biskupije Don Damjan Ragu\u017e. \u201cBoga voli, Bogu se moli\u201d,<\/em>\u00a0\u010desto je govorio Don Damjan.\u00a0<em>Hvala mu za sve i neka mu dobri Isus udjeli vje\u010dni mir u Raju. Pokoj vje\u010dni,<\/em>\u00a0samo je jedna od brojnih poruka na dru\u0161tvenim mre\u017eama, pi\u0161e\u00a0<a href=\"http:\/\/m.pogled.ba\/clanak\/tijekom-noci-u-skb-mostar-preminuo-don-damjan-raguz\/152514\">Pogled.ba<\/a>.<\/p>\n<p>Don Damjan je u Mostar do\u0161ao prije mjesec dana nakon \u0161to je boravio devet godina na \u017eupi na Rotimlji. Dolazak u Mostar nije zna\u010dio i definitivni odlazak u mirovinu jer je jo\u0161 bio<strong>\u00a0aktivan na brojnim projektima<\/strong>. Na\u017ealost, prometna nesre\u0107a je sve to prekinula.<\/p>\n","protected":false},"excerpt":{"rendered":"<p>Don Damjan Ragu\u017e\u00a0preminuo je tijekom no\u0107i, u 00:15 u SKB Mostar\u00a0na Odjelu za anasteziju, reanimaciju i intezivno lije\u010denje, potvr\u0111eno je jutros za portal Bljesak.info. &#8211; Tim lije\u010dnika je vi\u0161e od 24 sata poku\u0161avao stabilizirati njegovo stanje, ali su ozljede bile prete\u0161ke. Na\u017ealost, ovu bitku nismo dobili,\u00a0rekli su jutros u SKB Mostar. Don Damjan je stradao [&hellip;]<\/p>\n","protected":false},"author":7,"featured_media":68767,"comment_status":"open","ping_status":"open","sticky":false,"template":"","format":"standard","meta":{"footnotes":""},"categories":[296,305],"tags":[3864],"class_list":{"0":"post-68766","1":"post","2":"type-post","3":"status-publish","4":"format-standard","5":"has-post-thumbnail","7":"category-ab","8":"category-crna-kronika","9":"tag-don-damjan-raguz"},"yoast_head":"<!-- This site is optimized with the Yoast SEO plugin v25.2 - https:\/\/yoast.com\/wordpress\/plugins\/seo\/ -->\n<title>Tijekom no\u0107i u mostarskoj bolnici preminuo je don Damjan Ragu\u017e - likemetkovic.hr<\/title>\n<meta name=\"robots\" content=\"index, follow, max-snippet:-1, max-image-preview:large, max-video-preview:-1\" \/>\n<link rel=\"canonical\" href=\"https:\/\/likemetkovic.hr\/tijekom-noci-u-mostarskoj-bolnici-preminuo-don-damjan-raguz\/\" \/>\n<meta property=\"og:locale\" content=\"hr_HR\" \/>\n<meta property=\"og:type\" content=\"article\" \/>\n<meta property=\"og:title\" content=\"Tijekom no\u0107i u mostarskoj bolnici preminuo je don Damjan Ragu\u017e - likemetkovic.hr\" \/>\n<meta property=\"og:description\" content=\"Don Damjan Ragu\u017e\u00a0preminuo je tijekom no\u0107i, u 00:15 u SKB Mostar\u00a0na Odjelu za anasteziju, reanimaciju i intezivno lije\u010denje, potvr\u0111eno je jutros za portal Bljesak.info. &#8211; Tim lije\u010dnika je vi\u0161e od 24 sata poku\u0161avao stabilizirati njegovo stanje, ali su ozljede bile prete\u0161ke. Na\u017ealost, ovu bitku nismo dobili,\u00a0rekli su jutros u SKB Mostar. Don Damjan je stradao [&hellip;]\" \/>\n<meta property=\"og:url\" content=\"https:\/\/likemetkovic.hr\/tijekom-noci-u-mostarskoj-bolnici-preminuo-don-damjan-raguz\/\" \/>\n<meta property=\"og:site_name\" content=\"likemetkovic.hr\" \/>\n<meta property=\"article:publisher\" content=\"https:\/\/www.facebook.com\/likemetkovic.hr\/\" \/>\n<meta property=\"article:published_time\" content=\"2018-10-11T07:46:32+00:00\" \/>\n<meta property=\"article:modified_time\" content=\"2018-10-11T11:48:50+00:00\" \/>\n<meta property=\"og:image\" content=\"https:\/\/likemetkovic.hr\/wp-content\/uploads\/2018\/10\/damjan_raguz.jpg\" \/>\n\t<meta property=\"og:image:width\" content=\"800\" \/>\n\t<meta property=\"og:image:height\" content=\"445\" \/>\n\t<meta property=\"og:image:type\" content=\"image\/jpeg\" \/>\n<meta name=\"author\" content=\"LIKEmetkovic.hr\" \/>\n<meta name=\"twitter:card\" content=\"summary_large_image\" \/>\n<meta name=\"twitter:label1\" content=\"Napisao\/la\" \/>\n\t<meta name=\"twitter:data1\" content=\"LIKEmetkovic.hr\" \/>\n\t<meta name=\"twitter:label2\" content=\"Procijenjeno vrijeme \u010ditanja\" \/>\n\t<meta name=\"twitter:data2\" content=\"1 minuta\" \/>\n<script type=\"application\/ld+json\" class=\"yoast-schema-graph\">{\"@context\":\"https:\/\/schema.org\",\"@graph\":[{\"@type\":\"WebPage\",\"@id\":\"https:\/\/likemetkovic.hr\/tijekom-noci-u-mostarskoj-bolnici-preminuo-don-damjan-raguz\/\",\"url\":\"https:\/\/likemetkovic.hr\/tijekom-noci-u-mostarskoj-bolnici-preminuo-don-damjan-raguz\/\",\"name\":\"Tijekom no\u0107i u mostarskoj bolnici preminuo je don Damjan Ragu\u017e - likemetkovic.hr\",\"isPartOf\":{\"@id\":\"https:\/\/likemetkovic.hr\/#website\"},\"primaryImageOfPage\":{\"@id\":\"https:\/\/likemetkovic.hr\/tijekom-noci-u-mostarskoj-bolnici-preminuo-don-damjan-raguz\/#primaryimage\"},\"image\":{\"@id\":\"https:\/\/likemetkovic.hr\/tijekom-noci-u-mostarskoj-bolnici-preminuo-don-damjan-raguz\/#primaryimage\"},\"thumbnailUrl\":\"https:\/\/likemetkovic.hr\/portal\/wp-content\/uploads\/2018\/10\/damjan_raguz.jpg\",\"datePublished\":\"2018-10-11T07:46:32+00:00\",\"dateModified\":\"2018-10-11T11:48:50+00:00\",\"author\":{\"@id\":\"https:\/\/likemetkovic.hr\/#\/schema\/person\/a42711f3385a0e2be6f7e0443bfb28f0\"},\"breadcrumb\":{\"@id\":\"https:\/\/likemetkovic.hr\/tijekom-noci-u-mostarskoj-bolnici-preminuo-don-damjan-raguz\/#breadcrumb\"},\"inLanguage\":\"hr\",\"potentialAction\":[{\"@type\":\"ReadAction\",\"target\":[\"https:\/\/likemetkovic.hr\/tijekom-noci-u-mostarskoj-bolnici-preminuo-don-damjan-raguz\/\"]}]},{\"@type\":\"ImageObject\",\"inLanguage\":\"hr\",\"@id\":\"https:\/\/likemetkovic.hr\/tijekom-noci-u-mostarskoj-bolnici-preminuo-don-damjan-raguz\/#primaryimage\",\"url\":\"https:\/\/likemetkovic.hr\/portal\/wp-content\/uploads\/2018\/10\/damjan_raguz.jpg\",\"contentUrl\":\"https:\/\/likemetkovic.hr\/portal\/wp-content\/uploads\/2018\/10\/damjan_raguz.jpg\",\"width\":800,\"height\":445},{\"@type\":\"BreadcrumbList\",\"@id\":\"https:\/\/likemetkovic.hr\/tijekom-noci-u-mostarskoj-bolnici-preminuo-don-damjan-raguz\/#breadcrumb\",\"itemListElement\":[{\"@type\":\"ListItem\",\"position\":1,\"name\":\"Po\u010detna stranica\",\"item\":\"https:\/\/likemetkovic.hr\/portal\/\"},{\"@type\":\"ListItem\",\"position\":2,\"name\":\"Tijekom no\u0107i u mostarskoj bolnici preminuo je don Damjan Ragu\u017e\"}]},{\"@type\":\"WebSite\",\"@id\":\"https:\/\/likemetkovic.hr\/#website\",\"url\":\"https:\/\/likemetkovic.hr\/\",\"name\":\"likemetkovic.hr\",\"description\":\"Misli pozitivno... \u010ditaj LIKE\",\"potentialAction\":[{\"@type\":\"SearchAction\",\"target\":{\"@type\":\"EntryPoint\",\"urlTemplate\":\"https:\/\/likemetkovic.hr\/?s={search_term_string}\"},\"query-input\":{\"@type\":\"PropertyValueSpecification\",\"valueRequired\":true,\"valueName\":\"search_term_string\"}}],\"inLanguage\":\"hr\"},{\"@type\":\"Person\",\"@id\":\"https:\/\/likemetkovic.hr\/#\/schema\/person\/a42711f3385a0e2be6f7e0443bfb28f0\",\"name\":\"LIKEmetkovic.hr\",\"sameAs\":[\"http:\/\/likemetkovic.hr\"],\"url\":\"https:\/\/likemetkovic.hr\/portal\/author\/likemetkovic-hr\/\"}]}<\/script>\n<!-- \/ Yoast SEO plugin. -->","yoast_head_json":{"title":"Tijekom no\u0107i u mostarskoj bolnici preminuo je don Damjan Ragu\u017e - likemetkovic.hr","robots":{"index":"index","follow":"follow","max-snippet":"max-snippet:-1","max-image-preview":"max-image-preview:large","max-video-preview":"max-video-preview:-1"},"canonical":"https:\/\/likemetkovic.hr\/tijekom-noci-u-mostarskoj-bolnici-preminuo-don-damjan-raguz\/","og_locale":"hr_HR","og_type":"article","og_title":"Tijekom no\u0107i u mostarskoj bolnici preminuo je don Damjan Ragu\u017e - likemetkovic.hr","og_description":"Don Damjan Ragu\u017e\u00a0preminuo je tijekom no\u0107i, u 00:15 u SKB Mostar\u00a0na Odjelu za anasteziju, reanimaciju i intezivno lije\u010denje, potvr\u0111eno je jutros za portal Bljesak.info. &#8211; Tim lije\u010dnika je vi\u0161e od 24 sata poku\u0161avao stabilizirati njegovo stanje, ali su ozljede bile prete\u0161ke. Na\u017ealost, ovu bitku nismo dobili,\u00a0rekli su jutros u SKB Mostar. Don Damjan je stradao [&hellip;]","og_url":"https:\/\/likemetkovic.hr\/tijekom-noci-u-mostarskoj-bolnici-preminuo-don-damjan-raguz\/","og_site_name":"likemetkovic.hr","article_publisher":"https:\/\/www.facebook.com\/likemetkovic.hr\/","article_published_time":"2018-10-11T07:46:32+00:00","article_modified_time":"2018-10-11T11:48:50+00:00","og_image":[{"width":800,"height":445,"url":"https:\/\/likemetkovic.hr\/wp-content\/uploads\/2018\/10\/damjan_raguz.jpg","type":"image\/jpeg"}],"author":"LIKEmetkovic.hr","twitter_card":"summary_large_image","twitter_misc":{"Napisao\/la":"LIKEmetkovic.hr","Procijenjeno vrijeme \u010ditanja":"1 minuta"},"schema":{"@context":"https:\/\/schema.org","@graph":[{"@type":"WebPage","@id":"https:\/\/likemetkovic.hr\/tijekom-noci-u-mostarskoj-bolnici-preminuo-don-damjan-raguz\/","url":"https:\/\/likemetkovic.hr\/tijekom-noci-u-mostarskoj-bolnici-preminuo-don-damjan-raguz\/","name":"Tijekom no\u0107i u mostarskoj bolnici preminuo je don Damjan Ragu\u017e - likemetkovic.hr","isPartOf":{"@id":"https:\/\/likemetkovic.hr\/#website"},"primaryImageOfPage":{"@id":"https:\/\/likemetkovic.hr\/tijekom-noci-u-mostarskoj-bolnici-preminuo-don-damjan-raguz\/#primaryimage"},"image":{"@id":"https:\/\/likemetkovic.hr\/tijekom-noci-u-mostarskoj-bolnici-preminuo-don-damjan-raguz\/#primaryimage"},"thumbnailUrl":"https:\/\/likemetkovic.hr\/portal\/wp-content\/uploads\/2018\/10\/damjan_raguz.jpg","datePublished":"2018-10-11T07:46:32+00:00","dateModified":"2018-10-11T11:48:50+00:00","author":{"@id":"https:\/\/likemetkovic.hr\/#\/schema\/person\/a42711f3385a0e2be6f7e0443bfb28f0"},"breadcrumb":{"@id":"https:\/\/likemetkovic.hr\/tijekom-noci-u-mostarskoj-bolnici-preminuo-don-damjan-raguz\/#breadcrumb"},"inLanguage":"hr","potentialAction":[{"@type":"ReadAction","target":["https:\/\/likemetkovic.hr\/tijekom-noci-u-mostarskoj-bolnici-preminuo-don-damjan-raguz\/"]}]},{"@type":"ImageObject","inLanguage":"hr","@id":"https:\/\/likemetkovic.hr\/tijekom-noci-u-mostarskoj-bolnici-preminuo-don-damjan-raguz\/#primaryimage","url":"https:\/\/likemetkovic.hr\/portal\/wp-content\/uploads\/2018\/10\/damjan_raguz.jpg","contentUrl":"https:\/\/likemetkovic.hr\/portal\/wp-content\/uploads\/2018\/10\/damjan_raguz.jpg","width":800,"height":445},{"@type":"BreadcrumbList","@id":"https:\/\/likemetkovic.hr\/tijekom-noci-u-mostarskoj-bolnici-preminuo-don-damjan-raguz\/#breadcrumb","itemListElement":[{"@type":"ListItem","position":1,"name":"Po\u010detna stranica","item":"https:\/\/likemetkovic.hr\/portal\/"},{"@type":"ListItem","position":2,"name":"Tijekom no\u0107i u mostarskoj bolnici preminuo je don Damjan Ragu\u017e"}]},{"@type":"WebSite","@id":"https:\/\/likemetkovic.hr\/#website","url":"https:\/\/likemetkovic.hr\/","name":"likemetkovic.hr","description":"Misli pozitivno... \u010ditaj LIKE","potentialAction":[{"@type":"SearchAction","target":{"@type":"EntryPoint","urlTemplate":"https:\/\/likemetkovic.hr\/?s={search_term_string}"},"query-input":{"@type":"PropertyValueSpecification","valueRequired":true,"valueName":"search_term_string"}}],"inLanguage":"hr"},{"@type":"Person","@id":"https:\/\/likemetkovic.hr\/#\/schema\/person\/a42711f3385a0e2be6f7e0443bfb28f0","name":"LIKEmetkovic.hr","sameAs":["http:\/\/likemetkovic.hr"],"url":"https:\/\/likemetkovic.hr\/portal\/author\/likemetkovic-hr\/"}]}},"_links":{"self":[{"href":"https:\/\/likemetkovic.hr\/portal\/wp-json\/wp\/v2\/posts\/68766","targetHints":{"allow":["GET"]}}],"collection":[{"href":"https:\/\/likemetkovic.hr\/portal\/wp-json\/wp\/v2\/posts"}],"about":[{"href":"https:\/\/likemetkovic.hr\/portal\/wp-json\/wp\/v2\/types\/post"}],"author":[{"embeddable":true,"href":"https:\/\/likemetkovic.hr\/portal\/wp-json\/wp\/v2\/users\/7"}],"replies":[{"embeddable":true,"href":"https:\/\/likemetkovic.hr\/portal\/wp-json\/wp\/v2\/comments?post=68766"}],"version-history":[{"count":0,"href":"https:\/\/likemetkovic.hr\/portal\/wp-json\/wp\/v2\/posts\/68766\/revisions"}],"wp:featuredmedia":[{"embeddable":true,"href":"https:\/\/likemetkovic.hr\/portal\/wp-json\/wp\/v2\/media\/68767"}],"wp:attachment":[{"href":"https:\/\/likemetkovic.hr\/portal\/wp-json\/wp\/v2\/media?parent=68766"}],"wp:term":[{"taxonomy":"category","embeddable":true,"href":"https:\/\/likemetkovic.hr\/portal\/wp-json\/wp\/v2\/categories?post=68766"},{"taxonomy":"post_tag","embeddable":true,"href":"https:\/\/likemetkovic.hr\/portal\/wp-json\/wp\/v2\/tags?post=68766"}],"curies":[{"name":"wp","href":"https:\/\/api.w.org\/{rel}","templated":true}]}}