{"id":68800,"date":"2018-10-12T07:34:09","date_gmt":"2018-10-12T05:34:09","guid":{"rendered":"http:\/\/likemetkovic.hr\/?p=68800"},"modified":"2018-10-12T07:38:23","modified_gmt":"2018-10-12T05:38:23","slug":"djelatnici-doma-zdarvlja-metkovic-posjetili-centre-za-palijativnu-skrb-u-austriji-i-sloveniji","status":"publish","type":"post","link":"https:\/\/likemetkovic.hr\/portal\/djelatnici-doma-zdarvlja-metkovic-posjetili-centre-za-palijativnu-skrb-u-austriji-i-sloveniji\/","title":{"rendered":"Djelatnici Doma zdarvlja Metkovi\u0107 posjetili centre za palijativnu skrb u Austriji i Sloveniji"},"content":{"rendered":"<p>Djelatnici\u00a0<strong>Doma zdravlja Metkovi\u0107<\/strong>\u00a0pro\u0161log su tjedna u sklopu projekta prekograni\u010dne suradnje\u00a0<strong>Interreg-IPA CBC Hrvatska, Bosna i Hercegovina i Crna Gora\u00a0<\/strong> boravili u Sloveniji i Austriji na studijskom putovanju kako bi se upoznali s radom uglednih institucija koje djeluju na podru\u010dju palijativne skrbi.<\/p>\n<p>Svrha putovanja <strong><em>Organizacija studijskog putovanja u Sloveniju i Austriju i posjeta centrima palijativne skrbi<\/em><\/strong> bila je edukacija budu\u0107eg mobilnog palijativnog tima koji \u0107e djelovati pri Domu zdravlja Metkovi\u0107. Djelatnici metkovskog doma zdravlja na put su, kao doma\u0107ini putovanja, poveli i svoje kolege iz <strong>Doma zdravlja Ljubu\u0161ki<\/strong> koji im je partner na projektu te kolege iz\u00a0<strong>Doma zdravlja Dubrovnik, Doma zdravlja Primorsko-goranske \u017eupanije\u00a0<\/strong>i <strong>Doma zdravlja Vukovar<\/strong> kako bi se radilo na izjedna\u010davanju palijativne skrbi u regiji.<\/p>\n<p>Hrvatsko-bosanskohercegova\u010dku delegaciju u Sloveniji i Austriji su posjetili najistaknutiji predstavnici na podru\u010dju palijativne skrbi koji su ih upoznali s radom palijativnih centara i timova. U Mariboru ih je do\u010dekala voditeljica akutne palijativne jedinice na onkologiji <strong>Univerzitetskog klini\u010dkog centra Maribor dr. Vesna Ribari\u010d Zupanc<\/strong>, a na odjelu onkologije i neurologije za ALS <strong>UKC-a Ljubljana<\/strong> i u <strong>Centru za interdisciplinarno zdravlje pri Op\u0107oj bolnici Jesenice<\/strong> ih je primila\u00a0<strong>dr. Mateja Lopuh<\/strong>, nacionalna koordinatorica za palijativnu njegu u Sloveniji. U \u00a0austrijskoj <strong>Klininici Klagenfurt<\/strong> u Centru za interdisciplinarno lije\u010denje boli i palijativnu skrb (ZISOP) ih je do\u010dekao <strong>prim. univ. prof. dr. Rudolf Likar, msc.<\/strong>, osniva\u010d palijativne skrbi u Austriji, dok ih je s radom palijativnog odjeljena i mobilnog tima pri <strong>bolnici u Villachu<\/strong> upoznala <strong>dr. Susanne Zienell<\/strong>.<\/p>\n\r\n                <style type=\"text\/css\">\r\n                    \r\n                    #tdi_1  .td-doubleSlider-2 .td-item1 {\r\n                        background: url(https:\/\/likemetkovic.hr\/portal\/wp-content\/uploads\/2018\/10\/dz-metkovi\u0107-palijativna-slo-aus-1-80x60.jpg) 0 0 no-repeat;\r\n                    }\r\n                    #tdi_1  .td-doubleSlider-2 .td-item2 {\r\n                        background: url(https:\/\/likemetkovic.hr\/portal\/wp-content\/uploads\/2018\/10\/dz-metkovi\u0107-palijativna-slo-aus-2-80x60.jpg) 0 0 no-repeat;\r\n                    }\r\n                    #tdi_1  .td-doubleSlider-2 .td-item3 {\r\n                        background: url(https:\/\/likemetkovic.hr\/portal\/wp-content\/uploads\/2018\/10\/dz-metkovi\u0107-palijativna-slo-aus-3-80x60.jpg) 0 0 no-repeat;\r\n                    }\r\n                    #tdi_1  .td-doubleSlider-2 .td-item4 {\r\n                        background: url(https:\/\/likemetkovic.hr\/portal\/wp-content\/uploads\/2018\/10\/dz-metkovi\u0107-palijativna-slo-aus-4-80x60.jpg) 0 0 no-repeat;\r\n                    }\r\n                    #tdi_1  .td-doubleSlider-2 .td-item5 {\r\n                        background: url(https:\/\/likemetkovic.hr\/portal\/wp-content\/uploads\/2018\/10\/dz-metkovi\u0107-palijativna-slo-aus-5-80x60.jpg) 0 0 no-repeat;\r\n                    }\r\n                    #tdi_1  .td-doubleSlider-2 .td-item6 {\r\n                        background: url(https:\/\/likemetkovic.hr\/portal\/wp-content\/uploads\/2018\/10\/dz-metkovi\u0107-palijativna-slo-aus-6-80x60.jpg) 0 0 no-repeat;\r\n                    }\r\n                <\/style>\r\n\r\n                <div id=\"tdi_1\" class=\"td-gallery td-slide-on-2-columns\">\r\n                    <div class=\"post_td_gallery\">\r\n                        <div class=\"td-gallery-slide-top\">\r\n                           <div class=\"td-gallery-title\"><\/div>\r\n\r\n                            <div class=\"td-gallery-controls-wrapper\">\r\n                                <div class=\"td-gallery-slide-count\"><span class=\"td-gallery-slide-item-focus\">1<\/span> of 6<\/div>\r\n                                <div class=\"td-gallery-slide-prev-next-but\">\r\n                                    <i class = \"td-icon-left doubleSliderPrevButton\"><\/i>\r\n                                    <i class = \"td-icon-right doubleSliderNextButton\"><\/i>\r\n                                <\/div>\r\n                            <\/div>\r\n                        <\/div>\r\n\r\n                        <div class = \"td-doubleSlider-1 \">\r\n                            <div class = \"td-slider\">\r\n                                \r\n                    <div class = \"td-slide-item td-item1\">\r\n                        <figure class=\"td-slide-galery-figure td-slide-popup-gallery\">\r\n                            <a class=\"slide-gallery-image-link\" href=\"https:\/\/likemetkovic.hr\/portal\/wp-content\/uploads\/2018\/10\/dz-metkovi\u0107-palijativna-slo-aus-1.jpg\" title=\"dz metkovi\u0107 palijativna slo-aus (1)\"  data-caption=\"\"  data-description=\"\">\r\n                                <img decoding=\"async\" src=\"https:\/\/likemetkovic.hr\/portal\/wp-content\/uploads\/2018\/10\/dz-metkovi\u0107-palijativna-slo-aus-1.jpg\" srcset=\"https:\/\/likemetkovic.hr\/portal\/wp-content\/uploads\/2018\/10\/dz-metkovi\u0107-palijativna-slo-aus-1.jpg 800w, https:\/\/likemetkovic.hr\/portal\/wp-content\/uploads\/2018\/10\/dz-metkovi\u0107-palijativna-slo-aus-1-768x373.jpg 768w, https:\/\/likemetkovic.hr\/portal\/wp-content\/uploads\/2018\/10\/dz-metkovi\u0107-palijativna-slo-aus-1-696x338.jpg 696w, https:\/\/likemetkovic.hr\/portal\/wp-content\/uploads\/2018\/10\/dz-metkovi\u0107-palijativna-slo-aus-1-560x272.jpg 560w\" sizes=\"(max-width: 800px) 100vw, 800px\" alt=\"\">\r\n                            <\/a>\r\n                            \r\n                        <\/figure>\r\n                    <\/div>\r\n                    <div class = \"td-slide-item td-item2\">\r\n                        <figure class=\"td-slide-galery-figure td-slide-popup-gallery\">\r\n                            <a class=\"slide-gallery-image-link\" href=\"https:\/\/likemetkovic.hr\/portal\/wp-content\/uploads\/2018\/10\/dz-metkovi\u0107-palijativna-slo-aus-2.jpg\" title=\"dz metkovi\u0107 palijativna slo-aus (2)\"  data-caption=\"\"  data-description=\"\">\r\n                                <img decoding=\"async\" src=\"https:\/\/likemetkovic.hr\/portal\/wp-content\/uploads\/2018\/10\/dz-metkovi\u0107-palijativna-slo-aus-2.jpg\" srcset=\"https:\/\/likemetkovic.hr\/portal\/wp-content\/uploads\/2018\/10\/dz-metkovi\u0107-palijativna-slo-aus-2.jpg 800w, https:\/\/likemetkovic.hr\/portal\/wp-content\/uploads\/2018\/10\/dz-metkovi\u0107-palijativna-slo-aus-2-768x373.jpg 768w, https:\/\/likemetkovic.hr\/portal\/wp-content\/uploads\/2018\/10\/dz-metkovi\u0107-palijativna-slo-aus-2-696x338.jpg 696w, https:\/\/likemetkovic.hr\/portal\/wp-content\/uploads\/2018\/10\/dz-metkovi\u0107-palijativna-slo-aus-2-560x272.jpg 560w\" sizes=\"(max-width: 800px) 100vw, 800px\" alt=\"\">\r\n                            <\/a>\r\n                            \r\n                        <\/figure>\r\n                    <\/div>\r\n                    <div class = \"td-slide-item td-item3\">\r\n                        <figure class=\"td-slide-galery-figure td-slide-popup-gallery\">\r\n                            <a class=\"slide-gallery-image-link\" href=\"https:\/\/likemetkovic.hr\/portal\/wp-content\/uploads\/2018\/10\/dz-metkovi\u0107-palijativna-slo-aus-3.jpg\" title=\"dz metkovi\u0107 palijativna slo-aus (3)\"  data-caption=\"\"  data-description=\"\">\r\n                                <img decoding=\"async\" src=\"https:\/\/likemetkovic.hr\/portal\/wp-content\/uploads\/2018\/10\/dz-metkovi\u0107-palijativna-slo-aus-3.jpg\" srcset=\"https:\/\/likemetkovic.hr\/portal\/wp-content\/uploads\/2018\/10\/dz-metkovi\u0107-palijativna-slo-aus-3.jpg 800w, https:\/\/likemetkovic.hr\/portal\/wp-content\/uploads\/2018\/10\/dz-metkovi\u0107-palijativna-slo-aus-3-768x373.jpg 768w, https:\/\/likemetkovic.hr\/portal\/wp-content\/uploads\/2018\/10\/dz-metkovi\u0107-palijativna-slo-aus-3-696x338.jpg 696w, https:\/\/likemetkovic.hr\/portal\/wp-content\/uploads\/2018\/10\/dz-metkovi\u0107-palijativna-slo-aus-3-560x272.jpg 560w\" sizes=\"(max-width: 800px) 100vw, 800px\" alt=\"\">\r\n                            <\/a>\r\n                            \r\n                        <\/figure>\r\n                    <\/div>\r\n                    <div class = \"td-slide-item td-item4\">\r\n                        <figure class=\"td-slide-galery-figure td-slide-popup-gallery\">\r\n                            <a class=\"slide-gallery-image-link\" href=\"https:\/\/likemetkovic.hr\/portal\/wp-content\/uploads\/2018\/10\/dz-metkovi\u0107-palijativna-slo-aus-4.jpg\" title=\"dz metkovi\u0107 palijativna slo-aus (4)\"  data-caption=\"\"  data-description=\"\">\r\n                                <img decoding=\"async\" src=\"https:\/\/likemetkovic.hr\/portal\/wp-content\/uploads\/2018\/10\/dz-metkovi\u0107-palijativna-slo-aus-4-560x420.jpg\" srcset=\"https:\/\/likemetkovic.hr\/portal\/wp-content\/uploads\/2018\/10\/dz-metkovi\u0107-palijativna-slo-aus-4-560x420.jpg 560w, https:\/\/likemetkovic.hr\/portal\/wp-content\/uploads\/2018\/10\/dz-metkovi\u0107-palijativna-slo-aus-4.jpg 800w, https:\/\/likemetkovic.hr\/portal\/wp-content\/uploads\/2018\/10\/dz-metkovi\u0107-palijativna-slo-aus-4-768x576.jpg 768w, https:\/\/likemetkovic.hr\/portal\/wp-content\/uploads\/2018\/10\/dz-metkovi\u0107-palijativna-slo-aus-4-80x60.jpg 80w, https:\/\/likemetkovic.hr\/portal\/wp-content\/uploads\/2018\/10\/dz-metkovi\u0107-palijativna-slo-aus-4-265x198.jpg 265w, https:\/\/likemetkovic.hr\/portal\/wp-content\/uploads\/2018\/10\/dz-metkovi\u0107-palijativna-slo-aus-4-696x522.jpg 696w\" sizes=\"(max-width: 560px) 100vw, 560px\" alt=\"\">\r\n                            <\/a>\r\n                            \r\n                        <\/figure>\r\n                    <\/div>\r\n                    <div class = \"td-slide-item td-item5\">\r\n                        <figure class=\"td-slide-galery-figure td-slide-popup-gallery\">\r\n                            <a class=\"slide-gallery-image-link\" href=\"https:\/\/likemetkovic.hr\/portal\/wp-content\/uploads\/2018\/10\/dz-metkovi\u0107-palijativna-slo-aus-5.jpg\" title=\"dz metkovi\u0107 palijativna slo-aus (5)\"  data-caption=\"\"  data-description=\"\">\r\n                                <img decoding=\"async\" src=\"https:\/\/likemetkovic.hr\/portal\/wp-content\/uploads\/2018\/10\/dz-metkovi\u0107-palijativna-slo-aus-5-560x420.jpg\" srcset=\"https:\/\/likemetkovic.hr\/portal\/wp-content\/uploads\/2018\/10\/dz-metkovi\u0107-palijativna-slo-aus-5-560x420.jpg 560w, https:\/\/likemetkovic.hr\/portal\/wp-content\/uploads\/2018\/10\/dz-metkovi\u0107-palijativna-slo-aus-5.jpg 800w, https:\/\/likemetkovic.hr\/portal\/wp-content\/uploads\/2018\/10\/dz-metkovi\u0107-palijativna-slo-aus-5-768x576.jpg 768w, https:\/\/likemetkovic.hr\/portal\/wp-content\/uploads\/2018\/10\/dz-metkovi\u0107-palijativna-slo-aus-5-80x60.jpg 80w, https:\/\/likemetkovic.hr\/portal\/wp-content\/uploads\/2018\/10\/dz-metkovi\u0107-palijativna-slo-aus-5-265x198.jpg 265w, https:\/\/likemetkovic.hr\/portal\/wp-content\/uploads\/2018\/10\/dz-metkovi\u0107-palijativna-slo-aus-5-696x522.jpg 696w\" sizes=\"(max-width: 560px) 100vw, 560px\" alt=\"\">\r\n                            <\/a>\r\n                            \r\n                        <\/figure>\r\n                    <\/div>\r\n                    <div class = \"td-slide-item td-item6\">\r\n                        <figure class=\"td-slide-galery-figure td-slide-popup-gallery\">\r\n                            <a class=\"slide-gallery-image-link\" href=\"https:\/\/likemetkovic.hr\/portal\/wp-content\/uploads\/2018\/10\/dz-metkovi\u0107-palijativna-slo-aus-6.jpg\" title=\"dz metkovi\u0107 palijativna slo-aus (6)\"  data-caption=\"\"  data-description=\"\">\r\n                                <img decoding=\"async\" src=\"https:\/\/likemetkovic.hr\/portal\/wp-content\/uploads\/2018\/10\/dz-metkovi\u0107-palijativna-slo-aus-6.jpg\" srcset=\"https:\/\/likemetkovic.hr\/portal\/wp-content\/uploads\/2018\/10\/dz-metkovi\u0107-palijativna-slo-aus-6.jpg 800w, https:\/\/likemetkovic.hr\/portal\/wp-content\/uploads\/2018\/10\/dz-metkovi\u0107-palijativna-slo-aus-6-768x373.jpg 768w, https:\/\/likemetkovic.hr\/portal\/wp-content\/uploads\/2018\/10\/dz-metkovi\u0107-palijativna-slo-aus-6-696x338.jpg 696w, https:\/\/likemetkovic.hr\/portal\/wp-content\/uploads\/2018\/10\/dz-metkovi\u0107-palijativna-slo-aus-6-560x272.jpg 560w\" sizes=\"(max-width: 800px) 100vw, 800px\" alt=\"\">\r\n                            <\/a>\r\n                            \r\n                        <\/figure>\r\n                    <\/div>\r\n                            <\/div>\r\n                        <\/div>\r\n\r\n                        <div class = \"td-doubleSlider-2\">\r\n                            <div class = \"td-slider\">\r\n                                \r\n                    <div class = \"td-button td-item1\">\r\n                        <div class = \"td-border\"><\/div>\r\n                    <\/div>\r\n                    <div class = \"td-button td-item2\">\r\n                        <div class = \"td-border\"><\/div>\r\n                    <\/div>\r\n                    <div class = \"td-button td-item3\">\r\n                        <div class = \"td-border\"><\/div>\r\n                    <\/div>\r\n                    <div class = \"td-button td-item4\">\r\n                        <div class = \"td-border\"><\/div>\r\n                    <\/div>\r\n                    <div class = \"td-button td-item5\">\r\n                        <div class = \"td-border\"><\/div>\r\n                    <\/div>\r\n                    <div class = \"td-button td-item6\">\r\n                        <div class = \"td-border\"><\/div>\r\n                    <\/div>\r\n                            <\/div>\r\n                        <\/div>\r\n\r\n                    <\/div>\r\n\r\n                <\/div>\r\n                \n<p>Vi\u0161e o\u00a0uspje\u0161no zavr\u0161enom studijskom putovanju koje \u0107e biti od velike pomo\u0107i budu\u0107em metkovskom palijativnom timu i koja je razlika izme\u0111u Austrijske, Slovenske i Hrvatske palijativne njege u kratkom su nam ragovoru otkrili ravnatelj Doma zdravlja Metkovi\u0107 <strong>Mihovil \u0160timac<\/strong> i medicinska sestra <strong>Marija \u0160iljeg<\/strong>.<\/p>\n<p><strong>Zahvaljuju\u0107i projektu prekograni\u010dne suradnje\u00a0<em>Interreg-IPA CBC Hrvatska, Bosna i Hercegovina i Crna Gora<\/em>\u00a0upoznali ste se s radom priznatih centara i timova za palijativnu skrb, \u0161to je to\u010dno bila svrha ovog studijskog putovanja? <\/strong><\/p>\n<p><strong>\u0160timac:\u00a0<\/strong>Prije po\u010detka rada mobilnog palijativnog tima Dom zdravlja Metkovi\u0107 \u017eelio bih maksimalno ulo\u017eiti u edukaciju ljudi koji \u0107e raditi u mobilnom palijativnom timu i iskoristilismo bud\u017eetsku mogu\u0107nost da na\u0161im kolegama iz drugih centara u Hrvatskoj omogu\u0107imo jedno takvo putovanje kako se prezentacija palijativne skrbi u Hrvatskoj izjedna\u010dila tijekom vremena. Dom zdravlja Dubrovnik radi ve\u0107 nekoliko godina, Dom zravlja Primorsko-goranske \u017eupanije ima pet mobilnih timova i hospicij, Dom zdravlja Vukovar tako\u0111er ima mobilne timove, a na\u0161 partner na projektu, Dom zdravlja Ljubu\u0161ki iz BiH je bez mobilnog palijativnog tima, ali ima hospicij. Mi smo sad u fazi pripreme za po\u010detak rada. Me\u0111utim, svi mi tra\u017eimo jedan model palijativne skrbi za cijelu ovu regiju koji bi bio izjedna\u010den sa onim \u0161to smo vidjeli u drugim dr\u017eavama. Ovog puta smo obi\u0161li dva sveu\u010dili\u0161na klini\u010dka centra u Sloveniji, Ljubljani i Mariboru, vidjeli smo kako njihovi timovi i odjeli rade i gdje su oti\u0161li sa dijagnostikom. Obi\u0161li smo klini\u010dke bolni\u010dke centre koji imaju razvijenu palijativnu skrbu Klagenfurtu i Villachu u Austriji i bili smo u posjetumobilnom palijativnom timu u Jesenicama koje se nalazi u dijelu Slovenije koji se zove Gorenjska. On je najrazvijeniji dio Slovenije po pitanju rada mobilnih palijativnih timova. Ono \u0161to smo vidjeli u tih 5 dana je vrlo zna\u010dajno za na\u0161 mladi tim koji \u0107e tek po\u010deti raditi.<\/p>\n<p><strong>Koja je razlika izme\u0111u palijativne skrbi u Hrvatskoj i u Sloveniji i Austriji?<\/strong><\/p>\n<p><strong>\u0160iljeg:<\/strong>Slovenija i Austrija za bolesnike pod palijativnom skrbi koji imaju te\u0161ke bolove imaju morfijske pumpe kako bi se igle \u0161to manje koristile i maju sisteme za infuziju gdje se infuzija ne daje kroz venu ve\u0107 subkutano i za sve to imaju posebne kanile za jednu i za drugu intervenciju. Osim u Gorenjskoj, koja ima isklju\u010divo palijativne timove i radi na bazi donacija zajednice, svi timovi su vezani uz bolnice. I u Sloveniji i u Austriji u timovima su anga\u017eirani doktori, anesteziolozi&#8230; Tamo je palijativa bitna u tolikoj mjeri da to postaje i politi\u010dko pitanje. Imaju bolje mogu\u0107nosti za opremu, za bolesni\u010dke krevete, antidekubitalne jastuke, sve ono \u0161to treba bolesniku izlazi iz bolnice, dobra je komunikacija izme\u0111u lije\u010dnika op\u0107e prakse, bolnice&#8230; Sve \u0161to rade, rade i sa ve\u0107im sredstvima, ve\u0107im komodom,a za bolesnike rade sve ono \u0161to i mi radimo. Iako se to kod nas jo\u0161 tako ne zove, vi\u0161e od 80% ljudi koje posjetimo na terenu spadaju u palijativu.<\/p>\n<p><strong>\u0160timac:\u00a0<\/strong>Klju\u010dna razlika je da u Hrvatskoj palijativa ide sa primarne razine, odnosno, s pozicije Domova zdravlja i s pozicija ustanova koje nude primarnu medicinsku skrb, dok u Sloveniji, Austriji i Engleskoj ide sa sekundarne razine. Oni su odjeli u bolnicama i s tih odjela se formira i mobilni palijativni tim. Cijelo vrijeme imaju na raspolaganju cijeli niz specijalista. Ako nekome treba anesteziolog, zovne ga se s drugog odjela i on do\u0111e, a ako ovdje treba anesteziolog, pacijent ide u Dubrovnik. Hrvatska ima vi\u0161e domova zdravlja nego bolnica i nama je zato jako bitno upiti sva ova znanja kako bi na terenu mogli funkcionirati bolje od kolega koji rade na sekundarnoj razini. Dok mi dovedemo pacijenta do Dubrovnika, on se mora zbrinuti kako bi pre\u017eivio, a u gradu imate deset minuta do bolnice. To je razlogza\u0161to na\u0161i zdravstveni djelatnici moraju biti bolje obu\u010deni, kreativniji i moraju brzo donositi odluke, \u0161to u velikim sredinama nije problem jer ga se prebaci drugom specijalistu. Mi \u0107emo u sklopu primarne razine raditi najbolje \u0161to mo\u017eemo. \u2013<\/p>\n<p>Ovo je drugo studijsko putovanje u sklopu projekta prekograni\u010dne suradnje <em>Interreg-IPA CBC Hrvatska, Bosna i Hercegovina i Crna Gora<\/em> na kojem su sudjelovali predstavnici budu\u0107eg metkovskog paljativnog tima te su se na prvom putovanju upoznali s radom hospicija u Londonu. Na tom i na ovom studijskom putovanju jo\u0161 jednom se pokazalo da su bespovratna sredstva koje je Dom zdravlja Metkovi\u0107 putem projekta dobio od velike koristi jer, osim klju\u010dne opreme koju dom kroz projekt stalno obnavlja, djelatnicima je pru\u017eena i najbolja edukacija na polju palijativne njege kako bi mobilni tim pacijentima pru\u017eio najbolju mogu\u0107u njegu.<\/p>\n<p>Mobilni palijativni tim s radom \u0107e na podru\u010dju Metkovi\u0107a po\u010deti raditi na prolje\u0107e, a u njemu \u0107e uz medicinsku sestru Mariju \u0160iljeg raditi i dr. <strong>Viktorija Domi\u0107<\/strong>. Budu\u0107i da je palijativna njega multidisciplinarna, tim \u0107e koristiti usluge i drugih zdravstvenih djelatnika, psihologa, fizioterapeuta, socijalnih radnika, duhovnika, kao i volontera.<\/p>\n","protected":false},"excerpt":{"rendered":"<p>Djelatnici\u00a0Doma zdravlja Metkovi\u0107\u00a0pro\u0161log su tjedna u sklopu projekta prekograni\u010dne suradnje\u00a0Interreg-IPA CBC Hrvatska, Bosna i Hercegovina i Crna Gora\u00a0 boravili u Sloveniji i Austriji na studijskom putovanju kako bi se upoznali s radom uglednih institucija koje djeluju na podru\u010dju palijativne skrbi. Svrha putovanja Organizacija studijskog putovanja u Sloveniju i Austriju i posjeta centrima palijativne skrbi bila [&hellip;]<\/p>\n","protected":false},"author":7,"featured_media":68807,"comment_status":"open","ping_status":"open","sticky":false,"template":"","format":"standard","meta":{"footnotes":""},"categories":[283,11],"tags":[609,3870,2309],"class_list":{"0":"post-68800","1":"post","2":"type-post","3":"status-publish","4":"format-standard","5":"has-post-thumbnail","7":"category-a","8":"category-metkovic-dolina","9":"tag-dom-zdravlja-metkovic","10":"tag-interred-ipa-cbc","11":"tag-palijativna-skrb"},"yoast_head":"<!-- This site is optimized with the Yoast SEO plugin v25.2 - https:\/\/yoast.com\/wordpress\/plugins\/seo\/ -->\n<title>Djelatnici Doma zdarvlja Metkovi\u0107 posjetili centre za palijativnu skrb u Austriji i Sloveniji - likemetkovic.hr<\/title>\n<meta name=\"robots\" content=\"index, follow, max-snippet:-1, max-image-preview:large, max-video-preview:-1\" \/>\n<link rel=\"canonical\" href=\"https:\/\/likemetkovic.hr\/djelatnici-doma-zdarvlja-metkovic-posjetili-centre-za-palijativnu-skrb-u-austriji-i-sloveniji\/\" \/>\n<meta property=\"og:locale\" content=\"hr_HR\" \/>\n<meta property=\"og:type\" content=\"article\" \/>\n<meta property=\"og:title\" content=\"Djelatnici Doma zdarvlja Metkovi\u0107 posjetili centre za palijativnu skrb u Austriji i Sloveniji - likemetkovic.hr\" \/>\n<meta property=\"og:description\" content=\"Djelatnici\u00a0Doma zdravlja Metkovi\u0107\u00a0pro\u0161log su tjedna u sklopu projekta prekograni\u010dne suradnje\u00a0Interreg-IPA CBC Hrvatska, Bosna i Hercegovina i Crna Gora\u00a0 boravili u Sloveniji i Austriji na studijskom putovanju kako bi se upoznali s radom uglednih institucija koje djeluju na podru\u010dju palijativne skrbi. Svrha putovanja Organizacija studijskog putovanja u Sloveniju i Austriju i posjeta centrima palijativne skrbi bila [&hellip;]\" \/>\n<meta property=\"og:url\" content=\"https:\/\/likemetkovic.hr\/djelatnici-doma-zdarvlja-metkovic-posjetili-centre-za-palijativnu-skrb-u-austriji-i-sloveniji\/\" \/>\n<meta property=\"og:site_name\" content=\"likemetkovic.hr\" \/>\n<meta property=\"article:publisher\" content=\"https:\/\/www.facebook.com\/likemetkovic.hr\/\" \/>\n<meta property=\"article:published_time\" content=\"2018-10-12T05:34:09+00:00\" \/>\n<meta property=\"article:modified_time\" content=\"2018-10-12T05:38:23+00:00\" \/>\n<meta property=\"og:image\" content=\"https:\/\/likemetkovic.hr\/wp-content\/uploads\/2018\/10\/dz-metkovi\u0107-palijativna-slo-aus-7.jpg\" \/>\n\t<meta property=\"og:image:width\" content=\"800\" \/>\n\t<meta property=\"og:image:height\" content=\"529\" \/>\n\t<meta property=\"og:image:type\" content=\"image\/jpeg\" \/>\n<meta name=\"author\" content=\"LIKEmetkovic.hr\" \/>\n<meta name=\"twitter:card\" content=\"summary_large_image\" \/>\n<meta name=\"twitter:label1\" content=\"Napisao\/la\" \/>\n\t<meta name=\"twitter:data1\" content=\"LIKEmetkovic.hr\" \/>\n\t<meta name=\"twitter:label2\" content=\"Procijenjeno vrijeme \u010ditanja\" \/>\n\t<meta name=\"twitter:data2\" content=\"6 minuta\" \/>\n<script type=\"application\/ld+json\" class=\"yoast-schema-graph\">{\"@context\":\"https:\/\/schema.org\",\"@graph\":[{\"@type\":\"WebPage\",\"@id\":\"https:\/\/likemetkovic.hr\/djelatnici-doma-zdarvlja-metkovic-posjetili-centre-za-palijativnu-skrb-u-austriji-i-sloveniji\/\",\"url\":\"https:\/\/likemetkovic.hr\/djelatnici-doma-zdarvlja-metkovic-posjetili-centre-za-palijativnu-skrb-u-austriji-i-sloveniji\/\",\"name\":\"Djelatnici Doma zdarvlja Metkovi\u0107 posjetili centre za palijativnu skrb u Austriji i Sloveniji - likemetkovic.hr\",\"isPartOf\":{\"@id\":\"https:\/\/likemetkovic.hr\/#website\"},\"primaryImageOfPage\":{\"@id\":\"https:\/\/likemetkovic.hr\/djelatnici-doma-zdarvlja-metkovic-posjetili-centre-za-palijativnu-skrb-u-austriji-i-sloveniji\/#primaryimage\"},\"image\":{\"@id\":\"https:\/\/likemetkovic.hr\/djelatnici-doma-zdarvlja-metkovic-posjetili-centre-za-palijativnu-skrb-u-austriji-i-sloveniji\/#primaryimage\"},\"thumbnailUrl\":\"https:\/\/likemetkovic.hr\/portal\/wp-content\/uploads\/2018\/10\/dz-metkovi\u0107-palijativna-slo-aus-7.jpg\",\"datePublished\":\"2018-10-12T05:34:09+00:00\",\"dateModified\":\"2018-10-12T05:38:23+00:00\",\"author\":{\"@id\":\"https:\/\/likemetkovic.hr\/#\/schema\/person\/a42711f3385a0e2be6f7e0443bfb28f0\"},\"breadcrumb\":{\"@id\":\"https:\/\/likemetkovic.hr\/djelatnici-doma-zdarvlja-metkovic-posjetili-centre-za-palijativnu-skrb-u-austriji-i-sloveniji\/#breadcrumb\"},\"inLanguage\":\"hr\",\"potentialAction\":[{\"@type\":\"ReadAction\",\"target\":[\"https:\/\/likemetkovic.hr\/djelatnici-doma-zdarvlja-metkovic-posjetili-centre-za-palijativnu-skrb-u-austriji-i-sloveniji\/\"]}]},{\"@type\":\"ImageObject\",\"inLanguage\":\"hr\",\"@id\":\"https:\/\/likemetkovic.hr\/djelatnici-doma-zdarvlja-metkovic-posjetili-centre-za-palijativnu-skrb-u-austriji-i-sloveniji\/#primaryimage\",\"url\":\"https:\/\/likemetkovic.hr\/portal\/wp-content\/uploads\/2018\/10\/dz-metkovi\u0107-palijativna-slo-aus-7.jpg\",\"contentUrl\":\"https:\/\/likemetkovic.hr\/portal\/wp-content\/uploads\/2018\/10\/dz-metkovi\u0107-palijativna-slo-aus-7.jpg\",\"width\":800,\"height\":529},{\"@type\":\"BreadcrumbList\",\"@id\":\"https:\/\/likemetkovic.hr\/djelatnici-doma-zdarvlja-metkovic-posjetili-centre-za-palijativnu-skrb-u-austriji-i-sloveniji\/#breadcrumb\",\"itemListElement\":[{\"@type\":\"ListItem\",\"position\":1,\"name\":\"Po\u010detna stranica\",\"item\":\"https:\/\/likemetkovic.hr\/portal\/\"},{\"@type\":\"ListItem\",\"position\":2,\"name\":\"Djelatnici Doma zdarvlja Metkovi\u0107 posjetili centre za palijativnu skrb u Austriji i Sloveniji\"}]},{\"@type\":\"WebSite\",\"@id\":\"https:\/\/likemetkovic.hr\/#website\",\"url\":\"https:\/\/likemetkovic.hr\/\",\"name\":\"likemetkovic.hr\",\"description\":\"Misli pozitivno... \u010ditaj LIKE\",\"potentialAction\":[{\"@type\":\"SearchAction\",\"target\":{\"@type\":\"EntryPoint\",\"urlTemplate\":\"https:\/\/likemetkovic.hr\/?s={search_term_string}\"},\"query-input\":{\"@type\":\"PropertyValueSpecification\",\"valueRequired\":true,\"valueName\":\"search_term_string\"}}],\"inLanguage\":\"hr\"},{\"@type\":\"Person\",\"@id\":\"https:\/\/likemetkovic.hr\/#\/schema\/person\/a42711f3385a0e2be6f7e0443bfb28f0\",\"name\":\"LIKEmetkovic.hr\",\"sameAs\":[\"http:\/\/likemetkovic.hr\"],\"url\":\"https:\/\/likemetkovic.hr\/portal\/author\/likemetkovic-hr\/\"}]}<\/script>\n<!-- \/ Yoast SEO plugin. -->","yoast_head_json":{"title":"Djelatnici Doma zdarvlja Metkovi\u0107 posjetili centre za palijativnu skrb u Austriji i Sloveniji - likemetkovic.hr","robots":{"index":"index","follow":"follow","max-snippet":"max-snippet:-1","max-image-preview":"max-image-preview:large","max-video-preview":"max-video-preview:-1"},"canonical":"https:\/\/likemetkovic.hr\/djelatnici-doma-zdarvlja-metkovic-posjetili-centre-za-palijativnu-skrb-u-austriji-i-sloveniji\/","og_locale":"hr_HR","og_type":"article","og_title":"Djelatnici Doma zdarvlja Metkovi\u0107 posjetili centre za palijativnu skrb u Austriji i Sloveniji - likemetkovic.hr","og_description":"Djelatnici\u00a0Doma zdravlja Metkovi\u0107\u00a0pro\u0161log su tjedna u sklopu projekta prekograni\u010dne suradnje\u00a0Interreg-IPA CBC Hrvatska, Bosna i Hercegovina i Crna Gora\u00a0 boravili u Sloveniji i Austriji na studijskom putovanju kako bi se upoznali s radom uglednih institucija koje djeluju na podru\u010dju palijativne skrbi. Svrha putovanja Organizacija studijskog putovanja u Sloveniju i Austriju i posjeta centrima palijativne skrbi bila [&hellip;]","og_url":"https:\/\/likemetkovic.hr\/djelatnici-doma-zdarvlja-metkovic-posjetili-centre-za-palijativnu-skrb-u-austriji-i-sloveniji\/","og_site_name":"likemetkovic.hr","article_publisher":"https:\/\/www.facebook.com\/likemetkovic.hr\/","article_published_time":"2018-10-12T05:34:09+00:00","article_modified_time":"2018-10-12T05:38:23+00:00","og_image":[{"width":800,"height":529,"url":"https:\/\/likemetkovic.hr\/wp-content\/uploads\/2018\/10\/dz-metkovi\u0107-palijativna-slo-aus-7.jpg","type":"image\/jpeg"}],"author":"LIKEmetkovic.hr","twitter_card":"summary_large_image","twitter_misc":{"Napisao\/la":"LIKEmetkovic.hr","Procijenjeno vrijeme \u010ditanja":"6 minuta"},"schema":{"@context":"https:\/\/schema.org","@graph":[{"@type":"WebPage","@id":"https:\/\/likemetkovic.hr\/djelatnici-doma-zdarvlja-metkovic-posjetili-centre-za-palijativnu-skrb-u-austriji-i-sloveniji\/","url":"https:\/\/likemetkovic.hr\/djelatnici-doma-zdarvlja-metkovic-posjetili-centre-za-palijativnu-skrb-u-austriji-i-sloveniji\/","name":"Djelatnici Doma zdarvlja Metkovi\u0107 posjetili centre za palijativnu skrb u Austriji i Sloveniji - likemetkovic.hr","isPartOf":{"@id":"https:\/\/likemetkovic.hr\/#website"},"primaryImageOfPage":{"@id":"https:\/\/likemetkovic.hr\/djelatnici-doma-zdarvlja-metkovic-posjetili-centre-za-palijativnu-skrb-u-austriji-i-sloveniji\/#primaryimage"},"image":{"@id":"https:\/\/likemetkovic.hr\/djelatnici-doma-zdarvlja-metkovic-posjetili-centre-za-palijativnu-skrb-u-austriji-i-sloveniji\/#primaryimage"},"thumbnailUrl":"https:\/\/likemetkovic.hr\/portal\/wp-content\/uploads\/2018\/10\/dz-metkovi\u0107-palijativna-slo-aus-7.jpg","datePublished":"2018-10-12T05:34:09+00:00","dateModified":"2018-10-12T05:38:23+00:00","author":{"@id":"https:\/\/likemetkovic.hr\/#\/schema\/person\/a42711f3385a0e2be6f7e0443bfb28f0"},"breadcrumb":{"@id":"https:\/\/likemetkovic.hr\/djelatnici-doma-zdarvlja-metkovic-posjetili-centre-za-palijativnu-skrb-u-austriji-i-sloveniji\/#breadcrumb"},"inLanguage":"hr","potentialAction":[{"@type":"ReadAction","target":["https:\/\/likemetkovic.hr\/djelatnici-doma-zdarvlja-metkovic-posjetili-centre-za-palijativnu-skrb-u-austriji-i-sloveniji\/"]}]},{"@type":"ImageObject","inLanguage":"hr","@id":"https:\/\/likemetkovic.hr\/djelatnici-doma-zdarvlja-metkovic-posjetili-centre-za-palijativnu-skrb-u-austriji-i-sloveniji\/#primaryimage","url":"https:\/\/likemetkovic.hr\/portal\/wp-content\/uploads\/2018\/10\/dz-metkovi\u0107-palijativna-slo-aus-7.jpg","contentUrl":"https:\/\/likemetkovic.hr\/portal\/wp-content\/uploads\/2018\/10\/dz-metkovi\u0107-palijativna-slo-aus-7.jpg","width":800,"height":529},{"@type":"BreadcrumbList","@id":"https:\/\/likemetkovic.hr\/djelatnici-doma-zdarvlja-metkovic-posjetili-centre-za-palijativnu-skrb-u-austriji-i-sloveniji\/#breadcrumb","itemListElement":[{"@type":"ListItem","position":1,"name":"Po\u010detna stranica","item":"https:\/\/likemetkovic.hr\/portal\/"},{"@type":"ListItem","position":2,"name":"Djelatnici Doma zdarvlja Metkovi\u0107 posjetili centre za palijativnu skrb u Austriji i Sloveniji"}]},{"@type":"WebSite","@id":"https:\/\/likemetkovic.hr\/#website","url":"https:\/\/likemetkovic.hr\/","name":"likemetkovic.hr","description":"Misli pozitivno... \u010ditaj LIKE","potentialAction":[{"@type":"SearchAction","target":{"@type":"EntryPoint","urlTemplate":"https:\/\/likemetkovic.hr\/?s={search_term_string}"},"query-input":{"@type":"PropertyValueSpecification","valueRequired":true,"valueName":"search_term_string"}}],"inLanguage":"hr"},{"@type":"Person","@id":"https:\/\/likemetkovic.hr\/#\/schema\/person\/a42711f3385a0e2be6f7e0443bfb28f0","name":"LIKEmetkovic.hr","sameAs":["http:\/\/likemetkovic.hr"],"url":"https:\/\/likemetkovic.hr\/portal\/author\/likemetkovic-hr\/"}]}},"_links":{"self":[{"href":"https:\/\/likemetkovic.hr\/portal\/wp-json\/wp\/v2\/posts\/68800","targetHints":{"allow":["GET"]}}],"collection":[{"href":"https:\/\/likemetkovic.hr\/portal\/wp-json\/wp\/v2\/posts"}],"about":[{"href":"https:\/\/likemetkovic.hr\/portal\/wp-json\/wp\/v2\/types\/post"}],"author":[{"embeddable":true,"href":"https:\/\/likemetkovic.hr\/portal\/wp-json\/wp\/v2\/users\/7"}],"replies":[{"embeddable":true,"href":"https:\/\/likemetkovic.hr\/portal\/wp-json\/wp\/v2\/comments?post=68800"}],"version-history":[{"count":0,"href":"https:\/\/likemetkovic.hr\/portal\/wp-json\/wp\/v2\/posts\/68800\/revisions"}],"wp:featuredmedia":[{"embeddable":true,"href":"https:\/\/likemetkovic.hr\/portal\/wp-json\/wp\/v2\/media\/68807"}],"wp:attachment":[{"href":"https:\/\/likemetkovic.hr\/portal\/wp-json\/wp\/v2\/media?parent=68800"}],"wp:term":[{"taxonomy":"category","embeddable":true,"href":"https:\/\/likemetkovic.hr\/portal\/wp-json\/wp\/v2\/categories?post=68800"},{"taxonomy":"post_tag","embeddable":true,"href":"https:\/\/likemetkovic.hr\/portal\/wp-json\/wp\/v2\/tags?post=68800"}],"curies":[{"name":"wp","href":"https:\/\/api.w.org\/{rel}","templated":true}]}}