{"id":69115,"date":"2018-10-17T06:41:46","date_gmt":"2018-10-17T04:41:46","guid":{"rendered":"http:\/\/likemetkovic.hr\/?p=69115"},"modified":"2018-10-17T06:41:46","modified_gmt":"2018-10-17T04:41:46","slug":"gradsko-vijece-ivana-bace-ravnateljica-pmm-a-odgada-se-naplata-odvoza-smeca-po-volumenu","status":"publish","type":"post","link":"https:\/\/likemetkovic.hr\/portal\/gradsko-vijece-ivana-bace-ravnateljica-pmm-a-odgada-se-naplata-odvoza-smeca-po-volumenu\/","title":{"rendered":"GRADSKO VIJE\u0106E Ivana Ba\u0107e ravnateljica PMM-a, odga\u0111a se naplata odvoza sme\u0107a po volumenu"},"content":{"rendered":"<p>Ju\u010der, 16. listopada 2018., je odr\u017eana <strong>14. sjednica Gradskoga vije\u0107a Grada Metkovi\u0107a<\/strong> na kojoj su usvojene sve to\u010dke dnevnoga reda.<\/p>\n<p><strong>Prijedlog Odluke o izradi II. izmjena i dopuna Prostornog plana ure\u0111enja Grada Metkovi\u0107a. <\/strong>Prostorni plan ure\u0111enja Grada Metkovi\u0107a usvojen je 2004., a nakon prvih njegovih izmjena i dopuna 2015., predlo\u017eile su se druge kojima bi se Plan uskladio s novim propisima iz podru\u010dja prostornog planiranja i za\u0161tite okoli\u0161a prirode. Paralelno s Planom, bit \u0107e provedena Procjena utjecaja na okoli\u0161, a Plan \u0107e biti uskla\u0111en i s Izmjenama i dopunama Prostornog plana Dubrova\u010dko-neretvanske \u017eupanije. Sredstva za izradu Plana osigurana su u Prora\u010dunu, a Odluku o njegovim izmjenama jednoglasno je usvojilo Gradsko vije\u0107e na dana\u0161njoj sjednici.<\/p>\n<p><strong>Prijedlog Zaklju\u010dka o prihva\u0107anju investitorskih prava. <\/strong>\u017dupanijska uprava za ceste na podru\u010dju Dubrova\u010dko-neretvanske \u017eupanije ishodila je gra\u0111evinsku dozvolu za izgradnju dva kru\u017ena toka u Ulici Ante Star\u010devi\u0107a na kri\u017eanju s ulicama Kralja Zvonimira i Matice hrvatske te kri\u017eanju s Ulicom don R. Jerkovi\u0107a u Metkovi\u0107u. Procjena vrijednosti radova iznosi 6.250.000,00 kn, a s obzirom da se oko 65% vrijednosti investicije odnosi na radove iz nadle\u017enosti grada Metkovi\u0107a, prijedlog je \u017dUC-a da Grad Metkovi\u0107 preuzme investitorska prava. Prijedlog je usvojen ve\u0107inom glasova, suzdr\u017ean je bio vije\u0107nik Stipo Gabri\u0107 koji je kritizirao gradona\u010delnikov stav o ovom pitanju i prihva\u0107anje navedenih investitorskih prava.<\/p>\n<p>Jednoglasno je usvojena <strong>Odluka o izmjeni Odluke o osnivanju Vije\u0107a za prevenciju na podru\u010dju Grada Metkovi\u0107a<\/strong> kojom se izmjenjuje sastav Vije\u0107a.<\/p>\n<p>Jednoglasno je usvojen <strong>Prijedlog Odluke o dopunama Odluke o stipendiranju studenata<\/strong> kojim se, uz redovite studente s invaliditetom, stipendiraju i izvanredni.<\/p>\n<p>Ve\u0107inom glasova usvojen je <strong>Prijedlog Odluke o raspisivanju javnog natje\u010daja za prodaju gra\u0111evinskog zemlji\u0161ta u Poslovnoj zoni Dubravica. <\/strong>Sastavni dio Odluke su upute ponuditeljima, javni natje\u010daj i po\u010detna cijena formirana na temelju Procjene tr\u017ei\u0161ne vrijednosti nekretnine koja iznosi 5,54 eura za m2.<\/p>\n<p>Vije\u0107nici Mosta bili su protiv prilikom izglasavanja <strong>Prijedloga Odluke o izmjeni Odluke o koeficijentima za obra\u010dun pla\u0107e slu\u017ebenika i namje\u0161tenika u Jedinstvenom upravnom odjelu Grada Metkovi\u0107a.<\/strong> a vije\u0107nik HSU-a Sini\u0161a Bebi\u0107, koji je ostao suzdr\u017ean, pozvao je gradsku vlast da napravi izmjenu koeficijenata za obra\u010dun svih pla\u0107a.<\/p>\n<p><strong>Prijedlog Rje\u0161enja o imenovanju ravnateljice Prirodoslovnog muzeja Metkovi\u0107. <\/strong>Nakon \u0161to je ravnateljicom Prirodoslovnog muzeja Metkovi\u0107 imenovana Ivana Ba\u0107e, dvoje preostalih prijavljenih kandidata podnijelo je tu\u017ebu Upravnom sudu u Splitu koji je poni\u0161tio Rje\u0161enje o imenovanju od 27. o\u017eujka 2018. i predmet vratio na ponovni postupak. U ponovljenom postupku Odbor za izbor i imenovanje ocijenio je sve prijave kandidata te njihove predlo\u017eene \u010detverogodi\u0161nje programe rada i jednoglasno predlo\u017eio Gradskom vije\u0107u Grada Metkovi\u0107a da se za ravnateljicu imenuje Ivana Ba\u0107e. Svi vije\u0107nici glasovali su za taj prijedlog, osim vije\u0107nika Sini\u0161e Bebi\u0107a (HSU) koji je naglasio da je i prije bio suzdr\u017ean o tom pitanju.<\/p>\n<p>Jednoglasno su usvojeni <strong>Godi\u0161nji plan razvoja sustava civilne za\u0161tite s financijskim u\u010dincima za trogodi\u0161nje razdoblje Grada Metkovi\u0107a za 2018. \u2013 2020. godinu <\/strong>kao i <strong>Odluka o usvajanju Procjene rizika od velikih nesre\u0107a za Grad Metkovi\u0107<\/strong>, objavljena na slu\u017ebenoj gradskoj mre\u017enoj stranici.<\/p>\n<p><strong>Zaklju\u010dak o prihva\u0107anju Ugovora o kupoprodaji nekretnina za potrebe izgradnje nastavka Jadranske ulice u Metkovi\u0107u <\/strong>stavljen je na glasovanje Gradskom vije\u0107u kako bi se krenulo s realizacijom projekta spajanja Jadranske ulice s ulicom Put Narone, a vije\u0107nici su ga jednoglasno usvojili.<\/p>\n<p>Dnevni red dopunjen je dvjema to\u010dkama &#8211; <strong>Odlukom o odabiru ponude o davanju koncesije za obavljanje dimnja\u010darskih poslova <\/strong>i <strong>Odlukom o izmjeni Odluke o na\u010dinu pru\u017eanja javne usluge prikupljanja mije\u0161anog komunalnog otpada i biorazgradivog komunalnog otpada i usluga povezanih sa javnom uslugom u Gradu Metkovi\u0107u <\/strong>koje su jednoglasno usvojene. Posljednjom to\u010dkom na jednu je godinu produ\u017een rok u kojem bi se stvorili tehni\u010dko-tehnolo\u0161ki uvjeti za punu primjenu Odluke, tj. uvela naplata po volumenu odvezenog komunalnog otpada.<\/p>\n<p>Vije\u0107nik Stipo Gabri\u0107 na kraju sjednice iznio je problematiku o trenutnoj cijeni mandarine i stanju u NK Neretvi, a vije\u0107nik Sini\u0161a Bebi\u0107 o manjku ginekologa u Metkovi\u0107u i o radu Turisti\u010dke zajednice Metkovi\u0107.<\/p>\n","protected":false},"excerpt":{"rendered":"<p>Ju\u010der, 16. listopada 2018., je odr\u017eana 14. sjednica Gradskoga vije\u0107a Grada Metkovi\u0107a na kojoj su usvojene sve to\u010dke dnevnoga reda. Prijedlog Odluke o izradi II. izmjena i dopuna Prostornog plana ure\u0111enja Grada Metkovi\u0107a. Prostorni plan ure\u0111enja Grada Metkovi\u0107a usvojen je 2004., a nakon prvih njegovih izmjena i dopuna 2015., predlo\u017eile su se druge kojima bi [&hellip;]<\/p>\n","protected":false},"author":7,"featured_media":52473,"comment_status":"open","ping_status":"open","sticky":false,"template":"","format":"standard","meta":{"footnotes":""},"categories":[283,290],"tags":[2630],"class_list":{"0":"post-69115","1":"post","2":"type-post","3":"status-publish","4":"format-standard","5":"has-post-thumbnail","7":"category-a","8":"category-politika","9":"tag-gradsko-vijece-metkovic"},"yoast_head":"<!-- This site is optimized with the Yoast SEO plugin v25.2 - https:\/\/yoast.com\/wordpress\/plugins\/seo\/ -->\n<title>GRADSKO VIJE\u0106E Ivana Ba\u0107e ravnateljica PMM-a, odga\u0111a se naplata odvoza sme\u0107a po volumenu - likemetkovic.hr<\/title>\n<meta name=\"robots\" content=\"index, follow, max-snippet:-1, max-image-preview:large, max-video-preview:-1\" \/>\n<link rel=\"canonical\" href=\"https:\/\/likemetkovic.hr\/gradsko-vijece-ivana-bace-ravnateljica-pmm-a-odgada-se-naplata-odvoza-smeca-po-volumenu\/\" \/>\n<meta property=\"og:locale\" content=\"hr_HR\" \/>\n<meta property=\"og:type\" content=\"article\" \/>\n<meta property=\"og:title\" content=\"GRADSKO VIJE\u0106E Ivana Ba\u0107e ravnateljica PMM-a, odga\u0111a se naplata odvoza sme\u0107a po volumenu - likemetkovic.hr\" \/>\n<meta property=\"og:description\" content=\"Ju\u010der, 16. listopada 2018., je odr\u017eana 14. sjednica Gradskoga vije\u0107a Grada Metkovi\u0107a na kojoj su usvojene sve to\u010dke dnevnoga reda. Prijedlog Odluke o izradi II. izmjena i dopuna Prostornog plana ure\u0111enja Grada Metkovi\u0107a. Prostorni plan ure\u0111enja Grada Metkovi\u0107a usvojen je 2004., a nakon prvih njegovih izmjena i dopuna 2015., predlo\u017eile su se druge kojima bi [&hellip;]\" \/>\n<meta property=\"og:url\" content=\"https:\/\/likemetkovic.hr\/gradsko-vijece-ivana-bace-ravnateljica-pmm-a-odgada-se-naplata-odvoza-smeca-po-volumenu\/\" \/>\n<meta property=\"og:site_name\" content=\"likemetkovic.hr\" \/>\n<meta property=\"article:publisher\" content=\"https:\/\/www.facebook.com\/likemetkovic.hr\/\" \/>\n<meta property=\"article:published_time\" content=\"2018-10-17T04:41:46+00:00\" \/>\n<meta property=\"og:image\" content=\"https:\/\/likemetkovic.hr\/wp-content\/uploads\/2018\/01\/sjednica-gv-20171220-001.jpg\" \/>\n\t<meta property=\"og:image:width\" content=\"800\" \/>\n\t<meta property=\"og:image:height\" content=\"530\" \/>\n\t<meta property=\"og:image:type\" content=\"image\/jpeg\" \/>\n<meta name=\"author\" content=\"LIKEmetkovic.hr\" \/>\n<meta name=\"twitter:card\" content=\"summary_large_image\" \/>\n<meta name=\"twitter:label1\" content=\"Napisao\/la\" \/>\n\t<meta name=\"twitter:data1\" content=\"LIKEmetkovic.hr\" \/>\n\t<meta name=\"twitter:label2\" content=\"Procijenjeno vrijeme \u010ditanja\" \/>\n\t<meta name=\"twitter:data2\" content=\"4 minute\" \/>\n<script type=\"application\/ld+json\" class=\"yoast-schema-graph\">{\"@context\":\"https:\/\/schema.org\",\"@graph\":[{\"@type\":\"WebPage\",\"@id\":\"https:\/\/likemetkovic.hr\/gradsko-vijece-ivana-bace-ravnateljica-pmm-a-odgada-se-naplata-odvoza-smeca-po-volumenu\/\",\"url\":\"https:\/\/likemetkovic.hr\/gradsko-vijece-ivana-bace-ravnateljica-pmm-a-odgada-se-naplata-odvoza-smeca-po-volumenu\/\",\"name\":\"GRADSKO VIJE\u0106E Ivana Ba\u0107e ravnateljica PMM-a, odga\u0111a se naplata odvoza sme\u0107a po volumenu - likemetkovic.hr\",\"isPartOf\":{\"@id\":\"https:\/\/likemetkovic.hr\/#website\"},\"primaryImageOfPage\":{\"@id\":\"https:\/\/likemetkovic.hr\/gradsko-vijece-ivana-bace-ravnateljica-pmm-a-odgada-se-naplata-odvoza-smeca-po-volumenu\/#primaryimage\"},\"image\":{\"@id\":\"https:\/\/likemetkovic.hr\/gradsko-vijece-ivana-bace-ravnateljica-pmm-a-odgada-se-naplata-odvoza-smeca-po-volumenu\/#primaryimage\"},\"thumbnailUrl\":\"https:\/\/likemetkovic.hr\/portal\/wp-content\/uploads\/2018\/01\/sjednica-gv-20171220-001.jpg\",\"datePublished\":\"2018-10-17T04:41:46+00:00\",\"author\":{\"@id\":\"https:\/\/likemetkovic.hr\/#\/schema\/person\/a42711f3385a0e2be6f7e0443bfb28f0\"},\"breadcrumb\":{\"@id\":\"https:\/\/likemetkovic.hr\/gradsko-vijece-ivana-bace-ravnateljica-pmm-a-odgada-se-naplata-odvoza-smeca-po-volumenu\/#breadcrumb\"},\"inLanguage\":\"hr\",\"potentialAction\":[{\"@type\":\"ReadAction\",\"target\":[\"https:\/\/likemetkovic.hr\/gradsko-vijece-ivana-bace-ravnateljica-pmm-a-odgada-se-naplata-odvoza-smeca-po-volumenu\/\"]}]},{\"@type\":\"ImageObject\",\"inLanguage\":\"hr\",\"@id\":\"https:\/\/likemetkovic.hr\/gradsko-vijece-ivana-bace-ravnateljica-pmm-a-odgada-se-naplata-odvoza-smeca-po-volumenu\/#primaryimage\",\"url\":\"https:\/\/likemetkovic.hr\/portal\/wp-content\/uploads\/2018\/01\/sjednica-gv-20171220-001.jpg\",\"contentUrl\":\"https:\/\/likemetkovic.hr\/portal\/wp-content\/uploads\/2018\/01\/sjednica-gv-20171220-001.jpg\",\"width\":800,\"height\":530},{\"@type\":\"BreadcrumbList\",\"@id\":\"https:\/\/likemetkovic.hr\/gradsko-vijece-ivana-bace-ravnateljica-pmm-a-odgada-se-naplata-odvoza-smeca-po-volumenu\/#breadcrumb\",\"itemListElement\":[{\"@type\":\"ListItem\",\"position\":1,\"name\":\"Po\u010detna stranica\",\"item\":\"https:\/\/likemetkovic.hr\/portal\/\"},{\"@type\":\"ListItem\",\"position\":2,\"name\":\"GRADSKO VIJE\u0106E Ivana Ba\u0107e ravnateljica PMM-a, odga\u0111a se naplata odvoza sme\u0107a po volumenu\"}]},{\"@type\":\"WebSite\",\"@id\":\"https:\/\/likemetkovic.hr\/#website\",\"url\":\"https:\/\/likemetkovic.hr\/\",\"name\":\"likemetkovic.hr\",\"description\":\"Misli pozitivno... \u010ditaj LIKE\",\"potentialAction\":[{\"@type\":\"SearchAction\",\"target\":{\"@type\":\"EntryPoint\",\"urlTemplate\":\"https:\/\/likemetkovic.hr\/?s={search_term_string}\"},\"query-input\":{\"@type\":\"PropertyValueSpecification\",\"valueRequired\":true,\"valueName\":\"search_term_string\"}}],\"inLanguage\":\"hr\"},{\"@type\":\"Person\",\"@id\":\"https:\/\/likemetkovic.hr\/#\/schema\/person\/a42711f3385a0e2be6f7e0443bfb28f0\",\"name\":\"LIKEmetkovic.hr\",\"sameAs\":[\"http:\/\/likemetkovic.hr\"],\"url\":\"https:\/\/likemetkovic.hr\/portal\/author\/likemetkovic-hr\/\"}]}<\/script>\n<!-- \/ Yoast SEO plugin. -->","yoast_head_json":{"title":"GRADSKO VIJE\u0106E Ivana Ba\u0107e ravnateljica PMM-a, odga\u0111a se naplata odvoza sme\u0107a po volumenu - likemetkovic.hr","robots":{"index":"index","follow":"follow","max-snippet":"max-snippet:-1","max-image-preview":"max-image-preview:large","max-video-preview":"max-video-preview:-1"},"canonical":"https:\/\/likemetkovic.hr\/gradsko-vijece-ivana-bace-ravnateljica-pmm-a-odgada-se-naplata-odvoza-smeca-po-volumenu\/","og_locale":"hr_HR","og_type":"article","og_title":"GRADSKO VIJE\u0106E Ivana Ba\u0107e ravnateljica PMM-a, odga\u0111a se naplata odvoza sme\u0107a po volumenu - likemetkovic.hr","og_description":"Ju\u010der, 16. listopada 2018., je odr\u017eana 14. sjednica Gradskoga vije\u0107a Grada Metkovi\u0107a na kojoj su usvojene sve to\u010dke dnevnoga reda. Prijedlog Odluke o izradi II. izmjena i dopuna Prostornog plana ure\u0111enja Grada Metkovi\u0107a. Prostorni plan ure\u0111enja Grada Metkovi\u0107a usvojen je 2004., a nakon prvih njegovih izmjena i dopuna 2015., predlo\u017eile su se druge kojima bi [&hellip;]","og_url":"https:\/\/likemetkovic.hr\/gradsko-vijece-ivana-bace-ravnateljica-pmm-a-odgada-se-naplata-odvoza-smeca-po-volumenu\/","og_site_name":"likemetkovic.hr","article_publisher":"https:\/\/www.facebook.com\/likemetkovic.hr\/","article_published_time":"2018-10-17T04:41:46+00:00","og_image":[{"width":800,"height":530,"url":"https:\/\/likemetkovic.hr\/wp-content\/uploads\/2018\/01\/sjednica-gv-20171220-001.jpg","type":"image\/jpeg"}],"author":"LIKEmetkovic.hr","twitter_card":"summary_large_image","twitter_misc":{"Napisao\/la":"LIKEmetkovic.hr","Procijenjeno vrijeme \u010ditanja":"4 minute"},"schema":{"@context":"https:\/\/schema.org","@graph":[{"@type":"WebPage","@id":"https:\/\/likemetkovic.hr\/gradsko-vijece-ivana-bace-ravnateljica-pmm-a-odgada-se-naplata-odvoza-smeca-po-volumenu\/","url":"https:\/\/likemetkovic.hr\/gradsko-vijece-ivana-bace-ravnateljica-pmm-a-odgada-se-naplata-odvoza-smeca-po-volumenu\/","name":"GRADSKO VIJE\u0106E Ivana Ba\u0107e ravnateljica PMM-a, odga\u0111a se naplata odvoza sme\u0107a po volumenu - likemetkovic.hr","isPartOf":{"@id":"https:\/\/likemetkovic.hr\/#website"},"primaryImageOfPage":{"@id":"https:\/\/likemetkovic.hr\/gradsko-vijece-ivana-bace-ravnateljica-pmm-a-odgada-se-naplata-odvoza-smeca-po-volumenu\/#primaryimage"},"image":{"@id":"https:\/\/likemetkovic.hr\/gradsko-vijece-ivana-bace-ravnateljica-pmm-a-odgada-se-naplata-odvoza-smeca-po-volumenu\/#primaryimage"},"thumbnailUrl":"https:\/\/likemetkovic.hr\/portal\/wp-content\/uploads\/2018\/01\/sjednica-gv-20171220-001.jpg","datePublished":"2018-10-17T04:41:46+00:00","author":{"@id":"https:\/\/likemetkovic.hr\/#\/schema\/person\/a42711f3385a0e2be6f7e0443bfb28f0"},"breadcrumb":{"@id":"https:\/\/likemetkovic.hr\/gradsko-vijece-ivana-bace-ravnateljica-pmm-a-odgada-se-naplata-odvoza-smeca-po-volumenu\/#breadcrumb"},"inLanguage":"hr","potentialAction":[{"@type":"ReadAction","target":["https:\/\/likemetkovic.hr\/gradsko-vijece-ivana-bace-ravnateljica-pmm-a-odgada-se-naplata-odvoza-smeca-po-volumenu\/"]}]},{"@type":"ImageObject","inLanguage":"hr","@id":"https:\/\/likemetkovic.hr\/gradsko-vijece-ivana-bace-ravnateljica-pmm-a-odgada-se-naplata-odvoza-smeca-po-volumenu\/#primaryimage","url":"https:\/\/likemetkovic.hr\/portal\/wp-content\/uploads\/2018\/01\/sjednica-gv-20171220-001.jpg","contentUrl":"https:\/\/likemetkovic.hr\/portal\/wp-content\/uploads\/2018\/01\/sjednica-gv-20171220-001.jpg","width":800,"height":530},{"@type":"BreadcrumbList","@id":"https:\/\/likemetkovic.hr\/gradsko-vijece-ivana-bace-ravnateljica-pmm-a-odgada-se-naplata-odvoza-smeca-po-volumenu\/#breadcrumb","itemListElement":[{"@type":"ListItem","position":1,"name":"Po\u010detna stranica","item":"https:\/\/likemetkovic.hr\/portal\/"},{"@type":"ListItem","position":2,"name":"GRADSKO VIJE\u0106E Ivana Ba\u0107e ravnateljica PMM-a, odga\u0111a se naplata odvoza sme\u0107a po volumenu"}]},{"@type":"WebSite","@id":"https:\/\/likemetkovic.hr\/#website","url":"https:\/\/likemetkovic.hr\/","name":"likemetkovic.hr","description":"Misli pozitivno... \u010ditaj LIKE","potentialAction":[{"@type":"SearchAction","target":{"@type":"EntryPoint","urlTemplate":"https:\/\/likemetkovic.hr\/?s={search_term_string}"},"query-input":{"@type":"PropertyValueSpecification","valueRequired":true,"valueName":"search_term_string"}}],"inLanguage":"hr"},{"@type":"Person","@id":"https:\/\/likemetkovic.hr\/#\/schema\/person\/a42711f3385a0e2be6f7e0443bfb28f0","name":"LIKEmetkovic.hr","sameAs":["http:\/\/likemetkovic.hr"],"url":"https:\/\/likemetkovic.hr\/portal\/author\/likemetkovic-hr\/"}]}},"_links":{"self":[{"href":"https:\/\/likemetkovic.hr\/portal\/wp-json\/wp\/v2\/posts\/69115","targetHints":{"allow":["GET"]}}],"collection":[{"href":"https:\/\/likemetkovic.hr\/portal\/wp-json\/wp\/v2\/posts"}],"about":[{"href":"https:\/\/likemetkovic.hr\/portal\/wp-json\/wp\/v2\/types\/post"}],"author":[{"embeddable":true,"href":"https:\/\/likemetkovic.hr\/portal\/wp-json\/wp\/v2\/users\/7"}],"replies":[{"embeddable":true,"href":"https:\/\/likemetkovic.hr\/portal\/wp-json\/wp\/v2\/comments?post=69115"}],"version-history":[{"count":0,"href":"https:\/\/likemetkovic.hr\/portal\/wp-json\/wp\/v2\/posts\/69115\/revisions"}],"wp:featuredmedia":[{"embeddable":true,"href":"https:\/\/likemetkovic.hr\/portal\/wp-json\/wp\/v2\/media\/52473"}],"wp:attachment":[{"href":"https:\/\/likemetkovic.hr\/portal\/wp-json\/wp\/v2\/media?parent=69115"}],"wp:term":[{"taxonomy":"category","embeddable":true,"href":"https:\/\/likemetkovic.hr\/portal\/wp-json\/wp\/v2\/categories?post=69115"},{"taxonomy":"post_tag","embeddable":true,"href":"https:\/\/likemetkovic.hr\/portal\/wp-json\/wp\/v2\/tags?post=69115"}],"curies":[{"name":"wp","href":"https:\/\/api.w.org\/{rel}","templated":true}]}}