{"id":69523,"date":"2018-10-23T09:40:00","date_gmt":"2018-10-23T07:40:00","guid":{"rendered":"http:\/\/likemetkovic.hr\/?p=69523"},"modified":"2018-10-23T09:40:00","modified_gmt":"2018-10-23T07:40:00","slug":"kbc-split-preminuo-49-godisnjak-koji-je-u-opuzenu-aktivirao-plinsku-bocu","status":"publish","type":"post","link":"https:\/\/likemetkovic.hr\/portal\/kbc-split-preminuo-49-godisnjak-koji-je-u-opuzenu-aktivirao-plinsku-bocu\/","title":{"rendered":"KBC SPLIT: Preminuo 49-godi\u0161njak koji je u Opuzenu aktivirao plinsku bocu"},"content":{"rendered":"<p>Prema obavijesti Klini\u010dkog bolni\u010dkog centra Split, u petak, 19. listopada, od posljedica zadobivenih ozljeda uslijed eksplozije plina, preminuo je 49-godi\u0161njak koji je 16. rujna u svojoj obiteljskoj ku\u0107i u Opuzenu izazvao po\u017ear aktiviranjem plinske boce, doznaje <a href=\"https:\/\/dubrovacki.slobodnadalmacija.hr\/vijesti\/crna-kronika\/clanak\/id\/571418\/od-posljedica-zadobivenih-ozljeda-uslijed-eksplozije-plina-preminuo-49-godisnjak-iz-opuzena\" target=\"_blank\" rel=\"noopener\">Dubrova\u010dki\u00a0vjesnik<\/a>.<\/p>\n<p>U drami koja je trajala do ranog jutra 17. rujna i koja je okon\u010dana intervencijom Specijalne policije te\u0161ke ozljede su zadobila dva policijska slu\u017ebenika.<\/p>\n","protected":false},"excerpt":{"rendered":"<p>Prema obavijesti Klini\u010dkog bolni\u010dkog centra Split, u petak, 19. listopada, od posljedica zadobivenih ozljeda uslijed eksplozije plina, preminuo je 49-godi\u0161njak koji je 16. rujna u svojoj obiteljskoj ku\u0107i u Opuzenu izazvao po\u017ear aktiviranjem plinske boce, doznaje Dubrova\u010dki\u00a0vjesnik. U drami koja je trajala do ranog jutra 17. rujna i koja je okon\u010dana intervencijom Specijalne policije te\u0161ke [&hellip;]<\/p>\n","protected":false},"author":7,"featured_media":67606,"comment_status":"open","ping_status":"open","sticky":false,"template":"","format":"standard","meta":{"footnotes":""},"categories":[296,305],"tags":[3924,3925,577],"class_list":{"0":"post-69523","1":"post","2":"type-post","3":"status-publish","4":"format-standard","5":"has-post-thumbnail","7":"category-ab","8":"category-crna-kronika","9":"tag-ekspolizija-plina","10":"tag-kbc-split","11":"tag-opuzen"},"yoast_head":"<!-- This site is optimized with the Yoast SEO plugin v25.2 - https:\/\/yoast.com\/wordpress\/plugins\/seo\/ -->\n<title>KBC SPLIT: Preminuo 49-godi\u0161njak koji je u Opuzenu aktivirao plinsku bocu - likemetkovic.hr<\/title>\n<meta name=\"robots\" content=\"index, follow, max-snippet:-1, max-image-preview:large, max-video-preview:-1\" \/>\n<link rel=\"canonical\" href=\"https:\/\/likemetkovic.hr\/kbc-split-preminuo-49-godisnjak-koji-je-u-opuzenu-aktivirao-plinsku-bocu\/\" \/>\n<meta property=\"og:locale\" content=\"hr_HR\" \/>\n<meta property=\"og:type\" content=\"article\" \/>\n<meta property=\"og:title\" content=\"KBC SPLIT: Preminuo 49-godi\u0161njak koji je u Opuzenu aktivirao plinsku bocu - likemetkovic.hr\" \/>\n<meta property=\"og:description\" content=\"Prema obavijesti Klini\u010dkog bolni\u010dkog centra Split, u petak, 19. listopada, od posljedica zadobivenih ozljeda uslijed eksplozije plina, preminuo je 49-godi\u0161njak koji je 16. rujna u svojoj obiteljskoj ku\u0107i u Opuzenu izazvao po\u017ear aktiviranjem plinske boce, doznaje Dubrova\u010dki\u00a0vjesnik. U drami koja je trajala do ranog jutra 17. rujna i koja je okon\u010dana intervencijom Specijalne policije te\u0161ke [&hellip;]\" \/>\n<meta property=\"og:url\" content=\"https:\/\/likemetkovic.hr\/kbc-split-preminuo-49-godisnjak-koji-je-u-opuzenu-aktivirao-plinsku-bocu\/\" \/>\n<meta property=\"og:site_name\" content=\"likemetkovic.hr\" \/>\n<meta property=\"article:publisher\" content=\"https:\/\/www.facebook.com\/likemetkovic.hr\/\" \/>\n<meta property=\"article:published_time\" content=\"2018-10-23T07:40:00+00:00\" \/>\n<meta property=\"og:image\" content=\"https:\/\/likemetkovic.hr\/wp-content\/uploads\/2018\/09\/opuzen-napada\u010d-policajac.jpg\" \/>\n\t<meta property=\"og:image:width\" content=\"800\" \/>\n\t<meta property=\"og:image:height\" content=\"521\" \/>\n\t<meta property=\"og:image:type\" content=\"image\/jpeg\" \/>\n<meta name=\"author\" content=\"LIKEmetkovic.hr\" \/>\n<meta name=\"twitter:card\" content=\"summary_large_image\" \/>\n<meta name=\"twitter:label1\" content=\"Napisao\/la\" \/>\n\t<meta name=\"twitter:data1\" content=\"LIKEmetkovic.hr\" \/>\n<script type=\"application\/ld+json\" class=\"yoast-schema-graph\">{\"@context\":\"https:\/\/schema.org\",\"@graph\":[{\"@type\":\"WebPage\",\"@id\":\"https:\/\/likemetkovic.hr\/kbc-split-preminuo-49-godisnjak-koji-je-u-opuzenu-aktivirao-plinsku-bocu\/\",\"url\":\"https:\/\/likemetkovic.hr\/kbc-split-preminuo-49-godisnjak-koji-je-u-opuzenu-aktivirao-plinsku-bocu\/\",\"name\":\"KBC SPLIT: Preminuo 49-godi\u0161njak koji je u Opuzenu aktivirao plinsku bocu - likemetkovic.hr\",\"isPartOf\":{\"@id\":\"https:\/\/likemetkovic.hr\/#website\"},\"primaryImageOfPage\":{\"@id\":\"https:\/\/likemetkovic.hr\/kbc-split-preminuo-49-godisnjak-koji-je-u-opuzenu-aktivirao-plinsku-bocu\/#primaryimage\"},\"image\":{\"@id\":\"https:\/\/likemetkovic.hr\/kbc-split-preminuo-49-godisnjak-koji-je-u-opuzenu-aktivirao-plinsku-bocu\/#primaryimage\"},\"thumbnailUrl\":\"https:\/\/likemetkovic.hr\/portal\/wp-content\/uploads\/2018\/09\/opuzen-napada\u010d-policajac.jpg\",\"datePublished\":\"2018-10-23T07:40:00+00:00\",\"author\":{\"@id\":\"https:\/\/likemetkovic.hr\/#\/schema\/person\/a42711f3385a0e2be6f7e0443bfb28f0\"},\"breadcrumb\":{\"@id\":\"https:\/\/likemetkovic.hr\/kbc-split-preminuo-49-godisnjak-koji-je-u-opuzenu-aktivirao-plinsku-bocu\/#breadcrumb\"},\"inLanguage\":\"hr\",\"potentialAction\":[{\"@type\":\"ReadAction\",\"target\":[\"https:\/\/likemetkovic.hr\/kbc-split-preminuo-49-godisnjak-koji-je-u-opuzenu-aktivirao-plinsku-bocu\/\"]}]},{\"@type\":\"ImageObject\",\"inLanguage\":\"hr\",\"@id\":\"https:\/\/likemetkovic.hr\/kbc-split-preminuo-49-godisnjak-koji-je-u-opuzenu-aktivirao-plinsku-bocu\/#primaryimage\",\"url\":\"https:\/\/likemetkovic.hr\/portal\/wp-content\/uploads\/2018\/09\/opuzen-napada\u010d-policajac.jpg\",\"contentUrl\":\"https:\/\/likemetkovic.hr\/portal\/wp-content\/uploads\/2018\/09\/opuzen-napada\u010d-policajac.jpg\",\"width\":800,\"height\":521},{\"@type\":\"BreadcrumbList\",\"@id\":\"https:\/\/likemetkovic.hr\/kbc-split-preminuo-49-godisnjak-koji-je-u-opuzenu-aktivirao-plinsku-bocu\/#breadcrumb\",\"itemListElement\":[{\"@type\":\"ListItem\",\"position\":1,\"name\":\"Po\u010detna stranica\",\"item\":\"https:\/\/likemetkovic.hr\/portal\/\"},{\"@type\":\"ListItem\",\"position\":2,\"name\":\"KBC SPLIT: Preminuo 49-godi\u0161njak koji je u Opuzenu aktivirao plinsku bocu\"}]},{\"@type\":\"WebSite\",\"@id\":\"https:\/\/likemetkovic.hr\/#website\",\"url\":\"https:\/\/likemetkovic.hr\/\",\"name\":\"likemetkovic.hr\",\"description\":\"Misli pozitivno... \u010ditaj LIKE\",\"potentialAction\":[{\"@type\":\"SearchAction\",\"target\":{\"@type\":\"EntryPoint\",\"urlTemplate\":\"https:\/\/likemetkovic.hr\/?s={search_term_string}\"},\"query-input\":{\"@type\":\"PropertyValueSpecification\",\"valueRequired\":true,\"valueName\":\"search_term_string\"}}],\"inLanguage\":\"hr\"},{\"@type\":\"Person\",\"@id\":\"https:\/\/likemetkovic.hr\/#\/schema\/person\/a42711f3385a0e2be6f7e0443bfb28f0\",\"name\":\"LIKEmetkovic.hr\",\"sameAs\":[\"http:\/\/likemetkovic.hr\"],\"url\":\"https:\/\/likemetkovic.hr\/portal\/author\/likemetkovic-hr\/\"}]}<\/script>\n<!-- \/ Yoast SEO plugin. -->","yoast_head_json":{"title":"KBC SPLIT: Preminuo 49-godi\u0161njak koji je u Opuzenu aktivirao plinsku bocu - likemetkovic.hr","robots":{"index":"index","follow":"follow","max-snippet":"max-snippet:-1","max-image-preview":"max-image-preview:large","max-video-preview":"max-video-preview:-1"},"canonical":"https:\/\/likemetkovic.hr\/kbc-split-preminuo-49-godisnjak-koji-je-u-opuzenu-aktivirao-plinsku-bocu\/","og_locale":"hr_HR","og_type":"article","og_title":"KBC SPLIT: Preminuo 49-godi\u0161njak koji je u Opuzenu aktivirao plinsku bocu - likemetkovic.hr","og_description":"Prema obavijesti Klini\u010dkog bolni\u010dkog centra Split, u petak, 19. listopada, od posljedica zadobivenih ozljeda uslijed eksplozije plina, preminuo je 49-godi\u0161njak koji je 16. rujna u svojoj obiteljskoj ku\u0107i u Opuzenu izazvao po\u017ear aktiviranjem plinske boce, doznaje Dubrova\u010dki\u00a0vjesnik. U drami koja je trajala do ranog jutra 17. rujna i koja je okon\u010dana intervencijom Specijalne policije te\u0161ke [&hellip;]","og_url":"https:\/\/likemetkovic.hr\/kbc-split-preminuo-49-godisnjak-koji-je-u-opuzenu-aktivirao-plinsku-bocu\/","og_site_name":"likemetkovic.hr","article_publisher":"https:\/\/www.facebook.com\/likemetkovic.hr\/","article_published_time":"2018-10-23T07:40:00+00:00","og_image":[{"width":800,"height":521,"url":"https:\/\/likemetkovic.hr\/wp-content\/uploads\/2018\/09\/opuzen-napada\u010d-policajac.jpg","type":"image\/jpeg"}],"author":"LIKEmetkovic.hr","twitter_card":"summary_large_image","twitter_misc":{"Napisao\/la":"LIKEmetkovic.hr"},"schema":{"@context":"https:\/\/schema.org","@graph":[{"@type":"WebPage","@id":"https:\/\/likemetkovic.hr\/kbc-split-preminuo-49-godisnjak-koji-je-u-opuzenu-aktivirao-plinsku-bocu\/","url":"https:\/\/likemetkovic.hr\/kbc-split-preminuo-49-godisnjak-koji-je-u-opuzenu-aktivirao-plinsku-bocu\/","name":"KBC SPLIT: Preminuo 49-godi\u0161njak koji je u Opuzenu aktivirao plinsku bocu - likemetkovic.hr","isPartOf":{"@id":"https:\/\/likemetkovic.hr\/#website"},"primaryImageOfPage":{"@id":"https:\/\/likemetkovic.hr\/kbc-split-preminuo-49-godisnjak-koji-je-u-opuzenu-aktivirao-plinsku-bocu\/#primaryimage"},"image":{"@id":"https:\/\/likemetkovic.hr\/kbc-split-preminuo-49-godisnjak-koji-je-u-opuzenu-aktivirao-plinsku-bocu\/#primaryimage"},"thumbnailUrl":"https:\/\/likemetkovic.hr\/portal\/wp-content\/uploads\/2018\/09\/opuzen-napada\u010d-policajac.jpg","datePublished":"2018-10-23T07:40:00+00:00","author":{"@id":"https:\/\/likemetkovic.hr\/#\/schema\/person\/a42711f3385a0e2be6f7e0443bfb28f0"},"breadcrumb":{"@id":"https:\/\/likemetkovic.hr\/kbc-split-preminuo-49-godisnjak-koji-je-u-opuzenu-aktivirao-plinsku-bocu\/#breadcrumb"},"inLanguage":"hr","potentialAction":[{"@type":"ReadAction","target":["https:\/\/likemetkovic.hr\/kbc-split-preminuo-49-godisnjak-koji-je-u-opuzenu-aktivirao-plinsku-bocu\/"]}]},{"@type":"ImageObject","inLanguage":"hr","@id":"https:\/\/likemetkovic.hr\/kbc-split-preminuo-49-godisnjak-koji-je-u-opuzenu-aktivirao-plinsku-bocu\/#primaryimage","url":"https:\/\/likemetkovic.hr\/portal\/wp-content\/uploads\/2018\/09\/opuzen-napada\u010d-policajac.jpg","contentUrl":"https:\/\/likemetkovic.hr\/portal\/wp-content\/uploads\/2018\/09\/opuzen-napada\u010d-policajac.jpg","width":800,"height":521},{"@type":"BreadcrumbList","@id":"https:\/\/likemetkovic.hr\/kbc-split-preminuo-49-godisnjak-koji-je-u-opuzenu-aktivirao-plinsku-bocu\/#breadcrumb","itemListElement":[{"@type":"ListItem","position":1,"name":"Po\u010detna stranica","item":"https:\/\/likemetkovic.hr\/portal\/"},{"@type":"ListItem","position":2,"name":"KBC SPLIT: Preminuo 49-godi\u0161njak koji je u Opuzenu aktivirao plinsku bocu"}]},{"@type":"WebSite","@id":"https:\/\/likemetkovic.hr\/#website","url":"https:\/\/likemetkovic.hr\/","name":"likemetkovic.hr","description":"Misli pozitivno... \u010ditaj LIKE","potentialAction":[{"@type":"SearchAction","target":{"@type":"EntryPoint","urlTemplate":"https:\/\/likemetkovic.hr\/?s={search_term_string}"},"query-input":{"@type":"PropertyValueSpecification","valueRequired":true,"valueName":"search_term_string"}}],"inLanguage":"hr"},{"@type":"Person","@id":"https:\/\/likemetkovic.hr\/#\/schema\/person\/a42711f3385a0e2be6f7e0443bfb28f0","name":"LIKEmetkovic.hr","sameAs":["http:\/\/likemetkovic.hr"],"url":"https:\/\/likemetkovic.hr\/portal\/author\/likemetkovic-hr\/"}]}},"_links":{"self":[{"href":"https:\/\/likemetkovic.hr\/portal\/wp-json\/wp\/v2\/posts\/69523","targetHints":{"allow":["GET"]}}],"collection":[{"href":"https:\/\/likemetkovic.hr\/portal\/wp-json\/wp\/v2\/posts"}],"about":[{"href":"https:\/\/likemetkovic.hr\/portal\/wp-json\/wp\/v2\/types\/post"}],"author":[{"embeddable":true,"href":"https:\/\/likemetkovic.hr\/portal\/wp-json\/wp\/v2\/users\/7"}],"replies":[{"embeddable":true,"href":"https:\/\/likemetkovic.hr\/portal\/wp-json\/wp\/v2\/comments?post=69523"}],"version-history":[{"count":0,"href":"https:\/\/likemetkovic.hr\/portal\/wp-json\/wp\/v2\/posts\/69523\/revisions"}],"wp:featuredmedia":[{"embeddable":true,"href":"https:\/\/likemetkovic.hr\/portal\/wp-json\/wp\/v2\/media\/67606"}],"wp:attachment":[{"href":"https:\/\/likemetkovic.hr\/portal\/wp-json\/wp\/v2\/media?parent=69523"}],"wp:term":[{"taxonomy":"category","embeddable":true,"href":"https:\/\/likemetkovic.hr\/portal\/wp-json\/wp\/v2\/categories?post=69523"},{"taxonomy":"post_tag","embeddable":true,"href":"https:\/\/likemetkovic.hr\/portal\/wp-json\/wp\/v2\/tags?post=69523"}],"curies":[{"name":"wp","href":"https:\/\/api.w.org\/{rel}","templated":true}]}}