{"id":69578,"date":"2018-10-24T10:03:23","date_gmt":"2018-10-24T08:03:23","guid":{"rendered":"http:\/\/likemetkovic.hr\/?p=69578"},"modified":"2018-10-24T10:04:56","modified_gmt":"2018-10-24T08:04:56","slug":"zupan-dobroslavic-i-direktor-hrvatskih-voda-durokovic-razgovarali-o-izvoristu-doljani","status":"publish","type":"post","link":"https:\/\/likemetkovic.hr\/portal\/zupan-dobroslavic-i-direktor-hrvatskih-voda-durokovic-razgovarali-o-izvoristu-doljani\/","title":{"rendered":"\u017dupan Dobroslavi\u0107 i direktor Hrvatskih voda \u0110urokovi\u0107 razgovarali o izvori\u0161tu Doljani"},"content":{"rendered":"<p>\u017dupan <strong>Nikola Dobroslavi\u0107,<\/strong> zamjenica \u017daklina Marevi\u0107 i v.d. pro\u010delnici Miho Ba\u0107e i Ivo Klai\u0107 odr\u017eali se u ponedjeljak u Pala\u010di Ranjina sastanak s generalnim direktorom Hrvatskih voda <strong>Zoranom \u0110urokovi\u0107em<\/strong> i njegovim suradnicima, pi\u0161e <a href=\"https:\/\/dubrovacki.slobodnadalmacija.hr\/zupanija\/dubrovnik\/clanak\/id\/571527\/ulaganja-u-krajnji-jug-generalni-direktor-hrvatskih-voda-na-sastanku-sa-zupanom-dobroslavicem\" target=\"_blank\" rel=\"noopener\">Dubrova\u010di vijesnik.<\/a><\/p>\n<p>Hrvatske vode ula\u017eu golema sredstva u vodoopskrbu i odvodnju na podru\u010dju \u017eupanije, a posebno je bilo <strong>govora o projektima navodnjavanja Donje Neretve<\/strong> vrijednom oko 500 milijuna kuna, projektu Gornji horizonti, vodoopskrbi Metkovi\u0107a, Ivanice, odvodnji u Malostonskom zaljevu i o novom sustavu uslu\u017enih podru\u010dja u gospodarenju vodama.<\/p>\n<p>Osim o ulaganjima u Op\u0107ini Konavle za Molunat i Grudu razgovaralo se o ulaganjima u dolinu Neretve. \u017dupan izrazio zadovoljstvo suradnjom Hrvatskih voda i op\u0107ina, a nagla\u0161ena je izgradnja obaloutvrda na podru\u010dju Male Neretve i Komina kao i predstoje\u0107a ulaganja Hrvatskih voda tako i op\u0107ine Slivno i Grada Plo\u010da.<\/p>\n<p>Na sastanku je bilo govora i <strong>o problematici izvori\u0161ta Doljani<\/strong> koja se rje\u0161ava na nivou op\u0107ine \u010capljina i Grada Metkovi\u0107a. Me\u0111u temama je bila i izgradnja primarnog kolektora na podru\u010dju grada Neuma kao \u010detvrte faze u sklopu projekta Komarna-Klek- Neum-Mljetski kanal i rje\u0161avanje pravnog statusa tvrtke Mareco koja skrbi o odvodnoj mre\u017ei tog sustava.<\/p>\n<p>Foto: DV<\/p>\n","protected":false},"excerpt":{"rendered":"<p>\u017dupan Nikola Dobroslavi\u0107, zamjenica \u017daklina Marevi\u0107 i v.d. pro\u010delnici Miho Ba\u0107e i Ivo Klai\u0107 odr\u017eali se u ponedjeljak u Pala\u010di Ranjina sastanak s generalnim direktorom Hrvatskih voda Zoranom \u0110urokovi\u0107em i njegovim suradnicima, pi\u0161e Dubrova\u010di vijesnik. Hrvatske vode ula\u017eu golema sredstva u vodoopskrbu i odvodnju na podru\u010dju \u017eupanije, a posebno je bilo govora o projektima navodnjavanja [&hellip;]<\/p>\n","protected":false},"author":7,"featured_media":69579,"comment_status":"open","ping_status":"open","sticky":false,"template":"","format":"standard","meta":{"footnotes":""},"categories":[296,290],"tags":[1514,1386,2545,3936,3935],"class_list":{"0":"post-69578","1":"post","2":"type-post","3":"status-publish","4":"format-standard","5":"has-post-thumbnail","7":"category-ab","8":"category-politika","9":"tag-donja-neretva","10":"tag-hrvatske-vode","11":"tag-izvoriste-doljani","12":"tag-zoran-durokovic","13":"tag-zupan-dobroslavic-nikola"},"yoast_head":"<!-- This site is optimized with the Yoast SEO plugin v25.2 - https:\/\/yoast.com\/wordpress\/plugins\/seo\/ -->\n<title>\u017dupan Dobroslavi\u0107 i direktor Hrvatskih voda \u0110urokovi\u0107 razgovarali o izvori\u0161tu Doljani - likemetkovic.hr<\/title>\n<meta name=\"robots\" content=\"index, follow, max-snippet:-1, max-image-preview:large, max-video-preview:-1\" \/>\n<link rel=\"canonical\" href=\"https:\/\/likemetkovic.hr\/zupan-dobroslavic-i-direktor-hrvatskih-voda-durokovic-razgovarali-o-izvoristu-doljani\/\" \/>\n<meta property=\"og:locale\" content=\"hr_HR\" \/>\n<meta property=\"og:type\" content=\"article\" \/>\n<meta property=\"og:title\" content=\"\u017dupan Dobroslavi\u0107 i direktor Hrvatskih voda \u0110urokovi\u0107 razgovarali o izvori\u0161tu Doljani - likemetkovic.hr\" \/>\n<meta property=\"og:description\" content=\"\u017dupan Nikola Dobroslavi\u0107, zamjenica \u017daklina Marevi\u0107 i v.d. pro\u010delnici Miho Ba\u0107e i Ivo Klai\u0107 odr\u017eali se u ponedjeljak u Pala\u010di Ranjina sastanak s generalnim direktorom Hrvatskih voda Zoranom \u0110urokovi\u0107em i njegovim suradnicima, pi\u0161e Dubrova\u010di vijesnik. Hrvatske vode ula\u017eu golema sredstva u vodoopskrbu i odvodnju na podru\u010dju \u017eupanije, a posebno je bilo govora o projektima navodnjavanja [&hellip;]\" \/>\n<meta property=\"og:url\" content=\"https:\/\/likemetkovic.hr\/zupan-dobroslavic-i-direktor-hrvatskih-voda-durokovic-razgovarali-o-izvoristu-doljani\/\" \/>\n<meta property=\"og:site_name\" content=\"likemetkovic.hr\" \/>\n<meta property=\"article:publisher\" content=\"https:\/\/www.facebook.com\/likemetkovic.hr\/\" \/>\n<meta property=\"article:published_time\" content=\"2018-10-24T08:03:23+00:00\" \/>\n<meta property=\"article:modified_time\" content=\"2018-10-24T08:04:56+00:00\" \/>\n<meta property=\"og:image\" content=\"https:\/\/likemetkovic.hr\/wp-content\/uploads\/2018\/10\/\u017eupan-vode-izvori\u0161te-doljani.gif\" \/>\n\t<meta property=\"og:image:width\" content=\"800\" \/>\n\t<meta property=\"og:image:height\" content=\"533\" \/>\n\t<meta property=\"og:image:type\" content=\"image\/gif\" \/>\n<meta name=\"author\" content=\"LIKEmetkovic.hr\" \/>\n<meta name=\"twitter:card\" content=\"summary_large_image\" \/>\n<meta name=\"twitter:label1\" content=\"Napisao\/la\" \/>\n\t<meta name=\"twitter:data1\" content=\"LIKEmetkovic.hr\" \/>\n\t<meta name=\"twitter:label2\" content=\"Procijenjeno vrijeme \u010ditanja\" \/>\n\t<meta name=\"twitter:data2\" content=\"1 minuta\" \/>\n<script type=\"application\/ld+json\" class=\"yoast-schema-graph\">{\"@context\":\"https:\/\/schema.org\",\"@graph\":[{\"@type\":\"WebPage\",\"@id\":\"https:\/\/likemetkovic.hr\/zupan-dobroslavic-i-direktor-hrvatskih-voda-durokovic-razgovarali-o-izvoristu-doljani\/\",\"url\":\"https:\/\/likemetkovic.hr\/zupan-dobroslavic-i-direktor-hrvatskih-voda-durokovic-razgovarali-o-izvoristu-doljani\/\",\"name\":\"\u017dupan Dobroslavi\u0107 i direktor Hrvatskih voda \u0110urokovi\u0107 razgovarali o izvori\u0161tu Doljani - likemetkovic.hr\",\"isPartOf\":{\"@id\":\"https:\/\/likemetkovic.hr\/#website\"},\"primaryImageOfPage\":{\"@id\":\"https:\/\/likemetkovic.hr\/zupan-dobroslavic-i-direktor-hrvatskih-voda-durokovic-razgovarali-o-izvoristu-doljani\/#primaryimage\"},\"image\":{\"@id\":\"https:\/\/likemetkovic.hr\/zupan-dobroslavic-i-direktor-hrvatskih-voda-durokovic-razgovarali-o-izvoristu-doljani\/#primaryimage\"},\"thumbnailUrl\":\"https:\/\/likemetkovic.hr\/portal\/wp-content\/uploads\/2018\/10\/\u017eupan-vode-izvori\u0161te-doljani.gif\",\"datePublished\":\"2018-10-24T08:03:23+00:00\",\"dateModified\":\"2018-10-24T08:04:56+00:00\",\"author\":{\"@id\":\"https:\/\/likemetkovic.hr\/#\/schema\/person\/a42711f3385a0e2be6f7e0443bfb28f0\"},\"breadcrumb\":{\"@id\":\"https:\/\/likemetkovic.hr\/zupan-dobroslavic-i-direktor-hrvatskih-voda-durokovic-razgovarali-o-izvoristu-doljani\/#breadcrumb\"},\"inLanguage\":\"hr\",\"potentialAction\":[{\"@type\":\"ReadAction\",\"target\":[\"https:\/\/likemetkovic.hr\/zupan-dobroslavic-i-direktor-hrvatskih-voda-durokovic-razgovarali-o-izvoristu-doljani\/\"]}]},{\"@type\":\"ImageObject\",\"inLanguage\":\"hr\",\"@id\":\"https:\/\/likemetkovic.hr\/zupan-dobroslavic-i-direktor-hrvatskih-voda-durokovic-razgovarali-o-izvoristu-doljani\/#primaryimage\",\"url\":\"https:\/\/likemetkovic.hr\/portal\/wp-content\/uploads\/2018\/10\/\u017eupan-vode-izvori\u0161te-doljani.gif\",\"contentUrl\":\"https:\/\/likemetkovic.hr\/portal\/wp-content\/uploads\/2018\/10\/\u017eupan-vode-izvori\u0161te-doljani.gif\",\"width\":800,\"height\":533},{\"@type\":\"BreadcrumbList\",\"@id\":\"https:\/\/likemetkovic.hr\/zupan-dobroslavic-i-direktor-hrvatskih-voda-durokovic-razgovarali-o-izvoristu-doljani\/#breadcrumb\",\"itemListElement\":[{\"@type\":\"ListItem\",\"position\":1,\"name\":\"Po\u010detna stranica\",\"item\":\"https:\/\/likemetkovic.hr\/portal\/\"},{\"@type\":\"ListItem\",\"position\":2,\"name\":\"\u017dupan Dobroslavi\u0107 i direktor Hrvatskih voda \u0110urokovi\u0107 razgovarali o izvori\u0161tu Doljani\"}]},{\"@type\":\"WebSite\",\"@id\":\"https:\/\/likemetkovic.hr\/#website\",\"url\":\"https:\/\/likemetkovic.hr\/\",\"name\":\"likemetkovic.hr\",\"description\":\"Misli pozitivno... \u010ditaj LIKE\",\"potentialAction\":[{\"@type\":\"SearchAction\",\"target\":{\"@type\":\"EntryPoint\",\"urlTemplate\":\"https:\/\/likemetkovic.hr\/?s={search_term_string}\"},\"query-input\":{\"@type\":\"PropertyValueSpecification\",\"valueRequired\":true,\"valueName\":\"search_term_string\"}}],\"inLanguage\":\"hr\"},{\"@type\":\"Person\",\"@id\":\"https:\/\/likemetkovic.hr\/#\/schema\/person\/a42711f3385a0e2be6f7e0443bfb28f0\",\"name\":\"LIKEmetkovic.hr\",\"sameAs\":[\"http:\/\/likemetkovic.hr\"],\"url\":\"https:\/\/likemetkovic.hr\/portal\/author\/likemetkovic-hr\/\"}]}<\/script>\n<!-- \/ Yoast SEO plugin. -->","yoast_head_json":{"title":"\u017dupan Dobroslavi\u0107 i direktor Hrvatskih voda \u0110urokovi\u0107 razgovarali o izvori\u0161tu Doljani - likemetkovic.hr","robots":{"index":"index","follow":"follow","max-snippet":"max-snippet:-1","max-image-preview":"max-image-preview:large","max-video-preview":"max-video-preview:-1"},"canonical":"https:\/\/likemetkovic.hr\/zupan-dobroslavic-i-direktor-hrvatskih-voda-durokovic-razgovarali-o-izvoristu-doljani\/","og_locale":"hr_HR","og_type":"article","og_title":"\u017dupan Dobroslavi\u0107 i direktor Hrvatskih voda \u0110urokovi\u0107 razgovarali o izvori\u0161tu Doljani - likemetkovic.hr","og_description":"\u017dupan Nikola Dobroslavi\u0107, zamjenica \u017daklina Marevi\u0107 i v.d. pro\u010delnici Miho Ba\u0107e i Ivo Klai\u0107 odr\u017eali se u ponedjeljak u Pala\u010di Ranjina sastanak s generalnim direktorom Hrvatskih voda Zoranom \u0110urokovi\u0107em i njegovim suradnicima, pi\u0161e Dubrova\u010di vijesnik. Hrvatske vode ula\u017eu golema sredstva u vodoopskrbu i odvodnju na podru\u010dju \u017eupanije, a posebno je bilo govora o projektima navodnjavanja [&hellip;]","og_url":"https:\/\/likemetkovic.hr\/zupan-dobroslavic-i-direktor-hrvatskih-voda-durokovic-razgovarali-o-izvoristu-doljani\/","og_site_name":"likemetkovic.hr","article_publisher":"https:\/\/www.facebook.com\/likemetkovic.hr\/","article_published_time":"2018-10-24T08:03:23+00:00","article_modified_time":"2018-10-24T08:04:56+00:00","og_image":[{"width":800,"height":533,"url":"https:\/\/likemetkovic.hr\/wp-content\/uploads\/2018\/10\/\u017eupan-vode-izvori\u0161te-doljani.gif","type":"image\/gif"}],"author":"LIKEmetkovic.hr","twitter_card":"summary_large_image","twitter_misc":{"Napisao\/la":"LIKEmetkovic.hr","Procijenjeno vrijeme \u010ditanja":"1 minuta"},"schema":{"@context":"https:\/\/schema.org","@graph":[{"@type":"WebPage","@id":"https:\/\/likemetkovic.hr\/zupan-dobroslavic-i-direktor-hrvatskih-voda-durokovic-razgovarali-o-izvoristu-doljani\/","url":"https:\/\/likemetkovic.hr\/zupan-dobroslavic-i-direktor-hrvatskih-voda-durokovic-razgovarali-o-izvoristu-doljani\/","name":"\u017dupan Dobroslavi\u0107 i direktor Hrvatskih voda \u0110urokovi\u0107 razgovarali o izvori\u0161tu Doljani - likemetkovic.hr","isPartOf":{"@id":"https:\/\/likemetkovic.hr\/#website"},"primaryImageOfPage":{"@id":"https:\/\/likemetkovic.hr\/zupan-dobroslavic-i-direktor-hrvatskih-voda-durokovic-razgovarali-o-izvoristu-doljani\/#primaryimage"},"image":{"@id":"https:\/\/likemetkovic.hr\/zupan-dobroslavic-i-direktor-hrvatskih-voda-durokovic-razgovarali-o-izvoristu-doljani\/#primaryimage"},"thumbnailUrl":"https:\/\/likemetkovic.hr\/portal\/wp-content\/uploads\/2018\/10\/\u017eupan-vode-izvori\u0161te-doljani.gif","datePublished":"2018-10-24T08:03:23+00:00","dateModified":"2018-10-24T08:04:56+00:00","author":{"@id":"https:\/\/likemetkovic.hr\/#\/schema\/person\/a42711f3385a0e2be6f7e0443bfb28f0"},"breadcrumb":{"@id":"https:\/\/likemetkovic.hr\/zupan-dobroslavic-i-direktor-hrvatskih-voda-durokovic-razgovarali-o-izvoristu-doljani\/#breadcrumb"},"inLanguage":"hr","potentialAction":[{"@type":"ReadAction","target":["https:\/\/likemetkovic.hr\/zupan-dobroslavic-i-direktor-hrvatskih-voda-durokovic-razgovarali-o-izvoristu-doljani\/"]}]},{"@type":"ImageObject","inLanguage":"hr","@id":"https:\/\/likemetkovic.hr\/zupan-dobroslavic-i-direktor-hrvatskih-voda-durokovic-razgovarali-o-izvoristu-doljani\/#primaryimage","url":"https:\/\/likemetkovic.hr\/portal\/wp-content\/uploads\/2018\/10\/\u017eupan-vode-izvori\u0161te-doljani.gif","contentUrl":"https:\/\/likemetkovic.hr\/portal\/wp-content\/uploads\/2018\/10\/\u017eupan-vode-izvori\u0161te-doljani.gif","width":800,"height":533},{"@type":"BreadcrumbList","@id":"https:\/\/likemetkovic.hr\/zupan-dobroslavic-i-direktor-hrvatskih-voda-durokovic-razgovarali-o-izvoristu-doljani\/#breadcrumb","itemListElement":[{"@type":"ListItem","position":1,"name":"Po\u010detna stranica","item":"https:\/\/likemetkovic.hr\/portal\/"},{"@type":"ListItem","position":2,"name":"\u017dupan Dobroslavi\u0107 i direktor Hrvatskih voda \u0110urokovi\u0107 razgovarali o izvori\u0161tu Doljani"}]},{"@type":"WebSite","@id":"https:\/\/likemetkovic.hr\/#website","url":"https:\/\/likemetkovic.hr\/","name":"likemetkovic.hr","description":"Misli pozitivno... \u010ditaj LIKE","potentialAction":[{"@type":"SearchAction","target":{"@type":"EntryPoint","urlTemplate":"https:\/\/likemetkovic.hr\/?s={search_term_string}"},"query-input":{"@type":"PropertyValueSpecification","valueRequired":true,"valueName":"search_term_string"}}],"inLanguage":"hr"},{"@type":"Person","@id":"https:\/\/likemetkovic.hr\/#\/schema\/person\/a42711f3385a0e2be6f7e0443bfb28f0","name":"LIKEmetkovic.hr","sameAs":["http:\/\/likemetkovic.hr"],"url":"https:\/\/likemetkovic.hr\/portal\/author\/likemetkovic-hr\/"}]}},"_links":{"self":[{"href":"https:\/\/likemetkovic.hr\/portal\/wp-json\/wp\/v2\/posts\/69578","targetHints":{"allow":["GET"]}}],"collection":[{"href":"https:\/\/likemetkovic.hr\/portal\/wp-json\/wp\/v2\/posts"}],"about":[{"href":"https:\/\/likemetkovic.hr\/portal\/wp-json\/wp\/v2\/types\/post"}],"author":[{"embeddable":true,"href":"https:\/\/likemetkovic.hr\/portal\/wp-json\/wp\/v2\/users\/7"}],"replies":[{"embeddable":true,"href":"https:\/\/likemetkovic.hr\/portal\/wp-json\/wp\/v2\/comments?post=69578"}],"version-history":[{"count":0,"href":"https:\/\/likemetkovic.hr\/portal\/wp-json\/wp\/v2\/posts\/69578\/revisions"}],"wp:featuredmedia":[{"embeddable":true,"href":"https:\/\/likemetkovic.hr\/portal\/wp-json\/wp\/v2\/media\/69579"}],"wp:attachment":[{"href":"https:\/\/likemetkovic.hr\/portal\/wp-json\/wp\/v2\/media?parent=69578"}],"wp:term":[{"taxonomy":"category","embeddable":true,"href":"https:\/\/likemetkovic.hr\/portal\/wp-json\/wp\/v2\/categories?post=69578"},{"taxonomy":"post_tag","embeddable":true,"href":"https:\/\/likemetkovic.hr\/portal\/wp-json\/wp\/v2\/tags?post=69578"}],"curies":[{"name":"wp","href":"https:\/\/api.w.org\/{rel}","templated":true}]}}