{"id":69622,"date":"2018-10-24T22:38:22","date_gmt":"2018-10-24T20:38:22","guid":{"rendered":"http:\/\/likemetkovic.hr\/?p=69622"},"modified":"2018-10-24T23:01:03","modified_gmt":"2018-10-24T21:01:03","slug":"studenticu-mariju-coric-iz-capljine-na-poljickoj-u-splitu-usmrtila-zaposlenica-hac-a","status":"publish","type":"post","link":"https:\/\/likemetkovic.hr\/portal\/studenticu-mariju-coric-iz-capljine-na-poljickoj-u-splitu-usmrtila-zaposlenica-hac-a\/","title":{"rendered":"Studenticu Mariju \u0106ori\u0107 (19) iz \u010capljine na Polji\u010dkoj u Splitu usmrtila zaposlenica HAC-a"},"content":{"rendered":"<p>Poznata je osoba koja je sino\u0107, to\u010dno u 19:23, u Splitu prouzro\u010dila te\u0161ku prometnu nesre\u0107u u kojoj je smrtno stradala 19-godi\u0161nja studentica <strong>Marija \u0106ori\u0107<\/strong> iz \u010capljine. Voza\u010dica crnog Audija A3 <b>Ivana Tena Gotovac Soldi\u0107 (38)<\/b>, koja se sumnji\u010di da je sino\u0107 pijana projurila preko raskri\u017eja na Polji\u010dkoj cesti kod KBC Split (Firule) u trenutku kada je bilo upaljeno crveno svjetlo i tako na pje\u0161a\u010dkom prijelazu usmrtila 19-godi\u0161nju studenticu, zaposlena je u Hrvatskim autocestama u Dugopolju, pi\u0161e <a href=\"http:\/\/dalmatinskiportal.hr\/vijesti\/studenticu-iz-capljine-na-poljickoj\/37094\" target=\"_blank\" rel=\"noopener\">Dalmatinski portal<\/a>.<\/p>\n<figure id=\"attachment_69629\" aria-describedby=\"caption-attachment-69629\" style=\"width: 249px\" class=\"wp-caption alignleft\"><img decoding=\"async\" class=\"wp-image-69629 size-full\" src=\"http:\/\/likemetkovic.hr\/wp-content\/uploads\/2018\/10\/marija-\u0107ori\u0107.jpg\" alt=\"\" width=\"249\" height=\"191\" srcset=\"https:\/\/likemetkovic.hr\/portal\/wp-content\/uploads\/2018\/10\/marija-\u0107ori\u0107.jpg 249w, https:\/\/likemetkovic.hr\/portal\/wp-content\/uploads\/2018\/10\/marija-\u0107ori\u0107-80x60.jpg 80w\" sizes=\"(max-width: 249px) 100vw, 249px\" \/><figcaption id=\"caption-attachment-69629\" class=\"wp-caption-text\">Marija \u0106ori\u0107 (19)<\/figcaption><\/figure>\n<p>Voza\u010dica je pobjegla s mjesta nesre\u0107e, no policija ju je prona\u0161la tijekom no\u0107i. Rano jutros doveli su je u bolnicu da joj izvade krv i testiraju na alkohol. Pokazalo se da je imala vi\u0161e od jednog promila. S obzirom na vremenski odmak u odnosu na nesre\u0107u, vje\u0161ta\u010denjem \u0107e se utvrditi kolika je bila koncentracija alkohola u vrijeme kada je oborila studenticu.<\/p>\n<p>Jutros je tvrdila da joj je automobil netko ukrao. Policija je morala \u010dekati da se otrijezni kako bi proveli kriminalisti\u010dko istra\u017eivanje. Sutra bi je trebali privesti na ispitivanje u Op\u0107insko dr\u017eavno odvjetni\u0161tvo u Splitu.<\/p>\n<p>Foto: Jo\u0161ko Pono\u0161\/SD<\/p>\n","protected":false},"excerpt":{"rendered":"<p>Poznata je osoba koja je sino\u0107, to\u010dno u 19:23, u Splitu prouzro\u010dila te\u0161ku prometnu nesre\u0107u u kojoj je smrtno stradala 19-godi\u0161nja studentica Marija \u0106ori\u0107 iz \u010capljine. Voza\u010dica crnog Audija A3 Ivana Tena Gotovac Soldi\u0107 (38), koja se sumnji\u010di da je sino\u0107 pijana projurila preko raskri\u017eja na Polji\u010dkoj cesti kod KBC Split (Firule) u trenutku kada [&hellip;]<\/p>\n","protected":false},"author":7,"featured_media":69623,"comment_status":"open","ping_status":"open","sticky":false,"template":"","format":"standard","meta":{"footnotes":""},"categories":[296,305],"tags":[3945,3944,935],"class_list":{"0":"post-69622","1":"post","2":"type-post","3":"status-publish","4":"format-standard","5":"has-post-thumbnail","7":"category-ab","8":"category-crna-kronika","9":"tag-marija-coric","10":"tag-poljicka-cesta","11":"tag-split"},"yoast_head":"<!-- This site is optimized with the Yoast SEO plugin v25.2 - https:\/\/yoast.com\/wordpress\/plugins\/seo\/ -->\n<title>Studenticu Mariju \u0106ori\u0107 (19) iz \u010capljine na Polji\u010dkoj u Splitu usmrtila zaposlenica HAC-a - likemetkovic.hr<\/title>\n<meta name=\"robots\" content=\"index, follow, max-snippet:-1, max-image-preview:large, max-video-preview:-1\" \/>\n<link rel=\"canonical\" href=\"https:\/\/likemetkovic.hr\/studenticu-mariju-coric-iz-capljine-na-poljickoj-u-splitu-usmrtila-zaposlenica-hac-a\/\" \/>\n<meta property=\"og:locale\" content=\"hr_HR\" \/>\n<meta property=\"og:type\" content=\"article\" \/>\n<meta property=\"og:title\" content=\"Studenticu Mariju \u0106ori\u0107 (19) iz \u010capljine na Polji\u010dkoj u Splitu usmrtila zaposlenica HAC-a - likemetkovic.hr\" \/>\n<meta property=\"og:description\" content=\"Poznata je osoba koja je sino\u0107, to\u010dno u 19:23, u Splitu prouzro\u010dila te\u0161ku prometnu nesre\u0107u u kojoj je smrtno stradala 19-godi\u0161nja studentica Marija \u0106ori\u0107 iz \u010capljine. Voza\u010dica crnog Audija A3 Ivana Tena Gotovac Soldi\u0107 (38), koja se sumnji\u010di da je sino\u0107 pijana projurila preko raskri\u017eja na Polji\u010dkoj cesti kod KBC Split (Firule) u trenutku kada [&hellip;]\" \/>\n<meta property=\"og:url\" content=\"https:\/\/likemetkovic.hr\/studenticu-mariju-coric-iz-capljine-na-poljickoj-u-splitu-usmrtila-zaposlenica-hac-a\/\" \/>\n<meta property=\"og:site_name\" content=\"likemetkovic.hr\" \/>\n<meta property=\"article:publisher\" content=\"https:\/\/www.facebook.com\/likemetkovic.hr\/\" \/>\n<meta property=\"article:published_time\" content=\"2018-10-24T20:38:22+00:00\" \/>\n<meta property=\"article:modified_time\" content=\"2018-10-24T21:01:03+00:00\" \/>\n<meta property=\"og:image\" content=\"https:\/\/likemetkovic.hr\/wp-content\/uploads\/2018\/10\/firule-polji\u010dka.jpg\" \/>\n\t<meta property=\"og:image:width\" content=\"780\" \/>\n\t<meta property=\"og:image:height\" content=\"446\" \/>\n\t<meta property=\"og:image:type\" content=\"image\/jpeg\" \/>\n<meta name=\"author\" content=\"LIKEmetkovic.hr\" \/>\n<meta name=\"twitter:card\" content=\"summary_large_image\" \/>\n<meta name=\"twitter:label1\" content=\"Napisao\/la\" \/>\n\t<meta name=\"twitter:data1\" content=\"LIKEmetkovic.hr\" \/>\n\t<meta name=\"twitter:label2\" content=\"Procijenjeno vrijeme \u010ditanja\" \/>\n\t<meta name=\"twitter:data2\" content=\"1 minuta\" \/>\n<script type=\"application\/ld+json\" class=\"yoast-schema-graph\">{\"@context\":\"https:\/\/schema.org\",\"@graph\":[{\"@type\":\"WebPage\",\"@id\":\"https:\/\/likemetkovic.hr\/studenticu-mariju-coric-iz-capljine-na-poljickoj-u-splitu-usmrtila-zaposlenica-hac-a\/\",\"url\":\"https:\/\/likemetkovic.hr\/studenticu-mariju-coric-iz-capljine-na-poljickoj-u-splitu-usmrtila-zaposlenica-hac-a\/\",\"name\":\"Studenticu Mariju \u0106ori\u0107 (19) iz \u010capljine na Polji\u010dkoj u Splitu usmrtila zaposlenica HAC-a - likemetkovic.hr\",\"isPartOf\":{\"@id\":\"https:\/\/likemetkovic.hr\/#website\"},\"primaryImageOfPage\":{\"@id\":\"https:\/\/likemetkovic.hr\/studenticu-mariju-coric-iz-capljine-na-poljickoj-u-splitu-usmrtila-zaposlenica-hac-a\/#primaryimage\"},\"image\":{\"@id\":\"https:\/\/likemetkovic.hr\/studenticu-mariju-coric-iz-capljine-na-poljickoj-u-splitu-usmrtila-zaposlenica-hac-a\/#primaryimage\"},\"thumbnailUrl\":\"https:\/\/likemetkovic.hr\/portal\/wp-content\/uploads\/2018\/10\/firule-polji\u010dka.jpg\",\"datePublished\":\"2018-10-24T20:38:22+00:00\",\"dateModified\":\"2018-10-24T21:01:03+00:00\",\"author\":{\"@id\":\"https:\/\/likemetkovic.hr\/#\/schema\/person\/a42711f3385a0e2be6f7e0443bfb28f0\"},\"breadcrumb\":{\"@id\":\"https:\/\/likemetkovic.hr\/studenticu-mariju-coric-iz-capljine-na-poljickoj-u-splitu-usmrtila-zaposlenica-hac-a\/#breadcrumb\"},\"inLanguage\":\"hr\",\"potentialAction\":[{\"@type\":\"ReadAction\",\"target\":[\"https:\/\/likemetkovic.hr\/studenticu-mariju-coric-iz-capljine-na-poljickoj-u-splitu-usmrtila-zaposlenica-hac-a\/\"]}]},{\"@type\":\"ImageObject\",\"inLanguage\":\"hr\",\"@id\":\"https:\/\/likemetkovic.hr\/studenticu-mariju-coric-iz-capljine-na-poljickoj-u-splitu-usmrtila-zaposlenica-hac-a\/#primaryimage\",\"url\":\"https:\/\/likemetkovic.hr\/portal\/wp-content\/uploads\/2018\/10\/firule-polji\u010dka.jpg\",\"contentUrl\":\"https:\/\/likemetkovic.hr\/portal\/wp-content\/uploads\/2018\/10\/firule-polji\u010dka.jpg\",\"width\":780,\"height\":446},{\"@type\":\"BreadcrumbList\",\"@id\":\"https:\/\/likemetkovic.hr\/studenticu-mariju-coric-iz-capljine-na-poljickoj-u-splitu-usmrtila-zaposlenica-hac-a\/#breadcrumb\",\"itemListElement\":[{\"@type\":\"ListItem\",\"position\":1,\"name\":\"Po\u010detna stranica\",\"item\":\"https:\/\/likemetkovic.hr\/portal\/\"},{\"@type\":\"ListItem\",\"position\":2,\"name\":\"Studenticu Mariju \u0106ori\u0107 (19) iz \u010capljine na Polji\u010dkoj u Splitu usmrtila zaposlenica HAC-a\"}]},{\"@type\":\"WebSite\",\"@id\":\"https:\/\/likemetkovic.hr\/#website\",\"url\":\"https:\/\/likemetkovic.hr\/\",\"name\":\"likemetkovic.hr\",\"description\":\"Misli pozitivno... \u010ditaj LIKE\",\"potentialAction\":[{\"@type\":\"SearchAction\",\"target\":{\"@type\":\"EntryPoint\",\"urlTemplate\":\"https:\/\/likemetkovic.hr\/?s={search_term_string}\"},\"query-input\":{\"@type\":\"PropertyValueSpecification\",\"valueRequired\":true,\"valueName\":\"search_term_string\"}}],\"inLanguage\":\"hr\"},{\"@type\":\"Person\",\"@id\":\"https:\/\/likemetkovic.hr\/#\/schema\/person\/a42711f3385a0e2be6f7e0443bfb28f0\",\"name\":\"LIKEmetkovic.hr\",\"sameAs\":[\"http:\/\/likemetkovic.hr\"],\"url\":\"https:\/\/likemetkovic.hr\/portal\/author\/likemetkovic-hr\/\"}]}<\/script>\n<!-- \/ Yoast SEO plugin. -->","yoast_head_json":{"title":"Studenticu Mariju \u0106ori\u0107 (19) iz \u010capljine na Polji\u010dkoj u Splitu usmrtila zaposlenica HAC-a - likemetkovic.hr","robots":{"index":"index","follow":"follow","max-snippet":"max-snippet:-1","max-image-preview":"max-image-preview:large","max-video-preview":"max-video-preview:-1"},"canonical":"https:\/\/likemetkovic.hr\/studenticu-mariju-coric-iz-capljine-na-poljickoj-u-splitu-usmrtila-zaposlenica-hac-a\/","og_locale":"hr_HR","og_type":"article","og_title":"Studenticu Mariju \u0106ori\u0107 (19) iz \u010capljine na Polji\u010dkoj u Splitu usmrtila zaposlenica HAC-a - likemetkovic.hr","og_description":"Poznata je osoba koja je sino\u0107, to\u010dno u 19:23, u Splitu prouzro\u010dila te\u0161ku prometnu nesre\u0107u u kojoj je smrtno stradala 19-godi\u0161nja studentica Marija \u0106ori\u0107 iz \u010capljine. Voza\u010dica crnog Audija A3 Ivana Tena Gotovac Soldi\u0107 (38), koja se sumnji\u010di da je sino\u0107 pijana projurila preko raskri\u017eja na Polji\u010dkoj cesti kod KBC Split (Firule) u trenutku kada [&hellip;]","og_url":"https:\/\/likemetkovic.hr\/studenticu-mariju-coric-iz-capljine-na-poljickoj-u-splitu-usmrtila-zaposlenica-hac-a\/","og_site_name":"likemetkovic.hr","article_publisher":"https:\/\/www.facebook.com\/likemetkovic.hr\/","article_published_time":"2018-10-24T20:38:22+00:00","article_modified_time":"2018-10-24T21:01:03+00:00","og_image":[{"width":780,"height":446,"url":"https:\/\/likemetkovic.hr\/wp-content\/uploads\/2018\/10\/firule-polji\u010dka.jpg","type":"image\/jpeg"}],"author":"LIKEmetkovic.hr","twitter_card":"summary_large_image","twitter_misc":{"Napisao\/la":"LIKEmetkovic.hr","Procijenjeno vrijeme \u010ditanja":"1 minuta"},"schema":{"@context":"https:\/\/schema.org","@graph":[{"@type":"WebPage","@id":"https:\/\/likemetkovic.hr\/studenticu-mariju-coric-iz-capljine-na-poljickoj-u-splitu-usmrtila-zaposlenica-hac-a\/","url":"https:\/\/likemetkovic.hr\/studenticu-mariju-coric-iz-capljine-na-poljickoj-u-splitu-usmrtila-zaposlenica-hac-a\/","name":"Studenticu Mariju \u0106ori\u0107 (19) iz \u010capljine na Polji\u010dkoj u Splitu usmrtila zaposlenica HAC-a - likemetkovic.hr","isPartOf":{"@id":"https:\/\/likemetkovic.hr\/#website"},"primaryImageOfPage":{"@id":"https:\/\/likemetkovic.hr\/studenticu-mariju-coric-iz-capljine-na-poljickoj-u-splitu-usmrtila-zaposlenica-hac-a\/#primaryimage"},"image":{"@id":"https:\/\/likemetkovic.hr\/studenticu-mariju-coric-iz-capljine-na-poljickoj-u-splitu-usmrtila-zaposlenica-hac-a\/#primaryimage"},"thumbnailUrl":"https:\/\/likemetkovic.hr\/portal\/wp-content\/uploads\/2018\/10\/firule-polji\u010dka.jpg","datePublished":"2018-10-24T20:38:22+00:00","dateModified":"2018-10-24T21:01:03+00:00","author":{"@id":"https:\/\/likemetkovic.hr\/#\/schema\/person\/a42711f3385a0e2be6f7e0443bfb28f0"},"breadcrumb":{"@id":"https:\/\/likemetkovic.hr\/studenticu-mariju-coric-iz-capljine-na-poljickoj-u-splitu-usmrtila-zaposlenica-hac-a\/#breadcrumb"},"inLanguage":"hr","potentialAction":[{"@type":"ReadAction","target":["https:\/\/likemetkovic.hr\/studenticu-mariju-coric-iz-capljine-na-poljickoj-u-splitu-usmrtila-zaposlenica-hac-a\/"]}]},{"@type":"ImageObject","inLanguage":"hr","@id":"https:\/\/likemetkovic.hr\/studenticu-mariju-coric-iz-capljine-na-poljickoj-u-splitu-usmrtila-zaposlenica-hac-a\/#primaryimage","url":"https:\/\/likemetkovic.hr\/portal\/wp-content\/uploads\/2018\/10\/firule-polji\u010dka.jpg","contentUrl":"https:\/\/likemetkovic.hr\/portal\/wp-content\/uploads\/2018\/10\/firule-polji\u010dka.jpg","width":780,"height":446},{"@type":"BreadcrumbList","@id":"https:\/\/likemetkovic.hr\/studenticu-mariju-coric-iz-capljine-na-poljickoj-u-splitu-usmrtila-zaposlenica-hac-a\/#breadcrumb","itemListElement":[{"@type":"ListItem","position":1,"name":"Po\u010detna stranica","item":"https:\/\/likemetkovic.hr\/portal\/"},{"@type":"ListItem","position":2,"name":"Studenticu Mariju \u0106ori\u0107 (19) iz \u010capljine na Polji\u010dkoj u Splitu usmrtila zaposlenica HAC-a"}]},{"@type":"WebSite","@id":"https:\/\/likemetkovic.hr\/#website","url":"https:\/\/likemetkovic.hr\/","name":"likemetkovic.hr","description":"Misli pozitivno... \u010ditaj LIKE","potentialAction":[{"@type":"SearchAction","target":{"@type":"EntryPoint","urlTemplate":"https:\/\/likemetkovic.hr\/?s={search_term_string}"},"query-input":{"@type":"PropertyValueSpecification","valueRequired":true,"valueName":"search_term_string"}}],"inLanguage":"hr"},{"@type":"Person","@id":"https:\/\/likemetkovic.hr\/#\/schema\/person\/a42711f3385a0e2be6f7e0443bfb28f0","name":"LIKEmetkovic.hr","sameAs":["http:\/\/likemetkovic.hr"],"url":"https:\/\/likemetkovic.hr\/portal\/author\/likemetkovic-hr\/"}]}},"_links":{"self":[{"href":"https:\/\/likemetkovic.hr\/portal\/wp-json\/wp\/v2\/posts\/69622","targetHints":{"allow":["GET"]}}],"collection":[{"href":"https:\/\/likemetkovic.hr\/portal\/wp-json\/wp\/v2\/posts"}],"about":[{"href":"https:\/\/likemetkovic.hr\/portal\/wp-json\/wp\/v2\/types\/post"}],"author":[{"embeddable":true,"href":"https:\/\/likemetkovic.hr\/portal\/wp-json\/wp\/v2\/users\/7"}],"replies":[{"embeddable":true,"href":"https:\/\/likemetkovic.hr\/portal\/wp-json\/wp\/v2\/comments?post=69622"}],"version-history":[{"count":0,"href":"https:\/\/likemetkovic.hr\/portal\/wp-json\/wp\/v2\/posts\/69622\/revisions"}],"wp:featuredmedia":[{"embeddable":true,"href":"https:\/\/likemetkovic.hr\/portal\/wp-json\/wp\/v2\/media\/69623"}],"wp:attachment":[{"href":"https:\/\/likemetkovic.hr\/portal\/wp-json\/wp\/v2\/media?parent=69622"}],"wp:term":[{"taxonomy":"category","embeddable":true,"href":"https:\/\/likemetkovic.hr\/portal\/wp-json\/wp\/v2\/categories?post=69622"},{"taxonomy":"post_tag","embeddable":true,"href":"https:\/\/likemetkovic.hr\/portal\/wp-json\/wp\/v2\/tags?post=69622"}],"curies":[{"name":"wp","href":"https:\/\/api.w.org\/{rel}","templated":true}]}}