{"id":69640,"date":"2018-10-25T14:21:06","date_gmt":"2018-10-25T12:21:06","guid":{"rendered":"http:\/\/likemetkovic.hr\/?p=69640"},"modified":"2018-10-25T14:45:16","modified_gmt":"2018-10-25T12:45:16","slug":"zapoceli-radovi-na-rekonstrukciji-dijela-trga-kralja-tomislava-i-ulice-hrvatskih-iseljenika","status":"publish","type":"post","link":"https:\/\/likemetkovic.hr\/portal\/zapoceli-radovi-na-rekonstrukciji-dijela-trga-kralja-tomislava-i-ulice-hrvatskih-iseljenika\/","title":{"rendered":"Zapo\u010deli radovi na rekonstrukciji Trga kralja Tomislava i Ulice hrvatskih iseljenika"},"content":{"rendered":"<p>Danas su zapo\u010deli radovi na rekonstrukciji sjeveroisto\u010dnog dijela Trga Kralja Tomislava (ispred Hotela Narona) i Ulice hrvatskih iseljenika.<\/p>\n<p>Na ovom dijelu Trga \u0107e se, osim obnove kolnika koji \u0107e imati \u0161irinu za dvije trake, izmijeniti postoji zidi\u0107 prema Parku do kojega \u0107e biti \u0161etnica, zelena povr\u0161ina, gradska rasvjeta i okomita parkirna mjesta dok \u0107e na suprotnoj biti vodoravna.<\/p>\n<p>Rekonstrukcija kolnika \u0107e biti i u cijeloj du\u017eini Ulice hrvatskih iseljenika od \u0160etali\u0161ta 116. brigade do spomenika poginulim hrvatskim braniteljima koji \u0107e se vjerojatno izmjestiti.<\/p>\n<p>Vrijednost radova je oko 1,8 milijuna kuna a financiraju se sredstvima Ministarstva regionalnog razvoja, Ministarstva graditeljstva i Grada Metkovi\u0107a.\u00a0Izvo\u0111a\u010d radova je <em>Asfalt-in\u017eenjering d.o.o.<\/em>, predvi\u0111eno je da radovi budu zavr\u0161eni za mjesec i pol dana.<\/p>\n\r\n                <style type=\"text\/css\">\r\n                    \r\n                    #tdi_1  .td-doubleSlider-2 .td-item1 {\r\n                        background: url(https:\/\/likemetkovic.hr\/portal\/wp-content\/uploads\/2018\/10\/trg-kralja-tomislava-2-80x60.jpg) 0 0 no-repeat;\r\n                    }\r\n                    #tdi_1  .td-doubleSlider-2 .td-item2 {\r\n                        background: url(https:\/\/likemetkovic.hr\/portal\/wp-content\/uploads\/2018\/10\/trg-kralja-tomislava-4-80x60.jpg) 0 0 no-repeat;\r\n                    }\r\n                    #tdi_1  .td-doubleSlider-2 .td-item3 {\r\n                        background: url(https:\/\/likemetkovic.hr\/portal\/wp-content\/uploads\/2018\/10\/ulica-hrvatskih-iseljenika-2-80x60.jpg) 0 0 no-repeat;\r\n                    }\r\n                    #tdi_1  .td-doubleSlider-2 .td-item4 {\r\n                        background: url(https:\/\/likemetkovic.hr\/portal\/wp-content\/uploads\/2018\/10\/ulica-hrvatskih-iseljenika-4-80x60.jpg) 0 0 no-repeat;\r\n                    }\r\n                <\/style>\r\n\r\n                <div id=\"tdi_1\" class=\"td-gallery td-slide-on-2-columns\">\r\n                    <div class=\"post_td_gallery\">\r\n                        <div class=\"td-gallery-slide-top\">\r\n                           <div class=\"td-gallery-title\"><\/div>\r\n\r\n                            <div class=\"td-gallery-controls-wrapper\">\r\n                                <div class=\"td-gallery-slide-count\"><span class=\"td-gallery-slide-item-focus\">1<\/span> of 4<\/div>\r\n                                <div class=\"td-gallery-slide-prev-next-but\">\r\n                                    <i class = \"td-icon-left doubleSliderPrevButton\"><\/i>\r\n                                    <i class = \"td-icon-right doubleSliderNextButton\"><\/i>\r\n                                <\/div>\r\n                            <\/div>\r\n                        <\/div>\r\n\r\n                        <div class = \"td-doubleSlider-1 \">\r\n                            <div class = \"td-slider\">\r\n                                \r\n                    <div class = \"td-slide-item td-item1\">\r\n                        <figure class=\"td-slide-galery-figure td-slide-popup-gallery\">\r\n                            <a class=\"slide-gallery-image-link\" href=\"https:\/\/likemetkovic.hr\/portal\/wp-content\/uploads\/2018\/10\/trg-kralja-tomislava-2.jpg\" title=\"trg kralja tomislava (2)\"  data-caption=\"\"  data-description=\"\">\r\n                                <img decoding=\"async\" src=\"https:\/\/likemetkovic.hr\/portal\/wp-content\/uploads\/2018\/10\/trg-kralja-tomislava-2-629x420.jpg\" srcset=\"https:\/\/likemetkovic.hr\/portal\/wp-content\/uploads\/2018\/10\/trg-kralja-tomislava-2-629x420.jpg 629w, https:\/\/likemetkovic.hr\/portal\/wp-content\/uploads\/2018\/10\/trg-kralja-tomislava-2.jpg 800w, https:\/\/likemetkovic.hr\/portal\/wp-content\/uploads\/2018\/10\/trg-kralja-tomislava-2-768x513.jpg 768w, https:\/\/likemetkovic.hr\/portal\/wp-content\/uploads\/2018\/10\/trg-kralja-tomislava-2-696x465.jpg 696w, https:\/\/likemetkovic.hr\/portal\/wp-content\/uploads\/2018\/10\/trg-kralja-tomislava-2-560x374.jpg 560w\" sizes=\"(max-width: 629px) 100vw, 629px\" alt=\"\">\r\n                            <\/a>\r\n                            \r\n                        <\/figure>\r\n                    <\/div>\r\n                    <div class = \"td-slide-item td-item2\">\r\n                        <figure class=\"td-slide-galery-figure td-slide-popup-gallery\">\r\n                            <a class=\"slide-gallery-image-link\" href=\"https:\/\/likemetkovic.hr\/portal\/wp-content\/uploads\/2018\/10\/trg-kralja-tomislava-4.jpg\" title=\"trg kralja tomislava (4)\"  data-caption=\"\"  data-description=\"\">\r\n                                <img decoding=\"async\" src=\"https:\/\/likemetkovic.hr\/portal\/wp-content\/uploads\/2018\/10\/trg-kralja-tomislava-4-629x420.jpg\" srcset=\"https:\/\/likemetkovic.hr\/portal\/wp-content\/uploads\/2018\/10\/trg-kralja-tomislava-4-629x420.jpg 629w, https:\/\/likemetkovic.hr\/portal\/wp-content\/uploads\/2018\/10\/trg-kralja-tomislava-4.jpg 800w, https:\/\/likemetkovic.hr\/portal\/wp-content\/uploads\/2018\/10\/trg-kralja-tomislava-4-768x513.jpg 768w, https:\/\/likemetkovic.hr\/portal\/wp-content\/uploads\/2018\/10\/trg-kralja-tomislava-4-696x465.jpg 696w, https:\/\/likemetkovic.hr\/portal\/wp-content\/uploads\/2018\/10\/trg-kralja-tomislava-4-560x374.jpg 560w\" sizes=\"(max-width: 629px) 100vw, 629px\" alt=\"\">\r\n                            <\/a>\r\n                            \r\n                        <\/figure>\r\n                    <\/div>\r\n                    <div class = \"td-slide-item td-item3\">\r\n                        <figure class=\"td-slide-galery-figure td-slide-popup-gallery\">\r\n                            <a class=\"slide-gallery-image-link\" href=\"https:\/\/likemetkovic.hr\/portal\/wp-content\/uploads\/2018\/10\/ulica-hrvatskih-iseljenika-2.jpg\" title=\"ulica hrvatskih iseljenika (2)\"  data-caption=\"\"  data-description=\"\">\r\n                                <img decoding=\"async\" src=\"https:\/\/likemetkovic.hr\/portal\/wp-content\/uploads\/2018\/10\/ulica-hrvatskih-iseljenika-2-629x420.jpg\" srcset=\"https:\/\/likemetkovic.hr\/portal\/wp-content\/uploads\/2018\/10\/ulica-hrvatskih-iseljenika-2-629x420.jpg 629w, https:\/\/likemetkovic.hr\/portal\/wp-content\/uploads\/2018\/10\/ulica-hrvatskih-iseljenika-2.jpg 800w, https:\/\/likemetkovic.hr\/portal\/wp-content\/uploads\/2018\/10\/ulica-hrvatskih-iseljenika-2-768x513.jpg 768w, https:\/\/likemetkovic.hr\/portal\/wp-content\/uploads\/2018\/10\/ulica-hrvatskih-iseljenika-2-696x465.jpg 696w, https:\/\/likemetkovic.hr\/portal\/wp-content\/uploads\/2018\/10\/ulica-hrvatskih-iseljenika-2-560x374.jpg 560w\" sizes=\"(max-width: 629px) 100vw, 629px\" alt=\"\">\r\n                            <\/a>\r\n                            \r\n                        <\/figure>\r\n                    <\/div>\r\n                    <div class = \"td-slide-item td-item4\">\r\n                        <figure class=\"td-slide-galery-figure td-slide-popup-gallery\">\r\n                            <a class=\"slide-gallery-image-link\" href=\"https:\/\/likemetkovic.hr\/portal\/wp-content\/uploads\/2018\/10\/ulica-hrvatskih-iseljenika-4.jpg\" title=\"ulica hrvatskih iseljenika (4)\"  data-caption=\"\"  data-description=\"\">\r\n                                <img decoding=\"async\" src=\"https:\/\/likemetkovic.hr\/portal\/wp-content\/uploads\/2018\/10\/ulica-hrvatskih-iseljenika-4-629x420.jpg\" srcset=\"https:\/\/likemetkovic.hr\/portal\/wp-content\/uploads\/2018\/10\/ulica-hrvatskih-iseljenika-4-629x420.jpg 629w, https:\/\/likemetkovic.hr\/portal\/wp-content\/uploads\/2018\/10\/ulica-hrvatskih-iseljenika-4.jpg 800w, https:\/\/likemetkovic.hr\/portal\/wp-content\/uploads\/2018\/10\/ulica-hrvatskih-iseljenika-4-768x513.jpg 768w, https:\/\/likemetkovic.hr\/portal\/wp-content\/uploads\/2018\/10\/ulica-hrvatskih-iseljenika-4-696x465.jpg 696w, https:\/\/likemetkovic.hr\/portal\/wp-content\/uploads\/2018\/10\/ulica-hrvatskih-iseljenika-4-560x374.jpg 560w\" sizes=\"(max-width: 629px) 100vw, 629px\" alt=\"\">\r\n                            <\/a>\r\n                            \r\n                        <\/figure>\r\n                    <\/div>\r\n                            <\/div>\r\n                        <\/div>\r\n\r\n                        <div class = \"td-doubleSlider-2\">\r\n                            <div class = \"td-slider\">\r\n                                \r\n                    <div class = \"td-button td-item1\">\r\n                        <div class = \"td-border\"><\/div>\r\n                    <\/div>\r\n                    <div class = \"td-button td-item2\">\r\n                        <div class = \"td-border\"><\/div>\r\n                    <\/div>\r\n                    <div class = \"td-button td-item3\">\r\n                        <div class = \"td-border\"><\/div>\r\n                    <\/div>\r\n                    <div class = \"td-button td-item4\">\r\n                        <div class = \"td-border\"><\/div>\r\n                    <\/div>\r\n                            <\/div>\r\n                        <\/div>\r\n\r\n                    <\/div>\r\n\r\n                <\/div>\r\n                \n","protected":false},"excerpt":{"rendered":"<p>Danas su zapo\u010deli radovi na rekonstrukciji sjeveroisto\u010dnog dijela Trga Kralja Tomislava (ispred Hotela Narona) i Ulice hrvatskih iseljenika. Na ovom dijelu Trga \u0107e se, osim obnove kolnika koji \u0107e imati \u0161irinu za dvije trake, izmijeniti postoji zidi\u0107 prema Parku do kojega \u0107e biti \u0161etnica, zelena povr\u0161ina, gradska rasvjeta i okomita parkirna mjesta dok \u0107e na [&hellip;]<\/p>\n","protected":false},"author":7,"featured_media":69645,"comment_status":"open","ping_status":"open","sticky":false,"template":"","format":"standard","meta":{"footnotes":""},"categories":[283,11],"tags":[340,3947,3948],"class_list":{"0":"post-69640","1":"post","2":"type-post","3":"status-publish","4":"format-standard","5":"has-post-thumbnail","7":"category-a","8":"category-metkovic-dolina","9":"tag-grad-metkovic","10":"tag-trg-kralja-tomislava","11":"tag-ulica-hrvatskih-iseljenika"},"yoast_head":"<!-- This site is optimized with the Yoast SEO plugin v25.2 - https:\/\/yoast.com\/wordpress\/plugins\/seo\/ -->\n<title>Zapo\u010deli radovi na rekonstrukciji Trga kralja Tomislava i Ulice hrvatskih iseljenika - likemetkovic.hr<\/title>\n<meta name=\"robots\" content=\"index, follow, max-snippet:-1, max-image-preview:large, max-video-preview:-1\" \/>\n<link rel=\"canonical\" href=\"https:\/\/likemetkovic.hr\/zapoceli-radovi-na-rekonstrukciji-dijela-trga-kralja-tomislava-i-ulice-hrvatskih-iseljenika\/\" \/>\n<meta property=\"og:locale\" content=\"hr_HR\" \/>\n<meta property=\"og:type\" content=\"article\" \/>\n<meta property=\"og:title\" content=\"Zapo\u010deli radovi na rekonstrukciji Trga kralja Tomislava i Ulice hrvatskih iseljenika - likemetkovic.hr\" \/>\n<meta property=\"og:description\" content=\"Danas su zapo\u010deli radovi na rekonstrukciji sjeveroisto\u010dnog dijela Trga Kralja Tomislava (ispred Hotela Narona) i Ulice hrvatskih iseljenika. Na ovom dijelu Trga \u0107e se, osim obnove kolnika koji \u0107e imati \u0161irinu za dvije trake, izmijeniti postoji zidi\u0107 prema Parku do kojega \u0107e biti \u0161etnica, zelena povr\u0161ina, gradska rasvjeta i okomita parkirna mjesta dok \u0107e na [&hellip;]\" \/>\n<meta property=\"og:url\" content=\"https:\/\/likemetkovic.hr\/zapoceli-radovi-na-rekonstrukciji-dijela-trga-kralja-tomislava-i-ulice-hrvatskih-iseljenika\/\" \/>\n<meta property=\"og:site_name\" content=\"likemetkovic.hr\" \/>\n<meta property=\"article:publisher\" content=\"https:\/\/www.facebook.com\/likemetkovic.hr\/\" \/>\n<meta property=\"article:published_time\" content=\"2018-10-25T12:21:06+00:00\" \/>\n<meta property=\"article:modified_time\" content=\"2018-10-25T12:45:16+00:00\" \/>\n<meta property=\"og:image\" content=\"https:\/\/likemetkovic.hr\/wp-content\/uploads\/2018\/10\/trg-kralja-tomislava-3.jpg\" \/>\n\t<meta property=\"og:image:width\" content=\"800\" \/>\n\t<meta property=\"og:image:height\" content=\"534\" \/>\n\t<meta property=\"og:image:type\" content=\"image\/jpeg\" \/>\n<meta name=\"author\" content=\"LIKEmetkovic.hr\" \/>\n<meta name=\"twitter:card\" content=\"summary_large_image\" \/>\n<meta name=\"twitter:label1\" content=\"Napisao\/la\" \/>\n\t<meta name=\"twitter:data1\" content=\"LIKEmetkovic.hr\" \/>\n\t<meta name=\"twitter:label2\" content=\"Procijenjeno vrijeme \u010ditanja\" \/>\n\t<meta name=\"twitter:data2\" content=\"1 minuta\" \/>\n<script type=\"application\/ld+json\" class=\"yoast-schema-graph\">{\"@context\":\"https:\/\/schema.org\",\"@graph\":[{\"@type\":\"WebPage\",\"@id\":\"https:\/\/likemetkovic.hr\/zapoceli-radovi-na-rekonstrukciji-dijela-trga-kralja-tomislava-i-ulice-hrvatskih-iseljenika\/\",\"url\":\"https:\/\/likemetkovic.hr\/zapoceli-radovi-na-rekonstrukciji-dijela-trga-kralja-tomislava-i-ulice-hrvatskih-iseljenika\/\",\"name\":\"Zapo\u010deli radovi na rekonstrukciji Trga kralja Tomislava i Ulice hrvatskih iseljenika - likemetkovic.hr\",\"isPartOf\":{\"@id\":\"https:\/\/likemetkovic.hr\/#website\"},\"primaryImageOfPage\":{\"@id\":\"https:\/\/likemetkovic.hr\/zapoceli-radovi-na-rekonstrukciji-dijela-trga-kralja-tomislava-i-ulice-hrvatskih-iseljenika\/#primaryimage\"},\"image\":{\"@id\":\"https:\/\/likemetkovic.hr\/zapoceli-radovi-na-rekonstrukciji-dijela-trga-kralja-tomislava-i-ulice-hrvatskih-iseljenika\/#primaryimage\"},\"thumbnailUrl\":\"https:\/\/likemetkovic.hr\/portal\/wp-content\/uploads\/2018\/10\/trg-kralja-tomislava-3.jpg\",\"datePublished\":\"2018-10-25T12:21:06+00:00\",\"dateModified\":\"2018-10-25T12:45:16+00:00\",\"author\":{\"@id\":\"https:\/\/likemetkovic.hr\/#\/schema\/person\/a42711f3385a0e2be6f7e0443bfb28f0\"},\"breadcrumb\":{\"@id\":\"https:\/\/likemetkovic.hr\/zapoceli-radovi-na-rekonstrukciji-dijela-trga-kralja-tomislava-i-ulice-hrvatskih-iseljenika\/#breadcrumb\"},\"inLanguage\":\"hr\",\"potentialAction\":[{\"@type\":\"ReadAction\",\"target\":[\"https:\/\/likemetkovic.hr\/zapoceli-radovi-na-rekonstrukciji-dijela-trga-kralja-tomislava-i-ulice-hrvatskih-iseljenika\/\"]}]},{\"@type\":\"ImageObject\",\"inLanguage\":\"hr\",\"@id\":\"https:\/\/likemetkovic.hr\/zapoceli-radovi-na-rekonstrukciji-dijela-trga-kralja-tomislava-i-ulice-hrvatskih-iseljenika\/#primaryimage\",\"url\":\"https:\/\/likemetkovic.hr\/portal\/wp-content\/uploads\/2018\/10\/trg-kralja-tomislava-3.jpg\",\"contentUrl\":\"https:\/\/likemetkovic.hr\/portal\/wp-content\/uploads\/2018\/10\/trg-kralja-tomislava-3.jpg\",\"width\":800,\"height\":534},{\"@type\":\"BreadcrumbList\",\"@id\":\"https:\/\/likemetkovic.hr\/zapoceli-radovi-na-rekonstrukciji-dijela-trga-kralja-tomislava-i-ulice-hrvatskih-iseljenika\/#breadcrumb\",\"itemListElement\":[{\"@type\":\"ListItem\",\"position\":1,\"name\":\"Po\u010detna stranica\",\"item\":\"https:\/\/likemetkovic.hr\/portal\/\"},{\"@type\":\"ListItem\",\"position\":2,\"name\":\"Zapo\u010deli radovi na rekonstrukciji Trga kralja Tomislava i Ulice hrvatskih iseljenika\"}]},{\"@type\":\"WebSite\",\"@id\":\"https:\/\/likemetkovic.hr\/#website\",\"url\":\"https:\/\/likemetkovic.hr\/\",\"name\":\"likemetkovic.hr\",\"description\":\"Misli pozitivno... \u010ditaj LIKE\",\"potentialAction\":[{\"@type\":\"SearchAction\",\"target\":{\"@type\":\"EntryPoint\",\"urlTemplate\":\"https:\/\/likemetkovic.hr\/?s={search_term_string}\"},\"query-input\":{\"@type\":\"PropertyValueSpecification\",\"valueRequired\":true,\"valueName\":\"search_term_string\"}}],\"inLanguage\":\"hr\"},{\"@type\":\"Person\",\"@id\":\"https:\/\/likemetkovic.hr\/#\/schema\/person\/a42711f3385a0e2be6f7e0443bfb28f0\",\"name\":\"LIKEmetkovic.hr\",\"sameAs\":[\"http:\/\/likemetkovic.hr\"],\"url\":\"https:\/\/likemetkovic.hr\/portal\/author\/likemetkovic-hr\/\"}]}<\/script>\n<!-- \/ Yoast SEO plugin. -->","yoast_head_json":{"title":"Zapo\u010deli radovi na rekonstrukciji Trga kralja Tomislava i Ulice hrvatskih iseljenika - likemetkovic.hr","robots":{"index":"index","follow":"follow","max-snippet":"max-snippet:-1","max-image-preview":"max-image-preview:large","max-video-preview":"max-video-preview:-1"},"canonical":"https:\/\/likemetkovic.hr\/zapoceli-radovi-na-rekonstrukciji-dijela-trga-kralja-tomislava-i-ulice-hrvatskih-iseljenika\/","og_locale":"hr_HR","og_type":"article","og_title":"Zapo\u010deli radovi na rekonstrukciji Trga kralja Tomislava i Ulice hrvatskih iseljenika - likemetkovic.hr","og_description":"Danas su zapo\u010deli radovi na rekonstrukciji sjeveroisto\u010dnog dijela Trga Kralja Tomislava (ispred Hotela Narona) i Ulice hrvatskih iseljenika. Na ovom dijelu Trga \u0107e se, osim obnove kolnika koji \u0107e imati \u0161irinu za dvije trake, izmijeniti postoji zidi\u0107 prema Parku do kojega \u0107e biti \u0161etnica, zelena povr\u0161ina, gradska rasvjeta i okomita parkirna mjesta dok \u0107e na [&hellip;]","og_url":"https:\/\/likemetkovic.hr\/zapoceli-radovi-na-rekonstrukciji-dijela-trga-kralja-tomislava-i-ulice-hrvatskih-iseljenika\/","og_site_name":"likemetkovic.hr","article_publisher":"https:\/\/www.facebook.com\/likemetkovic.hr\/","article_published_time":"2018-10-25T12:21:06+00:00","article_modified_time":"2018-10-25T12:45:16+00:00","og_image":[{"width":800,"height":534,"url":"https:\/\/likemetkovic.hr\/wp-content\/uploads\/2018\/10\/trg-kralja-tomislava-3.jpg","type":"image\/jpeg"}],"author":"LIKEmetkovic.hr","twitter_card":"summary_large_image","twitter_misc":{"Napisao\/la":"LIKEmetkovic.hr","Procijenjeno vrijeme \u010ditanja":"1 minuta"},"schema":{"@context":"https:\/\/schema.org","@graph":[{"@type":"WebPage","@id":"https:\/\/likemetkovic.hr\/zapoceli-radovi-na-rekonstrukciji-dijela-trga-kralja-tomislava-i-ulice-hrvatskih-iseljenika\/","url":"https:\/\/likemetkovic.hr\/zapoceli-radovi-na-rekonstrukciji-dijela-trga-kralja-tomislava-i-ulice-hrvatskih-iseljenika\/","name":"Zapo\u010deli radovi na rekonstrukciji Trga kralja Tomislava i Ulice hrvatskih iseljenika - likemetkovic.hr","isPartOf":{"@id":"https:\/\/likemetkovic.hr\/#website"},"primaryImageOfPage":{"@id":"https:\/\/likemetkovic.hr\/zapoceli-radovi-na-rekonstrukciji-dijela-trga-kralja-tomislava-i-ulice-hrvatskih-iseljenika\/#primaryimage"},"image":{"@id":"https:\/\/likemetkovic.hr\/zapoceli-radovi-na-rekonstrukciji-dijela-trga-kralja-tomislava-i-ulice-hrvatskih-iseljenika\/#primaryimage"},"thumbnailUrl":"https:\/\/likemetkovic.hr\/portal\/wp-content\/uploads\/2018\/10\/trg-kralja-tomislava-3.jpg","datePublished":"2018-10-25T12:21:06+00:00","dateModified":"2018-10-25T12:45:16+00:00","author":{"@id":"https:\/\/likemetkovic.hr\/#\/schema\/person\/a42711f3385a0e2be6f7e0443bfb28f0"},"breadcrumb":{"@id":"https:\/\/likemetkovic.hr\/zapoceli-radovi-na-rekonstrukciji-dijela-trga-kralja-tomislava-i-ulice-hrvatskih-iseljenika\/#breadcrumb"},"inLanguage":"hr","potentialAction":[{"@type":"ReadAction","target":["https:\/\/likemetkovic.hr\/zapoceli-radovi-na-rekonstrukciji-dijela-trga-kralja-tomislava-i-ulice-hrvatskih-iseljenika\/"]}]},{"@type":"ImageObject","inLanguage":"hr","@id":"https:\/\/likemetkovic.hr\/zapoceli-radovi-na-rekonstrukciji-dijela-trga-kralja-tomislava-i-ulice-hrvatskih-iseljenika\/#primaryimage","url":"https:\/\/likemetkovic.hr\/portal\/wp-content\/uploads\/2018\/10\/trg-kralja-tomislava-3.jpg","contentUrl":"https:\/\/likemetkovic.hr\/portal\/wp-content\/uploads\/2018\/10\/trg-kralja-tomislava-3.jpg","width":800,"height":534},{"@type":"BreadcrumbList","@id":"https:\/\/likemetkovic.hr\/zapoceli-radovi-na-rekonstrukciji-dijela-trga-kralja-tomislava-i-ulice-hrvatskih-iseljenika\/#breadcrumb","itemListElement":[{"@type":"ListItem","position":1,"name":"Po\u010detna stranica","item":"https:\/\/likemetkovic.hr\/portal\/"},{"@type":"ListItem","position":2,"name":"Zapo\u010deli radovi na rekonstrukciji Trga kralja Tomislava i Ulice hrvatskih iseljenika"}]},{"@type":"WebSite","@id":"https:\/\/likemetkovic.hr\/#website","url":"https:\/\/likemetkovic.hr\/","name":"likemetkovic.hr","description":"Misli pozitivno... \u010ditaj LIKE","potentialAction":[{"@type":"SearchAction","target":{"@type":"EntryPoint","urlTemplate":"https:\/\/likemetkovic.hr\/?s={search_term_string}"},"query-input":{"@type":"PropertyValueSpecification","valueRequired":true,"valueName":"search_term_string"}}],"inLanguage":"hr"},{"@type":"Person","@id":"https:\/\/likemetkovic.hr\/#\/schema\/person\/a42711f3385a0e2be6f7e0443bfb28f0","name":"LIKEmetkovic.hr","sameAs":["http:\/\/likemetkovic.hr"],"url":"https:\/\/likemetkovic.hr\/portal\/author\/likemetkovic-hr\/"}]}},"_links":{"self":[{"href":"https:\/\/likemetkovic.hr\/portal\/wp-json\/wp\/v2\/posts\/69640","targetHints":{"allow":["GET"]}}],"collection":[{"href":"https:\/\/likemetkovic.hr\/portal\/wp-json\/wp\/v2\/posts"}],"about":[{"href":"https:\/\/likemetkovic.hr\/portal\/wp-json\/wp\/v2\/types\/post"}],"author":[{"embeddable":true,"href":"https:\/\/likemetkovic.hr\/portal\/wp-json\/wp\/v2\/users\/7"}],"replies":[{"embeddable":true,"href":"https:\/\/likemetkovic.hr\/portal\/wp-json\/wp\/v2\/comments?post=69640"}],"version-history":[{"count":0,"href":"https:\/\/likemetkovic.hr\/portal\/wp-json\/wp\/v2\/posts\/69640\/revisions"}],"wp:featuredmedia":[{"embeddable":true,"href":"https:\/\/likemetkovic.hr\/portal\/wp-json\/wp\/v2\/media\/69645"}],"wp:attachment":[{"href":"https:\/\/likemetkovic.hr\/portal\/wp-json\/wp\/v2\/media?parent=69640"}],"wp:term":[{"taxonomy":"category","embeddable":true,"href":"https:\/\/likemetkovic.hr\/portal\/wp-json\/wp\/v2\/categories?post=69640"},{"taxonomy":"post_tag","embeddable":true,"href":"https:\/\/likemetkovic.hr\/portal\/wp-json\/wp\/v2\/tags?post=69640"}],"curies":[{"name":"wp","href":"https:\/\/api.w.org\/{rel}","templated":true}]}}