{"id":69655,"date":"2018-10-25T14:53:57","date_gmt":"2018-10-25T12:53:57","guid":{"rendered":"http:\/\/likemetkovic.hr\/?p=69655"},"modified":"2018-10-25T14:53:57","modified_gmt":"2018-10-25T12:53:57","slug":"peljesac-pobrao-tude-grozde-pa-ga-odnio-na-preradu","status":"publish","type":"post","link":"https:\/\/likemetkovic.hr\/portal\/peljesac-pobrao-tude-grozde-pa-ga-odnio-na-preradu\/","title":{"rendered":"PELJE\u0160AC Pobrao tu\u0111e gro\u017e\u0111e pa ga odnio na preradu"},"content":{"rendered":"<p>Nakon \u0161to je Policijskoj postaji Ston krajem rujna ove godine 39-godi\u0161njak prijavio kra\u0111u 400 kg gro\u017e\u0111a sorte plavac mali iz svog vinograda u Kuni Pelje\u0161koj, provedeno je kriminalisti\u010dko istra\u017eivanje kojim je utvr\u0111ena sumnja da je gro\u017e\u0111e otu\u0111io 69-godi\u0161njak.<\/p>\n<p>Sumnji\u010di se da je u jutarnjim satima 24. rujna anga\u017eirao jo\u0161 dvoje ljudi s kojima je pobrao spomenuto gro\u017e\u0111e koje je potom dao u preradu kako bi od njega dobio vino.<br \/>\nZbog sumnje da je po\u010dinio kazneno djelo kra\u0111e, policija protiv osumnji\u010denog 69-godi\u0161njaka podnosi kaznenu prijavu u redovnoj zakonskoj proceduri.<\/p>\n","protected":false},"excerpt":{"rendered":"<p>Nakon \u0161to je Policijskoj postaji Ston krajem rujna ove godine 39-godi\u0161njak prijavio kra\u0111u 400 kg gro\u017e\u0111a sorte plavac mali iz svog vinograda u Kuni Pelje\u0161koj, provedeno je kriminalisti\u010dko istra\u017eivanje kojim je utvr\u0111ena sumnja da je gro\u017e\u0111e otu\u0111io 69-godi\u0161njak. Sumnji\u010di se da je u jutarnjim satima 24. rujna anga\u017eirao jo\u0161 dvoje ljudi s kojima je pobrao [&hellip;]<\/p>\n","protected":false},"author":7,"featured_media":69656,"comment_status":"open","ping_status":"open","sticky":false,"template":"","format":"standard","meta":{"footnotes":""},"categories":[296,305],"tags":[3949,528,3950],"class_list":{"0":"post-69655","1":"post","2":"type-post","3":"status-publish","4":"format-standard","5":"has-post-thumbnail","7":"category-ab","8":"category-crna-kronika","9":"tag-grozde","10":"tag-krada","11":"tag-kuna-peljeska"},"yoast_head":"<!-- This site is optimized with the Yoast SEO plugin v25.2 - https:\/\/yoast.com\/wordpress\/plugins\/seo\/ -->\n<title>PELJE\u0160AC Pobrao tu\u0111e gro\u017e\u0111e pa ga odnio na preradu - likemetkovic.hr<\/title>\n<meta name=\"robots\" content=\"index, follow, max-snippet:-1, max-image-preview:large, max-video-preview:-1\" \/>\n<link rel=\"canonical\" href=\"https:\/\/likemetkovic.hr\/peljesac-pobrao-tude-grozde-pa-ga-odnio-na-preradu\/\" \/>\n<meta property=\"og:locale\" content=\"hr_HR\" \/>\n<meta property=\"og:type\" content=\"article\" \/>\n<meta property=\"og:title\" content=\"PELJE\u0160AC Pobrao tu\u0111e gro\u017e\u0111e pa ga odnio na preradu - likemetkovic.hr\" \/>\n<meta property=\"og:description\" content=\"Nakon \u0161to je Policijskoj postaji Ston krajem rujna ove godine 39-godi\u0161njak prijavio kra\u0111u 400 kg gro\u017e\u0111a sorte plavac mali iz svog vinograda u Kuni Pelje\u0161koj, provedeno je kriminalisti\u010dko istra\u017eivanje kojim je utvr\u0111ena sumnja da je gro\u017e\u0111e otu\u0111io 69-godi\u0161njak. Sumnji\u010di se da je u jutarnjim satima 24. rujna anga\u017eirao jo\u0161 dvoje ljudi s kojima je pobrao [&hellip;]\" \/>\n<meta property=\"og:url\" content=\"https:\/\/likemetkovic.hr\/peljesac-pobrao-tude-grozde-pa-ga-odnio-na-preradu\/\" \/>\n<meta property=\"og:site_name\" content=\"likemetkovic.hr\" \/>\n<meta property=\"article:publisher\" content=\"https:\/\/www.facebook.com\/likemetkovic.hr\/\" \/>\n<meta property=\"article:published_time\" content=\"2018-10-25T12:53:57+00:00\" \/>\n<meta property=\"og:image\" content=\"https:\/\/likemetkovic.hr\/wp-content\/uploads\/2018\/10\/plavac-mali.jpg\" \/>\n\t<meta property=\"og:image:width\" content=\"700\" \/>\n\t<meta property=\"og:image:height\" content=\"465\" \/>\n\t<meta property=\"og:image:type\" content=\"image\/jpeg\" \/>\n<meta name=\"author\" content=\"LIKEmetkovic.hr\" \/>\n<meta name=\"twitter:card\" content=\"summary_large_image\" \/>\n<meta name=\"twitter:label1\" content=\"Napisao\/la\" \/>\n\t<meta name=\"twitter:data1\" content=\"LIKEmetkovic.hr\" \/>\n\t<meta name=\"twitter:label2\" content=\"Procijenjeno vrijeme \u010ditanja\" \/>\n\t<meta name=\"twitter:data2\" content=\"1 minuta\" \/>\n<script type=\"application\/ld+json\" class=\"yoast-schema-graph\">{\"@context\":\"https:\/\/schema.org\",\"@graph\":[{\"@type\":\"WebPage\",\"@id\":\"https:\/\/likemetkovic.hr\/peljesac-pobrao-tude-grozde-pa-ga-odnio-na-preradu\/\",\"url\":\"https:\/\/likemetkovic.hr\/peljesac-pobrao-tude-grozde-pa-ga-odnio-na-preradu\/\",\"name\":\"PELJE\u0160AC Pobrao tu\u0111e gro\u017e\u0111e pa ga odnio na preradu - likemetkovic.hr\",\"isPartOf\":{\"@id\":\"https:\/\/likemetkovic.hr\/#website\"},\"primaryImageOfPage\":{\"@id\":\"https:\/\/likemetkovic.hr\/peljesac-pobrao-tude-grozde-pa-ga-odnio-na-preradu\/#primaryimage\"},\"image\":{\"@id\":\"https:\/\/likemetkovic.hr\/peljesac-pobrao-tude-grozde-pa-ga-odnio-na-preradu\/#primaryimage\"},\"thumbnailUrl\":\"https:\/\/likemetkovic.hr\/portal\/wp-content\/uploads\/2018\/10\/plavac-mali.jpg\",\"datePublished\":\"2018-10-25T12:53:57+00:00\",\"author\":{\"@id\":\"https:\/\/likemetkovic.hr\/#\/schema\/person\/a42711f3385a0e2be6f7e0443bfb28f0\"},\"breadcrumb\":{\"@id\":\"https:\/\/likemetkovic.hr\/peljesac-pobrao-tude-grozde-pa-ga-odnio-na-preradu\/#breadcrumb\"},\"inLanguage\":\"hr\",\"potentialAction\":[{\"@type\":\"ReadAction\",\"target\":[\"https:\/\/likemetkovic.hr\/peljesac-pobrao-tude-grozde-pa-ga-odnio-na-preradu\/\"]}]},{\"@type\":\"ImageObject\",\"inLanguage\":\"hr\",\"@id\":\"https:\/\/likemetkovic.hr\/peljesac-pobrao-tude-grozde-pa-ga-odnio-na-preradu\/#primaryimage\",\"url\":\"https:\/\/likemetkovic.hr\/portal\/wp-content\/uploads\/2018\/10\/plavac-mali.jpg\",\"contentUrl\":\"https:\/\/likemetkovic.hr\/portal\/wp-content\/uploads\/2018\/10\/plavac-mali.jpg\",\"width\":700,\"height\":465},{\"@type\":\"BreadcrumbList\",\"@id\":\"https:\/\/likemetkovic.hr\/peljesac-pobrao-tude-grozde-pa-ga-odnio-na-preradu\/#breadcrumb\",\"itemListElement\":[{\"@type\":\"ListItem\",\"position\":1,\"name\":\"Po\u010detna stranica\",\"item\":\"https:\/\/likemetkovic.hr\/portal\/\"},{\"@type\":\"ListItem\",\"position\":2,\"name\":\"PELJE\u0160AC Pobrao tu\u0111e gro\u017e\u0111e pa ga odnio na preradu\"}]},{\"@type\":\"WebSite\",\"@id\":\"https:\/\/likemetkovic.hr\/#website\",\"url\":\"https:\/\/likemetkovic.hr\/\",\"name\":\"likemetkovic.hr\",\"description\":\"Misli pozitivno... \u010ditaj LIKE\",\"potentialAction\":[{\"@type\":\"SearchAction\",\"target\":{\"@type\":\"EntryPoint\",\"urlTemplate\":\"https:\/\/likemetkovic.hr\/?s={search_term_string}\"},\"query-input\":{\"@type\":\"PropertyValueSpecification\",\"valueRequired\":true,\"valueName\":\"search_term_string\"}}],\"inLanguage\":\"hr\"},{\"@type\":\"Person\",\"@id\":\"https:\/\/likemetkovic.hr\/#\/schema\/person\/a42711f3385a0e2be6f7e0443bfb28f0\",\"name\":\"LIKEmetkovic.hr\",\"sameAs\":[\"http:\/\/likemetkovic.hr\"],\"url\":\"https:\/\/likemetkovic.hr\/portal\/author\/likemetkovic-hr\/\"}]}<\/script>\n<!-- \/ Yoast SEO plugin. -->","yoast_head_json":{"title":"PELJE\u0160AC Pobrao tu\u0111e gro\u017e\u0111e pa ga odnio na preradu - likemetkovic.hr","robots":{"index":"index","follow":"follow","max-snippet":"max-snippet:-1","max-image-preview":"max-image-preview:large","max-video-preview":"max-video-preview:-1"},"canonical":"https:\/\/likemetkovic.hr\/peljesac-pobrao-tude-grozde-pa-ga-odnio-na-preradu\/","og_locale":"hr_HR","og_type":"article","og_title":"PELJE\u0160AC Pobrao tu\u0111e gro\u017e\u0111e pa ga odnio na preradu - likemetkovic.hr","og_description":"Nakon \u0161to je Policijskoj postaji Ston krajem rujna ove godine 39-godi\u0161njak prijavio kra\u0111u 400 kg gro\u017e\u0111a sorte plavac mali iz svog vinograda u Kuni Pelje\u0161koj, provedeno je kriminalisti\u010dko istra\u017eivanje kojim je utvr\u0111ena sumnja da je gro\u017e\u0111e otu\u0111io 69-godi\u0161njak. Sumnji\u010di se da je u jutarnjim satima 24. rujna anga\u017eirao jo\u0161 dvoje ljudi s kojima je pobrao [&hellip;]","og_url":"https:\/\/likemetkovic.hr\/peljesac-pobrao-tude-grozde-pa-ga-odnio-na-preradu\/","og_site_name":"likemetkovic.hr","article_publisher":"https:\/\/www.facebook.com\/likemetkovic.hr\/","article_published_time":"2018-10-25T12:53:57+00:00","og_image":[{"width":700,"height":465,"url":"https:\/\/likemetkovic.hr\/wp-content\/uploads\/2018\/10\/plavac-mali.jpg","type":"image\/jpeg"}],"author":"LIKEmetkovic.hr","twitter_card":"summary_large_image","twitter_misc":{"Napisao\/la":"LIKEmetkovic.hr","Procijenjeno vrijeme \u010ditanja":"1 minuta"},"schema":{"@context":"https:\/\/schema.org","@graph":[{"@type":"WebPage","@id":"https:\/\/likemetkovic.hr\/peljesac-pobrao-tude-grozde-pa-ga-odnio-na-preradu\/","url":"https:\/\/likemetkovic.hr\/peljesac-pobrao-tude-grozde-pa-ga-odnio-na-preradu\/","name":"PELJE\u0160AC Pobrao tu\u0111e gro\u017e\u0111e pa ga odnio na preradu - likemetkovic.hr","isPartOf":{"@id":"https:\/\/likemetkovic.hr\/#website"},"primaryImageOfPage":{"@id":"https:\/\/likemetkovic.hr\/peljesac-pobrao-tude-grozde-pa-ga-odnio-na-preradu\/#primaryimage"},"image":{"@id":"https:\/\/likemetkovic.hr\/peljesac-pobrao-tude-grozde-pa-ga-odnio-na-preradu\/#primaryimage"},"thumbnailUrl":"https:\/\/likemetkovic.hr\/portal\/wp-content\/uploads\/2018\/10\/plavac-mali.jpg","datePublished":"2018-10-25T12:53:57+00:00","author":{"@id":"https:\/\/likemetkovic.hr\/#\/schema\/person\/a42711f3385a0e2be6f7e0443bfb28f0"},"breadcrumb":{"@id":"https:\/\/likemetkovic.hr\/peljesac-pobrao-tude-grozde-pa-ga-odnio-na-preradu\/#breadcrumb"},"inLanguage":"hr","potentialAction":[{"@type":"ReadAction","target":["https:\/\/likemetkovic.hr\/peljesac-pobrao-tude-grozde-pa-ga-odnio-na-preradu\/"]}]},{"@type":"ImageObject","inLanguage":"hr","@id":"https:\/\/likemetkovic.hr\/peljesac-pobrao-tude-grozde-pa-ga-odnio-na-preradu\/#primaryimage","url":"https:\/\/likemetkovic.hr\/portal\/wp-content\/uploads\/2018\/10\/plavac-mali.jpg","contentUrl":"https:\/\/likemetkovic.hr\/portal\/wp-content\/uploads\/2018\/10\/plavac-mali.jpg","width":700,"height":465},{"@type":"BreadcrumbList","@id":"https:\/\/likemetkovic.hr\/peljesac-pobrao-tude-grozde-pa-ga-odnio-na-preradu\/#breadcrumb","itemListElement":[{"@type":"ListItem","position":1,"name":"Po\u010detna stranica","item":"https:\/\/likemetkovic.hr\/portal\/"},{"@type":"ListItem","position":2,"name":"PELJE\u0160AC Pobrao tu\u0111e gro\u017e\u0111e pa ga odnio na preradu"}]},{"@type":"WebSite","@id":"https:\/\/likemetkovic.hr\/#website","url":"https:\/\/likemetkovic.hr\/","name":"likemetkovic.hr","description":"Misli pozitivno... \u010ditaj LIKE","potentialAction":[{"@type":"SearchAction","target":{"@type":"EntryPoint","urlTemplate":"https:\/\/likemetkovic.hr\/?s={search_term_string}"},"query-input":{"@type":"PropertyValueSpecification","valueRequired":true,"valueName":"search_term_string"}}],"inLanguage":"hr"},{"@type":"Person","@id":"https:\/\/likemetkovic.hr\/#\/schema\/person\/a42711f3385a0e2be6f7e0443bfb28f0","name":"LIKEmetkovic.hr","sameAs":["http:\/\/likemetkovic.hr"],"url":"https:\/\/likemetkovic.hr\/portal\/author\/likemetkovic-hr\/"}]}},"_links":{"self":[{"href":"https:\/\/likemetkovic.hr\/portal\/wp-json\/wp\/v2\/posts\/69655","targetHints":{"allow":["GET"]}}],"collection":[{"href":"https:\/\/likemetkovic.hr\/portal\/wp-json\/wp\/v2\/posts"}],"about":[{"href":"https:\/\/likemetkovic.hr\/portal\/wp-json\/wp\/v2\/types\/post"}],"author":[{"embeddable":true,"href":"https:\/\/likemetkovic.hr\/portal\/wp-json\/wp\/v2\/users\/7"}],"replies":[{"embeddable":true,"href":"https:\/\/likemetkovic.hr\/portal\/wp-json\/wp\/v2\/comments?post=69655"}],"version-history":[{"count":0,"href":"https:\/\/likemetkovic.hr\/portal\/wp-json\/wp\/v2\/posts\/69655\/revisions"}],"wp:featuredmedia":[{"embeddable":true,"href":"https:\/\/likemetkovic.hr\/portal\/wp-json\/wp\/v2\/media\/69656"}],"wp:attachment":[{"href":"https:\/\/likemetkovic.hr\/portal\/wp-json\/wp\/v2\/media?parent=69655"}],"wp:term":[{"taxonomy":"category","embeddable":true,"href":"https:\/\/likemetkovic.hr\/portal\/wp-json\/wp\/v2\/categories?post=69655"},{"taxonomy":"post_tag","embeddable":true,"href":"https:\/\/likemetkovic.hr\/portal\/wp-json\/wp\/v2\/tags?post=69655"}],"curies":[{"name":"wp","href":"https:\/\/api.w.org\/{rel}","templated":true}]}}