{"id":69938,"date":"2018-10-31T12:17:08","date_gmt":"2018-10-31T11:17:08","guid":{"rendered":"http:\/\/likemetkovic.hr\/?p=69938"},"modified":"2018-10-31T12:22:25","modified_gmt":"2018-10-31T11:22:25","slug":"zapaljene-svijece-i-polozeni-vijenci-za-poginule-branitelje","status":"publish","type":"post","link":"https:\/\/likemetkovic.hr\/portal\/zapaljene-svijece-i-polozeni-vijenci-za-poginule-branitelje\/","title":{"rendered":"Zapaljene svije\u0107e i polo\u017eeni vijenci za poginule hrvatske branitelje"},"content":{"rendered":"<p>Uo\u010di svetkovine Svih svetih i Dana spomena na hrvatske branitelje iz Grada Metkovi\u0107a poginule u Domovinskom ratu, jutros su na groblju svetoga Ivana Nepomuka i pred\u00a0Spomenikom poginulim metkovskim braniteljima na Velikoj rivi zapalili svije\u0107e i polo\u017eili vijence predstavnici Grada Metkovi\u0107a, udruga, politi\u010dkih stranaka te \u010dlanovi obitelji.<\/p>\n<p><img decoding=\"async\" class=\"alignnone size-full wp-image-69939\" src=\"http:\/\/likemetkovic.hr\/wp-content\/uploads\/2018\/10\/vijenci-svi-sveti.jpg\" alt=\"\" width=\"1500\" height=\"699\" srcset=\"https:\/\/likemetkovic.hr\/portal\/wp-content\/uploads\/2018\/10\/vijenci-svi-sveti.jpg 1500w, https:\/\/likemetkovic.hr\/portal\/wp-content\/uploads\/2018\/10\/vijenci-svi-sveti-800x373.jpg 800w, https:\/\/likemetkovic.hr\/portal\/wp-content\/uploads\/2018\/10\/vijenci-svi-sveti-768x358.jpg 768w, https:\/\/likemetkovic.hr\/portal\/wp-content\/uploads\/2018\/10\/vijenci-svi-sveti-1200x559.jpg 1200w, https:\/\/likemetkovic.hr\/portal\/wp-content\/uploads\/2018\/10\/vijenci-svi-sveti-696x324.jpg 696w, https:\/\/likemetkovic.hr\/portal\/wp-content\/uploads\/2018\/10\/vijenci-svi-sveti-1068x498.jpg 1068w, https:\/\/likemetkovic.hr\/portal\/wp-content\/uploads\/2018\/10\/vijenci-svi-sveti-901x420.jpg 901w, https:\/\/likemetkovic.hr\/portal\/wp-content\/uploads\/2018\/10\/vijenci-svi-sveti-560x261.jpg 560w\" sizes=\"(max-width: 1500px) 100vw, 1500px\" \/><\/p>\n<p>Molitvu za du\u0161e pokojnih hrvatskih branitelja pred sredi\u0161njim kri\u017eem na Gradskom groblju predvodio je \u017eupnik fra Ante Bilokapi\u0107.<\/p>\n<p>Ve\u010deras u 18 sati\u00a0u crkvi sv. Ilije bit \u0107e misa zadu\u0161nica za poginule hrvatske branitelje s podru\u010dja Grada Metkovi\u0107a, a u 19 sati u Gradskom kulturnom sredi\u0161tu bit \u0107e prigodni komemorativni program.<\/p>\n<p><img decoding=\"async\" class=\"alignnone size-full wp-image-69940\" src=\"http:\/\/likemetkovic.hr\/wp-content\/uploads\/2018\/10\/poginuli-hrvatski-branitelji.jpg\" alt=\"\" width=\"1000\" height=\"750\" srcset=\"https:\/\/likemetkovic.hr\/portal\/wp-content\/uploads\/2018\/10\/poginuli-hrvatski-branitelji.jpg 1000w, https:\/\/likemetkovic.hr\/portal\/wp-content\/uploads\/2018\/10\/poginuli-hrvatski-branitelji-800x600.jpg 800w, https:\/\/likemetkovic.hr\/portal\/wp-content\/uploads\/2018\/10\/poginuli-hrvatski-branitelji-768x576.jpg 768w, https:\/\/likemetkovic.hr\/portal\/wp-content\/uploads\/2018\/10\/poginuli-hrvatski-branitelji-80x60.jpg 80w, https:\/\/likemetkovic.hr\/portal\/wp-content\/uploads\/2018\/10\/poginuli-hrvatski-branitelji-265x198.jpg 265w, https:\/\/likemetkovic.hr\/portal\/wp-content\/uploads\/2018\/10\/poginuli-hrvatski-branitelji-696x522.jpg 696w, https:\/\/likemetkovic.hr\/portal\/wp-content\/uploads\/2018\/10\/poginuli-hrvatski-branitelji-560x420.jpg 560w\" sizes=\"(max-width: 1000px) 100vw, 1000px\" \/><\/p>\n","protected":false},"excerpt":{"rendered":"<p>Uo\u010di svetkovine Svih svetih i Dana spomena na hrvatske branitelje iz Grada Metkovi\u0107a poginule u Domovinskom ratu, jutros su na groblju svetoga Ivana Nepomuka i pred\u00a0Spomenikom poginulim metkovskim braniteljima na Velikoj rivi zapalili svije\u0107e i polo\u017eili vijence predstavnici Grada Metkovi\u0107a, udruga, politi\u010dkih stranaka te \u010dlanovi obitelji. Molitvu za du\u0161e pokojnih hrvatskih branitelja pred sredi\u0161njim kri\u017eem [&hellip;]<\/p>\n","protected":false},"author":7,"featured_media":69939,"comment_status":"open","ping_status":"open","sticky":false,"template":"","format":"standard","meta":{"footnotes":""},"categories":[283,11],"tags":[1746,1745,1738],"class_list":{"0":"post-69938","1":"post","2":"type-post","3":"status-publish","4":"format-standard","5":"has-post-thumbnail","7":"category-a","8":"category-metkovic-dolina","9":"tag-hrvatski-branitelji","10":"tag-polaganje-vijenaca","11":"tag-svi-sveti"},"yoast_head":"<!-- This site is optimized with the Yoast SEO plugin v25.2 - https:\/\/yoast.com\/wordpress\/plugins\/seo\/ -->\n<title>Zapaljene svije\u0107e i polo\u017eeni vijenci za poginule hrvatske branitelje - likemetkovic.hr<\/title>\n<meta name=\"robots\" content=\"index, follow, max-snippet:-1, max-image-preview:large, max-video-preview:-1\" \/>\n<link rel=\"canonical\" href=\"https:\/\/likemetkovic.hr\/zapaljene-svijece-i-polozeni-vijenci-za-poginule-branitelje\/\" \/>\n<meta property=\"og:locale\" content=\"hr_HR\" \/>\n<meta property=\"og:type\" content=\"article\" \/>\n<meta property=\"og:title\" content=\"Zapaljene svije\u0107e i polo\u017eeni vijenci za poginule hrvatske branitelje - likemetkovic.hr\" \/>\n<meta property=\"og:description\" content=\"Uo\u010di svetkovine Svih svetih i Dana spomena na hrvatske branitelje iz Grada Metkovi\u0107a poginule u Domovinskom ratu, jutros su na groblju svetoga Ivana Nepomuka i pred\u00a0Spomenikom poginulim metkovskim braniteljima na Velikoj rivi zapalili svije\u0107e i polo\u017eili vijence predstavnici Grada Metkovi\u0107a, udruga, politi\u010dkih stranaka te \u010dlanovi obitelji. Molitvu za du\u0161e pokojnih hrvatskih branitelja pred sredi\u0161njim kri\u017eem [&hellip;]\" \/>\n<meta property=\"og:url\" content=\"https:\/\/likemetkovic.hr\/zapaljene-svijece-i-polozeni-vijenci-za-poginule-branitelje\/\" \/>\n<meta property=\"og:site_name\" content=\"likemetkovic.hr\" \/>\n<meta property=\"article:publisher\" content=\"https:\/\/www.facebook.com\/likemetkovic.hr\/\" \/>\n<meta property=\"article:published_time\" content=\"2018-10-31T11:17:08+00:00\" \/>\n<meta property=\"article:modified_time\" content=\"2018-10-31T11:22:25+00:00\" \/>\n<meta property=\"og:image\" content=\"https:\/\/likemetkovic.hr\/wp-content\/uploads\/2018\/10\/vijenci-svi-sveti.jpg\" \/>\n\t<meta property=\"og:image:width\" content=\"1500\" \/>\n\t<meta property=\"og:image:height\" content=\"699\" \/>\n\t<meta property=\"og:image:type\" content=\"image\/jpeg\" \/>\n<meta name=\"author\" content=\"LIKEmetkovic.hr\" \/>\n<meta name=\"twitter:card\" content=\"summary_large_image\" \/>\n<meta name=\"twitter:label1\" content=\"Napisao\/la\" \/>\n\t<meta name=\"twitter:data1\" content=\"LIKEmetkovic.hr\" \/>\n\t<meta name=\"twitter:label2\" content=\"Procijenjeno vrijeme \u010ditanja\" \/>\n\t<meta name=\"twitter:data2\" content=\"1 minuta\" \/>\n<script type=\"application\/ld+json\" class=\"yoast-schema-graph\">{\"@context\":\"https:\/\/schema.org\",\"@graph\":[{\"@type\":\"WebPage\",\"@id\":\"https:\/\/likemetkovic.hr\/zapaljene-svijece-i-polozeni-vijenci-za-poginule-branitelje\/\",\"url\":\"https:\/\/likemetkovic.hr\/zapaljene-svijece-i-polozeni-vijenci-za-poginule-branitelje\/\",\"name\":\"Zapaljene svije\u0107e i polo\u017eeni vijenci za poginule hrvatske branitelje - likemetkovic.hr\",\"isPartOf\":{\"@id\":\"https:\/\/likemetkovic.hr\/#website\"},\"primaryImageOfPage\":{\"@id\":\"https:\/\/likemetkovic.hr\/zapaljene-svijece-i-polozeni-vijenci-za-poginule-branitelje\/#primaryimage\"},\"image\":{\"@id\":\"https:\/\/likemetkovic.hr\/zapaljene-svijece-i-polozeni-vijenci-za-poginule-branitelje\/#primaryimage\"},\"thumbnailUrl\":\"https:\/\/likemetkovic.hr\/portal\/wp-content\/uploads\/2018\/10\/vijenci-svi-sveti.jpg\",\"datePublished\":\"2018-10-31T11:17:08+00:00\",\"dateModified\":\"2018-10-31T11:22:25+00:00\",\"author\":{\"@id\":\"https:\/\/likemetkovic.hr\/#\/schema\/person\/a42711f3385a0e2be6f7e0443bfb28f0\"},\"breadcrumb\":{\"@id\":\"https:\/\/likemetkovic.hr\/zapaljene-svijece-i-polozeni-vijenci-za-poginule-branitelje\/#breadcrumb\"},\"inLanguage\":\"hr\",\"potentialAction\":[{\"@type\":\"ReadAction\",\"target\":[\"https:\/\/likemetkovic.hr\/zapaljene-svijece-i-polozeni-vijenci-za-poginule-branitelje\/\"]}]},{\"@type\":\"ImageObject\",\"inLanguage\":\"hr\",\"@id\":\"https:\/\/likemetkovic.hr\/zapaljene-svijece-i-polozeni-vijenci-za-poginule-branitelje\/#primaryimage\",\"url\":\"https:\/\/likemetkovic.hr\/portal\/wp-content\/uploads\/2018\/10\/vijenci-svi-sveti.jpg\",\"contentUrl\":\"https:\/\/likemetkovic.hr\/portal\/wp-content\/uploads\/2018\/10\/vijenci-svi-sveti.jpg\",\"width\":1500,\"height\":699},{\"@type\":\"BreadcrumbList\",\"@id\":\"https:\/\/likemetkovic.hr\/zapaljene-svijece-i-polozeni-vijenci-za-poginule-branitelje\/#breadcrumb\",\"itemListElement\":[{\"@type\":\"ListItem\",\"position\":1,\"name\":\"Po\u010detna stranica\",\"item\":\"https:\/\/likemetkovic.hr\/portal\/\"},{\"@type\":\"ListItem\",\"position\":2,\"name\":\"Zapaljene svije\u0107e i polo\u017eeni vijenci za poginule hrvatske branitelje\"}]},{\"@type\":\"WebSite\",\"@id\":\"https:\/\/likemetkovic.hr\/#website\",\"url\":\"https:\/\/likemetkovic.hr\/\",\"name\":\"likemetkovic.hr\",\"description\":\"Misli pozitivno... \u010ditaj LIKE\",\"potentialAction\":[{\"@type\":\"SearchAction\",\"target\":{\"@type\":\"EntryPoint\",\"urlTemplate\":\"https:\/\/likemetkovic.hr\/?s={search_term_string}\"},\"query-input\":{\"@type\":\"PropertyValueSpecification\",\"valueRequired\":true,\"valueName\":\"search_term_string\"}}],\"inLanguage\":\"hr\"},{\"@type\":\"Person\",\"@id\":\"https:\/\/likemetkovic.hr\/#\/schema\/person\/a42711f3385a0e2be6f7e0443bfb28f0\",\"name\":\"LIKEmetkovic.hr\",\"sameAs\":[\"http:\/\/likemetkovic.hr\"],\"url\":\"https:\/\/likemetkovic.hr\/portal\/author\/likemetkovic-hr\/\"}]}<\/script>\n<!-- \/ Yoast SEO plugin. -->","yoast_head_json":{"title":"Zapaljene svije\u0107e i polo\u017eeni vijenci za poginule hrvatske branitelje - likemetkovic.hr","robots":{"index":"index","follow":"follow","max-snippet":"max-snippet:-1","max-image-preview":"max-image-preview:large","max-video-preview":"max-video-preview:-1"},"canonical":"https:\/\/likemetkovic.hr\/zapaljene-svijece-i-polozeni-vijenci-za-poginule-branitelje\/","og_locale":"hr_HR","og_type":"article","og_title":"Zapaljene svije\u0107e i polo\u017eeni vijenci za poginule hrvatske branitelje - likemetkovic.hr","og_description":"Uo\u010di svetkovine Svih svetih i Dana spomena na hrvatske branitelje iz Grada Metkovi\u0107a poginule u Domovinskom ratu, jutros su na groblju svetoga Ivana Nepomuka i pred\u00a0Spomenikom poginulim metkovskim braniteljima na Velikoj rivi zapalili svije\u0107e i polo\u017eili vijence predstavnici Grada Metkovi\u0107a, udruga, politi\u010dkih stranaka te \u010dlanovi obitelji. Molitvu za du\u0161e pokojnih hrvatskih branitelja pred sredi\u0161njim kri\u017eem [&hellip;]","og_url":"https:\/\/likemetkovic.hr\/zapaljene-svijece-i-polozeni-vijenci-za-poginule-branitelje\/","og_site_name":"likemetkovic.hr","article_publisher":"https:\/\/www.facebook.com\/likemetkovic.hr\/","article_published_time":"2018-10-31T11:17:08+00:00","article_modified_time":"2018-10-31T11:22:25+00:00","og_image":[{"width":1500,"height":699,"url":"https:\/\/likemetkovic.hr\/wp-content\/uploads\/2018\/10\/vijenci-svi-sveti.jpg","type":"image\/jpeg"}],"author":"LIKEmetkovic.hr","twitter_card":"summary_large_image","twitter_misc":{"Napisao\/la":"LIKEmetkovic.hr","Procijenjeno vrijeme \u010ditanja":"1 minuta"},"schema":{"@context":"https:\/\/schema.org","@graph":[{"@type":"WebPage","@id":"https:\/\/likemetkovic.hr\/zapaljene-svijece-i-polozeni-vijenci-za-poginule-branitelje\/","url":"https:\/\/likemetkovic.hr\/zapaljene-svijece-i-polozeni-vijenci-za-poginule-branitelje\/","name":"Zapaljene svije\u0107e i polo\u017eeni vijenci za poginule hrvatske branitelje - likemetkovic.hr","isPartOf":{"@id":"https:\/\/likemetkovic.hr\/#website"},"primaryImageOfPage":{"@id":"https:\/\/likemetkovic.hr\/zapaljene-svijece-i-polozeni-vijenci-za-poginule-branitelje\/#primaryimage"},"image":{"@id":"https:\/\/likemetkovic.hr\/zapaljene-svijece-i-polozeni-vijenci-za-poginule-branitelje\/#primaryimage"},"thumbnailUrl":"https:\/\/likemetkovic.hr\/portal\/wp-content\/uploads\/2018\/10\/vijenci-svi-sveti.jpg","datePublished":"2018-10-31T11:17:08+00:00","dateModified":"2018-10-31T11:22:25+00:00","author":{"@id":"https:\/\/likemetkovic.hr\/#\/schema\/person\/a42711f3385a0e2be6f7e0443bfb28f0"},"breadcrumb":{"@id":"https:\/\/likemetkovic.hr\/zapaljene-svijece-i-polozeni-vijenci-za-poginule-branitelje\/#breadcrumb"},"inLanguage":"hr","potentialAction":[{"@type":"ReadAction","target":["https:\/\/likemetkovic.hr\/zapaljene-svijece-i-polozeni-vijenci-za-poginule-branitelje\/"]}]},{"@type":"ImageObject","inLanguage":"hr","@id":"https:\/\/likemetkovic.hr\/zapaljene-svijece-i-polozeni-vijenci-za-poginule-branitelje\/#primaryimage","url":"https:\/\/likemetkovic.hr\/portal\/wp-content\/uploads\/2018\/10\/vijenci-svi-sveti.jpg","contentUrl":"https:\/\/likemetkovic.hr\/portal\/wp-content\/uploads\/2018\/10\/vijenci-svi-sveti.jpg","width":1500,"height":699},{"@type":"BreadcrumbList","@id":"https:\/\/likemetkovic.hr\/zapaljene-svijece-i-polozeni-vijenci-za-poginule-branitelje\/#breadcrumb","itemListElement":[{"@type":"ListItem","position":1,"name":"Po\u010detna stranica","item":"https:\/\/likemetkovic.hr\/portal\/"},{"@type":"ListItem","position":2,"name":"Zapaljene svije\u0107e i polo\u017eeni vijenci za poginule hrvatske branitelje"}]},{"@type":"WebSite","@id":"https:\/\/likemetkovic.hr\/#website","url":"https:\/\/likemetkovic.hr\/","name":"likemetkovic.hr","description":"Misli pozitivno... \u010ditaj LIKE","potentialAction":[{"@type":"SearchAction","target":{"@type":"EntryPoint","urlTemplate":"https:\/\/likemetkovic.hr\/?s={search_term_string}"},"query-input":{"@type":"PropertyValueSpecification","valueRequired":true,"valueName":"search_term_string"}}],"inLanguage":"hr"},{"@type":"Person","@id":"https:\/\/likemetkovic.hr\/#\/schema\/person\/a42711f3385a0e2be6f7e0443bfb28f0","name":"LIKEmetkovic.hr","sameAs":["http:\/\/likemetkovic.hr"],"url":"https:\/\/likemetkovic.hr\/portal\/author\/likemetkovic-hr\/"}]}},"_links":{"self":[{"href":"https:\/\/likemetkovic.hr\/portal\/wp-json\/wp\/v2\/posts\/69938","targetHints":{"allow":["GET"]}}],"collection":[{"href":"https:\/\/likemetkovic.hr\/portal\/wp-json\/wp\/v2\/posts"}],"about":[{"href":"https:\/\/likemetkovic.hr\/portal\/wp-json\/wp\/v2\/types\/post"}],"author":[{"embeddable":true,"href":"https:\/\/likemetkovic.hr\/portal\/wp-json\/wp\/v2\/users\/7"}],"replies":[{"embeddable":true,"href":"https:\/\/likemetkovic.hr\/portal\/wp-json\/wp\/v2\/comments?post=69938"}],"version-history":[{"count":0,"href":"https:\/\/likemetkovic.hr\/portal\/wp-json\/wp\/v2\/posts\/69938\/revisions"}],"wp:featuredmedia":[{"embeddable":true,"href":"https:\/\/likemetkovic.hr\/portal\/wp-json\/wp\/v2\/media\/69939"}],"wp:attachment":[{"href":"https:\/\/likemetkovic.hr\/portal\/wp-json\/wp\/v2\/media?parent=69938"}],"wp:term":[{"taxonomy":"category","embeddable":true,"href":"https:\/\/likemetkovic.hr\/portal\/wp-json\/wp\/v2\/categories?post=69938"},{"taxonomy":"post_tag","embeddable":true,"href":"https:\/\/likemetkovic.hr\/portal\/wp-json\/wp\/v2\/tags?post=69938"}],"curies":[{"name":"wp","href":"https:\/\/api.w.org\/{rel}","templated":true}]}}