{"id":69982,"date":"2025-11-01T08:00:14","date_gmt":"2025-11-01T07:00:14","guid":{"rendered":"http:\/\/likemetkovic.hr\/?p=69982"},"modified":"2025-11-01T08:13:54","modified_gmt":"2025-11-01T07:13:54","slug":"svetkovina-svih-svetih-dusni-dan","status":"publish","type":"post","link":"https:\/\/likemetkovic.hr\/portal\/svetkovina-svih-svetih-dusni-dan\/","title":{"rendered":"\u0160to slavimo na svetkovinu Svih svetih, a \u0161to je Du\u0161ni dan i potpuni oprost za pokojne?"},"content":{"rendered":"<p>Prvoga dana u studenome obilje\u017eavamo svetkovinu<strong>\u00a0Svih svetih, <\/strong>a dan nakon toga jo\u0161 jedan va\u017ean dan<strong> \u2013 Du\u0161ni dan <\/strong>koji mnogi gre\u0161kom nazivaju Dan mrtvih.<\/p>\n<p>Za ve\u0107inu kr\u0161\u0107ana svetkovina Svih svetih koji se obilje\u017eava prvog dana u studenom zna\u010di obilazak groblja i paljenje svije\u0107a u znak sje\u0107anja na najmilije koji su nas napustili, no <strong>mnogi pogre\u0161no ovu svetkovinu poistovje\u0107uju s Du\u0161nim danom, <\/strong>koji se jo\u0161 naziva i Dan mrtvih, a obilje\u017eava se dan nakon Svih svetih.<\/p>\n<p><strong>Na svetkvinu Svih svetih, kako i sam naziv ka\u017ee, slave se sveci, kako oni koji su ve\u0107 kanonizirani, tako i oni koji to jo\u0161 nisu. <\/strong>U\u00a0kalendaru\u00a0Katoli\u010dke crkve Svi sveti ozna\u010deni su kao svetkovina, a ujedno su neradni dan u\u00a0Republici Hrvatskoj. Iako se svi vesele slobodnom danu, mnogi zapravo ne znaju zna\u010denje\u00a0ovog kr\u0161\u0107anskog blagdana.<\/p>\n<div class=\"textComponent\">\n<p><strong>Po\u010deo se slaviti jo\u0161 u 4. stolje\u0107u te su ga u po\u010detku sve crkve obilje\u017eavale istog dana<\/strong>, u nedjelju nakon Duhova, no Papa Grgur III je u prvoj polovici 8. stolje\u0107a blagdan Svih\u00a0svetih\u00a0premjestio na 1. studenog kako bi se poklopio s drevnim keltskim blagdanom <em>Samhain<\/em> koji je ozna\u010davao Novu godinu.<\/p>\n<p>U vrijeme\u00a0Karla Velikog\u00a0blagdan je ve\u0107 bio izuzetno pro\u0161iren, a kralj\u00a0<strong>Luj Pobo\u017eni\u00a0<\/strong>proglasio ga je 835. godine na zahtjev pape Grgura IV zapovjednim blagdanom, uz pristanak svih biskupa.<\/p>\n<p>S obzirom na to da je nemogu\u0107e znati sve svece koji su u povijesti progla\u0161eni svetima, Crkva je odredila dana\u0161nji dan u kojem se sje\u0107amo i \u010dastimo sve svete i bla\u017eene, bili oni poznati ili ne.<\/p>\n<h4>Spomendan na na\u0161e pokojne<\/h4>\n<p><strong>Za razliku od Svih svetih, Du\u0161ni dan nastao je dva stolje\u0107a kasnije. <\/strong>Spomen svih vjernih mrtvih, kojeg se spominjemo 2. studenog, ustanovljen je <strong>u samostanu Clunyju <\/strong>998. godine. <strong>Opat sv. Odilon <\/strong>je teolo\u0161ki povezao svetkovinu Svih svetih kao slavlja <em>nebeske, proslavljene Crkve<\/em> sa zagovorom za <em>trpe\u0107u Crkvu<\/em>. Zaslugom benediktinaca, ovaj spomendan se pro\u0161irio svijetom, a <strong>1311. godine potvrdio ga je i papa.<\/strong><\/p>\n<p>Iako blagdane Svi sveti\u00a0i Du\u0161ni dan, osim kalendarske blizine, povezuju molitva, paljenje svije\u0107a i polaganje cvije\u0107a,\u00a0<strong>Du\u0161ni dan je posve\u0107en sje\u0107anju isklju\u010divo\u00a0na nama bliske preminule.<\/strong>\u00a0To je dan kada sva katoli\u010dka groblja sjaje najve\u0107im sjajem, a obi\u010daj je da se kao znak sje\u0107anja na preminule\u00a0odr\u017eavaju i mise zadu\u0161nice.\u00a0Sve\u0107enici\u00a0na Du\u0161ni dan\u00a0slu\u017ee tri mise:\u00a0jednu\u00a0kome\u00a0god \u017eele namijeniti, drugu na nakanu\u00a0Svetog\u00a0Oca, a tre\u0107u za sve vjerne mrtve.<\/p>\n<p><strong>Paljenje svije\u0107a i ukra\u0161avanje grobova cvije\u0107em obi\u010daj je koji se upra\u017enjava od pamtivijeka.\u00a0<\/strong>U 19. stolje\u0107u na grobove se nosila hrana jer se vjerovalo kako je du\u0161ama potrebna okrepa, no taj se obi\u010daj s\u00a0vremenom\u00a0zamijenio cvije\u0107em, osim ponegdje u isto\u010dnom kr\u0161\u0107anstvu.\u00a0Paljenje svije\u0107a bio je i ostao\u00a0obi\u010daj u svim religijama svijeta.<\/p>\n<p>U kr\u0161\u0107anstvu<strong> svije\u0107a<\/strong> je znak\u00a0<em>Uskrsa<\/em>, vjere u vje\u010dni \u017eivot, a <strong>cvije\u0107e<\/strong> je znak ljubavi i posebne povezanosti s drugim osobama.<\/p>\n<p><strong>POTPUNI OPROST NAMIJENJEN POKOJNIMA<\/strong><\/p>\n<p>Na svetkovinu Svih svetih, na Du\u0161ni dan i u Nedjelju poslije Du\u0161nog dana (9. studenog) mogu vjernici u svim crkvama dobiti POTPUNI OPROST koji se mo\u017ee namijeniti samo za pokojne.<\/p>\n<p>Da se dobije potpuni oprost potrebno je:<\/p>\n<ul>\n<li>pohoditi crkvu u kojoj treba izmoliti O\u010de na\u0161, Vjerovanje, primiti sv. Pri\u010dest i ispovjediti se, ako je to potrebno<\/li>\n<li>izmoliti molitvu na papinu nakanu (jedan O\u010de na\u0161).<\/li>\n<\/ul>\n<\/div>\n","protected":false},"excerpt":{"rendered":"<p>Prvoga dana u studenome obilje\u017eavamo svetkovinu\u00a0Svih svetih, a dan nakon toga jo\u0161 jedan va\u017ean dan \u2013 Du\u0161ni dan koji mnogi gre\u0161kom nazivaju Dan mrtvih. Za ve\u0107inu kr\u0161\u0107ana svetkovina Svih svetih koji se obilje\u017eava prvog dana u studenom zna\u010di obilazak groblja i paljenje svije\u0107a u znak sje\u0107anja na najmilije koji su nas napustili, no mnogi pogre\u0161no [&hellip;]<\/p>\n","protected":false},"author":7,"featured_media":137610,"comment_status":"open","ping_status":"open","sticky":false,"template":"","format":"standard","meta":{"footnotes":""},"categories":[283,27],"tags":[1736,1738],"class_list":{"0":"post-69982","1":"post","2":"type-post","3":"status-publish","4":"format-standard","5":"has-post-thumbnail","7":"category-a","8":"category-vjera-i-zivot","9":"tag-dusni-dan","10":"tag-svi-sveti"},"yoast_head":"<!-- This site is optimized with the Yoast SEO plugin v25.2 - https:\/\/yoast.com\/wordpress\/plugins\/seo\/ -->\n<title>\u0160to slavimo na svetkovinu Svih svetih, a \u0161to je Du\u0161ni dan i potpuni oprost za pokojne? - likemetkovic.hr<\/title>\n<meta name=\"robots\" content=\"index, follow, max-snippet:-1, max-image-preview:large, max-video-preview:-1\" \/>\n<link rel=\"canonical\" href=\"https:\/\/likemetkovic.hr\/portal\/svetkovina-svih-svetih-dusni-dan\/\" \/>\n<meta property=\"og:locale\" content=\"hr_HR\" \/>\n<meta property=\"og:type\" content=\"article\" \/>\n<meta property=\"og:title\" content=\"\u0160to slavimo na svetkovinu Svih svetih, a \u0161to je Du\u0161ni dan i potpuni oprost za pokojne? - likemetkovic.hr\" \/>\n<meta property=\"og:description\" content=\"Prvoga dana u studenome obilje\u017eavamo svetkovinu\u00a0Svih svetih, a dan nakon toga jo\u0161 jedan va\u017ean dan \u2013 Du\u0161ni dan koji mnogi gre\u0161kom nazivaju Dan mrtvih. Za ve\u0107inu kr\u0161\u0107ana svetkovina Svih svetih koji se obilje\u017eava prvog dana u studenom zna\u010di obilazak groblja i paljenje svije\u0107a u znak sje\u0107anja na najmilije koji su nas napustili, no mnogi pogre\u0161no [&hellip;]\" \/>\n<meta property=\"og:url\" content=\"https:\/\/likemetkovic.hr\/portal\/svetkovina-svih-svetih-dusni-dan\/\" \/>\n<meta property=\"og:site_name\" content=\"likemetkovic.hr\" \/>\n<meta property=\"article:publisher\" content=\"https:\/\/www.facebook.com\/likemetkovic.hr\/\" \/>\n<meta property=\"article:published_time\" content=\"2025-11-01T07:00:14+00:00\" \/>\n<meta property=\"article:modified_time\" content=\"2025-11-01T07:13:54+00:00\" \/>\n<meta property=\"og:image\" content=\"https:\/\/likemetkovic.hr\/portal\/wp-content\/uploads\/2022\/11\/svi-sveti-2022-005.jpg\" \/>\n\t<meta property=\"og:image:width\" content=\"800\" \/>\n\t<meta property=\"og:image:height\" content=\"533\" \/>\n\t<meta property=\"og:image:type\" content=\"image\/jpeg\" \/>\n<meta name=\"author\" content=\"LIKEmetkovic.hr\" \/>\n<meta name=\"twitter:card\" content=\"summary_large_image\" \/>\n<meta name=\"twitter:label1\" content=\"Napisao\/la\" \/>\n\t<meta name=\"twitter:data1\" content=\"LIKEmetkovic.hr\" \/>\n\t<meta name=\"twitter:label2\" content=\"Procijenjeno vrijeme \u010ditanja\" \/>\n\t<meta name=\"twitter:data2\" content=\"4 minute\" \/>\n<script type=\"application\/ld+json\" class=\"yoast-schema-graph\">{\"@context\":\"https:\/\/schema.org\",\"@graph\":[{\"@type\":\"WebPage\",\"@id\":\"https:\/\/likemetkovic.hr\/portal\/svetkovina-svih-svetih-dusni-dan\/\",\"url\":\"https:\/\/likemetkovic.hr\/portal\/svetkovina-svih-svetih-dusni-dan\/\",\"name\":\"\u0160to slavimo na svetkovinu Svih svetih, a \u0161to je Du\u0161ni dan i potpuni oprost za pokojne? - likemetkovic.hr\",\"isPartOf\":{\"@id\":\"https:\/\/likemetkovic.hr\/#website\"},\"primaryImageOfPage\":{\"@id\":\"https:\/\/likemetkovic.hr\/portal\/svetkovina-svih-svetih-dusni-dan\/#primaryimage\"},\"image\":{\"@id\":\"https:\/\/likemetkovic.hr\/portal\/svetkovina-svih-svetih-dusni-dan\/#primaryimage\"},\"thumbnailUrl\":\"https:\/\/likemetkovic.hr\/portal\/wp-content\/uploads\/2022\/11\/svi-sveti-2022-005.jpg\",\"datePublished\":\"2025-11-01T07:00:14+00:00\",\"dateModified\":\"2025-11-01T07:13:54+00:00\",\"author\":{\"@id\":\"https:\/\/likemetkovic.hr\/#\/schema\/person\/a42711f3385a0e2be6f7e0443bfb28f0\"},\"breadcrumb\":{\"@id\":\"https:\/\/likemetkovic.hr\/portal\/svetkovina-svih-svetih-dusni-dan\/#breadcrumb\"},\"inLanguage\":\"hr\",\"potentialAction\":[{\"@type\":\"ReadAction\",\"target\":[\"https:\/\/likemetkovic.hr\/portal\/svetkovina-svih-svetih-dusni-dan\/\"]}]},{\"@type\":\"ImageObject\",\"inLanguage\":\"hr\",\"@id\":\"https:\/\/likemetkovic.hr\/portal\/svetkovina-svih-svetih-dusni-dan\/#primaryimage\",\"url\":\"https:\/\/likemetkovic.hr\/portal\/wp-content\/uploads\/2022\/11\/svi-sveti-2022-005.jpg\",\"contentUrl\":\"https:\/\/likemetkovic.hr\/portal\/wp-content\/uploads\/2022\/11\/svi-sveti-2022-005.jpg\",\"width\":800,\"height\":533},{\"@type\":\"BreadcrumbList\",\"@id\":\"https:\/\/likemetkovic.hr\/portal\/svetkovina-svih-svetih-dusni-dan\/#breadcrumb\",\"itemListElement\":[{\"@type\":\"ListItem\",\"position\":1,\"name\":\"Po\u010detna stranica\",\"item\":\"https:\/\/likemetkovic.hr\/portal\/\"},{\"@type\":\"ListItem\",\"position\":2,\"name\":\"\u0160to slavimo na svetkovinu Svih svetih, a \u0161to je Du\u0161ni dan i potpuni oprost za pokojne?\"}]},{\"@type\":\"WebSite\",\"@id\":\"https:\/\/likemetkovic.hr\/#website\",\"url\":\"https:\/\/likemetkovic.hr\/\",\"name\":\"likemetkovic.hr\",\"description\":\"Misli pozitivno... \u010ditaj LIKE\",\"potentialAction\":[{\"@type\":\"SearchAction\",\"target\":{\"@type\":\"EntryPoint\",\"urlTemplate\":\"https:\/\/likemetkovic.hr\/?s={search_term_string}\"},\"query-input\":{\"@type\":\"PropertyValueSpecification\",\"valueRequired\":true,\"valueName\":\"search_term_string\"}}],\"inLanguage\":\"hr\"},{\"@type\":\"Person\",\"@id\":\"https:\/\/likemetkovic.hr\/#\/schema\/person\/a42711f3385a0e2be6f7e0443bfb28f0\",\"name\":\"LIKEmetkovic.hr\",\"sameAs\":[\"http:\/\/likemetkovic.hr\"],\"url\":\"https:\/\/likemetkovic.hr\/portal\/author\/likemetkovic-hr\/\"}]}<\/script>\n<!-- \/ Yoast SEO plugin. -->","yoast_head_json":{"title":"\u0160to slavimo na svetkovinu Svih svetih, a \u0161to je Du\u0161ni dan i potpuni oprost za pokojne? - likemetkovic.hr","robots":{"index":"index","follow":"follow","max-snippet":"max-snippet:-1","max-image-preview":"max-image-preview:large","max-video-preview":"max-video-preview:-1"},"canonical":"https:\/\/likemetkovic.hr\/portal\/svetkovina-svih-svetih-dusni-dan\/","og_locale":"hr_HR","og_type":"article","og_title":"\u0160to slavimo na svetkovinu Svih svetih, a \u0161to je Du\u0161ni dan i potpuni oprost za pokojne? - likemetkovic.hr","og_description":"Prvoga dana u studenome obilje\u017eavamo svetkovinu\u00a0Svih svetih, a dan nakon toga jo\u0161 jedan va\u017ean dan \u2013 Du\u0161ni dan koji mnogi gre\u0161kom nazivaju Dan mrtvih. Za ve\u0107inu kr\u0161\u0107ana svetkovina Svih svetih koji se obilje\u017eava prvog dana u studenom zna\u010di obilazak groblja i paljenje svije\u0107a u znak sje\u0107anja na najmilije koji su nas napustili, no mnogi pogre\u0161no [&hellip;]","og_url":"https:\/\/likemetkovic.hr\/portal\/svetkovina-svih-svetih-dusni-dan\/","og_site_name":"likemetkovic.hr","article_publisher":"https:\/\/www.facebook.com\/likemetkovic.hr\/","article_published_time":"2025-11-01T07:00:14+00:00","article_modified_time":"2025-11-01T07:13:54+00:00","og_image":[{"width":800,"height":533,"url":"https:\/\/likemetkovic.hr\/portal\/wp-content\/uploads\/2022\/11\/svi-sveti-2022-005.jpg","type":"image\/jpeg"}],"author":"LIKEmetkovic.hr","twitter_card":"summary_large_image","twitter_misc":{"Napisao\/la":"LIKEmetkovic.hr","Procijenjeno vrijeme \u010ditanja":"4 minute"},"schema":{"@context":"https:\/\/schema.org","@graph":[{"@type":"WebPage","@id":"https:\/\/likemetkovic.hr\/portal\/svetkovina-svih-svetih-dusni-dan\/","url":"https:\/\/likemetkovic.hr\/portal\/svetkovina-svih-svetih-dusni-dan\/","name":"\u0160to slavimo na svetkovinu Svih svetih, a \u0161to je Du\u0161ni dan i potpuni oprost za pokojne? - likemetkovic.hr","isPartOf":{"@id":"https:\/\/likemetkovic.hr\/#website"},"primaryImageOfPage":{"@id":"https:\/\/likemetkovic.hr\/portal\/svetkovina-svih-svetih-dusni-dan\/#primaryimage"},"image":{"@id":"https:\/\/likemetkovic.hr\/portal\/svetkovina-svih-svetih-dusni-dan\/#primaryimage"},"thumbnailUrl":"https:\/\/likemetkovic.hr\/portal\/wp-content\/uploads\/2022\/11\/svi-sveti-2022-005.jpg","datePublished":"2025-11-01T07:00:14+00:00","dateModified":"2025-11-01T07:13:54+00:00","author":{"@id":"https:\/\/likemetkovic.hr\/#\/schema\/person\/a42711f3385a0e2be6f7e0443bfb28f0"},"breadcrumb":{"@id":"https:\/\/likemetkovic.hr\/portal\/svetkovina-svih-svetih-dusni-dan\/#breadcrumb"},"inLanguage":"hr","potentialAction":[{"@type":"ReadAction","target":["https:\/\/likemetkovic.hr\/portal\/svetkovina-svih-svetih-dusni-dan\/"]}]},{"@type":"ImageObject","inLanguage":"hr","@id":"https:\/\/likemetkovic.hr\/portal\/svetkovina-svih-svetih-dusni-dan\/#primaryimage","url":"https:\/\/likemetkovic.hr\/portal\/wp-content\/uploads\/2022\/11\/svi-sveti-2022-005.jpg","contentUrl":"https:\/\/likemetkovic.hr\/portal\/wp-content\/uploads\/2022\/11\/svi-sveti-2022-005.jpg","width":800,"height":533},{"@type":"BreadcrumbList","@id":"https:\/\/likemetkovic.hr\/portal\/svetkovina-svih-svetih-dusni-dan\/#breadcrumb","itemListElement":[{"@type":"ListItem","position":1,"name":"Po\u010detna stranica","item":"https:\/\/likemetkovic.hr\/portal\/"},{"@type":"ListItem","position":2,"name":"\u0160to slavimo na svetkovinu Svih svetih, a \u0161to je Du\u0161ni dan i potpuni oprost za pokojne?"}]},{"@type":"WebSite","@id":"https:\/\/likemetkovic.hr\/#website","url":"https:\/\/likemetkovic.hr\/","name":"likemetkovic.hr","description":"Misli pozitivno... \u010ditaj LIKE","potentialAction":[{"@type":"SearchAction","target":{"@type":"EntryPoint","urlTemplate":"https:\/\/likemetkovic.hr\/?s={search_term_string}"},"query-input":{"@type":"PropertyValueSpecification","valueRequired":true,"valueName":"search_term_string"}}],"inLanguage":"hr"},{"@type":"Person","@id":"https:\/\/likemetkovic.hr\/#\/schema\/person\/a42711f3385a0e2be6f7e0443bfb28f0","name":"LIKEmetkovic.hr","sameAs":["http:\/\/likemetkovic.hr"],"url":"https:\/\/likemetkovic.hr\/portal\/author\/likemetkovic-hr\/"}]}},"_links":{"self":[{"href":"https:\/\/likemetkovic.hr\/portal\/wp-json\/wp\/v2\/posts\/69982","targetHints":{"allow":["GET"]}}],"collection":[{"href":"https:\/\/likemetkovic.hr\/portal\/wp-json\/wp\/v2\/posts"}],"about":[{"href":"https:\/\/likemetkovic.hr\/portal\/wp-json\/wp\/v2\/types\/post"}],"author":[{"embeddable":true,"href":"https:\/\/likemetkovic.hr\/portal\/wp-json\/wp\/v2\/users\/7"}],"replies":[{"embeddable":true,"href":"https:\/\/likemetkovic.hr\/portal\/wp-json\/wp\/v2\/comments?post=69982"}],"version-history":[{"count":5,"href":"https:\/\/likemetkovic.hr\/portal\/wp-json\/wp\/v2\/posts\/69982\/revisions"}],"predecessor-version":[{"id":169970,"href":"https:\/\/likemetkovic.hr\/portal\/wp-json\/wp\/v2\/posts\/69982\/revisions\/169970"}],"wp:featuredmedia":[{"embeddable":true,"href":"https:\/\/likemetkovic.hr\/portal\/wp-json\/wp\/v2\/media\/137610"}],"wp:attachment":[{"href":"https:\/\/likemetkovic.hr\/portal\/wp-json\/wp\/v2\/media?parent=69982"}],"wp:term":[{"taxonomy":"category","embeddable":true,"href":"https:\/\/likemetkovic.hr\/portal\/wp-json\/wp\/v2\/categories?post=69982"},{"taxonomy":"post_tag","embeddable":true,"href":"https:\/\/likemetkovic.hr\/portal\/wp-json\/wp\/v2\/tags?post=69982"}],"curies":[{"name":"wp","href":"https:\/\/api.w.org\/{rel}","templated":true}]}}