{"id":70574,"date":"2018-11-13T09:42:57","date_gmt":"2018-11-13T08:42:57","guid":{"rendered":"http:\/\/likemetkovic.hr\/?p=70574"},"modified":"2018-11-13T09:45:11","modified_gmt":"2018-11-13T08:45:11","slug":"erasmus-plus-gimnazija-metkovic-ugostila-26-ucenika-i-10-profesora-iz-4-europske-zemlje","status":"publish","type":"post","link":"https:\/\/likemetkovic.hr\/portal\/erasmus-plus-gimnazija-metkovic-ugostila-26-ucenika-i-10-profesora-iz-4-europske-zemlje\/","title":{"rendered":"ERASMUS: Gimnazija Metkovi\u0107 ugostila 26 u\u010denika i 10 profesora iz 4 europske zemlje"},"content":{"rendered":"<p><strong>Gimnazija <em>Metkovi\u0107<\/em><\/strong>, kao \u0161kola partner u <em>Erasmus plus<\/em> projektu\u00a0<em><strong>Digitalno mapiranje tradicionalnih obrta u Europi<\/strong>\u00a0 (A Digital Mapping of Traditional Jobs in Europe)<\/em>, ugostila je danas 26 u\u010denika i 10 profesora iz 4 europske zemlje koji \u0107e u na\u0161em gradu boraviti do 16. studenog.<\/p>\n<p>U prigodnom programu otvaranja projekta nastupio je gimnazijski zbor, a prisutne je u ime doma\u0107ina pozdravila prof. Branka Vladimir.<\/p>\n<p>Rije\u010d je o projektu pod vodstvom \u0161kole-koordinatora <em>Gymnasium W\u00fcrselen<\/em> iz Njema\u010dke koji je financiran od strane Europske unije preko<em> Agencije za mobilnost i programe EU<\/em>. Cilj projekta je <strong>pomo\u0107u digitalnih alata\u00a0prou\u010davati tradicionalne obrte u na\u0161em kraju<\/strong> te poticati zapo\u0161ljivost mladih gimnazijskih usmjerenja te \u0161irenje kulturnih i jezi\u010dnih vidika. Osim <strong>Hrvatske<\/strong> i <strong>Njema\u010dke<\/strong>, s nama su jo\u0161 i partnerske \u0161kole iz <strong>Italije<\/strong> (Firenza) i <strong>Francuske<\/strong> (Bourges).<\/p>\n<p>Prvi zajedni\u010dki susret organiziran je upravo u na\u0161em gradu. Doma\u0107in Gimnazija Metkovi\u0107 u tu svrhu pripremio program koji uklju\u010duje radionice i 3D printanje u Gimnaziji Metkovi\u0107, potragu za blagom na podru\u010dju Metkovi\u0107a, posjet Dubrovniku i Stonu te Prirodoslovnom muzeju Metkovi\u0107.<\/p>\n<p>Tijekom boravka profesori \u0107e biti smje\u0161teni u Hotelu <em>Narona<\/em>, a u\u010denici u obiteljima na\u0161ih gimnazijalaca. Da bi gosti u potpunosti do\u017eivjeli dolinu Neretve, u lokalnim restoranima \u0107e im, izme\u0111u ostalog, biti ponu\u0111ena tradicionalnih jela iz Neretve i Jadranskog mora.<\/p>\n\r\n                <style type=\"text\/css\">\r\n                    \r\n                    #tdi_1  .td-doubleSlider-2 .td-item1 {\r\n                        background: url(https:\/\/likemetkovic.hr\/portal\/wp-content\/uploads\/2018\/11\/gimnazija-metkovic-erasmus-7-80x60.jpg) 0 0 no-repeat;\r\n                    }\r\n                    #tdi_1  .td-doubleSlider-2 .td-item2 {\r\n                        background: url(https:\/\/likemetkovic.hr\/portal\/wp-content\/uploads\/2018\/11\/gimnazija-metkovic-erasmus-6-80x60.jpg) 0 0 no-repeat;\r\n                    }\r\n                    #tdi_1  .td-doubleSlider-2 .td-item3 {\r\n                        background: url(https:\/\/likemetkovic.hr\/portal\/wp-content\/uploads\/2018\/11\/gimnazija-metkovic-erasmus-5-80x60.jpg) 0 0 no-repeat;\r\n                    }\r\n                    #tdi_1  .td-doubleSlider-2 .td-item4 {\r\n                        background: url(https:\/\/likemetkovic.hr\/portal\/wp-content\/uploads\/2018\/11\/gimnazija-metkovic-erasmus-4-80x60.jpg) 0 0 no-repeat;\r\n                    }\r\n                    #tdi_1  .td-doubleSlider-2 .td-item5 {\r\n                        background: url(https:\/\/likemetkovic.hr\/portal\/wp-content\/uploads\/2018\/11\/gimnazija-metkovic-erasmus-3-80x60.jpg) 0 0 no-repeat;\r\n                    }\r\n                    #tdi_1  .td-doubleSlider-2 .td-item6 {\r\n                        background: url(https:\/\/likemetkovic.hr\/portal\/wp-content\/uploads\/2018\/11\/gimnazija-metkovic-erasmus-2-80x60.jpg) 0 0 no-repeat;\r\n                    }\r\n                    #tdi_1  .td-doubleSlider-2 .td-item7 {\r\n                        background: url(https:\/\/likemetkovic.hr\/portal\/wp-content\/uploads\/2018\/11\/gimnazija-metkovic-erasmus-1-80x60.jpg) 0 0 no-repeat;\r\n                    }\r\n                <\/style>\r\n\r\n                <div id=\"tdi_1\" class=\"td-gallery td-slide-on-2-columns\">\r\n                    <div class=\"post_td_gallery\">\r\n                        <div class=\"td-gallery-slide-top\">\r\n                           <div class=\"td-gallery-title\"><\/div>\r\n\r\n                            <div class=\"td-gallery-controls-wrapper\">\r\n                                <div class=\"td-gallery-slide-count\"><span class=\"td-gallery-slide-item-focus\">1<\/span> of 7<\/div>\r\n                                <div class=\"td-gallery-slide-prev-next-but\">\r\n                                    <i class = \"td-icon-left doubleSliderPrevButton\"><\/i>\r\n                                    <i class = \"td-icon-right doubleSliderNextButton\"><\/i>\r\n                                <\/div>\r\n                            <\/div>\r\n                        <\/div>\r\n\r\n                        <div class = \"td-doubleSlider-1 \">\r\n                            <div class = \"td-slider\">\r\n                                \r\n                    <div class = \"td-slide-item td-item1\">\r\n                        <figure class=\"td-slide-galery-figure td-slide-popup-gallery\">\r\n                            <a class=\"slide-gallery-image-link\" href=\"https:\/\/likemetkovic.hr\/portal\/wp-content\/uploads\/2018\/11\/gimnazija-metkovic-erasmus-7.jpg\" title=\"gimnazija metkovic erasmus (7)\"  data-caption=\"\"  data-description=\"\">\r\n                                <img decoding=\"async\" src=\"https:\/\/likemetkovic.hr\/portal\/wp-content\/uploads\/2018\/11\/gimnazija-metkovic-erasmus-7-630x420.jpg\" srcset=\"https:\/\/likemetkovic.hr\/portal\/wp-content\/uploads\/2018\/11\/gimnazija-metkovic-erasmus-7-630x420.jpg 630w, https:\/\/likemetkovic.hr\/portal\/wp-content\/uploads\/2018\/11\/gimnazija-metkovic-erasmus-7.jpg 800w, https:\/\/likemetkovic.hr\/portal\/wp-content\/uploads\/2018\/11\/gimnazija-metkovic-erasmus-7-768x512.jpg 768w, https:\/\/likemetkovic.hr\/portal\/wp-content\/uploads\/2018\/11\/gimnazija-metkovic-erasmus-7-696x464.jpg 696w, https:\/\/likemetkovic.hr\/portal\/wp-content\/uploads\/2018\/11\/gimnazija-metkovic-erasmus-7-560x373.jpg 560w\" sizes=\"(max-width: 630px) 100vw, 630px\" alt=\"\">\r\n                            <\/a>\r\n                            \r\n                        <\/figure>\r\n                    <\/div>\r\n                    <div class = \"td-slide-item td-item2\">\r\n                        <figure class=\"td-slide-galery-figure td-slide-popup-gallery\">\r\n                            <a class=\"slide-gallery-image-link\" href=\"https:\/\/likemetkovic.hr\/portal\/wp-content\/uploads\/2018\/11\/gimnazija-metkovic-erasmus-6.jpg\" title=\"gimnazija metkovic erasmus (6)\"  data-caption=\"\"  data-description=\"\">\r\n                                <img decoding=\"async\" src=\"https:\/\/likemetkovic.hr\/portal\/wp-content\/uploads\/2018\/11\/gimnazija-metkovic-erasmus-6-630x420.jpg\" srcset=\"https:\/\/likemetkovic.hr\/portal\/wp-content\/uploads\/2018\/11\/gimnazija-metkovic-erasmus-6-630x420.jpg 630w, https:\/\/likemetkovic.hr\/portal\/wp-content\/uploads\/2018\/11\/gimnazija-metkovic-erasmus-6.jpg 800w, https:\/\/likemetkovic.hr\/portal\/wp-content\/uploads\/2018\/11\/gimnazija-metkovic-erasmus-6-768x512.jpg 768w, https:\/\/likemetkovic.hr\/portal\/wp-content\/uploads\/2018\/11\/gimnazija-metkovic-erasmus-6-696x464.jpg 696w, https:\/\/likemetkovic.hr\/portal\/wp-content\/uploads\/2018\/11\/gimnazija-metkovic-erasmus-6-560x373.jpg 560w\" sizes=\"(max-width: 630px) 100vw, 630px\" alt=\"\">\r\n                            <\/a>\r\n                            \r\n                        <\/figure>\r\n                    <\/div>\r\n                    <div class = \"td-slide-item td-item3\">\r\n                        <figure class=\"td-slide-galery-figure td-slide-popup-gallery\">\r\n                            <a class=\"slide-gallery-image-link\" href=\"https:\/\/likemetkovic.hr\/portal\/wp-content\/uploads\/2018\/11\/gimnazija-metkovic-erasmus-5.jpg\" title=\"gimnazija metkovic erasmus (5)\"  data-caption=\"\"  data-description=\"\">\r\n                                <img decoding=\"async\" src=\"https:\/\/likemetkovic.hr\/portal\/wp-content\/uploads\/2018\/11\/gimnazija-metkovic-erasmus-5-630x420.jpg\" srcset=\"https:\/\/likemetkovic.hr\/portal\/wp-content\/uploads\/2018\/11\/gimnazija-metkovic-erasmus-5-630x420.jpg 630w, https:\/\/likemetkovic.hr\/portal\/wp-content\/uploads\/2018\/11\/gimnazija-metkovic-erasmus-5.jpg 800w, https:\/\/likemetkovic.hr\/portal\/wp-content\/uploads\/2018\/11\/gimnazija-metkovic-erasmus-5-768x512.jpg 768w, https:\/\/likemetkovic.hr\/portal\/wp-content\/uploads\/2018\/11\/gimnazija-metkovic-erasmus-5-696x464.jpg 696w, https:\/\/likemetkovic.hr\/portal\/wp-content\/uploads\/2018\/11\/gimnazija-metkovic-erasmus-5-560x373.jpg 560w\" sizes=\"(max-width: 630px) 100vw, 630px\" alt=\"\">\r\n                            <\/a>\r\n                            \r\n                        <\/figure>\r\n                    <\/div>\r\n                    <div class = \"td-slide-item td-item4\">\r\n                        <figure class=\"td-slide-galery-figure td-slide-popup-gallery\">\r\n                            <a class=\"slide-gallery-image-link\" href=\"https:\/\/likemetkovic.hr\/portal\/wp-content\/uploads\/2018\/11\/gimnazija-metkovic-erasmus-4.jpg\" title=\"gimnazija metkovic erasmus (4)\"  data-caption=\"\"  data-description=\"\">\r\n                                <img decoding=\"async\" src=\"https:\/\/likemetkovic.hr\/portal\/wp-content\/uploads\/2018\/11\/gimnazija-metkovic-erasmus-4-630x420.jpg\" srcset=\"https:\/\/likemetkovic.hr\/portal\/wp-content\/uploads\/2018\/11\/gimnazija-metkovic-erasmus-4-630x420.jpg 630w, https:\/\/likemetkovic.hr\/portal\/wp-content\/uploads\/2018\/11\/gimnazija-metkovic-erasmus-4.jpg 800w, https:\/\/likemetkovic.hr\/portal\/wp-content\/uploads\/2018\/11\/gimnazija-metkovic-erasmus-4-768x512.jpg 768w, https:\/\/likemetkovic.hr\/portal\/wp-content\/uploads\/2018\/11\/gimnazija-metkovic-erasmus-4-696x464.jpg 696w, https:\/\/likemetkovic.hr\/portal\/wp-content\/uploads\/2018\/11\/gimnazija-metkovic-erasmus-4-560x373.jpg 560w\" sizes=\"(max-width: 630px) 100vw, 630px\" alt=\"\">\r\n                            <\/a>\r\n                            \r\n                        <\/figure>\r\n                    <\/div>\r\n                    <div class = \"td-slide-item td-item5\">\r\n                        <figure class=\"td-slide-galery-figure td-slide-popup-gallery\">\r\n                            <a class=\"slide-gallery-image-link\" href=\"https:\/\/likemetkovic.hr\/portal\/wp-content\/uploads\/2018\/11\/gimnazija-metkovic-erasmus-3.jpg\" title=\"gimnazija metkovic erasmus (3)\"  data-caption=\"\"  data-description=\"\">\r\n                                <img decoding=\"async\" src=\"https:\/\/likemetkovic.hr\/portal\/wp-content\/uploads\/2018\/11\/gimnazija-metkovic-erasmus-3-630x420.jpg\" srcset=\"https:\/\/likemetkovic.hr\/portal\/wp-content\/uploads\/2018\/11\/gimnazija-metkovic-erasmus-3-630x420.jpg 630w, https:\/\/likemetkovic.hr\/portal\/wp-content\/uploads\/2018\/11\/gimnazija-metkovic-erasmus-3.jpg 800w, https:\/\/likemetkovic.hr\/portal\/wp-content\/uploads\/2018\/11\/gimnazija-metkovic-erasmus-3-768x512.jpg 768w, https:\/\/likemetkovic.hr\/portal\/wp-content\/uploads\/2018\/11\/gimnazija-metkovic-erasmus-3-696x464.jpg 696w, https:\/\/likemetkovic.hr\/portal\/wp-content\/uploads\/2018\/11\/gimnazija-metkovic-erasmus-3-560x373.jpg 560w\" sizes=\"(max-width: 630px) 100vw, 630px\" alt=\"\">\r\n                            <\/a>\r\n                            \r\n                        <\/figure>\r\n                    <\/div>\r\n                    <div class = \"td-slide-item td-item6\">\r\n                        <figure class=\"td-slide-galery-figure td-slide-popup-gallery\">\r\n                            <a class=\"slide-gallery-image-link\" href=\"https:\/\/likemetkovic.hr\/portal\/wp-content\/uploads\/2018\/11\/gimnazija-metkovic-erasmus-2.jpg\" title=\"gimnazija metkovic erasmus (2)\"  data-caption=\"\"  data-description=\"\">\r\n                                <img decoding=\"async\" src=\"https:\/\/likemetkovic.hr\/portal\/wp-content\/uploads\/2018\/11\/gimnazija-metkovic-erasmus-2-627x420.jpg\" srcset=\"https:\/\/likemetkovic.hr\/portal\/wp-content\/uploads\/2018\/11\/gimnazija-metkovic-erasmus-2-627x420.jpg 627w, https:\/\/likemetkovic.hr\/portal\/wp-content\/uploads\/2018\/11\/gimnazija-metkovic-erasmus-2.jpg 800w, https:\/\/likemetkovic.hr\/portal\/wp-content\/uploads\/2018\/11\/gimnazija-metkovic-erasmus-2-768x515.jpg 768w, https:\/\/likemetkovic.hr\/portal\/wp-content\/uploads\/2018\/11\/gimnazija-metkovic-erasmus-2-696x466.jpg 696w, https:\/\/likemetkovic.hr\/portal\/wp-content\/uploads\/2018\/11\/gimnazija-metkovic-erasmus-2-560x375.jpg 560w\" sizes=\"(max-width: 627px) 100vw, 627px\" alt=\"\">\r\n                            <\/a>\r\n                            \r\n                        <\/figure>\r\n                    <\/div>\r\n                    <div class = \"td-slide-item td-item7\">\r\n                        <figure class=\"td-slide-galery-figure td-slide-popup-gallery\">\r\n                            <a class=\"slide-gallery-image-link\" href=\"https:\/\/likemetkovic.hr\/portal\/wp-content\/uploads\/2018\/11\/gimnazija-metkovic-erasmus-1.jpg\" title=\"gimnazija metkovic erasmus (1)\"  data-caption=\"\"  data-description=\"\">\r\n                                <img decoding=\"async\" src=\"https:\/\/likemetkovic.hr\/portal\/wp-content\/uploads\/2018\/11\/gimnazija-metkovic-erasmus-1-630x420.jpg\" srcset=\"https:\/\/likemetkovic.hr\/portal\/wp-content\/uploads\/2018\/11\/gimnazija-metkovic-erasmus-1-630x420.jpg 630w, https:\/\/likemetkovic.hr\/portal\/wp-content\/uploads\/2018\/11\/gimnazija-metkovic-erasmus-1.jpg 800w, https:\/\/likemetkovic.hr\/portal\/wp-content\/uploads\/2018\/11\/gimnazija-metkovic-erasmus-1-768x512.jpg 768w, https:\/\/likemetkovic.hr\/portal\/wp-content\/uploads\/2018\/11\/gimnazija-metkovic-erasmus-1-696x464.jpg 696w, https:\/\/likemetkovic.hr\/portal\/wp-content\/uploads\/2018\/11\/gimnazija-metkovic-erasmus-1-560x373.jpg 560w\" sizes=\"(max-width: 630px) 100vw, 630px\" alt=\"\">\r\n                            <\/a>\r\n                            \r\n                        <\/figure>\r\n                    <\/div>\r\n                            <\/div>\r\n                        <\/div>\r\n\r\n                        <div class = \"td-doubleSlider-2\">\r\n                            <div class = \"td-slider\">\r\n                                \r\n                    <div class = \"td-button td-item1\">\r\n                        <div class = \"td-border\"><\/div>\r\n                    <\/div>\r\n                    <div class = \"td-button td-item2\">\r\n                        <div class = \"td-border\"><\/div>\r\n                    <\/div>\r\n                    <div class = \"td-button td-item3\">\r\n                        <div class = \"td-border\"><\/div>\r\n                    <\/div>\r\n                    <div class = \"td-button td-item4\">\r\n                        <div class = \"td-border\"><\/div>\r\n                    <\/div>\r\n                    <div class = \"td-button td-item5\">\r\n                        <div class = \"td-border\"><\/div>\r\n                    <\/div>\r\n                    <div class = \"td-button td-item6\">\r\n                        <div class = \"td-border\"><\/div>\r\n                    <\/div>\r\n                    <div class = \"td-button td-item7\">\r\n                        <div class = \"td-border\"><\/div>\r\n                    <\/div>\r\n                            <\/div>\r\n                        <\/div>\r\n\r\n                    <\/div>\r\n\r\n                <\/div>\r\n                \n","protected":false},"excerpt":{"rendered":"<p>Gimnazija Metkovi\u0107, kao \u0161kola partner u Erasmus plus projektu\u00a0Digitalno mapiranje tradicionalnih obrta u Europi\u00a0 (A Digital Mapping of Traditional Jobs in Europe), ugostila je danas 26 u\u010denika i 10 profesora iz 4 europske zemlje koji \u0107e u na\u0161em gradu boraviti do 16. studenog. U prigodnom programu otvaranja projekta nastupio je gimnazijski zbor, a prisutne je [&hellip;]<\/p>\n","protected":false},"author":7,"featured_media":70583,"comment_status":"open","ping_status":"open","sticky":false,"template":"","format":"standard","meta":{"footnotes":""},"categories":[283,166],"tags":[1863,332],"class_list":{"0":"post-70574","1":"post","2":"type-post","3":"status-publish","4":"format-standard","5":"has-post-thumbnail","7":"category-a","8":"category-skolstvo","9":"tag-erasmus-plus","10":"tag-gimnazija-metkovic"},"yoast_head":"<!-- This site is optimized with the Yoast SEO plugin v25.2 - https:\/\/yoast.com\/wordpress\/plugins\/seo\/ -->\n<title>ERASMUS: Gimnazija Metkovi\u0107 ugostila 26 u\u010denika i 10 profesora iz 4 europske zemlje - likemetkovic.hr<\/title>\n<meta name=\"robots\" content=\"index, follow, max-snippet:-1, max-image-preview:large, max-video-preview:-1\" \/>\n<link rel=\"canonical\" href=\"https:\/\/likemetkovic.hr\/erasmus-plus-gimnazija-metkovic-ugostila-26-ucenika-i-10-profesora-iz-4-europske-zemlje\/\" \/>\n<meta property=\"og:locale\" content=\"hr_HR\" \/>\n<meta property=\"og:type\" content=\"article\" \/>\n<meta property=\"og:title\" content=\"ERASMUS: Gimnazija Metkovi\u0107 ugostila 26 u\u010denika i 10 profesora iz 4 europske zemlje - likemetkovic.hr\" \/>\n<meta property=\"og:description\" content=\"Gimnazija Metkovi\u0107, kao \u0161kola partner u Erasmus plus projektu\u00a0Digitalno mapiranje tradicionalnih obrta u Europi\u00a0 (A Digital Mapping of Traditional Jobs in Europe), ugostila je danas 26 u\u010denika i 10 profesora iz 4 europske zemlje koji \u0107e u na\u0161em gradu boraviti do 16. studenog. U prigodnom programu otvaranja projekta nastupio je gimnazijski zbor, a prisutne je [&hellip;]\" \/>\n<meta property=\"og:url\" content=\"https:\/\/likemetkovic.hr\/erasmus-plus-gimnazija-metkovic-ugostila-26-ucenika-i-10-profesora-iz-4-europske-zemlje\/\" \/>\n<meta property=\"og:site_name\" content=\"likemetkovic.hr\" \/>\n<meta property=\"article:publisher\" content=\"https:\/\/www.facebook.com\/likemetkovic.hr\/\" \/>\n<meta property=\"article:published_time\" content=\"2018-11-13T08:42:57+00:00\" \/>\n<meta property=\"article:modified_time\" content=\"2018-11-13T08:45:11+00:00\" \/>\n<meta property=\"og:image\" content=\"https:\/\/likemetkovic.hr\/wp-content\/uploads\/2018\/11\/gimnazija-metkovic-erasmus-3.jpg\" \/>\n\t<meta property=\"og:image:width\" content=\"800\" \/>\n\t<meta property=\"og:image:height\" content=\"533\" \/>\n\t<meta property=\"og:image:type\" content=\"image\/jpeg\" \/>\n<meta name=\"author\" content=\"LIKEmetkovic.hr\" \/>\n<meta name=\"twitter:card\" content=\"summary_large_image\" \/>\n<meta name=\"twitter:label1\" content=\"Napisao\/la\" \/>\n\t<meta name=\"twitter:data1\" content=\"LIKEmetkovic.hr\" \/>\n\t<meta name=\"twitter:label2\" content=\"Procijenjeno vrijeme \u010ditanja\" \/>\n\t<meta name=\"twitter:data2\" content=\"1 minuta\" \/>\n<script type=\"application\/ld+json\" class=\"yoast-schema-graph\">{\"@context\":\"https:\/\/schema.org\",\"@graph\":[{\"@type\":\"WebPage\",\"@id\":\"https:\/\/likemetkovic.hr\/erasmus-plus-gimnazija-metkovic-ugostila-26-ucenika-i-10-profesora-iz-4-europske-zemlje\/\",\"url\":\"https:\/\/likemetkovic.hr\/erasmus-plus-gimnazija-metkovic-ugostila-26-ucenika-i-10-profesora-iz-4-europske-zemlje\/\",\"name\":\"ERASMUS: Gimnazija Metkovi\u0107 ugostila 26 u\u010denika i 10 profesora iz 4 europske zemlje - likemetkovic.hr\",\"isPartOf\":{\"@id\":\"https:\/\/likemetkovic.hr\/#website\"},\"primaryImageOfPage\":{\"@id\":\"https:\/\/likemetkovic.hr\/erasmus-plus-gimnazija-metkovic-ugostila-26-ucenika-i-10-profesora-iz-4-europske-zemlje\/#primaryimage\"},\"image\":{\"@id\":\"https:\/\/likemetkovic.hr\/erasmus-plus-gimnazija-metkovic-ugostila-26-ucenika-i-10-profesora-iz-4-europske-zemlje\/#primaryimage\"},\"thumbnailUrl\":\"https:\/\/likemetkovic.hr\/portal\/wp-content\/uploads\/2018\/11\/gimnazija-metkovic-erasmus-3.jpg\",\"datePublished\":\"2018-11-13T08:42:57+00:00\",\"dateModified\":\"2018-11-13T08:45:11+00:00\",\"author\":{\"@id\":\"https:\/\/likemetkovic.hr\/#\/schema\/person\/a42711f3385a0e2be6f7e0443bfb28f0\"},\"breadcrumb\":{\"@id\":\"https:\/\/likemetkovic.hr\/erasmus-plus-gimnazija-metkovic-ugostila-26-ucenika-i-10-profesora-iz-4-europske-zemlje\/#breadcrumb\"},\"inLanguage\":\"hr\",\"potentialAction\":[{\"@type\":\"ReadAction\",\"target\":[\"https:\/\/likemetkovic.hr\/erasmus-plus-gimnazija-metkovic-ugostila-26-ucenika-i-10-profesora-iz-4-europske-zemlje\/\"]}]},{\"@type\":\"ImageObject\",\"inLanguage\":\"hr\",\"@id\":\"https:\/\/likemetkovic.hr\/erasmus-plus-gimnazija-metkovic-ugostila-26-ucenika-i-10-profesora-iz-4-europske-zemlje\/#primaryimage\",\"url\":\"https:\/\/likemetkovic.hr\/portal\/wp-content\/uploads\/2018\/11\/gimnazija-metkovic-erasmus-3.jpg\",\"contentUrl\":\"https:\/\/likemetkovic.hr\/portal\/wp-content\/uploads\/2018\/11\/gimnazija-metkovic-erasmus-3.jpg\",\"width\":800,\"height\":533},{\"@type\":\"BreadcrumbList\",\"@id\":\"https:\/\/likemetkovic.hr\/erasmus-plus-gimnazija-metkovic-ugostila-26-ucenika-i-10-profesora-iz-4-europske-zemlje\/#breadcrumb\",\"itemListElement\":[{\"@type\":\"ListItem\",\"position\":1,\"name\":\"Po\u010detna stranica\",\"item\":\"https:\/\/likemetkovic.hr\/portal\/\"},{\"@type\":\"ListItem\",\"position\":2,\"name\":\"ERASMUS: Gimnazija Metkovi\u0107 ugostila 26 u\u010denika i 10 profesora iz 4 europske zemlje\"}]},{\"@type\":\"WebSite\",\"@id\":\"https:\/\/likemetkovic.hr\/#website\",\"url\":\"https:\/\/likemetkovic.hr\/\",\"name\":\"likemetkovic.hr\",\"description\":\"Misli pozitivno... \u010ditaj LIKE\",\"potentialAction\":[{\"@type\":\"SearchAction\",\"target\":{\"@type\":\"EntryPoint\",\"urlTemplate\":\"https:\/\/likemetkovic.hr\/?s={search_term_string}\"},\"query-input\":{\"@type\":\"PropertyValueSpecification\",\"valueRequired\":true,\"valueName\":\"search_term_string\"}}],\"inLanguage\":\"hr\"},{\"@type\":\"Person\",\"@id\":\"https:\/\/likemetkovic.hr\/#\/schema\/person\/a42711f3385a0e2be6f7e0443bfb28f0\",\"name\":\"LIKEmetkovic.hr\",\"sameAs\":[\"http:\/\/likemetkovic.hr\"],\"url\":\"https:\/\/likemetkovic.hr\/portal\/author\/likemetkovic-hr\/\"}]}<\/script>\n<!-- \/ Yoast SEO plugin. -->","yoast_head_json":{"title":"ERASMUS: Gimnazija Metkovi\u0107 ugostila 26 u\u010denika i 10 profesora iz 4 europske zemlje - likemetkovic.hr","robots":{"index":"index","follow":"follow","max-snippet":"max-snippet:-1","max-image-preview":"max-image-preview:large","max-video-preview":"max-video-preview:-1"},"canonical":"https:\/\/likemetkovic.hr\/erasmus-plus-gimnazija-metkovic-ugostila-26-ucenika-i-10-profesora-iz-4-europske-zemlje\/","og_locale":"hr_HR","og_type":"article","og_title":"ERASMUS: Gimnazija Metkovi\u0107 ugostila 26 u\u010denika i 10 profesora iz 4 europske zemlje - likemetkovic.hr","og_description":"Gimnazija Metkovi\u0107, kao \u0161kola partner u Erasmus plus projektu\u00a0Digitalno mapiranje tradicionalnih obrta u Europi\u00a0 (A Digital Mapping of Traditional Jobs in Europe), ugostila je danas 26 u\u010denika i 10 profesora iz 4 europske zemlje koji \u0107e u na\u0161em gradu boraviti do 16. studenog. U prigodnom programu otvaranja projekta nastupio je gimnazijski zbor, a prisutne je [&hellip;]","og_url":"https:\/\/likemetkovic.hr\/erasmus-plus-gimnazija-metkovic-ugostila-26-ucenika-i-10-profesora-iz-4-europske-zemlje\/","og_site_name":"likemetkovic.hr","article_publisher":"https:\/\/www.facebook.com\/likemetkovic.hr\/","article_published_time":"2018-11-13T08:42:57+00:00","article_modified_time":"2018-11-13T08:45:11+00:00","og_image":[{"width":800,"height":533,"url":"https:\/\/likemetkovic.hr\/wp-content\/uploads\/2018\/11\/gimnazija-metkovic-erasmus-3.jpg","type":"image\/jpeg"}],"author":"LIKEmetkovic.hr","twitter_card":"summary_large_image","twitter_misc":{"Napisao\/la":"LIKEmetkovic.hr","Procijenjeno vrijeme \u010ditanja":"1 minuta"},"schema":{"@context":"https:\/\/schema.org","@graph":[{"@type":"WebPage","@id":"https:\/\/likemetkovic.hr\/erasmus-plus-gimnazija-metkovic-ugostila-26-ucenika-i-10-profesora-iz-4-europske-zemlje\/","url":"https:\/\/likemetkovic.hr\/erasmus-plus-gimnazija-metkovic-ugostila-26-ucenika-i-10-profesora-iz-4-europske-zemlje\/","name":"ERASMUS: Gimnazija Metkovi\u0107 ugostila 26 u\u010denika i 10 profesora iz 4 europske zemlje - likemetkovic.hr","isPartOf":{"@id":"https:\/\/likemetkovic.hr\/#website"},"primaryImageOfPage":{"@id":"https:\/\/likemetkovic.hr\/erasmus-plus-gimnazija-metkovic-ugostila-26-ucenika-i-10-profesora-iz-4-europske-zemlje\/#primaryimage"},"image":{"@id":"https:\/\/likemetkovic.hr\/erasmus-plus-gimnazija-metkovic-ugostila-26-ucenika-i-10-profesora-iz-4-europske-zemlje\/#primaryimage"},"thumbnailUrl":"https:\/\/likemetkovic.hr\/portal\/wp-content\/uploads\/2018\/11\/gimnazija-metkovic-erasmus-3.jpg","datePublished":"2018-11-13T08:42:57+00:00","dateModified":"2018-11-13T08:45:11+00:00","author":{"@id":"https:\/\/likemetkovic.hr\/#\/schema\/person\/a42711f3385a0e2be6f7e0443bfb28f0"},"breadcrumb":{"@id":"https:\/\/likemetkovic.hr\/erasmus-plus-gimnazija-metkovic-ugostila-26-ucenika-i-10-profesora-iz-4-europske-zemlje\/#breadcrumb"},"inLanguage":"hr","potentialAction":[{"@type":"ReadAction","target":["https:\/\/likemetkovic.hr\/erasmus-plus-gimnazija-metkovic-ugostila-26-ucenika-i-10-profesora-iz-4-europske-zemlje\/"]}]},{"@type":"ImageObject","inLanguage":"hr","@id":"https:\/\/likemetkovic.hr\/erasmus-plus-gimnazija-metkovic-ugostila-26-ucenika-i-10-profesora-iz-4-europske-zemlje\/#primaryimage","url":"https:\/\/likemetkovic.hr\/portal\/wp-content\/uploads\/2018\/11\/gimnazija-metkovic-erasmus-3.jpg","contentUrl":"https:\/\/likemetkovic.hr\/portal\/wp-content\/uploads\/2018\/11\/gimnazija-metkovic-erasmus-3.jpg","width":800,"height":533},{"@type":"BreadcrumbList","@id":"https:\/\/likemetkovic.hr\/erasmus-plus-gimnazija-metkovic-ugostila-26-ucenika-i-10-profesora-iz-4-europske-zemlje\/#breadcrumb","itemListElement":[{"@type":"ListItem","position":1,"name":"Po\u010detna stranica","item":"https:\/\/likemetkovic.hr\/portal\/"},{"@type":"ListItem","position":2,"name":"ERASMUS: Gimnazija Metkovi\u0107 ugostila 26 u\u010denika i 10 profesora iz 4 europske zemlje"}]},{"@type":"WebSite","@id":"https:\/\/likemetkovic.hr\/#website","url":"https:\/\/likemetkovic.hr\/","name":"likemetkovic.hr","description":"Misli pozitivno... \u010ditaj LIKE","potentialAction":[{"@type":"SearchAction","target":{"@type":"EntryPoint","urlTemplate":"https:\/\/likemetkovic.hr\/?s={search_term_string}"},"query-input":{"@type":"PropertyValueSpecification","valueRequired":true,"valueName":"search_term_string"}}],"inLanguage":"hr"},{"@type":"Person","@id":"https:\/\/likemetkovic.hr\/#\/schema\/person\/a42711f3385a0e2be6f7e0443bfb28f0","name":"LIKEmetkovic.hr","sameAs":["http:\/\/likemetkovic.hr"],"url":"https:\/\/likemetkovic.hr\/portal\/author\/likemetkovic-hr\/"}]}},"_links":{"self":[{"href":"https:\/\/likemetkovic.hr\/portal\/wp-json\/wp\/v2\/posts\/70574","targetHints":{"allow":["GET"]}}],"collection":[{"href":"https:\/\/likemetkovic.hr\/portal\/wp-json\/wp\/v2\/posts"}],"about":[{"href":"https:\/\/likemetkovic.hr\/portal\/wp-json\/wp\/v2\/types\/post"}],"author":[{"embeddable":true,"href":"https:\/\/likemetkovic.hr\/portal\/wp-json\/wp\/v2\/users\/7"}],"replies":[{"embeddable":true,"href":"https:\/\/likemetkovic.hr\/portal\/wp-json\/wp\/v2\/comments?post=70574"}],"version-history":[{"count":0,"href":"https:\/\/likemetkovic.hr\/portal\/wp-json\/wp\/v2\/posts\/70574\/revisions"}],"wp:featuredmedia":[{"embeddable":true,"href":"https:\/\/likemetkovic.hr\/portal\/wp-json\/wp\/v2\/media\/70583"}],"wp:attachment":[{"href":"https:\/\/likemetkovic.hr\/portal\/wp-json\/wp\/v2\/media?parent=70574"}],"wp:term":[{"taxonomy":"category","embeddable":true,"href":"https:\/\/likemetkovic.hr\/portal\/wp-json\/wp\/v2\/categories?post=70574"},{"taxonomy":"post_tag","embeddable":true,"href":"https:\/\/likemetkovic.hr\/portal\/wp-json\/wp\/v2\/tags?post=70574"}],"curies":[{"name":"wp","href":"https:\/\/api.w.org\/{rel}","templated":true}]}}