{"id":70576,"date":"2018-11-13T09:25:13","date_gmt":"2018-11-13T08:25:13","guid":{"rendered":"http:\/\/likemetkovic.hr\/?p=70576"},"modified":"2018-11-13T09:25:52","modified_gmt":"2018-11-13T08:25:52","slug":"u-jucerasnjoj-prometnoj-nesreci-u-zatonu-ozlijedeno-6-osoba","status":"publish","type":"post","link":"https:\/\/likemetkovic.hr\/portal\/u-jucerasnjoj-prometnoj-nesreci-u-zatonu-ozlijedeno-6-osoba\/","title":{"rendered":"U ju\u010dera\u0161njoj prometnoj nesre\u0107i u Zatonu ozlije\u0111eno 6 osoba"},"content":{"rendered":"<p>U ju\u010dera\u0161njoj te\u0161koj prometnoj nesre\u0107i koja se, oko 13 sati, dogodila na dijelu Jadranske magistrale u mjestu Zaton pokraj Dubrovnika, tri su osobe te\u017ee, a jo\u0161 troje ih je lak\u0161e ozlije\u0111eno, priop\u0107uju iz <em>PU dubrova\u010dko-neretvanske<\/em>.<\/p>\n<p>Do prometne nesre\u0107e je do\u0161lo kada je 40-godi\u0161nji voza\u010d kombi vozila dubrova\u010dkih registracijskih oznaka, koji se kretao u pravcu Slanog, izlaskom iz zavoja, zbog brzine neprimjerene uvjetima i stanju kolnika, izgubio nadzor nad vozilom i prednjim dijelom udario u dva metalna stupi\u0107a na nogostupu, potom i u stup javne rasvjete i na kraju u kameni zid s iste strane kolnika.<\/p>\n<p>U nesre\u0107i su te\u0161ke tjelesne ozlijede zadobili voza\u010d, 59-godi\u0161nja suputnica i 12-godi\u0161nje dijete, dok je jo\u0161 troje putnika zadobilo lak\u0161e tjelesne ozlijede.<\/p>\n<p>Zbog po\u010dinjenog kaznenog djela \u201eIzazivanje prometne nesre\u0107e\u201c protiv voza\u010da slijedi kaznena prijava nadle\u017enom dr\u017eavnom odvjetni\u0161tvu u Dubrovniku.<\/p>\n<p>Foto: JVP Dubrovnik<\/p>\n","protected":false},"excerpt":{"rendered":"<p>U ju\u010dera\u0161njoj te\u0161koj prometnoj nesre\u0107i koja se, oko 13 sati, dogodila na dijelu Jadranske magistrale u mjestu Zaton pokraj Dubrovnika, tri su osobe te\u017ee, a jo\u0161 troje ih je lak\u0161e ozlije\u0111eno, priop\u0107uju iz PU dubrova\u010dko-neretvanske. Do prometne nesre\u0107e je do\u0161lo kada je 40-godi\u0161nji voza\u010d kombi vozila dubrova\u010dkih registracijskih oznaka, koji se kretao u pravcu Slanog, [&hellip;]<\/p>\n","protected":false},"author":7,"featured_media":70578,"comment_status":"open","ping_status":"open","sticky":false,"template":"","format":"standard","meta":{"footnotes":""},"categories":[296,305],"tags":[568,3499],"class_list":{"0":"post-70576","1":"post","2":"type-post","3":"status-publish","4":"format-standard","5":"has-post-thumbnail","7":"category-ab","8":"category-crna-kronika","9":"tag-prometna-nesreca","10":"tag-zaton"},"yoast_head":"<!-- This site is optimized with the Yoast SEO plugin v25.2 - https:\/\/yoast.com\/wordpress\/plugins\/seo\/ -->\n<title>U ju\u010dera\u0161njoj prometnoj nesre\u0107i u Zatonu ozlije\u0111eno 6 osoba - likemetkovic.hr<\/title>\n<meta name=\"robots\" content=\"index, follow, max-snippet:-1, max-image-preview:large, max-video-preview:-1\" \/>\n<link rel=\"canonical\" href=\"https:\/\/likemetkovic.hr\/u-jucerasnjoj-prometnoj-nesreci-u-zatonu-ozlijedeno-6-osoba\/\" \/>\n<meta property=\"og:locale\" content=\"hr_HR\" \/>\n<meta property=\"og:type\" content=\"article\" \/>\n<meta property=\"og:title\" content=\"U ju\u010dera\u0161njoj prometnoj nesre\u0107i u Zatonu ozlije\u0111eno 6 osoba - likemetkovic.hr\" \/>\n<meta property=\"og:description\" content=\"U ju\u010dera\u0161njoj te\u0161koj prometnoj nesre\u0107i koja se, oko 13 sati, dogodila na dijelu Jadranske magistrale u mjestu Zaton pokraj Dubrovnika, tri su osobe te\u017ee, a jo\u0161 troje ih je lak\u0161e ozlije\u0111eno, priop\u0107uju iz PU dubrova\u010dko-neretvanske. Do prometne nesre\u0107e je do\u0161lo kada je 40-godi\u0161nji voza\u010d kombi vozila dubrova\u010dkih registracijskih oznaka, koji se kretao u pravcu Slanog, [&hellip;]\" \/>\n<meta property=\"og:url\" content=\"https:\/\/likemetkovic.hr\/u-jucerasnjoj-prometnoj-nesreci-u-zatonu-ozlijedeno-6-osoba\/\" \/>\n<meta property=\"og:site_name\" content=\"likemetkovic.hr\" \/>\n<meta property=\"article:publisher\" content=\"https:\/\/www.facebook.com\/likemetkovic.hr\/\" \/>\n<meta property=\"article:published_time\" content=\"2018-11-13T08:25:13+00:00\" \/>\n<meta property=\"article:modified_time\" content=\"2018-11-13T08:25:52+00:00\" \/>\n<meta property=\"og:image\" content=\"https:\/\/likemetkovic.hr\/wp-content\/uploads\/2018\/11\/zaton-prometna.jpg\" \/>\n\t<meta property=\"og:image:width\" content=\"800\" \/>\n\t<meta property=\"og:image:height\" content=\"600\" \/>\n\t<meta property=\"og:image:type\" content=\"image\/jpeg\" \/>\n<meta name=\"author\" content=\"LIKEmetkovic.hr\" \/>\n<meta name=\"twitter:card\" content=\"summary_large_image\" \/>\n<meta name=\"twitter:label1\" content=\"Napisao\/la\" \/>\n\t<meta name=\"twitter:data1\" content=\"LIKEmetkovic.hr\" \/>\n\t<meta name=\"twitter:label2\" content=\"Procijenjeno vrijeme \u010ditanja\" \/>\n\t<meta name=\"twitter:data2\" content=\"1 minuta\" \/>\n<script type=\"application\/ld+json\" class=\"yoast-schema-graph\">{\"@context\":\"https:\/\/schema.org\",\"@graph\":[{\"@type\":\"WebPage\",\"@id\":\"https:\/\/likemetkovic.hr\/u-jucerasnjoj-prometnoj-nesreci-u-zatonu-ozlijedeno-6-osoba\/\",\"url\":\"https:\/\/likemetkovic.hr\/u-jucerasnjoj-prometnoj-nesreci-u-zatonu-ozlijedeno-6-osoba\/\",\"name\":\"U ju\u010dera\u0161njoj prometnoj nesre\u0107i u Zatonu ozlije\u0111eno 6 osoba - likemetkovic.hr\",\"isPartOf\":{\"@id\":\"https:\/\/likemetkovic.hr\/#website\"},\"primaryImageOfPage\":{\"@id\":\"https:\/\/likemetkovic.hr\/u-jucerasnjoj-prometnoj-nesreci-u-zatonu-ozlijedeno-6-osoba\/#primaryimage\"},\"image\":{\"@id\":\"https:\/\/likemetkovic.hr\/u-jucerasnjoj-prometnoj-nesreci-u-zatonu-ozlijedeno-6-osoba\/#primaryimage\"},\"thumbnailUrl\":\"https:\/\/likemetkovic.hr\/portal\/wp-content\/uploads\/2018\/11\/zaton-prometna.jpg\",\"datePublished\":\"2018-11-13T08:25:13+00:00\",\"dateModified\":\"2018-11-13T08:25:52+00:00\",\"author\":{\"@id\":\"https:\/\/likemetkovic.hr\/#\/schema\/person\/a42711f3385a0e2be6f7e0443bfb28f0\"},\"breadcrumb\":{\"@id\":\"https:\/\/likemetkovic.hr\/u-jucerasnjoj-prometnoj-nesreci-u-zatonu-ozlijedeno-6-osoba\/#breadcrumb\"},\"inLanguage\":\"hr\",\"potentialAction\":[{\"@type\":\"ReadAction\",\"target\":[\"https:\/\/likemetkovic.hr\/u-jucerasnjoj-prometnoj-nesreci-u-zatonu-ozlijedeno-6-osoba\/\"]}]},{\"@type\":\"ImageObject\",\"inLanguage\":\"hr\",\"@id\":\"https:\/\/likemetkovic.hr\/u-jucerasnjoj-prometnoj-nesreci-u-zatonu-ozlijedeno-6-osoba\/#primaryimage\",\"url\":\"https:\/\/likemetkovic.hr\/portal\/wp-content\/uploads\/2018\/11\/zaton-prometna.jpg\",\"contentUrl\":\"https:\/\/likemetkovic.hr\/portal\/wp-content\/uploads\/2018\/11\/zaton-prometna.jpg\",\"width\":800,\"height\":600},{\"@type\":\"BreadcrumbList\",\"@id\":\"https:\/\/likemetkovic.hr\/u-jucerasnjoj-prometnoj-nesreci-u-zatonu-ozlijedeno-6-osoba\/#breadcrumb\",\"itemListElement\":[{\"@type\":\"ListItem\",\"position\":1,\"name\":\"Po\u010detna stranica\",\"item\":\"https:\/\/likemetkovic.hr\/portal\/\"},{\"@type\":\"ListItem\",\"position\":2,\"name\":\"U ju\u010dera\u0161njoj prometnoj nesre\u0107i u Zatonu ozlije\u0111eno 6 osoba\"}]},{\"@type\":\"WebSite\",\"@id\":\"https:\/\/likemetkovic.hr\/#website\",\"url\":\"https:\/\/likemetkovic.hr\/\",\"name\":\"likemetkovic.hr\",\"description\":\"Misli pozitivno... \u010ditaj LIKE\",\"potentialAction\":[{\"@type\":\"SearchAction\",\"target\":{\"@type\":\"EntryPoint\",\"urlTemplate\":\"https:\/\/likemetkovic.hr\/?s={search_term_string}\"},\"query-input\":{\"@type\":\"PropertyValueSpecification\",\"valueRequired\":true,\"valueName\":\"search_term_string\"}}],\"inLanguage\":\"hr\"},{\"@type\":\"Person\",\"@id\":\"https:\/\/likemetkovic.hr\/#\/schema\/person\/a42711f3385a0e2be6f7e0443bfb28f0\",\"name\":\"LIKEmetkovic.hr\",\"sameAs\":[\"http:\/\/likemetkovic.hr\"],\"url\":\"https:\/\/likemetkovic.hr\/portal\/author\/likemetkovic-hr\/\"}]}<\/script>\n<!-- \/ Yoast SEO plugin. -->","yoast_head_json":{"title":"U ju\u010dera\u0161njoj prometnoj nesre\u0107i u Zatonu ozlije\u0111eno 6 osoba - likemetkovic.hr","robots":{"index":"index","follow":"follow","max-snippet":"max-snippet:-1","max-image-preview":"max-image-preview:large","max-video-preview":"max-video-preview:-1"},"canonical":"https:\/\/likemetkovic.hr\/u-jucerasnjoj-prometnoj-nesreci-u-zatonu-ozlijedeno-6-osoba\/","og_locale":"hr_HR","og_type":"article","og_title":"U ju\u010dera\u0161njoj prometnoj nesre\u0107i u Zatonu ozlije\u0111eno 6 osoba - likemetkovic.hr","og_description":"U ju\u010dera\u0161njoj te\u0161koj prometnoj nesre\u0107i koja se, oko 13 sati, dogodila na dijelu Jadranske magistrale u mjestu Zaton pokraj Dubrovnika, tri su osobe te\u017ee, a jo\u0161 troje ih je lak\u0161e ozlije\u0111eno, priop\u0107uju iz PU dubrova\u010dko-neretvanske. Do prometne nesre\u0107e je do\u0161lo kada je 40-godi\u0161nji voza\u010d kombi vozila dubrova\u010dkih registracijskih oznaka, koji se kretao u pravcu Slanog, [&hellip;]","og_url":"https:\/\/likemetkovic.hr\/u-jucerasnjoj-prometnoj-nesreci-u-zatonu-ozlijedeno-6-osoba\/","og_site_name":"likemetkovic.hr","article_publisher":"https:\/\/www.facebook.com\/likemetkovic.hr\/","article_published_time":"2018-11-13T08:25:13+00:00","article_modified_time":"2018-11-13T08:25:52+00:00","og_image":[{"width":800,"height":600,"url":"https:\/\/likemetkovic.hr\/wp-content\/uploads\/2018\/11\/zaton-prometna.jpg","type":"image\/jpeg"}],"author":"LIKEmetkovic.hr","twitter_card":"summary_large_image","twitter_misc":{"Napisao\/la":"LIKEmetkovic.hr","Procijenjeno vrijeme \u010ditanja":"1 minuta"},"schema":{"@context":"https:\/\/schema.org","@graph":[{"@type":"WebPage","@id":"https:\/\/likemetkovic.hr\/u-jucerasnjoj-prometnoj-nesreci-u-zatonu-ozlijedeno-6-osoba\/","url":"https:\/\/likemetkovic.hr\/u-jucerasnjoj-prometnoj-nesreci-u-zatonu-ozlijedeno-6-osoba\/","name":"U ju\u010dera\u0161njoj prometnoj nesre\u0107i u Zatonu ozlije\u0111eno 6 osoba - likemetkovic.hr","isPartOf":{"@id":"https:\/\/likemetkovic.hr\/#website"},"primaryImageOfPage":{"@id":"https:\/\/likemetkovic.hr\/u-jucerasnjoj-prometnoj-nesreci-u-zatonu-ozlijedeno-6-osoba\/#primaryimage"},"image":{"@id":"https:\/\/likemetkovic.hr\/u-jucerasnjoj-prometnoj-nesreci-u-zatonu-ozlijedeno-6-osoba\/#primaryimage"},"thumbnailUrl":"https:\/\/likemetkovic.hr\/portal\/wp-content\/uploads\/2018\/11\/zaton-prometna.jpg","datePublished":"2018-11-13T08:25:13+00:00","dateModified":"2018-11-13T08:25:52+00:00","author":{"@id":"https:\/\/likemetkovic.hr\/#\/schema\/person\/a42711f3385a0e2be6f7e0443bfb28f0"},"breadcrumb":{"@id":"https:\/\/likemetkovic.hr\/u-jucerasnjoj-prometnoj-nesreci-u-zatonu-ozlijedeno-6-osoba\/#breadcrumb"},"inLanguage":"hr","potentialAction":[{"@type":"ReadAction","target":["https:\/\/likemetkovic.hr\/u-jucerasnjoj-prometnoj-nesreci-u-zatonu-ozlijedeno-6-osoba\/"]}]},{"@type":"ImageObject","inLanguage":"hr","@id":"https:\/\/likemetkovic.hr\/u-jucerasnjoj-prometnoj-nesreci-u-zatonu-ozlijedeno-6-osoba\/#primaryimage","url":"https:\/\/likemetkovic.hr\/portal\/wp-content\/uploads\/2018\/11\/zaton-prometna.jpg","contentUrl":"https:\/\/likemetkovic.hr\/portal\/wp-content\/uploads\/2018\/11\/zaton-prometna.jpg","width":800,"height":600},{"@type":"BreadcrumbList","@id":"https:\/\/likemetkovic.hr\/u-jucerasnjoj-prometnoj-nesreci-u-zatonu-ozlijedeno-6-osoba\/#breadcrumb","itemListElement":[{"@type":"ListItem","position":1,"name":"Po\u010detna stranica","item":"https:\/\/likemetkovic.hr\/portal\/"},{"@type":"ListItem","position":2,"name":"U ju\u010dera\u0161njoj prometnoj nesre\u0107i u Zatonu ozlije\u0111eno 6 osoba"}]},{"@type":"WebSite","@id":"https:\/\/likemetkovic.hr\/#website","url":"https:\/\/likemetkovic.hr\/","name":"likemetkovic.hr","description":"Misli pozitivno... \u010ditaj LIKE","potentialAction":[{"@type":"SearchAction","target":{"@type":"EntryPoint","urlTemplate":"https:\/\/likemetkovic.hr\/?s={search_term_string}"},"query-input":{"@type":"PropertyValueSpecification","valueRequired":true,"valueName":"search_term_string"}}],"inLanguage":"hr"},{"@type":"Person","@id":"https:\/\/likemetkovic.hr\/#\/schema\/person\/a42711f3385a0e2be6f7e0443bfb28f0","name":"LIKEmetkovic.hr","sameAs":["http:\/\/likemetkovic.hr"],"url":"https:\/\/likemetkovic.hr\/portal\/author\/likemetkovic-hr\/"}]}},"_links":{"self":[{"href":"https:\/\/likemetkovic.hr\/portal\/wp-json\/wp\/v2\/posts\/70576","targetHints":{"allow":["GET"]}}],"collection":[{"href":"https:\/\/likemetkovic.hr\/portal\/wp-json\/wp\/v2\/posts"}],"about":[{"href":"https:\/\/likemetkovic.hr\/portal\/wp-json\/wp\/v2\/types\/post"}],"author":[{"embeddable":true,"href":"https:\/\/likemetkovic.hr\/portal\/wp-json\/wp\/v2\/users\/7"}],"replies":[{"embeddable":true,"href":"https:\/\/likemetkovic.hr\/portal\/wp-json\/wp\/v2\/comments?post=70576"}],"version-history":[{"count":0,"href":"https:\/\/likemetkovic.hr\/portal\/wp-json\/wp\/v2\/posts\/70576\/revisions"}],"wp:featuredmedia":[{"embeddable":true,"href":"https:\/\/likemetkovic.hr\/portal\/wp-json\/wp\/v2\/media\/70578"}],"wp:attachment":[{"href":"https:\/\/likemetkovic.hr\/portal\/wp-json\/wp\/v2\/media?parent=70576"}],"wp:term":[{"taxonomy":"category","embeddable":true,"href":"https:\/\/likemetkovic.hr\/portal\/wp-json\/wp\/v2\/categories?post=70576"},{"taxonomy":"post_tag","embeddable":true,"href":"https:\/\/likemetkovic.hr\/portal\/wp-json\/wp\/v2\/tags?post=70576"}],"curies":[{"name":"wp","href":"https:\/\/api.w.org\/{rel}","templated":true}]}}