{"id":70675,"date":"2018-11-15T14:53:43","date_gmt":"2018-11-15T13:53:43","guid":{"rendered":"http:\/\/likemetkovic.hr\/?p=70675"},"modified":"2018-11-15T15:01:00","modified_gmt":"2018-11-15T14:01:00","slug":"obavijest-ponovno-u-gradu-imamo-dimnjacara","status":"publish","type":"post","link":"https:\/\/likemetkovic.hr\/portal\/obavijest-ponovno-u-gradu-imamo-dimnjacara\/","title":{"rendered":"OBAVIJEST Ponovno u gradu imamo dimnja\u010dara&#8230;"},"content":{"rendered":"<p>Iz Grada obavje\u0161tavaju gra\u0111ane da je od 17. listopada 2018. ovla\u0161teni koncesionar za obavljanje dimnja\u010darskih usluga na podru\u010dju Grada Metkovi\u0107a <strong>Dimopromet d.o.o.<\/strong>, Zagreb.<\/p>\n<p>Naime, Grad Metkovi\u0107 je proveo postupak dodjele koncesije za obavljanje dimnja\u010darskih poslova na podru\u010dju grada Metkovi\u0107a, a nakon provedenog postupka odabran je kao jedini ponuditelj DIMOPROMET. d.o.o., Zagreb.<\/p>\n<p>Dimnja\u010dar za podru\u010dje Grada Metkovi\u0107a je <strong>Ljuban Vladi\u0107<\/strong> kojem se mo\u017eete obratiti za redovne usluge \u010di\u0161\u0107enja i narud\u017ebe na broj mobitela<strong> 098\/981-6255<\/strong>.<\/p>\n","protected":false},"excerpt":{"rendered":"<p>Iz Grada obavje\u0161tavaju gra\u0111ane da je od 17. listopada 2018. ovla\u0161teni koncesionar za obavljanje dimnja\u010darskih usluga na podru\u010dju Grada Metkovi\u0107a Dimopromet d.o.o., Zagreb. Naime, Grad Metkovi\u0107 je proveo postupak dodjele koncesije za obavljanje dimnja\u010darskih poslova na podru\u010dju grada Metkovi\u0107a, a nakon provedenog postupka odabran je kao jedini ponuditelj DIMOPROMET. d.o.o., Zagreb. Dimnja\u010dar za podru\u010dje Grada [&hellip;]<\/p>\n","protected":false},"author":7,"featured_media":27014,"comment_status":"open","ping_status":"open","sticky":false,"template":"","format":"standard","meta":{"footnotes":""},"categories":[296,11],"tags":[4017,380],"class_list":{"0":"post-70675","1":"post","2":"type-post","3":"status-publish","4":"format-standard","5":"has-post-thumbnail","7":"category-ab","8":"category-metkovic-dolina","9":"tag-dimnjacar","10":"tag-metkovic"},"yoast_head":"<!-- This site is optimized with the Yoast SEO plugin v25.2 - https:\/\/yoast.com\/wordpress\/plugins\/seo\/ -->\n<title>OBAVIJEST Ponovno u gradu imamo dimnja\u010dara... - likemetkovic.hr<\/title>\n<meta name=\"robots\" content=\"index, follow, max-snippet:-1, max-image-preview:large, max-video-preview:-1\" \/>\n<link rel=\"canonical\" href=\"https:\/\/likemetkovic.hr\/obavijest-ponovno-u-gradu-imamo-dimnjacara\/\" \/>\n<meta property=\"og:locale\" content=\"hr_HR\" \/>\n<meta property=\"og:type\" content=\"article\" \/>\n<meta property=\"og:title\" content=\"OBAVIJEST Ponovno u gradu imamo dimnja\u010dara... - likemetkovic.hr\" \/>\n<meta property=\"og:description\" content=\"Iz Grada obavje\u0161tavaju gra\u0111ane da je od 17. listopada 2018. ovla\u0161teni koncesionar za obavljanje dimnja\u010darskih usluga na podru\u010dju Grada Metkovi\u0107a Dimopromet d.o.o., Zagreb. Naime, Grad Metkovi\u0107 je proveo postupak dodjele koncesije za obavljanje dimnja\u010darskih poslova na podru\u010dju grada Metkovi\u0107a, a nakon provedenog postupka odabran je kao jedini ponuditelj DIMOPROMET. d.o.o., Zagreb. Dimnja\u010dar za podru\u010dje Grada [&hellip;]\" \/>\n<meta property=\"og:url\" content=\"https:\/\/likemetkovic.hr\/obavijest-ponovno-u-gradu-imamo-dimnjacara\/\" \/>\n<meta property=\"og:site_name\" content=\"likemetkovic.hr\" \/>\n<meta property=\"article:publisher\" content=\"https:\/\/www.facebook.com\/likemetkovic.hr\/\" \/>\n<meta property=\"article:published_time\" content=\"2018-11-15T13:53:43+00:00\" \/>\n<meta property=\"article:modified_time\" content=\"2018-11-15T14:01:00+00:00\" \/>\n<meta property=\"og:image\" content=\"https:\/\/likemetkovic.hr\/wp-content\/uploads\/2016\/09\/dimnja\u010dar.jpg\" \/>\n\t<meta property=\"og:image:width\" content=\"1033\" \/>\n\t<meta property=\"og:image:height\" content=\"600\" \/>\n\t<meta property=\"og:image:type\" content=\"image\/jpeg\" \/>\n<meta name=\"author\" content=\"LIKEmetkovic.hr\" \/>\n<meta name=\"twitter:card\" content=\"summary_large_image\" \/>\n<meta name=\"twitter:label1\" content=\"Napisao\/la\" \/>\n\t<meta name=\"twitter:data1\" content=\"LIKEmetkovic.hr\" \/>\n<script type=\"application\/ld+json\" class=\"yoast-schema-graph\">{\"@context\":\"https:\/\/schema.org\",\"@graph\":[{\"@type\":\"WebPage\",\"@id\":\"https:\/\/likemetkovic.hr\/obavijest-ponovno-u-gradu-imamo-dimnjacara\/\",\"url\":\"https:\/\/likemetkovic.hr\/obavijest-ponovno-u-gradu-imamo-dimnjacara\/\",\"name\":\"OBAVIJEST Ponovno u gradu imamo dimnja\u010dara... - likemetkovic.hr\",\"isPartOf\":{\"@id\":\"https:\/\/likemetkovic.hr\/#website\"},\"primaryImageOfPage\":{\"@id\":\"https:\/\/likemetkovic.hr\/obavijest-ponovno-u-gradu-imamo-dimnjacara\/#primaryimage\"},\"image\":{\"@id\":\"https:\/\/likemetkovic.hr\/obavijest-ponovno-u-gradu-imamo-dimnjacara\/#primaryimage\"},\"thumbnailUrl\":\"https:\/\/likemetkovic.hr\/portal\/wp-content\/uploads\/2016\/09\/dimnja\u010dar.jpg\",\"datePublished\":\"2018-11-15T13:53:43+00:00\",\"dateModified\":\"2018-11-15T14:01:00+00:00\",\"author\":{\"@id\":\"https:\/\/likemetkovic.hr\/#\/schema\/person\/a42711f3385a0e2be6f7e0443bfb28f0\"},\"breadcrumb\":{\"@id\":\"https:\/\/likemetkovic.hr\/obavijest-ponovno-u-gradu-imamo-dimnjacara\/#breadcrumb\"},\"inLanguage\":\"hr\",\"potentialAction\":[{\"@type\":\"ReadAction\",\"target\":[\"https:\/\/likemetkovic.hr\/obavijest-ponovno-u-gradu-imamo-dimnjacara\/\"]}]},{\"@type\":\"ImageObject\",\"inLanguage\":\"hr\",\"@id\":\"https:\/\/likemetkovic.hr\/obavijest-ponovno-u-gradu-imamo-dimnjacara\/#primaryimage\",\"url\":\"https:\/\/likemetkovic.hr\/portal\/wp-content\/uploads\/2016\/09\/dimnja\u010dar.jpg\",\"contentUrl\":\"https:\/\/likemetkovic.hr\/portal\/wp-content\/uploads\/2016\/09\/dimnja\u010dar.jpg\",\"width\":1033,\"height\":600,\"caption\":\"Foto: jastrebarsko.hr\"},{\"@type\":\"BreadcrumbList\",\"@id\":\"https:\/\/likemetkovic.hr\/obavijest-ponovno-u-gradu-imamo-dimnjacara\/#breadcrumb\",\"itemListElement\":[{\"@type\":\"ListItem\",\"position\":1,\"name\":\"Po\u010detna stranica\",\"item\":\"https:\/\/likemetkovic.hr\/portal\/\"},{\"@type\":\"ListItem\",\"position\":2,\"name\":\"OBAVIJEST Ponovno u gradu imamo dimnja\u010dara&#8230;\"}]},{\"@type\":\"WebSite\",\"@id\":\"https:\/\/likemetkovic.hr\/#website\",\"url\":\"https:\/\/likemetkovic.hr\/\",\"name\":\"likemetkovic.hr\",\"description\":\"Misli pozitivno... \u010ditaj LIKE\",\"potentialAction\":[{\"@type\":\"SearchAction\",\"target\":{\"@type\":\"EntryPoint\",\"urlTemplate\":\"https:\/\/likemetkovic.hr\/?s={search_term_string}\"},\"query-input\":{\"@type\":\"PropertyValueSpecification\",\"valueRequired\":true,\"valueName\":\"search_term_string\"}}],\"inLanguage\":\"hr\"},{\"@type\":\"Person\",\"@id\":\"https:\/\/likemetkovic.hr\/#\/schema\/person\/a42711f3385a0e2be6f7e0443bfb28f0\",\"name\":\"LIKEmetkovic.hr\",\"sameAs\":[\"http:\/\/likemetkovic.hr\"],\"url\":\"https:\/\/likemetkovic.hr\/portal\/author\/likemetkovic-hr\/\"}]}<\/script>\n<!-- \/ Yoast SEO plugin. -->","yoast_head_json":{"title":"OBAVIJEST Ponovno u gradu imamo dimnja\u010dara... - likemetkovic.hr","robots":{"index":"index","follow":"follow","max-snippet":"max-snippet:-1","max-image-preview":"max-image-preview:large","max-video-preview":"max-video-preview:-1"},"canonical":"https:\/\/likemetkovic.hr\/obavijest-ponovno-u-gradu-imamo-dimnjacara\/","og_locale":"hr_HR","og_type":"article","og_title":"OBAVIJEST Ponovno u gradu imamo dimnja\u010dara... - likemetkovic.hr","og_description":"Iz Grada obavje\u0161tavaju gra\u0111ane da je od 17. listopada 2018. ovla\u0161teni koncesionar za obavljanje dimnja\u010darskih usluga na podru\u010dju Grada Metkovi\u0107a Dimopromet d.o.o., Zagreb. Naime, Grad Metkovi\u0107 je proveo postupak dodjele koncesije za obavljanje dimnja\u010darskih poslova na podru\u010dju grada Metkovi\u0107a, a nakon provedenog postupka odabran je kao jedini ponuditelj DIMOPROMET. d.o.o., Zagreb. Dimnja\u010dar za podru\u010dje Grada [&hellip;]","og_url":"https:\/\/likemetkovic.hr\/obavijest-ponovno-u-gradu-imamo-dimnjacara\/","og_site_name":"likemetkovic.hr","article_publisher":"https:\/\/www.facebook.com\/likemetkovic.hr\/","article_published_time":"2018-11-15T13:53:43+00:00","article_modified_time":"2018-11-15T14:01:00+00:00","og_image":[{"width":1033,"height":600,"url":"https:\/\/likemetkovic.hr\/wp-content\/uploads\/2016\/09\/dimnja\u010dar.jpg","type":"image\/jpeg"}],"author":"LIKEmetkovic.hr","twitter_card":"summary_large_image","twitter_misc":{"Napisao\/la":"LIKEmetkovic.hr"},"schema":{"@context":"https:\/\/schema.org","@graph":[{"@type":"WebPage","@id":"https:\/\/likemetkovic.hr\/obavijest-ponovno-u-gradu-imamo-dimnjacara\/","url":"https:\/\/likemetkovic.hr\/obavijest-ponovno-u-gradu-imamo-dimnjacara\/","name":"OBAVIJEST Ponovno u gradu imamo dimnja\u010dara... - likemetkovic.hr","isPartOf":{"@id":"https:\/\/likemetkovic.hr\/#website"},"primaryImageOfPage":{"@id":"https:\/\/likemetkovic.hr\/obavijest-ponovno-u-gradu-imamo-dimnjacara\/#primaryimage"},"image":{"@id":"https:\/\/likemetkovic.hr\/obavijest-ponovno-u-gradu-imamo-dimnjacara\/#primaryimage"},"thumbnailUrl":"https:\/\/likemetkovic.hr\/portal\/wp-content\/uploads\/2016\/09\/dimnja\u010dar.jpg","datePublished":"2018-11-15T13:53:43+00:00","dateModified":"2018-11-15T14:01:00+00:00","author":{"@id":"https:\/\/likemetkovic.hr\/#\/schema\/person\/a42711f3385a0e2be6f7e0443bfb28f0"},"breadcrumb":{"@id":"https:\/\/likemetkovic.hr\/obavijest-ponovno-u-gradu-imamo-dimnjacara\/#breadcrumb"},"inLanguage":"hr","potentialAction":[{"@type":"ReadAction","target":["https:\/\/likemetkovic.hr\/obavijest-ponovno-u-gradu-imamo-dimnjacara\/"]}]},{"@type":"ImageObject","inLanguage":"hr","@id":"https:\/\/likemetkovic.hr\/obavijest-ponovno-u-gradu-imamo-dimnjacara\/#primaryimage","url":"https:\/\/likemetkovic.hr\/portal\/wp-content\/uploads\/2016\/09\/dimnja\u010dar.jpg","contentUrl":"https:\/\/likemetkovic.hr\/portal\/wp-content\/uploads\/2016\/09\/dimnja\u010dar.jpg","width":1033,"height":600,"caption":"Foto: jastrebarsko.hr"},{"@type":"BreadcrumbList","@id":"https:\/\/likemetkovic.hr\/obavijest-ponovno-u-gradu-imamo-dimnjacara\/#breadcrumb","itemListElement":[{"@type":"ListItem","position":1,"name":"Po\u010detna stranica","item":"https:\/\/likemetkovic.hr\/portal\/"},{"@type":"ListItem","position":2,"name":"OBAVIJEST Ponovno u gradu imamo dimnja\u010dara&#8230;"}]},{"@type":"WebSite","@id":"https:\/\/likemetkovic.hr\/#website","url":"https:\/\/likemetkovic.hr\/","name":"likemetkovic.hr","description":"Misli pozitivno... \u010ditaj LIKE","potentialAction":[{"@type":"SearchAction","target":{"@type":"EntryPoint","urlTemplate":"https:\/\/likemetkovic.hr\/?s={search_term_string}"},"query-input":{"@type":"PropertyValueSpecification","valueRequired":true,"valueName":"search_term_string"}}],"inLanguage":"hr"},{"@type":"Person","@id":"https:\/\/likemetkovic.hr\/#\/schema\/person\/a42711f3385a0e2be6f7e0443bfb28f0","name":"LIKEmetkovic.hr","sameAs":["http:\/\/likemetkovic.hr"],"url":"https:\/\/likemetkovic.hr\/portal\/author\/likemetkovic-hr\/"}]}},"_links":{"self":[{"href":"https:\/\/likemetkovic.hr\/portal\/wp-json\/wp\/v2\/posts\/70675","targetHints":{"allow":["GET"]}}],"collection":[{"href":"https:\/\/likemetkovic.hr\/portal\/wp-json\/wp\/v2\/posts"}],"about":[{"href":"https:\/\/likemetkovic.hr\/portal\/wp-json\/wp\/v2\/types\/post"}],"author":[{"embeddable":true,"href":"https:\/\/likemetkovic.hr\/portal\/wp-json\/wp\/v2\/users\/7"}],"replies":[{"embeddable":true,"href":"https:\/\/likemetkovic.hr\/portal\/wp-json\/wp\/v2\/comments?post=70675"}],"version-history":[{"count":0,"href":"https:\/\/likemetkovic.hr\/portal\/wp-json\/wp\/v2\/posts\/70675\/revisions"}],"wp:featuredmedia":[{"embeddable":true,"href":"https:\/\/likemetkovic.hr\/portal\/wp-json\/wp\/v2\/media\/27014"}],"wp:attachment":[{"href":"https:\/\/likemetkovic.hr\/portal\/wp-json\/wp\/v2\/media?parent=70675"}],"wp:term":[{"taxonomy":"category","embeddable":true,"href":"https:\/\/likemetkovic.hr\/portal\/wp-json\/wp\/v2\/categories?post=70675"},{"taxonomy":"post_tag","embeddable":true,"href":"https:\/\/likemetkovic.hr\/portal\/wp-json\/wp\/v2\/tags?post=70675"}],"curies":[{"name":"wp","href":"https:\/\/api.w.org\/{rel}","templated":true}]}}