{"id":70701,"date":"2018-11-15T21:34:18","date_gmt":"2018-11-15T20:34:18","guid":{"rendered":"http:\/\/likemetkovic.hr\/?p=70701"},"modified":"2018-11-15T21:35:54","modified_gmt":"2018-11-15T20:35:54","slug":"bravo-atleticari-i-atleticarke-iz-os-don-m-pavlinovica-ponovno-prvaci-zupanije","status":"publish","type":"post","link":"https:\/\/likemetkovic.hr\/portal\/bravo-atleticari-i-atleticarke-iz-os-don-m-pavlinovica-ponovno-prvaci-zupanije\/","title":{"rendered":"BRAVO! Atleti\u010dari i atleti\u010darke iz O\u0160 don M. Pavlinovi\u0107a ponovo prvaci \u017dupanije"},"content":{"rendered":"<div class=\"news_more_lead\">\n<p><strong>Mladi atleti\u010dari iz O\u0160 don Mihovila Pavlinovi\u0107a, <\/strong>okupljeni u \u0160kolsko \u0161portsko dru\u0161tvo <em>Gusar<\/em>,\u00a0ostvarili su izvanredan uspjeh na <em>\u017dupanijskom natjecanju \u0161kolskih sportskih klubova\u00a0osnovnih \u0161kola u atletici<\/em> za dje\u010dake i djevoj\u010dice u kategoriji 7. i 8. razreda.<strong> Osvojili su prvo mjesto u mu\u0161koj i u \u017eenskoj konkurenciji te se tako plasirali na Dr\u017eavno natjecanje!<\/strong><\/p>\n<\/div>\n<div class=\"news_more_body\">\n<p><img decoding=\"async\" class=\"alignnone size-full wp-image-70704\" src=\"http:\/\/likemetkovic.hr\/wp-content\/uploads\/2018\/11\/os-mpavlinovic-atletika-3.jpg\" alt=\"\" width=\"1280\" height=\"640\" srcset=\"https:\/\/likemetkovic.hr\/portal\/wp-content\/uploads\/2018\/11\/os-mpavlinovic-atletika-3.jpg 1280w, https:\/\/likemetkovic.hr\/portal\/wp-content\/uploads\/2018\/11\/os-mpavlinovic-atletika-3-800x400.jpg 800w, https:\/\/likemetkovic.hr\/portal\/wp-content\/uploads\/2018\/11\/os-mpavlinovic-atletika-3-768x384.jpg 768w, https:\/\/likemetkovic.hr\/portal\/wp-content\/uploads\/2018\/11\/os-mpavlinovic-atletika-3-1200x600.jpg 1200w, https:\/\/likemetkovic.hr\/portal\/wp-content\/uploads\/2018\/11\/os-mpavlinovic-atletika-3-696x348.jpg 696w, https:\/\/likemetkovic.hr\/portal\/wp-content\/uploads\/2018\/11\/os-mpavlinovic-atletika-3-1068x534.jpg 1068w, https:\/\/likemetkovic.hr\/portal\/wp-content\/uploads\/2018\/11\/os-mpavlinovic-atletika-3-840x420.jpg 840w, https:\/\/likemetkovic.hr\/portal\/wp-content\/uploads\/2018\/11\/os-mpavlinovic-atletika-3-560x280.jpg 560w\" sizes=\"(max-width: 1280px) 100vw, 1280px\" \/><\/p>\n<p>U kategoriji dje\u010daka ekipa atleti\u010dara u sastavu\u00a0<strong>Jakov \u0160aravanja, Marko Cvitkovi\u0107, Zoran Primorac, Josip Bebi\u0107, Luka Jurkovi\u0107, Josip Ke\u017ei\u0107, \u0160ime Crepulja, Slavko \u0160u\u0161ak, Vinko Begi\u0107 <\/strong>i<strong> Jure Bukovac<\/strong> zauzela je ekipno 1. mjesto u konkurenciji 9 \u0161kola s podru\u010dja na\u0161e \u017eupanije i tako ostvarili\u00a0\u010detvrtu godinu u nizu nastup na zavr\u0161nici Dr\u017eavnoga prvenstva.<\/p>\n<p><img decoding=\"async\" class=\"alignnone size-full wp-image-70703\" src=\"http:\/\/likemetkovic.hr\/wp-content\/uploads\/2018\/11\/os-mpavlinovic-atletika-2.jpg\" alt=\"\" width=\"1280\" height=\"720\" srcset=\"https:\/\/likemetkovic.hr\/portal\/wp-content\/uploads\/2018\/11\/os-mpavlinovic-atletika-2.jpg 1280w, https:\/\/likemetkovic.hr\/portal\/wp-content\/uploads\/2018\/11\/os-mpavlinovic-atletika-2-800x450.jpg 800w, https:\/\/likemetkovic.hr\/portal\/wp-content\/uploads\/2018\/11\/os-mpavlinovic-atletika-2-768x432.jpg 768w, https:\/\/likemetkovic.hr\/portal\/wp-content\/uploads\/2018\/11\/os-mpavlinovic-atletika-2-1200x675.jpg 1200w, https:\/\/likemetkovic.hr\/portal\/wp-content\/uploads\/2018\/11\/os-mpavlinovic-atletika-2-696x392.jpg 696w, https:\/\/likemetkovic.hr\/portal\/wp-content\/uploads\/2018\/11\/os-mpavlinovic-atletika-2-1068x601.jpg 1068w, https:\/\/likemetkovic.hr\/portal\/wp-content\/uploads\/2018\/11\/os-mpavlinovic-atletika-2-747x420.jpg 747w, https:\/\/likemetkovic.hr\/portal\/wp-content\/uploads\/2018\/11\/os-mpavlinovic-atletika-2-560x315.jpg 560w\" sizes=\"(max-width: 1280px) 100vw, 1280px\" \/><\/p>\n<p>Djevojke su, u konkurenciji od 8 \u0161kola, tako\u0111er uvjerljivo osvojile\u00a01. mjesto i tako izborile nastup na Dr\u017eavnom natjecanju. Nastupile su u najja\u010demu sastavu, i to<strong> Iva Gujinovi\u0107, Emanuela \u0160imovi\u0107, Jelena Vidovi\u0107, Gabrijela Markovi\u0107, Ana Medak Kova\u010devi\u0107, Lea Medak Kova\u010devi\u0107, Ana \u0160u\u0161ak, Lukrecija Krsti\u010devi\u0107, Iva Marki\u0107 <\/strong>i<strong> Sara \u0160iljeg<\/strong>.<\/p>\n<p><img decoding=\"async\" class=\"alignnone size-full wp-image-70702\" src=\"http:\/\/likemetkovic.hr\/wp-content\/uploads\/2018\/11\/os-mpavlinovic-atletika-1.jpg\" alt=\"\" width=\"1280\" height=\"720\" srcset=\"https:\/\/likemetkovic.hr\/portal\/wp-content\/uploads\/2018\/11\/os-mpavlinovic-atletika-1.jpg 1280w, https:\/\/likemetkovic.hr\/portal\/wp-content\/uploads\/2018\/11\/os-mpavlinovic-atletika-1-800x450.jpg 800w, https:\/\/likemetkovic.hr\/portal\/wp-content\/uploads\/2018\/11\/os-mpavlinovic-atletika-1-768x432.jpg 768w, https:\/\/likemetkovic.hr\/portal\/wp-content\/uploads\/2018\/11\/os-mpavlinovic-atletika-1-1200x675.jpg 1200w, https:\/\/likemetkovic.hr\/portal\/wp-content\/uploads\/2018\/11\/os-mpavlinovic-atletika-1-696x392.jpg 696w, https:\/\/likemetkovic.hr\/portal\/wp-content\/uploads\/2018\/11\/os-mpavlinovic-atletika-1-1068x601.jpg 1068w, https:\/\/likemetkovic.hr\/portal\/wp-content\/uploads\/2018\/11\/os-mpavlinovic-atletika-1-747x420.jpg 747w, https:\/\/likemetkovic.hr\/portal\/wp-content\/uploads\/2018\/11\/os-mpavlinovic-atletika-1-560x315.jpg 560w\" sizes=\"(max-width: 1280px) 100vw, 1280px\" \/><\/p>\n<p>Voditelj atleti\u010dara i atleti\u010darki je nastavnik <strong>Nino \u0160e\u0161elj.<\/strong><\/p>\n<p>Na\u0161i mladi atleti\u010dari nastupali su u sljede\u0107im atletskim disciplinama: 100 m, 300 m, 600 m \u017eenske)\/800 m (mu\u0161ki), bacanje kugle, bacanje vorteksa, skok u vis, skok u dalj i \u00a0\u0161tafeta 4&#215;100 m.<\/p>\n<p>Dana\u0161nje natjecanje odr\u017ealo se na stadionu SRC-a u\u00a0Makarskoj<em>.\u00a0<\/em>S nestrpljenjem i\u0161\u010dekujemo zavr\u0161nicu Dr\u017eavnog prvenstva koje \u0107e se odr\u017eati na prolje\u0107e u Splitu.<\/p>\n<\/div>\n","protected":false},"excerpt":{"rendered":"<p>Mladi atleti\u010dari iz O\u0160 don Mihovila Pavlinovi\u0107a, okupljeni u \u0160kolsko \u0161portsko dru\u0161tvo Gusar,\u00a0ostvarili su izvanredan uspjeh na \u017dupanijskom natjecanju \u0161kolskih sportskih klubova\u00a0osnovnih \u0161kola u atletici za dje\u010dake i djevoj\u010dice u kategoriji 7. i 8. razreda. Osvojili su prvo mjesto u mu\u0161koj i u \u017eenskoj konkurenciji te se tako plasirali na Dr\u017eavno natjecanje! U kategoriji dje\u010daka [&hellip;]<\/p>\n","protected":false},"author":7,"featured_media":70704,"comment_status":"open","ping_status":"open","sticky":false,"template":"","format":"standard","meta":{"footnotes":""},"categories":[296,166],"tags":[1715,3191],"class_list":{"0":"post-70701","1":"post","2":"type-post","3":"status-publish","4":"format-standard","5":"has-post-thumbnail","7":"category-ab","8":"category-skolstvo","9":"tag-atletika","10":"tag-os-don-mihovila-pavlinovica-metkovic"},"yoast_head":"<!-- This site is optimized with the Yoast SEO plugin v25.2 - https:\/\/yoast.com\/wordpress\/plugins\/seo\/ -->\n<title>BRAVO! Atleti\u010dari i atleti\u010darke iz O\u0160 don M. Pavlinovi\u0107a ponovo prvaci \u017dupanije - likemetkovic.hr<\/title>\n<meta name=\"robots\" content=\"index, follow, max-snippet:-1, max-image-preview:large, max-video-preview:-1\" \/>\n<link rel=\"canonical\" href=\"https:\/\/likemetkovic.hr\/bravo-atleticari-i-atleticarke-iz-os-don-m-pavlinovica-ponovno-prvaci-zupanije\/\" \/>\n<meta property=\"og:locale\" content=\"hr_HR\" \/>\n<meta property=\"og:type\" content=\"article\" \/>\n<meta property=\"og:title\" content=\"BRAVO! Atleti\u010dari i atleti\u010darke iz O\u0160 don M. Pavlinovi\u0107a ponovo prvaci \u017dupanije - likemetkovic.hr\" \/>\n<meta property=\"og:description\" content=\"Mladi atleti\u010dari iz O\u0160 don Mihovila Pavlinovi\u0107a, okupljeni u \u0160kolsko \u0161portsko dru\u0161tvo Gusar,\u00a0ostvarili su izvanredan uspjeh na \u017dupanijskom natjecanju \u0161kolskih sportskih klubova\u00a0osnovnih \u0161kola u atletici za dje\u010dake i djevoj\u010dice u kategoriji 7. i 8. razreda. Osvojili su prvo mjesto u mu\u0161koj i u \u017eenskoj konkurenciji te se tako plasirali na Dr\u017eavno natjecanje! U kategoriji dje\u010daka [&hellip;]\" \/>\n<meta property=\"og:url\" content=\"https:\/\/likemetkovic.hr\/bravo-atleticari-i-atleticarke-iz-os-don-m-pavlinovica-ponovno-prvaci-zupanije\/\" \/>\n<meta property=\"og:site_name\" content=\"likemetkovic.hr\" \/>\n<meta property=\"article:publisher\" content=\"https:\/\/www.facebook.com\/likemetkovic.hr\/\" \/>\n<meta property=\"article:published_time\" content=\"2018-11-15T20:34:18+00:00\" \/>\n<meta property=\"article:modified_time\" content=\"2018-11-15T20:35:54+00:00\" \/>\n<meta property=\"og:image\" content=\"https:\/\/likemetkovic.hr\/wp-content\/uploads\/2018\/11\/os-mpavlinovic-atletika-3.jpg\" \/>\n\t<meta property=\"og:image:width\" content=\"1280\" \/>\n\t<meta property=\"og:image:height\" content=\"640\" \/>\n\t<meta property=\"og:image:type\" content=\"image\/jpeg\" \/>\n<meta name=\"author\" content=\"LIKEmetkovic.hr\" \/>\n<meta name=\"twitter:card\" content=\"summary_large_image\" \/>\n<meta name=\"twitter:label1\" content=\"Napisao\/la\" \/>\n\t<meta name=\"twitter:data1\" content=\"LIKEmetkovic.hr\" \/>\n\t<meta name=\"twitter:label2\" content=\"Procijenjeno vrijeme \u010ditanja\" \/>\n\t<meta name=\"twitter:data2\" content=\"1 minuta\" \/>\n<script type=\"application\/ld+json\" class=\"yoast-schema-graph\">{\"@context\":\"https:\/\/schema.org\",\"@graph\":[{\"@type\":\"WebPage\",\"@id\":\"https:\/\/likemetkovic.hr\/bravo-atleticari-i-atleticarke-iz-os-don-m-pavlinovica-ponovno-prvaci-zupanije\/\",\"url\":\"https:\/\/likemetkovic.hr\/bravo-atleticari-i-atleticarke-iz-os-don-m-pavlinovica-ponovno-prvaci-zupanije\/\",\"name\":\"BRAVO! Atleti\u010dari i atleti\u010darke iz O\u0160 don M. Pavlinovi\u0107a ponovo prvaci \u017dupanije - likemetkovic.hr\",\"isPartOf\":{\"@id\":\"https:\/\/likemetkovic.hr\/#website\"},\"primaryImageOfPage\":{\"@id\":\"https:\/\/likemetkovic.hr\/bravo-atleticari-i-atleticarke-iz-os-don-m-pavlinovica-ponovno-prvaci-zupanije\/#primaryimage\"},\"image\":{\"@id\":\"https:\/\/likemetkovic.hr\/bravo-atleticari-i-atleticarke-iz-os-don-m-pavlinovica-ponovno-prvaci-zupanije\/#primaryimage\"},\"thumbnailUrl\":\"https:\/\/likemetkovic.hr\/portal\/wp-content\/uploads\/2018\/11\/os-mpavlinovic-atletika-3.jpg\",\"datePublished\":\"2018-11-15T20:34:18+00:00\",\"dateModified\":\"2018-11-15T20:35:54+00:00\",\"author\":{\"@id\":\"https:\/\/likemetkovic.hr\/#\/schema\/person\/a42711f3385a0e2be6f7e0443bfb28f0\"},\"breadcrumb\":{\"@id\":\"https:\/\/likemetkovic.hr\/bravo-atleticari-i-atleticarke-iz-os-don-m-pavlinovica-ponovno-prvaci-zupanije\/#breadcrumb\"},\"inLanguage\":\"hr\",\"potentialAction\":[{\"@type\":\"ReadAction\",\"target\":[\"https:\/\/likemetkovic.hr\/bravo-atleticari-i-atleticarke-iz-os-don-m-pavlinovica-ponovno-prvaci-zupanije\/\"]}]},{\"@type\":\"ImageObject\",\"inLanguage\":\"hr\",\"@id\":\"https:\/\/likemetkovic.hr\/bravo-atleticari-i-atleticarke-iz-os-don-m-pavlinovica-ponovno-prvaci-zupanije\/#primaryimage\",\"url\":\"https:\/\/likemetkovic.hr\/portal\/wp-content\/uploads\/2018\/11\/os-mpavlinovic-atletika-3.jpg\",\"contentUrl\":\"https:\/\/likemetkovic.hr\/portal\/wp-content\/uploads\/2018\/11\/os-mpavlinovic-atletika-3.jpg\",\"width\":1280,\"height\":640},{\"@type\":\"BreadcrumbList\",\"@id\":\"https:\/\/likemetkovic.hr\/bravo-atleticari-i-atleticarke-iz-os-don-m-pavlinovica-ponovno-prvaci-zupanije\/#breadcrumb\",\"itemListElement\":[{\"@type\":\"ListItem\",\"position\":1,\"name\":\"Po\u010detna stranica\",\"item\":\"https:\/\/likemetkovic.hr\/portal\/\"},{\"@type\":\"ListItem\",\"position\":2,\"name\":\"BRAVO! Atleti\u010dari i atleti\u010darke iz O\u0160 don M. Pavlinovi\u0107a ponovo prvaci \u017dupanije\"}]},{\"@type\":\"WebSite\",\"@id\":\"https:\/\/likemetkovic.hr\/#website\",\"url\":\"https:\/\/likemetkovic.hr\/\",\"name\":\"likemetkovic.hr\",\"description\":\"Misli pozitivno... \u010ditaj LIKE\",\"potentialAction\":[{\"@type\":\"SearchAction\",\"target\":{\"@type\":\"EntryPoint\",\"urlTemplate\":\"https:\/\/likemetkovic.hr\/?s={search_term_string}\"},\"query-input\":{\"@type\":\"PropertyValueSpecification\",\"valueRequired\":true,\"valueName\":\"search_term_string\"}}],\"inLanguage\":\"hr\"},{\"@type\":\"Person\",\"@id\":\"https:\/\/likemetkovic.hr\/#\/schema\/person\/a42711f3385a0e2be6f7e0443bfb28f0\",\"name\":\"LIKEmetkovic.hr\",\"sameAs\":[\"http:\/\/likemetkovic.hr\"],\"url\":\"https:\/\/likemetkovic.hr\/portal\/author\/likemetkovic-hr\/\"}]}<\/script>\n<!-- \/ Yoast SEO plugin. -->","yoast_head_json":{"title":"BRAVO! Atleti\u010dari i atleti\u010darke iz O\u0160 don M. Pavlinovi\u0107a ponovo prvaci \u017dupanije - likemetkovic.hr","robots":{"index":"index","follow":"follow","max-snippet":"max-snippet:-1","max-image-preview":"max-image-preview:large","max-video-preview":"max-video-preview:-1"},"canonical":"https:\/\/likemetkovic.hr\/bravo-atleticari-i-atleticarke-iz-os-don-m-pavlinovica-ponovno-prvaci-zupanije\/","og_locale":"hr_HR","og_type":"article","og_title":"BRAVO! Atleti\u010dari i atleti\u010darke iz O\u0160 don M. Pavlinovi\u0107a ponovo prvaci \u017dupanije - likemetkovic.hr","og_description":"Mladi atleti\u010dari iz O\u0160 don Mihovila Pavlinovi\u0107a, okupljeni u \u0160kolsko \u0161portsko dru\u0161tvo Gusar,\u00a0ostvarili su izvanredan uspjeh na \u017dupanijskom natjecanju \u0161kolskih sportskih klubova\u00a0osnovnih \u0161kola u atletici za dje\u010dake i djevoj\u010dice u kategoriji 7. i 8. razreda. Osvojili su prvo mjesto u mu\u0161koj i u \u017eenskoj konkurenciji te se tako plasirali na Dr\u017eavno natjecanje! U kategoriji dje\u010daka [&hellip;]","og_url":"https:\/\/likemetkovic.hr\/bravo-atleticari-i-atleticarke-iz-os-don-m-pavlinovica-ponovno-prvaci-zupanije\/","og_site_name":"likemetkovic.hr","article_publisher":"https:\/\/www.facebook.com\/likemetkovic.hr\/","article_published_time":"2018-11-15T20:34:18+00:00","article_modified_time":"2018-11-15T20:35:54+00:00","og_image":[{"width":1280,"height":640,"url":"https:\/\/likemetkovic.hr\/wp-content\/uploads\/2018\/11\/os-mpavlinovic-atletika-3.jpg","type":"image\/jpeg"}],"author":"LIKEmetkovic.hr","twitter_card":"summary_large_image","twitter_misc":{"Napisao\/la":"LIKEmetkovic.hr","Procijenjeno vrijeme \u010ditanja":"1 minuta"},"schema":{"@context":"https:\/\/schema.org","@graph":[{"@type":"WebPage","@id":"https:\/\/likemetkovic.hr\/bravo-atleticari-i-atleticarke-iz-os-don-m-pavlinovica-ponovno-prvaci-zupanije\/","url":"https:\/\/likemetkovic.hr\/bravo-atleticari-i-atleticarke-iz-os-don-m-pavlinovica-ponovno-prvaci-zupanije\/","name":"BRAVO! Atleti\u010dari i atleti\u010darke iz O\u0160 don M. Pavlinovi\u0107a ponovo prvaci \u017dupanije - likemetkovic.hr","isPartOf":{"@id":"https:\/\/likemetkovic.hr\/#website"},"primaryImageOfPage":{"@id":"https:\/\/likemetkovic.hr\/bravo-atleticari-i-atleticarke-iz-os-don-m-pavlinovica-ponovno-prvaci-zupanije\/#primaryimage"},"image":{"@id":"https:\/\/likemetkovic.hr\/bravo-atleticari-i-atleticarke-iz-os-don-m-pavlinovica-ponovno-prvaci-zupanije\/#primaryimage"},"thumbnailUrl":"https:\/\/likemetkovic.hr\/portal\/wp-content\/uploads\/2018\/11\/os-mpavlinovic-atletika-3.jpg","datePublished":"2018-11-15T20:34:18+00:00","dateModified":"2018-11-15T20:35:54+00:00","author":{"@id":"https:\/\/likemetkovic.hr\/#\/schema\/person\/a42711f3385a0e2be6f7e0443bfb28f0"},"breadcrumb":{"@id":"https:\/\/likemetkovic.hr\/bravo-atleticari-i-atleticarke-iz-os-don-m-pavlinovica-ponovno-prvaci-zupanije\/#breadcrumb"},"inLanguage":"hr","potentialAction":[{"@type":"ReadAction","target":["https:\/\/likemetkovic.hr\/bravo-atleticari-i-atleticarke-iz-os-don-m-pavlinovica-ponovno-prvaci-zupanije\/"]}]},{"@type":"ImageObject","inLanguage":"hr","@id":"https:\/\/likemetkovic.hr\/bravo-atleticari-i-atleticarke-iz-os-don-m-pavlinovica-ponovno-prvaci-zupanije\/#primaryimage","url":"https:\/\/likemetkovic.hr\/portal\/wp-content\/uploads\/2018\/11\/os-mpavlinovic-atletika-3.jpg","contentUrl":"https:\/\/likemetkovic.hr\/portal\/wp-content\/uploads\/2018\/11\/os-mpavlinovic-atletika-3.jpg","width":1280,"height":640},{"@type":"BreadcrumbList","@id":"https:\/\/likemetkovic.hr\/bravo-atleticari-i-atleticarke-iz-os-don-m-pavlinovica-ponovno-prvaci-zupanije\/#breadcrumb","itemListElement":[{"@type":"ListItem","position":1,"name":"Po\u010detna stranica","item":"https:\/\/likemetkovic.hr\/portal\/"},{"@type":"ListItem","position":2,"name":"BRAVO! Atleti\u010dari i atleti\u010darke iz O\u0160 don M. Pavlinovi\u0107a ponovo prvaci \u017dupanije"}]},{"@type":"WebSite","@id":"https:\/\/likemetkovic.hr\/#website","url":"https:\/\/likemetkovic.hr\/","name":"likemetkovic.hr","description":"Misli pozitivno... \u010ditaj LIKE","potentialAction":[{"@type":"SearchAction","target":{"@type":"EntryPoint","urlTemplate":"https:\/\/likemetkovic.hr\/?s={search_term_string}"},"query-input":{"@type":"PropertyValueSpecification","valueRequired":true,"valueName":"search_term_string"}}],"inLanguage":"hr"},{"@type":"Person","@id":"https:\/\/likemetkovic.hr\/#\/schema\/person\/a42711f3385a0e2be6f7e0443bfb28f0","name":"LIKEmetkovic.hr","sameAs":["http:\/\/likemetkovic.hr"],"url":"https:\/\/likemetkovic.hr\/portal\/author\/likemetkovic-hr\/"}]}},"_links":{"self":[{"href":"https:\/\/likemetkovic.hr\/portal\/wp-json\/wp\/v2\/posts\/70701","targetHints":{"allow":["GET"]}}],"collection":[{"href":"https:\/\/likemetkovic.hr\/portal\/wp-json\/wp\/v2\/posts"}],"about":[{"href":"https:\/\/likemetkovic.hr\/portal\/wp-json\/wp\/v2\/types\/post"}],"author":[{"embeddable":true,"href":"https:\/\/likemetkovic.hr\/portal\/wp-json\/wp\/v2\/users\/7"}],"replies":[{"embeddable":true,"href":"https:\/\/likemetkovic.hr\/portal\/wp-json\/wp\/v2\/comments?post=70701"}],"version-history":[{"count":0,"href":"https:\/\/likemetkovic.hr\/portal\/wp-json\/wp\/v2\/posts\/70701\/revisions"}],"wp:featuredmedia":[{"embeddable":true,"href":"https:\/\/likemetkovic.hr\/portal\/wp-json\/wp\/v2\/media\/70704"}],"wp:attachment":[{"href":"https:\/\/likemetkovic.hr\/portal\/wp-json\/wp\/v2\/media?parent=70701"}],"wp:term":[{"taxonomy":"category","embeddable":true,"href":"https:\/\/likemetkovic.hr\/portal\/wp-json\/wp\/v2\/categories?post=70701"},{"taxonomy":"post_tag","embeddable":true,"href":"https:\/\/likemetkovic.hr\/portal\/wp-json\/wp\/v2\/tags?post=70701"}],"curies":[{"name":"wp","href":"https:\/\/api.w.org\/{rel}","templated":true}]}}