{"id":70717,"date":"2018-11-16T12:47:09","date_gmt":"2018-11-16T11:47:09","guid":{"rendered":"http:\/\/likemetkovic.hr\/?p=70717"},"modified":"2018-11-16T12:47:09","modified_gmt":"2018-11-16T11:47:09","slug":"vremenska-prognoza-kakvo-nas-vrijeme-ocekuje-za-vikend","status":"publish","type":"post","link":"https:\/\/likemetkovic.hr\/portal\/vremenska-prognoza-kakvo-nas-vrijeme-ocekuje-za-vikend\/","title":{"rendered":"VREMENSKA PROGNOZA Kakvo nas vrijeme o\u010dekuje za vikend?"},"content":{"rendered":"<p>Sutudeni polako pokazuje svoje <em>zube<\/em>, <strong>temperature zraka polako postaju sve primjerenije dobu godine<\/strong>. Zapuhala je bura koja sa sjevera u na\u0161e krajeve suhi i hladni zrak. Evo kako vrijeme mo\u017eemo o\u010dekivati <strong>u dolini Neretve<\/strong> tijekom vikenda koji je upravo po\u010deo&#8230;<\/p>\n<p><strong>Od danas do nedjelje bit \u0107e suho i prohladno.<\/strong> Dnevne temperature zraka \u0107e biti od 12 do 15 \u00b0C, a ranojutarnje i desetak stupnjeva ni\u017ee. Puhat \u0107e jaka, a na trenutke i olujna bura.<\/p>\n<p>Ako ste se proteklih dana i dvoumili, ovoga puta \u0107e vam sigurno trebati <strong>toplija odje\u0107a<\/strong>. <a href=\"http:\/\/likemetkovic.hr\/obavijest-ponovno-u-gradu-imamo-dimnjacara\/\" target=\"_blank\" rel=\"noopener\">Dimnja\u010dari<\/a> su u opet u gradu, ako ve\u0107 niste, pozovite ih da pro\u010diste i provjere va\u0161e dimnjake jer \u0107e vam sigurno trebati&#8230;<\/p>\n<p><strong>Po\u010detkom idu\u0107ega tjedna<\/strong>, meteorolozi najavljuju promjenu vremena i oborine koje bi u utorak mogle biti i obilnije.<\/p>\n","protected":false},"excerpt":{"rendered":"<p>Sutudeni polako pokazuje svoje zube, temperature zraka polako postaju sve primjerenije dobu godine. Zapuhala je bura koja sa sjevera u na\u0161e krajeve suhi i hladni zrak. Evo kako vrijeme mo\u017eemo o\u010dekivati u dolini Neretve tijekom vikenda koji je upravo po\u010deo&#8230; Od danas do nedjelje bit \u0107e suho i prohladno. Dnevne temperature zraka \u0107e biti od [&hellip;]<\/p>\n","protected":false},"author":7,"featured_media":70718,"comment_status":"open","ping_status":"open","sticky":false,"template":"","format":"standard","meta":{"footnotes":""},"categories":[296,11],"tags":[365],"class_list":{"0":"post-70717","1":"post","2":"type-post","3":"status-publish","4":"format-standard","5":"has-post-thumbnail","7":"category-ab","8":"category-metkovic-dolina","9":"tag-vremenska-prognoza"},"yoast_head":"<!-- This site is optimized with the Yoast SEO plugin v25.2 - https:\/\/yoast.com\/wordpress\/plugins\/seo\/ -->\n<title>VREMENSKA PROGNOZA Kakvo nas vrijeme o\u010dekuje za vikend? - likemetkovic.hr<\/title>\n<meta name=\"robots\" content=\"index, follow, max-snippet:-1, max-image-preview:large, max-video-preview:-1\" \/>\n<link rel=\"canonical\" href=\"https:\/\/likemetkovic.hr\/vremenska-prognoza-kakvo-nas-vrijeme-ocekuje-za-vikend\/\" \/>\n<meta property=\"og:locale\" content=\"hr_HR\" \/>\n<meta property=\"og:type\" content=\"article\" \/>\n<meta property=\"og:title\" content=\"VREMENSKA PROGNOZA Kakvo nas vrijeme o\u010dekuje za vikend? - likemetkovic.hr\" \/>\n<meta property=\"og:description\" content=\"Sutudeni polako pokazuje svoje zube, temperature zraka polako postaju sve primjerenije dobu godine. Zapuhala je bura koja sa sjevera u na\u0161e krajeve suhi i hladni zrak. Evo kako vrijeme mo\u017eemo o\u010dekivati u dolini Neretve tijekom vikenda koji je upravo po\u010deo&#8230; Od danas do nedjelje bit \u0107e suho i prohladno. Dnevne temperature zraka \u0107e biti od [&hellip;]\" \/>\n<meta property=\"og:url\" content=\"https:\/\/likemetkovic.hr\/vremenska-prognoza-kakvo-nas-vrijeme-ocekuje-za-vikend\/\" \/>\n<meta property=\"og:site_name\" content=\"likemetkovic.hr\" \/>\n<meta property=\"article:publisher\" content=\"https:\/\/www.facebook.com\/likemetkovic.hr\/\" \/>\n<meta property=\"article:published_time\" content=\"2018-11-16T11:47:09+00:00\" \/>\n<meta property=\"og:image\" content=\"https:\/\/likemetkovic.hr\/wp-content\/uploads\/2018\/11\/metkovi\u0107-ko\u0161evo.jpg\" \/>\n\t<meta property=\"og:image:width\" content=\"800\" \/>\n\t<meta property=\"og:image:height\" content=\"500\" \/>\n\t<meta property=\"og:image:type\" content=\"image\/jpeg\" \/>\n<meta name=\"author\" content=\"LIKEmetkovic.hr\" \/>\n<meta name=\"twitter:card\" content=\"summary_large_image\" \/>\n<meta name=\"twitter:label1\" content=\"Napisao\/la\" \/>\n\t<meta name=\"twitter:data1\" content=\"LIKEmetkovic.hr\" \/>\n\t<meta name=\"twitter:label2\" content=\"Procijenjeno vrijeme \u010ditanja\" \/>\n\t<meta name=\"twitter:data2\" content=\"1 minuta\" \/>\n<script type=\"application\/ld+json\" class=\"yoast-schema-graph\">{\"@context\":\"https:\/\/schema.org\",\"@graph\":[{\"@type\":\"WebPage\",\"@id\":\"https:\/\/likemetkovic.hr\/vremenska-prognoza-kakvo-nas-vrijeme-ocekuje-za-vikend\/\",\"url\":\"https:\/\/likemetkovic.hr\/vremenska-prognoza-kakvo-nas-vrijeme-ocekuje-za-vikend\/\",\"name\":\"VREMENSKA PROGNOZA Kakvo nas vrijeme o\u010dekuje za vikend? - likemetkovic.hr\",\"isPartOf\":{\"@id\":\"https:\/\/likemetkovic.hr\/#website\"},\"primaryImageOfPage\":{\"@id\":\"https:\/\/likemetkovic.hr\/vremenska-prognoza-kakvo-nas-vrijeme-ocekuje-za-vikend\/#primaryimage\"},\"image\":{\"@id\":\"https:\/\/likemetkovic.hr\/vremenska-prognoza-kakvo-nas-vrijeme-ocekuje-za-vikend\/#primaryimage\"},\"thumbnailUrl\":\"https:\/\/likemetkovic.hr\/portal\/wp-content\/uploads\/2018\/11\/metkovi\u0107-ko\u0161evo.jpg\",\"datePublished\":\"2018-11-16T11:47:09+00:00\",\"author\":{\"@id\":\"https:\/\/likemetkovic.hr\/#\/schema\/person\/a42711f3385a0e2be6f7e0443bfb28f0\"},\"breadcrumb\":{\"@id\":\"https:\/\/likemetkovic.hr\/vremenska-prognoza-kakvo-nas-vrijeme-ocekuje-za-vikend\/#breadcrumb\"},\"inLanguage\":\"hr\",\"potentialAction\":[{\"@type\":\"ReadAction\",\"target\":[\"https:\/\/likemetkovic.hr\/vremenska-prognoza-kakvo-nas-vrijeme-ocekuje-za-vikend\/\"]}]},{\"@type\":\"ImageObject\",\"inLanguage\":\"hr\",\"@id\":\"https:\/\/likemetkovic.hr\/vremenska-prognoza-kakvo-nas-vrijeme-ocekuje-za-vikend\/#primaryimage\",\"url\":\"https:\/\/likemetkovic.hr\/portal\/wp-content\/uploads\/2018\/11\/metkovi\u0107-ko\u0161evo.jpg\",\"contentUrl\":\"https:\/\/likemetkovic.hr\/portal\/wp-content\/uploads\/2018\/11\/metkovi\u0107-ko\u0161evo.jpg\",\"width\":800,\"height\":500},{\"@type\":\"BreadcrumbList\",\"@id\":\"https:\/\/likemetkovic.hr\/vremenska-prognoza-kakvo-nas-vrijeme-ocekuje-za-vikend\/#breadcrumb\",\"itemListElement\":[{\"@type\":\"ListItem\",\"position\":1,\"name\":\"Po\u010detna stranica\",\"item\":\"https:\/\/likemetkovic.hr\/portal\/\"},{\"@type\":\"ListItem\",\"position\":2,\"name\":\"VREMENSKA PROGNOZA Kakvo nas vrijeme o\u010dekuje za vikend?\"}]},{\"@type\":\"WebSite\",\"@id\":\"https:\/\/likemetkovic.hr\/#website\",\"url\":\"https:\/\/likemetkovic.hr\/\",\"name\":\"likemetkovic.hr\",\"description\":\"Misli pozitivno... \u010ditaj LIKE\",\"potentialAction\":[{\"@type\":\"SearchAction\",\"target\":{\"@type\":\"EntryPoint\",\"urlTemplate\":\"https:\/\/likemetkovic.hr\/?s={search_term_string}\"},\"query-input\":{\"@type\":\"PropertyValueSpecification\",\"valueRequired\":true,\"valueName\":\"search_term_string\"}}],\"inLanguage\":\"hr\"},{\"@type\":\"Person\",\"@id\":\"https:\/\/likemetkovic.hr\/#\/schema\/person\/a42711f3385a0e2be6f7e0443bfb28f0\",\"name\":\"LIKEmetkovic.hr\",\"sameAs\":[\"http:\/\/likemetkovic.hr\"],\"url\":\"https:\/\/likemetkovic.hr\/portal\/author\/likemetkovic-hr\/\"}]}<\/script>\n<!-- \/ Yoast SEO plugin. -->","yoast_head_json":{"title":"VREMENSKA PROGNOZA Kakvo nas vrijeme o\u010dekuje za vikend? - likemetkovic.hr","robots":{"index":"index","follow":"follow","max-snippet":"max-snippet:-1","max-image-preview":"max-image-preview:large","max-video-preview":"max-video-preview:-1"},"canonical":"https:\/\/likemetkovic.hr\/vremenska-prognoza-kakvo-nas-vrijeme-ocekuje-za-vikend\/","og_locale":"hr_HR","og_type":"article","og_title":"VREMENSKA PROGNOZA Kakvo nas vrijeme o\u010dekuje za vikend? - likemetkovic.hr","og_description":"Sutudeni polako pokazuje svoje zube, temperature zraka polako postaju sve primjerenije dobu godine. Zapuhala je bura koja sa sjevera u na\u0161e krajeve suhi i hladni zrak. Evo kako vrijeme mo\u017eemo o\u010dekivati u dolini Neretve tijekom vikenda koji je upravo po\u010deo&#8230; Od danas do nedjelje bit \u0107e suho i prohladno. Dnevne temperature zraka \u0107e biti od [&hellip;]","og_url":"https:\/\/likemetkovic.hr\/vremenska-prognoza-kakvo-nas-vrijeme-ocekuje-za-vikend\/","og_site_name":"likemetkovic.hr","article_publisher":"https:\/\/www.facebook.com\/likemetkovic.hr\/","article_published_time":"2018-11-16T11:47:09+00:00","og_image":[{"width":800,"height":500,"url":"https:\/\/likemetkovic.hr\/wp-content\/uploads\/2018\/11\/metkovi\u0107-ko\u0161evo.jpg","type":"image\/jpeg"}],"author":"LIKEmetkovic.hr","twitter_card":"summary_large_image","twitter_misc":{"Napisao\/la":"LIKEmetkovic.hr","Procijenjeno vrijeme \u010ditanja":"1 minuta"},"schema":{"@context":"https:\/\/schema.org","@graph":[{"@type":"WebPage","@id":"https:\/\/likemetkovic.hr\/vremenska-prognoza-kakvo-nas-vrijeme-ocekuje-za-vikend\/","url":"https:\/\/likemetkovic.hr\/vremenska-prognoza-kakvo-nas-vrijeme-ocekuje-za-vikend\/","name":"VREMENSKA PROGNOZA Kakvo nas vrijeme o\u010dekuje za vikend? - likemetkovic.hr","isPartOf":{"@id":"https:\/\/likemetkovic.hr\/#website"},"primaryImageOfPage":{"@id":"https:\/\/likemetkovic.hr\/vremenska-prognoza-kakvo-nas-vrijeme-ocekuje-za-vikend\/#primaryimage"},"image":{"@id":"https:\/\/likemetkovic.hr\/vremenska-prognoza-kakvo-nas-vrijeme-ocekuje-za-vikend\/#primaryimage"},"thumbnailUrl":"https:\/\/likemetkovic.hr\/portal\/wp-content\/uploads\/2018\/11\/metkovi\u0107-ko\u0161evo.jpg","datePublished":"2018-11-16T11:47:09+00:00","author":{"@id":"https:\/\/likemetkovic.hr\/#\/schema\/person\/a42711f3385a0e2be6f7e0443bfb28f0"},"breadcrumb":{"@id":"https:\/\/likemetkovic.hr\/vremenska-prognoza-kakvo-nas-vrijeme-ocekuje-za-vikend\/#breadcrumb"},"inLanguage":"hr","potentialAction":[{"@type":"ReadAction","target":["https:\/\/likemetkovic.hr\/vremenska-prognoza-kakvo-nas-vrijeme-ocekuje-za-vikend\/"]}]},{"@type":"ImageObject","inLanguage":"hr","@id":"https:\/\/likemetkovic.hr\/vremenska-prognoza-kakvo-nas-vrijeme-ocekuje-za-vikend\/#primaryimage","url":"https:\/\/likemetkovic.hr\/portal\/wp-content\/uploads\/2018\/11\/metkovi\u0107-ko\u0161evo.jpg","contentUrl":"https:\/\/likemetkovic.hr\/portal\/wp-content\/uploads\/2018\/11\/metkovi\u0107-ko\u0161evo.jpg","width":800,"height":500},{"@type":"BreadcrumbList","@id":"https:\/\/likemetkovic.hr\/vremenska-prognoza-kakvo-nas-vrijeme-ocekuje-za-vikend\/#breadcrumb","itemListElement":[{"@type":"ListItem","position":1,"name":"Po\u010detna stranica","item":"https:\/\/likemetkovic.hr\/portal\/"},{"@type":"ListItem","position":2,"name":"VREMENSKA PROGNOZA Kakvo nas vrijeme o\u010dekuje za vikend?"}]},{"@type":"WebSite","@id":"https:\/\/likemetkovic.hr\/#website","url":"https:\/\/likemetkovic.hr\/","name":"likemetkovic.hr","description":"Misli pozitivno... \u010ditaj LIKE","potentialAction":[{"@type":"SearchAction","target":{"@type":"EntryPoint","urlTemplate":"https:\/\/likemetkovic.hr\/?s={search_term_string}"},"query-input":{"@type":"PropertyValueSpecification","valueRequired":true,"valueName":"search_term_string"}}],"inLanguage":"hr"},{"@type":"Person","@id":"https:\/\/likemetkovic.hr\/#\/schema\/person\/a42711f3385a0e2be6f7e0443bfb28f0","name":"LIKEmetkovic.hr","sameAs":["http:\/\/likemetkovic.hr"],"url":"https:\/\/likemetkovic.hr\/portal\/author\/likemetkovic-hr\/"}]}},"_links":{"self":[{"href":"https:\/\/likemetkovic.hr\/portal\/wp-json\/wp\/v2\/posts\/70717","targetHints":{"allow":["GET"]}}],"collection":[{"href":"https:\/\/likemetkovic.hr\/portal\/wp-json\/wp\/v2\/posts"}],"about":[{"href":"https:\/\/likemetkovic.hr\/portal\/wp-json\/wp\/v2\/types\/post"}],"author":[{"embeddable":true,"href":"https:\/\/likemetkovic.hr\/portal\/wp-json\/wp\/v2\/users\/7"}],"replies":[{"embeddable":true,"href":"https:\/\/likemetkovic.hr\/portal\/wp-json\/wp\/v2\/comments?post=70717"}],"version-history":[{"count":0,"href":"https:\/\/likemetkovic.hr\/portal\/wp-json\/wp\/v2\/posts\/70717\/revisions"}],"wp:featuredmedia":[{"embeddable":true,"href":"https:\/\/likemetkovic.hr\/portal\/wp-json\/wp\/v2\/media\/70718"}],"wp:attachment":[{"href":"https:\/\/likemetkovic.hr\/portal\/wp-json\/wp\/v2\/media?parent=70717"}],"wp:term":[{"taxonomy":"category","embeddable":true,"href":"https:\/\/likemetkovic.hr\/portal\/wp-json\/wp\/v2\/categories?post=70717"},{"taxonomy":"post_tag","embeddable":true,"href":"https:\/\/likemetkovic.hr\/portal\/wp-json\/wp\/v2\/tags?post=70717"}],"curies":[{"name":"wp","href":"https:\/\/api.w.org\/{rel}","templated":true}]}}