{"id":70731,"date":"2018-11-16T15:29:54","date_gmt":"2018-11-16T14:29:54","guid":{"rendered":"http:\/\/likemetkovic.hr\/?p=70731"},"modified":"2018-11-16T15:29:54","modified_gmt":"2018-11-16T14:29:54","slug":"komunisticki-zlocini-na-groblju-u-metkovicu-zrtve-o-kojima-se-nije-smjelo-govoriti","status":"publish","type":"post","link":"https:\/\/likemetkovic.hr\/portal\/komunisticki-zlocini-na-groblju-u-metkovicu-zrtve-o-kojima-se-nije-smjelo-govoriti\/","title":{"rendered":"Komunisti\u010dki zlo\u010dini na groblju u Metkovi\u0107u: \u017drtve o kojima se nije smjelo govoriti"},"content":{"rendered":"<p>Nakon \u0161to su partizanske snage<strong> 26. listopada 1944.<\/strong> godine u\u0161le u Metkovi\u0107 i ovladale \u0161irim podru\u010djem doline Neretve, zatvor u Metkovi\u0107u se po\u010deo puniti nevinim ljudima koji su se nalazili na listama za strijeljanje. Egzekucije su se odvijale pod okriljem no\u0107i na groblju sv. Ivana Nepomuka i u podrumu Vage. Ljudi u strahu od nove vlasti nisu smjeli ni\u0161ta o tome govoriti, niti pitati, niti odlaziti na mjesta gdje su \u017ertve pokapane.<\/p>\n<p><img decoding=\"async\" class=\"alignnone size-full wp-image-66969\" src=\"http:\/\/likemetkovic.hr\/wp-content\/uploads\/2018\/08\/Metkovic-mveraja-001-13.jpg\" alt=\"\" width=\"800\" height=\"533\" srcset=\"https:\/\/likemetkovic.hr\/portal\/wp-content\/uploads\/2018\/08\/Metkovic-mveraja-001-13.jpg 800w, https:\/\/likemetkovic.hr\/portal\/wp-content\/uploads\/2018\/08\/Metkovic-mveraja-001-13-768x512.jpg 768w, https:\/\/likemetkovic.hr\/portal\/wp-content\/uploads\/2018\/08\/Metkovic-mveraja-001-13-696x464.jpg 696w, https:\/\/likemetkovic.hr\/portal\/wp-content\/uploads\/2018\/08\/Metkovic-mveraja-001-13-630x420.jpg 630w\" sizes=\"(max-width: 800px) 100vw, 800px\" \/>Prva takva masovna smaknu\u0107a bila su <strong>u no\u0107i s 16. na 17. studenog 1944. <\/strong>na groblju sv. Ivana Nepomuka. Prema pisanju prof. I. Juri\u0107a <em>(Borbe i stradanja Hrvata kotara Metkovi\u0107 1918.-1945.)<\/em> na koje se u svojoj knjizi <em>Povijest \u017eupa doline Neretve<\/em>\u00a0poziva i don Mile Vidovi\u0107, te su no\u0107i sigurno pogubljeni Jozo Bukovac Mijin iz Vida, Rade Gnje\u010d Ivanov iz Krvavca, Ivan Krsti\u010devi\u0107 Jozin iz Krvavca, Jure Krsti\u010devi\u0107 Markov iz Krvavca, Jozo Nikoli\u0107-Bufalo iz Krvavca, Jure Popi\u0107 Petrov iz Opuzena, Milan-Mato Veraja Matin iz Metkovi\u0107a, Marijan Zovko Jurin iz Metkovi\u0107a i Vinko Zovko Petrov iz Metkovi\u0107a. Dokumentacija o ovom doga\u0111aju nije poznata, a prema nekim pokazateljima broj strijeljanih te no\u0107i je bio ve\u0107i, \u010dak 21.<\/p>\n<p>Drugo masovno strijeljanje na metkovskom groblju dogodilo se <strong>u no\u0107i s 20. na 21. studenog 1944.<\/strong> i to na temelju presude Vojnog suda od 19. listopada 1944. u kojoj pi\u0161e da su <em>ka\u017enjeni na kaznu smrti strijeljanjem, na trajan\u00a0gubitak gra\u0111anskih vojni\u010dkih prava, te na konfiskaciju imovine. Strijeljanje \u0107e se izvr\u0161iti odmah.\u00a0<\/em>Tada je stradalo sedam osoba: Petar Batinovi\u0107 Ivanov iz Momi\u0107a, Toma \u0106eli\u0107 \u0160imunov iz Podrujnice, Sre\u0107ko Dropuli\u0107 Antin iz Opuzena, Marko Jel\u010di\u0107 Ilijin iz Desana, Petra Sr\u0161en Ivanov iz Opuzena, Marko Vlahovi\u0107 Lukin iz Komina i Nikola Vlatkovi\u0107 Jurin iz Komina.<\/p>\n<p><strong>U prolje\u0107e 1945.<\/strong> strijeljanja je na metkovskom groblju i jedna grupa Imo\u0107ana koja je gore dovezena kamionom. Tada je zavladala praksa da se \u017ertve pogubljuju izvan mjesta stanovanja.<\/p>\n<p>Drugo veliko strati\u0161te u Metkovi\u0107u je bio<strong> podrum Vage<\/strong>. Ovdje pogubljeni su zakopavani u rovove u blizini Vage, a kasnijih godina su na tim mjestima sagra\u0111ene zgrade. Ne slu\u010dajno, ve\u0107 promi\u0161ljeno da bi se zata\u0161kali zlo\u010dini. Svjedoci toga vremena su kazivali da bi nailazili na svje\u017ee zatrpane rovove o kojima nitko nije smio pitati.<\/p>\n<p>Prvo javno obilje\u017eavanje spomena na stradanje ljudi na metkovskom groblju i na \u0161irem podru\u010dju Metkovi\u0107a bilo je<strong> 2. studenog 1990.<\/strong> Tada je odr\u017eana\u00a0misa zadu\u0161nica za sve nestale i pogubljene \u017ertve komunisti\u010dkog terora u Metkovi\u0107u. Ovaj doga\u0111aj je snimio pok. <strong>Hrvoje \u0160akota<\/strong> koji je iz snimljenog materijala montirao film\u00a0<em>Requiem <\/em>u kojem je \u017eelio\u00a0o\u010dima nevinih zarobljenika predo\u010diti sliku onoga \u0161to su \u017ertve gledale na putu do svoga strati\u0161ta. Dovedeni u koloni, vezani \u017eicom, pogubljeni su na najbrutalniji na\u010din tek nekoliko metara od kapelice na groblju.<\/p>\n<div class=\"youtube-embed\" data-video_id=\"DB9UvelRfpM\"><iframe title=\"Requiem - U spomen na sve \u017ertve komunisti\u010dkog terora u Metkovi\u0107u\" width=\"696\" height=\"522\" src=\"https:\/\/www.youtube.com\/embed\/DB9UvelRfpM?feature=oembed&#038;enablejsapi=1\" frameborder=\"0\" allow=\"accelerometer; autoplay; encrypted-media; gyroscope; picture-in-picture\" allowfullscreen><\/iframe><\/div>\n<p>&nbsp;<\/p>\n<p>&nbsp;<\/p>\n<p>&nbsp;<\/p>\n<p>&nbsp;<\/p>\n","protected":false},"excerpt":{"rendered":"<p>Nakon \u0161to su partizanske snage 26. listopada 1944. godine u\u0161le u Metkovi\u0107 i ovladale \u0161irim podru\u010djem doline Neretve, zatvor u Metkovi\u0107u se po\u010deo puniti nevinim ljudima koji su se nalazili na listama za strijeljanje. Egzekucije su se odvijale pod okriljem no\u0107i na groblju sv. Ivana Nepomuka i u podrumu Vage. Ljudi u strahu od nove [&hellip;]<\/p>\n","protected":false},"author":7,"featured_media":66969,"comment_status":"open","ping_status":"open","sticky":false,"template":"","format":"standard","meta":{"footnotes":""},"categories":[296,11,1],"tags":[1752,380,1165],"class_list":{"0":"post-70731","1":"post","2":"type-post","3":"status-publish","4":"format-standard","5":"has-post-thumbnail","7":"category-ab","8":"category-metkovic-dolina","9":"category-nekategorizirano","10":"tag-groblje-sv-ivana-nepomuka","11":"tag-metkovic","12":"tag-zrtve-komunizma"},"yoast_head":"<!-- This site is optimized with the Yoast SEO plugin v25.2 - https:\/\/yoast.com\/wordpress\/plugins\/seo\/ -->\n<title>Komunisti\u010dki zlo\u010dini na groblju u Metkovi\u0107u: \u017drtve o kojima se nije smjelo govoriti - likemetkovic.hr<\/title>\n<meta name=\"robots\" content=\"index, follow, max-snippet:-1, max-image-preview:large, max-video-preview:-1\" \/>\n<link rel=\"canonical\" href=\"https:\/\/likemetkovic.hr\/komunisticki-zlocini-na-groblju-u-metkovicu-zrtve-o-kojima-se-nije-smjelo-govoriti\/\" \/>\n<meta property=\"og:locale\" content=\"hr_HR\" \/>\n<meta property=\"og:type\" content=\"article\" \/>\n<meta property=\"og:title\" content=\"Komunisti\u010dki zlo\u010dini na groblju u Metkovi\u0107u: \u017drtve o kojima se nije smjelo govoriti - likemetkovic.hr\" \/>\n<meta property=\"og:description\" content=\"Nakon \u0161to su partizanske snage 26. listopada 1944. godine u\u0161le u Metkovi\u0107 i ovladale \u0161irim podru\u010djem doline Neretve, zatvor u Metkovi\u0107u se po\u010deo puniti nevinim ljudima koji su se nalazili na listama za strijeljanje. Egzekucije su se odvijale pod okriljem no\u0107i na groblju sv. Ivana Nepomuka i u podrumu Vage. Ljudi u strahu od nove [&hellip;]\" \/>\n<meta property=\"og:url\" content=\"https:\/\/likemetkovic.hr\/komunisticki-zlocini-na-groblju-u-metkovicu-zrtve-o-kojima-se-nije-smjelo-govoriti\/\" \/>\n<meta property=\"og:site_name\" content=\"likemetkovic.hr\" \/>\n<meta property=\"article:publisher\" content=\"https:\/\/www.facebook.com\/likemetkovic.hr\/\" \/>\n<meta property=\"article:published_time\" content=\"2018-11-16T14:29:54+00:00\" \/>\n<meta property=\"og:image\" content=\"https:\/\/likemetkovic.hr\/wp-content\/uploads\/2018\/08\/Metkovic-mveraja-001-13.jpg\" \/>\n\t<meta property=\"og:image:width\" content=\"800\" \/>\n\t<meta property=\"og:image:height\" content=\"533\" \/>\n\t<meta property=\"og:image:type\" content=\"image\/jpeg\" \/>\n<meta name=\"author\" content=\"LIKEmetkovic.hr\" \/>\n<meta name=\"twitter:card\" content=\"summary_large_image\" \/>\n<meta name=\"twitter:label1\" content=\"Napisao\/la\" \/>\n\t<meta name=\"twitter:data1\" content=\"LIKEmetkovic.hr\" \/>\n\t<meta name=\"twitter:label2\" content=\"Procijenjeno vrijeme \u010ditanja\" \/>\n\t<meta name=\"twitter:data2\" content=\"3 minute\" \/>\n<script type=\"application\/ld+json\" class=\"yoast-schema-graph\">{\"@context\":\"https:\/\/schema.org\",\"@graph\":[{\"@type\":\"WebPage\",\"@id\":\"https:\/\/likemetkovic.hr\/komunisticki-zlocini-na-groblju-u-metkovicu-zrtve-o-kojima-se-nije-smjelo-govoriti\/\",\"url\":\"https:\/\/likemetkovic.hr\/komunisticki-zlocini-na-groblju-u-metkovicu-zrtve-o-kojima-se-nije-smjelo-govoriti\/\",\"name\":\"Komunisti\u010dki zlo\u010dini na groblju u Metkovi\u0107u: \u017drtve o kojima se nije smjelo govoriti - likemetkovic.hr\",\"isPartOf\":{\"@id\":\"https:\/\/likemetkovic.hr\/#website\"},\"primaryImageOfPage\":{\"@id\":\"https:\/\/likemetkovic.hr\/komunisticki-zlocini-na-groblju-u-metkovicu-zrtve-o-kojima-se-nije-smjelo-govoriti\/#primaryimage\"},\"image\":{\"@id\":\"https:\/\/likemetkovic.hr\/komunisticki-zlocini-na-groblju-u-metkovicu-zrtve-o-kojima-se-nije-smjelo-govoriti\/#primaryimage\"},\"thumbnailUrl\":\"https:\/\/likemetkovic.hr\/portal\/wp-content\/uploads\/2018\/08\/Metkovic-mveraja-001-13.jpg\",\"datePublished\":\"2018-11-16T14:29:54+00:00\",\"author\":{\"@id\":\"https:\/\/likemetkovic.hr\/#\/schema\/person\/a42711f3385a0e2be6f7e0443bfb28f0\"},\"breadcrumb\":{\"@id\":\"https:\/\/likemetkovic.hr\/komunisticki-zlocini-na-groblju-u-metkovicu-zrtve-o-kojima-se-nije-smjelo-govoriti\/#breadcrumb\"},\"inLanguage\":\"hr\",\"potentialAction\":[{\"@type\":\"ReadAction\",\"target\":[\"https:\/\/likemetkovic.hr\/komunisticki-zlocini-na-groblju-u-metkovicu-zrtve-o-kojima-se-nije-smjelo-govoriti\/\"]}]},{\"@type\":\"ImageObject\",\"inLanguage\":\"hr\",\"@id\":\"https:\/\/likemetkovic.hr\/komunisticki-zlocini-na-groblju-u-metkovicu-zrtve-o-kojima-se-nije-smjelo-govoriti\/#primaryimage\",\"url\":\"https:\/\/likemetkovic.hr\/portal\/wp-content\/uploads\/2018\/08\/Metkovic-mveraja-001-13.jpg\",\"contentUrl\":\"https:\/\/likemetkovic.hr\/portal\/wp-content\/uploads\/2018\/08\/Metkovic-mveraja-001-13.jpg\",\"width\":800,\"height\":533},{\"@type\":\"BreadcrumbList\",\"@id\":\"https:\/\/likemetkovic.hr\/komunisticki-zlocini-na-groblju-u-metkovicu-zrtve-o-kojima-se-nije-smjelo-govoriti\/#breadcrumb\",\"itemListElement\":[{\"@type\":\"ListItem\",\"position\":1,\"name\":\"Po\u010detna stranica\",\"item\":\"https:\/\/likemetkovic.hr\/portal\/\"},{\"@type\":\"ListItem\",\"position\":2,\"name\":\"Komunisti\u010dki zlo\u010dini na groblju u Metkovi\u0107u: \u017drtve o kojima se nije smjelo govoriti\"}]},{\"@type\":\"WebSite\",\"@id\":\"https:\/\/likemetkovic.hr\/#website\",\"url\":\"https:\/\/likemetkovic.hr\/\",\"name\":\"likemetkovic.hr\",\"description\":\"Misli pozitivno... \u010ditaj LIKE\",\"potentialAction\":[{\"@type\":\"SearchAction\",\"target\":{\"@type\":\"EntryPoint\",\"urlTemplate\":\"https:\/\/likemetkovic.hr\/?s={search_term_string}\"},\"query-input\":{\"@type\":\"PropertyValueSpecification\",\"valueRequired\":true,\"valueName\":\"search_term_string\"}}],\"inLanguage\":\"hr\"},{\"@type\":\"Person\",\"@id\":\"https:\/\/likemetkovic.hr\/#\/schema\/person\/a42711f3385a0e2be6f7e0443bfb28f0\",\"name\":\"LIKEmetkovic.hr\",\"sameAs\":[\"http:\/\/likemetkovic.hr\"],\"url\":\"https:\/\/likemetkovic.hr\/portal\/author\/likemetkovic-hr\/\"}]}<\/script>\n<!-- \/ Yoast SEO plugin. -->","yoast_head_json":{"title":"Komunisti\u010dki zlo\u010dini na groblju u Metkovi\u0107u: \u017drtve o kojima se nije smjelo govoriti - likemetkovic.hr","robots":{"index":"index","follow":"follow","max-snippet":"max-snippet:-1","max-image-preview":"max-image-preview:large","max-video-preview":"max-video-preview:-1"},"canonical":"https:\/\/likemetkovic.hr\/komunisticki-zlocini-na-groblju-u-metkovicu-zrtve-o-kojima-se-nije-smjelo-govoriti\/","og_locale":"hr_HR","og_type":"article","og_title":"Komunisti\u010dki zlo\u010dini na groblju u Metkovi\u0107u: \u017drtve o kojima se nije smjelo govoriti - likemetkovic.hr","og_description":"Nakon \u0161to su partizanske snage 26. listopada 1944. godine u\u0161le u Metkovi\u0107 i ovladale \u0161irim podru\u010djem doline Neretve, zatvor u Metkovi\u0107u se po\u010deo puniti nevinim ljudima koji su se nalazili na listama za strijeljanje. Egzekucije su se odvijale pod okriljem no\u0107i na groblju sv. Ivana Nepomuka i u podrumu Vage. Ljudi u strahu od nove [&hellip;]","og_url":"https:\/\/likemetkovic.hr\/komunisticki-zlocini-na-groblju-u-metkovicu-zrtve-o-kojima-se-nije-smjelo-govoriti\/","og_site_name":"likemetkovic.hr","article_publisher":"https:\/\/www.facebook.com\/likemetkovic.hr\/","article_published_time":"2018-11-16T14:29:54+00:00","og_image":[{"width":800,"height":533,"url":"https:\/\/likemetkovic.hr\/wp-content\/uploads\/2018\/08\/Metkovic-mveraja-001-13.jpg","type":"image\/jpeg"}],"author":"LIKEmetkovic.hr","twitter_card":"summary_large_image","twitter_misc":{"Napisao\/la":"LIKEmetkovic.hr","Procijenjeno vrijeme \u010ditanja":"3 minute"},"schema":{"@context":"https:\/\/schema.org","@graph":[{"@type":"WebPage","@id":"https:\/\/likemetkovic.hr\/komunisticki-zlocini-na-groblju-u-metkovicu-zrtve-o-kojima-se-nije-smjelo-govoriti\/","url":"https:\/\/likemetkovic.hr\/komunisticki-zlocini-na-groblju-u-metkovicu-zrtve-o-kojima-se-nije-smjelo-govoriti\/","name":"Komunisti\u010dki zlo\u010dini na groblju u Metkovi\u0107u: \u017drtve o kojima se nije smjelo govoriti - likemetkovic.hr","isPartOf":{"@id":"https:\/\/likemetkovic.hr\/#website"},"primaryImageOfPage":{"@id":"https:\/\/likemetkovic.hr\/komunisticki-zlocini-na-groblju-u-metkovicu-zrtve-o-kojima-se-nije-smjelo-govoriti\/#primaryimage"},"image":{"@id":"https:\/\/likemetkovic.hr\/komunisticki-zlocini-na-groblju-u-metkovicu-zrtve-o-kojima-se-nije-smjelo-govoriti\/#primaryimage"},"thumbnailUrl":"https:\/\/likemetkovic.hr\/portal\/wp-content\/uploads\/2018\/08\/Metkovic-mveraja-001-13.jpg","datePublished":"2018-11-16T14:29:54+00:00","author":{"@id":"https:\/\/likemetkovic.hr\/#\/schema\/person\/a42711f3385a0e2be6f7e0443bfb28f0"},"breadcrumb":{"@id":"https:\/\/likemetkovic.hr\/komunisticki-zlocini-na-groblju-u-metkovicu-zrtve-o-kojima-se-nije-smjelo-govoriti\/#breadcrumb"},"inLanguage":"hr","potentialAction":[{"@type":"ReadAction","target":["https:\/\/likemetkovic.hr\/komunisticki-zlocini-na-groblju-u-metkovicu-zrtve-o-kojima-se-nije-smjelo-govoriti\/"]}]},{"@type":"ImageObject","inLanguage":"hr","@id":"https:\/\/likemetkovic.hr\/komunisticki-zlocini-na-groblju-u-metkovicu-zrtve-o-kojima-se-nije-smjelo-govoriti\/#primaryimage","url":"https:\/\/likemetkovic.hr\/portal\/wp-content\/uploads\/2018\/08\/Metkovic-mveraja-001-13.jpg","contentUrl":"https:\/\/likemetkovic.hr\/portal\/wp-content\/uploads\/2018\/08\/Metkovic-mveraja-001-13.jpg","width":800,"height":533},{"@type":"BreadcrumbList","@id":"https:\/\/likemetkovic.hr\/komunisticki-zlocini-na-groblju-u-metkovicu-zrtve-o-kojima-se-nije-smjelo-govoriti\/#breadcrumb","itemListElement":[{"@type":"ListItem","position":1,"name":"Po\u010detna stranica","item":"https:\/\/likemetkovic.hr\/portal\/"},{"@type":"ListItem","position":2,"name":"Komunisti\u010dki zlo\u010dini na groblju u Metkovi\u0107u: \u017drtve o kojima se nije smjelo govoriti"}]},{"@type":"WebSite","@id":"https:\/\/likemetkovic.hr\/#website","url":"https:\/\/likemetkovic.hr\/","name":"likemetkovic.hr","description":"Misli pozitivno... \u010ditaj LIKE","potentialAction":[{"@type":"SearchAction","target":{"@type":"EntryPoint","urlTemplate":"https:\/\/likemetkovic.hr\/?s={search_term_string}"},"query-input":{"@type":"PropertyValueSpecification","valueRequired":true,"valueName":"search_term_string"}}],"inLanguage":"hr"},{"@type":"Person","@id":"https:\/\/likemetkovic.hr\/#\/schema\/person\/a42711f3385a0e2be6f7e0443bfb28f0","name":"LIKEmetkovic.hr","sameAs":["http:\/\/likemetkovic.hr"],"url":"https:\/\/likemetkovic.hr\/portal\/author\/likemetkovic-hr\/"}]}},"_links":{"self":[{"href":"https:\/\/likemetkovic.hr\/portal\/wp-json\/wp\/v2\/posts\/70731","targetHints":{"allow":["GET"]}}],"collection":[{"href":"https:\/\/likemetkovic.hr\/portal\/wp-json\/wp\/v2\/posts"}],"about":[{"href":"https:\/\/likemetkovic.hr\/portal\/wp-json\/wp\/v2\/types\/post"}],"author":[{"embeddable":true,"href":"https:\/\/likemetkovic.hr\/portal\/wp-json\/wp\/v2\/users\/7"}],"replies":[{"embeddable":true,"href":"https:\/\/likemetkovic.hr\/portal\/wp-json\/wp\/v2\/comments?post=70731"}],"version-history":[{"count":0,"href":"https:\/\/likemetkovic.hr\/portal\/wp-json\/wp\/v2\/posts\/70731\/revisions"}],"wp:featuredmedia":[{"embeddable":true,"href":"https:\/\/likemetkovic.hr\/portal\/wp-json\/wp\/v2\/media\/66969"}],"wp:attachment":[{"href":"https:\/\/likemetkovic.hr\/portal\/wp-json\/wp\/v2\/media?parent=70731"}],"wp:term":[{"taxonomy":"category","embeddable":true,"href":"https:\/\/likemetkovic.hr\/portal\/wp-json\/wp\/v2\/categories?post=70731"},{"taxonomy":"post_tag","embeddable":true,"href":"https:\/\/likemetkovic.hr\/portal\/wp-json\/wp\/v2\/tags?post=70731"}],"curies":[{"name":"wp","href":"https:\/\/api.w.org\/{rel}","templated":true}]}}