{"id":70839,"date":"2018-11-18T10:05:43","date_gmt":"2018-11-18T09:05:43","guid":{"rendered":"http:\/\/likemetkovic.hr\/?p=70839"},"modified":"2018-11-18T10:07:01","modified_gmt":"2018-11-18T09:07:01","slug":"vrgorac-paklina-odrzano-3-kolo-medunarodne-djecje-biciklisticke-lige","status":"publish","type":"post","link":"https:\/\/likemetkovic.hr\/portal\/vrgorac-paklina-odrzano-3-kolo-medunarodne-djecje-biciklisticke-lige\/","title":{"rendered":"VRGORAC-PAKLINA: Odr\u017eano 3. kolo Me\u0111unarodne dje\u010dje biciklisti\u010dke lige"},"content":{"rendered":"<p><em>Vrgorac s Paklinom i paklenim vratima blista u mojoj uspomeni,<\/em> izjava je velikog pjesnika Tina Ujevi\u0107a.\u00a0Ista je ta Paklina ugostila 50-ak malih bikera koji su se ispred ulaza u stari rudnik natjecali u <strong>3. kolu MDBL-a<\/strong> pod nazivom<strong><em> Paklina Kids Race<\/em><\/strong>.<\/p>\n<p><img decoding=\"async\" class=\"alignnone size-full wp-image-70840\" src=\"http:\/\/likemetkovic.hr\/wp-content\/uploads\/2018\/11\/bk-metkovi\u0107-paklina-vrgorac.jpg\" alt=\"\" width=\"960\" height=\"720\" srcset=\"https:\/\/likemetkovic.hr\/portal\/wp-content\/uploads\/2018\/11\/bk-metkovi\u0107-paklina-vrgorac.jpg 960w, https:\/\/likemetkovic.hr\/portal\/wp-content\/uploads\/2018\/11\/bk-metkovi\u0107-paklina-vrgorac-800x600.jpg 800w, https:\/\/likemetkovic.hr\/portal\/wp-content\/uploads\/2018\/11\/bk-metkovi\u0107-paklina-vrgorac-768x576.jpg 768w, https:\/\/likemetkovic.hr\/portal\/wp-content\/uploads\/2018\/11\/bk-metkovi\u0107-paklina-vrgorac-80x60.jpg 80w, https:\/\/likemetkovic.hr\/portal\/wp-content\/uploads\/2018\/11\/bk-metkovi\u0107-paklina-vrgorac-265x198.jpg 265w, https:\/\/likemetkovic.hr\/portal\/wp-content\/uploads\/2018\/11\/bk-metkovi\u0107-paklina-vrgorac-696x522.jpg 696w, https:\/\/likemetkovic.hr\/portal\/wp-content\/uploads\/2018\/11\/bk-metkovi\u0107-paklina-vrgorac-560x420.jpg 560w\" sizes=\"(max-width: 960px) 100vw, 960px\" \/><strong>Biciklisti\u010dki klub Metkovi\u0107<\/strong> je uz potporu Grada Vrgorca i O\u0160 Vrgorac pripremio za djecu zabavnu stazu primjerenu za njihovu uzraste koju su mali bikeri prolazili u maniri iskusnih profesionalaca. Unato\u010d prohladnom vremenu i buri djeca su se dobro zabavila i provela jedan aktivan dan u prirodi, \u0161to je i primarni cilj cijele lige.<\/p>\n<p>Krugove du\u017eine 400 metara nizale su sve kategorije, osim najmla\u0111ih kategorija <em>Klinci i Klinceze<\/em> koji su vozili jedan mali krug od 300 metara.<\/p>\n<p><strong>Kod <em>Klinceza<\/em><\/strong> najbr\u017ea je bila Erika Malezija (BK Metkovi\u0107) ispred Monike Kuzman (BK Metkovi\u0107), dok je kod <em><strong>Klinaca<\/strong><\/em> najbr\u017ei bio Jure Kuzman (BK Metkovi\u0107) ispred Mateja Grlju\u0161i\u0107a (Vrgorac) i Tonija Ga\u0161para (Vrgorac).<\/p>\n<p><strong>Kategorija U9<\/strong> odvezla je 2 kruga, a kod cura ih je najbr\u017ee odvezla Lucija Kuzman (BK Metkovi\u0107) ispred Ive Dominikovi\u0107 (BK Metkovi\u0107) i Erike Malezije (BK Metkovi\u0107), dok je kod dje\u010daka najbr\u017ei bio Jure Vi\u0161tica (BK Metkovi\u0107) ispred Antonija Krsti\u010devi\u0107a (Vrgorac) i Petara Buklija\u0161a (Vrgorac).<\/p>\n<p><strong>Kategorija U11<\/strong> je za zadatak imala odvesti 3 kruga, a kod cura najbolje je taj zadatak obavila Lara Bok\u0161i\u0107 (BK Metkovi\u0107) ispred Mara Talaji\u0107 (BK Metkovi\u0107) i Leone \u0160imunovi\u0107 (Vrgorac). Kod dje\u010daka 3 kruga najbr\u017ee je izveo Marko Talaji\u0107 (BK Metkovi\u0107) ispred Branka Dominikovi\u0107a (BK Relaks) i Ivana Dominikovi\u0107a (BK Metkovi\u0107)<\/p>\n<p>\u010cetiri kruga bila su na kontu<strong> kategorije U13<\/strong>, a kod cura ih je najbolje skontala Gabi Bunoza (Vrgorac) ispred Vita Toli\u0107 (Vrgorac). Dje\u010dake je predvodio neuni\u0161tivi Marko Talaji\u0107 (BK Metkovi\u0107) ispred Emraha Ljubu\u0161ki\u0107a (Sport Time Sarajevo) i \u0160imuna Bari\u0161i\u0107a (Vrgorac).<\/p>\n<p>Najstarija <strong>kategorija U15<\/strong> vozila je 5 krugova, a najbr\u017ee ih je kod cura odvezla Lukrecija Krsti\u010devi\u0107 (RK Jerkovac) ispred Ive Marki\u0107 (RK Jerkovac). Jakov Krmek (BK Relaks) bio je najbr\u017ei kod dje\u010daka ispred Vinka Buluma (BK Metkovi\u0107) i Mate Mihaljevi\u0107a (Vrgorac).<\/p>\n<p>U klupskom poretku prvo mjesto zauzeo je BK Metkovi\u0107 (1140) ispred BK Relaks (230) i RK Jerkovac (175).\u00a0Najbolja \u0161kola je O\u0160 don Mihovil Pavlinovi\u0107 (950) ispred O\u0160 Vrgorac (765) i O\u0160 Opuzen (170).<\/p>\n<p>Cijelu fotogaleriju snimljenu na ju\u010dera\u0161njem natjecanju u Vrgorcu mo\u017eete pogledati <a href=\"https:\/\/www.facebook.com\/pg\/djecjabiciklistickaliga\/photos\/?tab=album&amp;album_id=296491041195171\" target=\"_blank\" rel=\"noopener\">OVDJE<\/a>.<\/p>\n<p>Tekst i foto: BK Metkovi\u0107<\/p>\n","protected":false},"excerpt":{"rendered":"<p>Vrgorac s Paklinom i paklenim vratima blista u mojoj uspomeni, izjava je velikog pjesnika Tina Ujevi\u0107a.\u00a0Ista je ta Paklina ugostila 50-ak malih bikera koji su se ispred ulaza u stari rudnik natjecali u 3. kolu MDBL-a pod nazivom Paklina Kids Race. Biciklisti\u010dki klub Metkovi\u0107 je uz potporu Grada Vrgorca i O\u0160 Vrgorac pripremio za djecu [&hellip;]<\/p>\n","protected":false},"author":7,"featured_media":70840,"comment_status":"open","ping_status":"open","sticky":false,"template":"","format":"standard","meta":{"footnotes":""},"categories":[296,34,1],"tags":[530,4054,1304],"class_list":{"0":"post-70839","1":"post","2":"type-post","3":"status-publish","4":"format-standard","5":"has-post-thumbnail","7":"category-ab","8":"category-biciklizam","9":"category-nekategorizirano","10":"tag-biciklisticki-klub-metkovic","11":"tag-meduznarodna-djecja-biciklisticka-liga","12":"tag-vrgorac"},"yoast_head":"<!-- This site is optimized with the Yoast SEO plugin v25.2 - https:\/\/yoast.com\/wordpress\/plugins\/seo\/ -->\n<title>VRGORAC-PAKLINA: Odr\u017eano 3. kolo Me\u0111unarodne dje\u010dje biciklisti\u010dke lige - likemetkovic.hr<\/title>\n<meta name=\"robots\" content=\"index, follow, max-snippet:-1, max-image-preview:large, max-video-preview:-1\" \/>\n<link rel=\"canonical\" href=\"https:\/\/likemetkovic.hr\/vrgorac-paklina-odrzano-3-kolo-medunarodne-djecje-biciklisticke-lige\/\" \/>\n<meta property=\"og:locale\" content=\"hr_HR\" \/>\n<meta property=\"og:type\" content=\"article\" \/>\n<meta property=\"og:title\" content=\"VRGORAC-PAKLINA: Odr\u017eano 3. kolo Me\u0111unarodne dje\u010dje biciklisti\u010dke lige - likemetkovic.hr\" \/>\n<meta property=\"og:description\" content=\"Vrgorac s Paklinom i paklenim vratima blista u mojoj uspomeni, izjava je velikog pjesnika Tina Ujevi\u0107a.\u00a0Ista je ta Paklina ugostila 50-ak malih bikera koji su se ispred ulaza u stari rudnik natjecali u 3. kolu MDBL-a pod nazivom Paklina Kids Race. Biciklisti\u010dki klub Metkovi\u0107 je uz potporu Grada Vrgorca i O\u0160 Vrgorac pripremio za djecu [&hellip;]\" \/>\n<meta property=\"og:url\" content=\"https:\/\/likemetkovic.hr\/vrgorac-paklina-odrzano-3-kolo-medunarodne-djecje-biciklisticke-lige\/\" \/>\n<meta property=\"og:site_name\" content=\"likemetkovic.hr\" \/>\n<meta property=\"article:publisher\" content=\"https:\/\/www.facebook.com\/likemetkovic.hr\/\" \/>\n<meta property=\"article:published_time\" content=\"2018-11-18T09:05:43+00:00\" \/>\n<meta property=\"article:modified_time\" content=\"2018-11-18T09:07:01+00:00\" \/>\n<meta property=\"og:image\" content=\"https:\/\/likemetkovic.hr\/wp-content\/uploads\/2018\/11\/bk-metkovi\u0107-paklina-vrgorac.jpg\" \/>\n\t<meta property=\"og:image:width\" content=\"960\" \/>\n\t<meta property=\"og:image:height\" content=\"720\" \/>\n\t<meta property=\"og:image:type\" content=\"image\/jpeg\" \/>\n<meta name=\"author\" content=\"LIKEmetkovic.hr\" \/>\n<meta name=\"twitter:card\" content=\"summary_large_image\" \/>\n<meta name=\"twitter:label1\" content=\"Napisao\/la\" \/>\n\t<meta name=\"twitter:data1\" content=\"LIKEmetkovic.hr\" \/>\n\t<meta name=\"twitter:label2\" content=\"Procijenjeno vrijeme \u010ditanja\" \/>\n\t<meta name=\"twitter:data2\" content=\"2 minute\" \/>\n<script type=\"application\/ld+json\" class=\"yoast-schema-graph\">{\"@context\":\"https:\/\/schema.org\",\"@graph\":[{\"@type\":\"WebPage\",\"@id\":\"https:\/\/likemetkovic.hr\/vrgorac-paklina-odrzano-3-kolo-medunarodne-djecje-biciklisticke-lige\/\",\"url\":\"https:\/\/likemetkovic.hr\/vrgorac-paklina-odrzano-3-kolo-medunarodne-djecje-biciklisticke-lige\/\",\"name\":\"VRGORAC-PAKLINA: Odr\u017eano 3. kolo Me\u0111unarodne dje\u010dje biciklisti\u010dke lige - likemetkovic.hr\",\"isPartOf\":{\"@id\":\"https:\/\/likemetkovic.hr\/#website\"},\"primaryImageOfPage\":{\"@id\":\"https:\/\/likemetkovic.hr\/vrgorac-paklina-odrzano-3-kolo-medunarodne-djecje-biciklisticke-lige\/#primaryimage\"},\"image\":{\"@id\":\"https:\/\/likemetkovic.hr\/vrgorac-paklina-odrzano-3-kolo-medunarodne-djecje-biciklisticke-lige\/#primaryimage\"},\"thumbnailUrl\":\"https:\/\/likemetkovic.hr\/portal\/wp-content\/uploads\/2018\/11\/bk-metkovi\u0107-paklina-vrgorac.jpg\",\"datePublished\":\"2018-11-18T09:05:43+00:00\",\"dateModified\":\"2018-11-18T09:07:01+00:00\",\"author\":{\"@id\":\"https:\/\/likemetkovic.hr\/#\/schema\/person\/a42711f3385a0e2be6f7e0443bfb28f0\"},\"breadcrumb\":{\"@id\":\"https:\/\/likemetkovic.hr\/vrgorac-paklina-odrzano-3-kolo-medunarodne-djecje-biciklisticke-lige\/#breadcrumb\"},\"inLanguage\":\"hr\",\"potentialAction\":[{\"@type\":\"ReadAction\",\"target\":[\"https:\/\/likemetkovic.hr\/vrgorac-paklina-odrzano-3-kolo-medunarodne-djecje-biciklisticke-lige\/\"]}]},{\"@type\":\"ImageObject\",\"inLanguage\":\"hr\",\"@id\":\"https:\/\/likemetkovic.hr\/vrgorac-paklina-odrzano-3-kolo-medunarodne-djecje-biciklisticke-lige\/#primaryimage\",\"url\":\"https:\/\/likemetkovic.hr\/portal\/wp-content\/uploads\/2018\/11\/bk-metkovi\u0107-paklina-vrgorac.jpg\",\"contentUrl\":\"https:\/\/likemetkovic.hr\/portal\/wp-content\/uploads\/2018\/11\/bk-metkovi\u0107-paklina-vrgorac.jpg\",\"width\":960,\"height\":720},{\"@type\":\"BreadcrumbList\",\"@id\":\"https:\/\/likemetkovic.hr\/vrgorac-paklina-odrzano-3-kolo-medunarodne-djecje-biciklisticke-lige\/#breadcrumb\",\"itemListElement\":[{\"@type\":\"ListItem\",\"position\":1,\"name\":\"Po\u010detna stranica\",\"item\":\"https:\/\/likemetkovic.hr\/portal\/\"},{\"@type\":\"ListItem\",\"position\":2,\"name\":\"VRGORAC-PAKLINA: Odr\u017eano 3. kolo Me\u0111unarodne dje\u010dje biciklisti\u010dke lige\"}]},{\"@type\":\"WebSite\",\"@id\":\"https:\/\/likemetkovic.hr\/#website\",\"url\":\"https:\/\/likemetkovic.hr\/\",\"name\":\"likemetkovic.hr\",\"description\":\"Misli pozitivno... \u010ditaj LIKE\",\"potentialAction\":[{\"@type\":\"SearchAction\",\"target\":{\"@type\":\"EntryPoint\",\"urlTemplate\":\"https:\/\/likemetkovic.hr\/?s={search_term_string}\"},\"query-input\":{\"@type\":\"PropertyValueSpecification\",\"valueRequired\":true,\"valueName\":\"search_term_string\"}}],\"inLanguage\":\"hr\"},{\"@type\":\"Person\",\"@id\":\"https:\/\/likemetkovic.hr\/#\/schema\/person\/a42711f3385a0e2be6f7e0443bfb28f0\",\"name\":\"LIKEmetkovic.hr\",\"sameAs\":[\"http:\/\/likemetkovic.hr\"],\"url\":\"https:\/\/likemetkovic.hr\/portal\/author\/likemetkovic-hr\/\"}]}<\/script>\n<!-- \/ Yoast SEO plugin. -->","yoast_head_json":{"title":"VRGORAC-PAKLINA: Odr\u017eano 3. kolo Me\u0111unarodne dje\u010dje biciklisti\u010dke lige - likemetkovic.hr","robots":{"index":"index","follow":"follow","max-snippet":"max-snippet:-1","max-image-preview":"max-image-preview:large","max-video-preview":"max-video-preview:-1"},"canonical":"https:\/\/likemetkovic.hr\/vrgorac-paklina-odrzano-3-kolo-medunarodne-djecje-biciklisticke-lige\/","og_locale":"hr_HR","og_type":"article","og_title":"VRGORAC-PAKLINA: Odr\u017eano 3. kolo Me\u0111unarodne dje\u010dje biciklisti\u010dke lige - likemetkovic.hr","og_description":"Vrgorac s Paklinom i paklenim vratima blista u mojoj uspomeni, izjava je velikog pjesnika Tina Ujevi\u0107a.\u00a0Ista je ta Paklina ugostila 50-ak malih bikera koji su se ispred ulaza u stari rudnik natjecali u 3. kolu MDBL-a pod nazivom Paklina Kids Race. Biciklisti\u010dki klub Metkovi\u0107 je uz potporu Grada Vrgorca i O\u0160 Vrgorac pripremio za djecu [&hellip;]","og_url":"https:\/\/likemetkovic.hr\/vrgorac-paklina-odrzano-3-kolo-medunarodne-djecje-biciklisticke-lige\/","og_site_name":"likemetkovic.hr","article_publisher":"https:\/\/www.facebook.com\/likemetkovic.hr\/","article_published_time":"2018-11-18T09:05:43+00:00","article_modified_time":"2018-11-18T09:07:01+00:00","og_image":[{"width":960,"height":720,"url":"https:\/\/likemetkovic.hr\/wp-content\/uploads\/2018\/11\/bk-metkovi\u0107-paklina-vrgorac.jpg","type":"image\/jpeg"}],"author":"LIKEmetkovic.hr","twitter_card":"summary_large_image","twitter_misc":{"Napisao\/la":"LIKEmetkovic.hr","Procijenjeno vrijeme \u010ditanja":"2 minute"},"schema":{"@context":"https:\/\/schema.org","@graph":[{"@type":"WebPage","@id":"https:\/\/likemetkovic.hr\/vrgorac-paklina-odrzano-3-kolo-medunarodne-djecje-biciklisticke-lige\/","url":"https:\/\/likemetkovic.hr\/vrgorac-paklina-odrzano-3-kolo-medunarodne-djecje-biciklisticke-lige\/","name":"VRGORAC-PAKLINA: Odr\u017eano 3. kolo Me\u0111unarodne dje\u010dje biciklisti\u010dke lige - likemetkovic.hr","isPartOf":{"@id":"https:\/\/likemetkovic.hr\/#website"},"primaryImageOfPage":{"@id":"https:\/\/likemetkovic.hr\/vrgorac-paklina-odrzano-3-kolo-medunarodne-djecje-biciklisticke-lige\/#primaryimage"},"image":{"@id":"https:\/\/likemetkovic.hr\/vrgorac-paklina-odrzano-3-kolo-medunarodne-djecje-biciklisticke-lige\/#primaryimage"},"thumbnailUrl":"https:\/\/likemetkovic.hr\/portal\/wp-content\/uploads\/2018\/11\/bk-metkovi\u0107-paklina-vrgorac.jpg","datePublished":"2018-11-18T09:05:43+00:00","dateModified":"2018-11-18T09:07:01+00:00","author":{"@id":"https:\/\/likemetkovic.hr\/#\/schema\/person\/a42711f3385a0e2be6f7e0443bfb28f0"},"breadcrumb":{"@id":"https:\/\/likemetkovic.hr\/vrgorac-paklina-odrzano-3-kolo-medunarodne-djecje-biciklisticke-lige\/#breadcrumb"},"inLanguage":"hr","potentialAction":[{"@type":"ReadAction","target":["https:\/\/likemetkovic.hr\/vrgorac-paklina-odrzano-3-kolo-medunarodne-djecje-biciklisticke-lige\/"]}]},{"@type":"ImageObject","inLanguage":"hr","@id":"https:\/\/likemetkovic.hr\/vrgorac-paklina-odrzano-3-kolo-medunarodne-djecje-biciklisticke-lige\/#primaryimage","url":"https:\/\/likemetkovic.hr\/portal\/wp-content\/uploads\/2018\/11\/bk-metkovi\u0107-paklina-vrgorac.jpg","contentUrl":"https:\/\/likemetkovic.hr\/portal\/wp-content\/uploads\/2018\/11\/bk-metkovi\u0107-paklina-vrgorac.jpg","width":960,"height":720},{"@type":"BreadcrumbList","@id":"https:\/\/likemetkovic.hr\/vrgorac-paklina-odrzano-3-kolo-medunarodne-djecje-biciklisticke-lige\/#breadcrumb","itemListElement":[{"@type":"ListItem","position":1,"name":"Po\u010detna stranica","item":"https:\/\/likemetkovic.hr\/portal\/"},{"@type":"ListItem","position":2,"name":"VRGORAC-PAKLINA: Odr\u017eano 3. kolo Me\u0111unarodne dje\u010dje biciklisti\u010dke lige"}]},{"@type":"WebSite","@id":"https:\/\/likemetkovic.hr\/#website","url":"https:\/\/likemetkovic.hr\/","name":"likemetkovic.hr","description":"Misli pozitivno... \u010ditaj LIKE","potentialAction":[{"@type":"SearchAction","target":{"@type":"EntryPoint","urlTemplate":"https:\/\/likemetkovic.hr\/?s={search_term_string}"},"query-input":{"@type":"PropertyValueSpecification","valueRequired":true,"valueName":"search_term_string"}}],"inLanguage":"hr"},{"@type":"Person","@id":"https:\/\/likemetkovic.hr\/#\/schema\/person\/a42711f3385a0e2be6f7e0443bfb28f0","name":"LIKEmetkovic.hr","sameAs":["http:\/\/likemetkovic.hr"],"url":"https:\/\/likemetkovic.hr\/portal\/author\/likemetkovic-hr\/"}]}},"_links":{"self":[{"href":"https:\/\/likemetkovic.hr\/portal\/wp-json\/wp\/v2\/posts\/70839","targetHints":{"allow":["GET"]}}],"collection":[{"href":"https:\/\/likemetkovic.hr\/portal\/wp-json\/wp\/v2\/posts"}],"about":[{"href":"https:\/\/likemetkovic.hr\/portal\/wp-json\/wp\/v2\/types\/post"}],"author":[{"embeddable":true,"href":"https:\/\/likemetkovic.hr\/portal\/wp-json\/wp\/v2\/users\/7"}],"replies":[{"embeddable":true,"href":"https:\/\/likemetkovic.hr\/portal\/wp-json\/wp\/v2\/comments?post=70839"}],"version-history":[{"count":0,"href":"https:\/\/likemetkovic.hr\/portal\/wp-json\/wp\/v2\/posts\/70839\/revisions"}],"wp:featuredmedia":[{"embeddable":true,"href":"https:\/\/likemetkovic.hr\/portal\/wp-json\/wp\/v2\/media\/70840"}],"wp:attachment":[{"href":"https:\/\/likemetkovic.hr\/portal\/wp-json\/wp\/v2\/media?parent=70839"}],"wp:term":[{"taxonomy":"category","embeddable":true,"href":"https:\/\/likemetkovic.hr\/portal\/wp-json\/wp\/v2\/categories?post=70839"},{"taxonomy":"post_tag","embeddable":true,"href":"https:\/\/likemetkovic.hr\/portal\/wp-json\/wp\/v2\/tags?post=70839"}],"curies":[{"name":"wp","href":"https:\/\/api.w.org\/{rel}","templated":true}]}}