{"id":70865,"date":"2018-11-18T16:55:37","date_gmt":"2018-11-18T15:55:37","guid":{"rendered":"http:\/\/likemetkovic.hr\/?p=70865"},"modified":"2018-11-18T16:55:37","modified_gmt":"2018-11-18T15:55:37","slug":"karate-iva-vucic-broncana-na-prvenstvu-hrvatske","status":"publish","type":"post","link":"https:\/\/likemetkovic.hr\/portal\/karate-iva-vucic-broncana-na-prvenstvu-hrvatske\/","title":{"rendered":"KARATE Iva Vu\u010di\u0107 bron\u010dana na Prvenstvu Hrvatske"},"content":{"rendered":"<p>Iva Vu\u010dui\u0107 osvojila je bron\u010danu medalju u kategoriji juniorke na Prvenstvu Dr\u017eave za kadete, juniore i mla\u0111e seniore \u0161to je ujedno bio i izborni turnir za odlazak na Europsku prvenstvu u Dansku od strane prvaka Dr\u017eave.<\/p>\n<p><img decoding=\"async\" class=\" wp-image-70867\" src=\"http:\/\/likemetkovic.hr\/wp-content\/uploads\/2018\/11\/IMG_20181118_150722_edited-1.jpg\" alt=\"\" width=\"242\" height=\"322\" srcset=\"https:\/\/likemetkovic.hr\/portal\/wp-content\/uploads\/2018\/11\/IMG_20181118_150722_edited-1.jpg 600w, https:\/\/likemetkovic.hr\/portal\/wp-content\/uploads\/2018\/11\/IMG_20181118_150722_edited-1-315x420.jpg 315w, https:\/\/likemetkovic.hr\/portal\/wp-content\/uploads\/2018\/11\/IMG_20181118_150722_edited-1-560x747.jpg 560w\" sizes=\"(max-width: 242px) 100vw, 242px\" \/><\/p>\n<p>Prvenstvo se odr\u017ealo u \u010cavlima (Rijeka) od 17 do 18. studenog 2018. Iva je ovim rezultatom izborila nastup za reprezentaciju na predstoje\u0107em Prvenstvu Balkana koji \u0107e biti u prosincu.<\/p>\n<p>Nakon prolaska kroz prvo kolo, u borbi za ulazak u finale do kraja borbe Iva dr\u017ei nerije\u0161eno (0:0) i onda u zadnjim sekundama protivnica iz Hrvatskog dragovoljca iz Zagreba poga\u0111a nogom glavu i pobje\u0111uje 3:0. Iva u repasa\u017enoj borbi za broncu pobje\u0111uje 4:0 natjecateljicu Hercegovine Zagreb, te osvaja bron\u010danu medalju.<\/p>\n<p>Za Karate klub Metkovi\u0107 pod vodstvom trenera Denisa \u017dderi\u0107a nastupili su jo\u0161 kadeti\/kinje Ante Krsti\u010devi\u0107, Matea Bebi\u0107 i Sara \u0110uki\u0107, juniori\/ke Ema Vidovi\u0107 i Petar Borovac i mla\u0111i senior Ivan Batinovi\u0107. Oni nisu osvojili medalje, ali su Ante Krsti\u010devi\u0107, Sara \u0110uki\u0107 i Ema Vidovi\u0107 u\u0161li u repasa\u017e gdje je trebalo i 4 borbe pobjediti za broncu i na\u017ealost nisu uspjeli. Najdalje je dogurala Ema Vidovi\u0107 izgubiv\u0161i zadnju borbu 1:0 od Petre Nui\u0107, trenutno tre\u0107e na svijetu, te se plasirala na jedno mjesto ni\u017ee od bronce, \u0161to je u karateu 5. mjesto (zbog dva tre\u0107a i dva peta mjesta).<\/p>\n<p><em>&#8211; Karate klub Metkovi\u0107 se zahvaljuje Gradu Metkovi\u0107u i \u0160portskoj zajednici na finacijskoj realizaciji odlaska na ovo prvenstvo,<\/em> poru\u010duju iz Kluba.<\/p>\n<p><img decoding=\"async\" class=\"size-full wp-image-70868\" src=\"http:\/\/likemetkovic.hr\/wp-content\/uploads\/2018\/11\/IMG_20181118_160740_edited.jpg\" alt=\"\" width=\"800\" height=\"520\" srcset=\"https:\/\/likemetkovic.hr\/portal\/wp-content\/uploads\/2018\/11\/IMG_20181118_160740_edited.jpg 800w, https:\/\/likemetkovic.hr\/portal\/wp-content\/uploads\/2018\/11\/IMG_20181118_160740_edited-768x499.jpg 768w, https:\/\/likemetkovic.hr\/portal\/wp-content\/uploads\/2018\/11\/IMG_20181118_160740_edited-696x452.jpg 696w, https:\/\/likemetkovic.hr\/portal\/wp-content\/uploads\/2018\/11\/IMG_20181118_160740_edited-646x420.jpg 646w, https:\/\/likemetkovic.hr\/portal\/wp-content\/uploads\/2018\/11\/IMG_20181118_160740_edited-560x364.jpg 560w\" sizes=\"(max-width: 800px) 100vw, 800px\" \/><\/p>\n","protected":false},"excerpt":{"rendered":"<p>Iva Vu\u010dui\u0107 osvojila je bron\u010danu medalju u kategoriji juniorke na Prvenstvu Dr\u017eave za kadete, juniore i mla\u0111e seniore \u0161to je ujedno bio i izborni turnir za odlazak na Europsku prvenstvu u Dansku od strane prvaka Dr\u017eave. Prvenstvo se odr\u017ealo u \u010cavlima (Rijeka) od 17 do 18. studenog 2018. Iva je ovim rezultatom izborila nastup za [&hellip;]<\/p>\n","protected":false},"author":7,"featured_media":70866,"comment_status":"open","ping_status":"open","sticky":false,"template":"","format":"standard","meta":{"footnotes":""},"categories":[296,33],"tags":[4059,586,2458],"class_list":{"0":"post-70865","1":"post","2":"type-post","3":"status-publish","4":"format-standard","5":"has-post-thumbnail","7":"category-ab","8":"category-karate","9":"tag-iva-vucic","10":"tag-karate-klub-metkovic","11":"tag-prvenstvo-hrvatske"},"yoast_head":"<!-- This site is optimized with the Yoast SEO plugin v25.2 - https:\/\/yoast.com\/wordpress\/plugins\/seo\/ -->\n<title>KARATE Iva Vu\u010di\u0107 bron\u010dana na Prvenstvu Hrvatske - likemetkovic.hr<\/title>\n<meta name=\"robots\" content=\"index, follow, max-snippet:-1, max-image-preview:large, max-video-preview:-1\" \/>\n<link rel=\"canonical\" href=\"https:\/\/likemetkovic.hr\/karate-iva-vucic-broncana-na-prvenstvu-hrvatske\/\" \/>\n<meta property=\"og:locale\" content=\"hr_HR\" \/>\n<meta property=\"og:type\" content=\"article\" \/>\n<meta property=\"og:title\" content=\"KARATE Iva Vu\u010di\u0107 bron\u010dana na Prvenstvu Hrvatske - likemetkovic.hr\" \/>\n<meta property=\"og:description\" content=\"Iva Vu\u010dui\u0107 osvojila je bron\u010danu medalju u kategoriji juniorke na Prvenstvu Dr\u017eave za kadete, juniore i mla\u0111e seniore \u0161to je ujedno bio i izborni turnir za odlazak na Europsku prvenstvu u Dansku od strane prvaka Dr\u017eave. Prvenstvo se odr\u017ealo u \u010cavlima (Rijeka) od 17 do 18. studenog 2018. Iva je ovim rezultatom izborila nastup za [&hellip;]\" \/>\n<meta property=\"og:url\" content=\"https:\/\/likemetkovic.hr\/karate-iva-vucic-broncana-na-prvenstvu-hrvatske\/\" \/>\n<meta property=\"og:site_name\" content=\"likemetkovic.hr\" \/>\n<meta property=\"article:publisher\" content=\"https:\/\/www.facebook.com\/likemetkovic.hr\/\" \/>\n<meta property=\"article:published_time\" content=\"2018-11-18T15:55:37+00:00\" \/>\n<meta property=\"og:image\" content=\"https:\/\/likemetkovic.hr\/wp-content\/uploads\/2018\/11\/IMG_20181118_150722_edited.jpg\" \/>\n\t<meta property=\"og:image:width\" content=\"800\" \/>\n\t<meta property=\"og:image:height\" content=\"564\" \/>\n\t<meta property=\"og:image:type\" content=\"image\/jpeg\" \/>\n<meta name=\"author\" content=\"LIKEmetkovic.hr\" \/>\n<meta name=\"twitter:card\" content=\"summary_large_image\" \/>\n<meta name=\"twitter:label1\" content=\"Napisao\/la\" \/>\n\t<meta name=\"twitter:data1\" content=\"LIKEmetkovic.hr\" \/>\n\t<meta name=\"twitter:label2\" content=\"Procijenjeno vrijeme \u010ditanja\" \/>\n\t<meta name=\"twitter:data2\" content=\"1 minuta\" \/>\n<script type=\"application\/ld+json\" class=\"yoast-schema-graph\">{\"@context\":\"https:\/\/schema.org\",\"@graph\":[{\"@type\":\"WebPage\",\"@id\":\"https:\/\/likemetkovic.hr\/karate-iva-vucic-broncana-na-prvenstvu-hrvatske\/\",\"url\":\"https:\/\/likemetkovic.hr\/karate-iva-vucic-broncana-na-prvenstvu-hrvatske\/\",\"name\":\"KARATE Iva Vu\u010di\u0107 bron\u010dana na Prvenstvu Hrvatske - likemetkovic.hr\",\"isPartOf\":{\"@id\":\"https:\/\/likemetkovic.hr\/#website\"},\"primaryImageOfPage\":{\"@id\":\"https:\/\/likemetkovic.hr\/karate-iva-vucic-broncana-na-prvenstvu-hrvatske\/#primaryimage\"},\"image\":{\"@id\":\"https:\/\/likemetkovic.hr\/karate-iva-vucic-broncana-na-prvenstvu-hrvatske\/#primaryimage\"},\"thumbnailUrl\":\"https:\/\/likemetkovic.hr\/portal\/wp-content\/uploads\/2018\/11\/IMG_20181118_150722_edited.jpg\",\"datePublished\":\"2018-11-18T15:55:37+00:00\",\"author\":{\"@id\":\"https:\/\/likemetkovic.hr\/#\/schema\/person\/a42711f3385a0e2be6f7e0443bfb28f0\"},\"breadcrumb\":{\"@id\":\"https:\/\/likemetkovic.hr\/karate-iva-vucic-broncana-na-prvenstvu-hrvatske\/#breadcrumb\"},\"inLanguage\":\"hr\",\"potentialAction\":[{\"@type\":\"ReadAction\",\"target\":[\"https:\/\/likemetkovic.hr\/karate-iva-vucic-broncana-na-prvenstvu-hrvatske\/\"]}]},{\"@type\":\"ImageObject\",\"inLanguage\":\"hr\",\"@id\":\"https:\/\/likemetkovic.hr\/karate-iva-vucic-broncana-na-prvenstvu-hrvatske\/#primaryimage\",\"url\":\"https:\/\/likemetkovic.hr\/portal\/wp-content\/uploads\/2018\/11\/IMG_20181118_150722_edited.jpg\",\"contentUrl\":\"https:\/\/likemetkovic.hr\/portal\/wp-content\/uploads\/2018\/11\/IMG_20181118_150722_edited.jpg\",\"width\":800,\"height\":564,\"caption\":\"dav\"},{\"@type\":\"BreadcrumbList\",\"@id\":\"https:\/\/likemetkovic.hr\/karate-iva-vucic-broncana-na-prvenstvu-hrvatske\/#breadcrumb\",\"itemListElement\":[{\"@type\":\"ListItem\",\"position\":1,\"name\":\"Po\u010detna stranica\",\"item\":\"https:\/\/likemetkovic.hr\/portal\/\"},{\"@type\":\"ListItem\",\"position\":2,\"name\":\"KARATE Iva Vu\u010di\u0107 bron\u010dana na Prvenstvu Hrvatske\"}]},{\"@type\":\"WebSite\",\"@id\":\"https:\/\/likemetkovic.hr\/#website\",\"url\":\"https:\/\/likemetkovic.hr\/\",\"name\":\"likemetkovic.hr\",\"description\":\"Misli pozitivno... \u010ditaj LIKE\",\"potentialAction\":[{\"@type\":\"SearchAction\",\"target\":{\"@type\":\"EntryPoint\",\"urlTemplate\":\"https:\/\/likemetkovic.hr\/?s={search_term_string}\"},\"query-input\":{\"@type\":\"PropertyValueSpecification\",\"valueRequired\":true,\"valueName\":\"search_term_string\"}}],\"inLanguage\":\"hr\"},{\"@type\":\"Person\",\"@id\":\"https:\/\/likemetkovic.hr\/#\/schema\/person\/a42711f3385a0e2be6f7e0443bfb28f0\",\"name\":\"LIKEmetkovic.hr\",\"sameAs\":[\"http:\/\/likemetkovic.hr\"],\"url\":\"https:\/\/likemetkovic.hr\/portal\/author\/likemetkovic-hr\/\"}]}<\/script>\n<!-- \/ Yoast SEO plugin. -->","yoast_head_json":{"title":"KARATE Iva Vu\u010di\u0107 bron\u010dana na Prvenstvu Hrvatske - likemetkovic.hr","robots":{"index":"index","follow":"follow","max-snippet":"max-snippet:-1","max-image-preview":"max-image-preview:large","max-video-preview":"max-video-preview:-1"},"canonical":"https:\/\/likemetkovic.hr\/karate-iva-vucic-broncana-na-prvenstvu-hrvatske\/","og_locale":"hr_HR","og_type":"article","og_title":"KARATE Iva Vu\u010di\u0107 bron\u010dana na Prvenstvu Hrvatske - likemetkovic.hr","og_description":"Iva Vu\u010dui\u0107 osvojila je bron\u010danu medalju u kategoriji juniorke na Prvenstvu Dr\u017eave za kadete, juniore i mla\u0111e seniore \u0161to je ujedno bio i izborni turnir za odlazak na Europsku prvenstvu u Dansku od strane prvaka Dr\u017eave. Prvenstvo se odr\u017ealo u \u010cavlima (Rijeka) od 17 do 18. studenog 2018. Iva je ovim rezultatom izborila nastup za [&hellip;]","og_url":"https:\/\/likemetkovic.hr\/karate-iva-vucic-broncana-na-prvenstvu-hrvatske\/","og_site_name":"likemetkovic.hr","article_publisher":"https:\/\/www.facebook.com\/likemetkovic.hr\/","article_published_time":"2018-11-18T15:55:37+00:00","og_image":[{"width":800,"height":564,"url":"https:\/\/likemetkovic.hr\/wp-content\/uploads\/2018\/11\/IMG_20181118_150722_edited.jpg","type":"image\/jpeg"}],"author":"LIKEmetkovic.hr","twitter_card":"summary_large_image","twitter_misc":{"Napisao\/la":"LIKEmetkovic.hr","Procijenjeno vrijeme \u010ditanja":"1 minuta"},"schema":{"@context":"https:\/\/schema.org","@graph":[{"@type":"WebPage","@id":"https:\/\/likemetkovic.hr\/karate-iva-vucic-broncana-na-prvenstvu-hrvatske\/","url":"https:\/\/likemetkovic.hr\/karate-iva-vucic-broncana-na-prvenstvu-hrvatske\/","name":"KARATE Iva Vu\u010di\u0107 bron\u010dana na Prvenstvu Hrvatske - likemetkovic.hr","isPartOf":{"@id":"https:\/\/likemetkovic.hr\/#website"},"primaryImageOfPage":{"@id":"https:\/\/likemetkovic.hr\/karate-iva-vucic-broncana-na-prvenstvu-hrvatske\/#primaryimage"},"image":{"@id":"https:\/\/likemetkovic.hr\/karate-iva-vucic-broncana-na-prvenstvu-hrvatske\/#primaryimage"},"thumbnailUrl":"https:\/\/likemetkovic.hr\/portal\/wp-content\/uploads\/2018\/11\/IMG_20181118_150722_edited.jpg","datePublished":"2018-11-18T15:55:37+00:00","author":{"@id":"https:\/\/likemetkovic.hr\/#\/schema\/person\/a42711f3385a0e2be6f7e0443bfb28f0"},"breadcrumb":{"@id":"https:\/\/likemetkovic.hr\/karate-iva-vucic-broncana-na-prvenstvu-hrvatske\/#breadcrumb"},"inLanguage":"hr","potentialAction":[{"@type":"ReadAction","target":["https:\/\/likemetkovic.hr\/karate-iva-vucic-broncana-na-prvenstvu-hrvatske\/"]}]},{"@type":"ImageObject","inLanguage":"hr","@id":"https:\/\/likemetkovic.hr\/karate-iva-vucic-broncana-na-prvenstvu-hrvatske\/#primaryimage","url":"https:\/\/likemetkovic.hr\/portal\/wp-content\/uploads\/2018\/11\/IMG_20181118_150722_edited.jpg","contentUrl":"https:\/\/likemetkovic.hr\/portal\/wp-content\/uploads\/2018\/11\/IMG_20181118_150722_edited.jpg","width":800,"height":564,"caption":"dav"},{"@type":"BreadcrumbList","@id":"https:\/\/likemetkovic.hr\/karate-iva-vucic-broncana-na-prvenstvu-hrvatske\/#breadcrumb","itemListElement":[{"@type":"ListItem","position":1,"name":"Po\u010detna stranica","item":"https:\/\/likemetkovic.hr\/portal\/"},{"@type":"ListItem","position":2,"name":"KARATE Iva Vu\u010di\u0107 bron\u010dana na Prvenstvu Hrvatske"}]},{"@type":"WebSite","@id":"https:\/\/likemetkovic.hr\/#website","url":"https:\/\/likemetkovic.hr\/","name":"likemetkovic.hr","description":"Misli pozitivno... \u010ditaj LIKE","potentialAction":[{"@type":"SearchAction","target":{"@type":"EntryPoint","urlTemplate":"https:\/\/likemetkovic.hr\/?s={search_term_string}"},"query-input":{"@type":"PropertyValueSpecification","valueRequired":true,"valueName":"search_term_string"}}],"inLanguage":"hr"},{"@type":"Person","@id":"https:\/\/likemetkovic.hr\/#\/schema\/person\/a42711f3385a0e2be6f7e0443bfb28f0","name":"LIKEmetkovic.hr","sameAs":["http:\/\/likemetkovic.hr"],"url":"https:\/\/likemetkovic.hr\/portal\/author\/likemetkovic-hr\/"}]}},"_links":{"self":[{"href":"https:\/\/likemetkovic.hr\/portal\/wp-json\/wp\/v2\/posts\/70865","targetHints":{"allow":["GET"]}}],"collection":[{"href":"https:\/\/likemetkovic.hr\/portal\/wp-json\/wp\/v2\/posts"}],"about":[{"href":"https:\/\/likemetkovic.hr\/portal\/wp-json\/wp\/v2\/types\/post"}],"author":[{"embeddable":true,"href":"https:\/\/likemetkovic.hr\/portal\/wp-json\/wp\/v2\/users\/7"}],"replies":[{"embeddable":true,"href":"https:\/\/likemetkovic.hr\/portal\/wp-json\/wp\/v2\/comments?post=70865"}],"version-history":[{"count":0,"href":"https:\/\/likemetkovic.hr\/portal\/wp-json\/wp\/v2\/posts\/70865\/revisions"}],"wp:featuredmedia":[{"embeddable":true,"href":"https:\/\/likemetkovic.hr\/portal\/wp-json\/wp\/v2\/media\/70866"}],"wp:attachment":[{"href":"https:\/\/likemetkovic.hr\/portal\/wp-json\/wp\/v2\/media?parent=70865"}],"wp:term":[{"taxonomy":"category","embeddable":true,"href":"https:\/\/likemetkovic.hr\/portal\/wp-json\/wp\/v2\/categories?post=70865"},{"taxonomy":"post_tag","embeddable":true,"href":"https:\/\/likemetkovic.hr\/portal\/wp-json\/wp\/v2\/tags?post=70865"}],"curies":[{"name":"wp","href":"https:\/\/api.w.org\/{rel}","templated":true}]}}