{"id":71039,"date":"2018-11-21T13:15:36","date_gmt":"2018-11-21T12:15:36","guid":{"rendered":"http:\/\/likemetkovic.hr\/?p=71039"},"modified":"2018-11-21T13:15:36","modified_gmt":"2018-11-21T12:15:36","slug":"na-uscu-obiljezen-svjetski-dan-ptica-selica","status":"publish","type":"post","link":"https:\/\/likemetkovic.hr\/portal\/na-uscu-obiljezen-svjetski-dan-ptica-selica\/","title":{"rendered":"Na U\u0161\u0107u obilje\u017een Svjetski dan ptica selica"},"content":{"rendered":"<div id=\"js_1e\" class=\"_5pbx userContent _3576\" data-ad-preview=\"message\" data-ft=\"{&quot;tn&quot;:&quot;K&quot;}\">\n<div id=\"id_5bf5496059f481d74070495\" class=\"text_exposed_root text_exposed\">\n<p>Povodom Svjetskog dana ptica selica 13. listopada, Javna ustanova za upravljanje za\u0161ti\u0107enim dijelovima prirode Dubrova\u010dko- neretvanske \u017eupanije, u suradnji s Ornitolo\u0161kim dru\u0161tvom Brkata sjenica iz Metkovi\u0107a, organizirala je 16. studenoga 2018. radionicu u prirodi za u\u010denike Osnovne \u0161kole Opuzen, prilikom \u010dega ih je upoznala s prirodnim\u00a0<span class=\"text_exposed_show\">vrijednostima u\u0161\u0107a Neretve i njegovim zna\u010denjem za brojne vrste ptica.<\/span><\/p>\n<p><span class=\"text_exposed_show\"><img decoding=\"async\" class=\"alignnone size-full wp-image-71044\" src=\"http:\/\/likemetkovic.hr\/wp-content\/uploads\/2018\/11\/brkata-sjenica-dan-ptica-2.jpg\" alt=\"\" width=\"800\" height=\"600\" srcset=\"https:\/\/likemetkovic.hr\/portal\/wp-content\/uploads\/2018\/11\/brkata-sjenica-dan-ptica-2.jpg 800w, https:\/\/likemetkovic.hr\/portal\/wp-content\/uploads\/2018\/11\/brkata-sjenica-dan-ptica-2-768x576.jpg 768w, https:\/\/likemetkovic.hr\/portal\/wp-content\/uploads\/2018\/11\/brkata-sjenica-dan-ptica-2-80x60.jpg 80w, https:\/\/likemetkovic.hr\/portal\/wp-content\/uploads\/2018\/11\/brkata-sjenica-dan-ptica-2-265x198.jpg 265w, https:\/\/likemetkovic.hr\/portal\/wp-content\/uploads\/2018\/11\/brkata-sjenica-dan-ptica-2-696x522.jpg 696w, https:\/\/likemetkovic.hr\/portal\/wp-content\/uploads\/2018\/11\/brkata-sjenica-dan-ptica-2-560x420.jpg 560w\" sizes=\"(max-width: 800px) 100vw, 800px\" \/>Nakon edukativnog dijela, slijedio je rad u grupama gdje su u\u010denici mogli spoznati veliku raznolikost ptica na u\u0161\u0107u Neretve, te su imali prilike nau\u010diti uo\u010davati i opisivati sli\u010dnosti kao i razlike me\u0111u razli\u010ditim vrstama ptica. Isprobali su i tehniku kori\u0161tenja dalekozora i durbina promatraju\u0107i ptice i u\u010de\u0107i nazive promatranih vrsta ptica.<\/span><\/p>\n<p><span class=\"text_exposed_show\"><img decoding=\"async\" class=\"alignnone size-full wp-image-71045\" src=\"http:\/\/likemetkovic.hr\/wp-content\/uploads\/2018\/11\/brkata-sjenica-dan-ptica-3.jpg\" alt=\"\" width=\"800\" height=\"600\" srcset=\"https:\/\/likemetkovic.hr\/portal\/wp-content\/uploads\/2018\/11\/brkata-sjenica-dan-ptica-3.jpg 800w, https:\/\/likemetkovic.hr\/portal\/wp-content\/uploads\/2018\/11\/brkata-sjenica-dan-ptica-3-768x576.jpg 768w, https:\/\/likemetkovic.hr\/portal\/wp-content\/uploads\/2018\/11\/brkata-sjenica-dan-ptica-3-80x60.jpg 80w, https:\/\/likemetkovic.hr\/portal\/wp-content\/uploads\/2018\/11\/brkata-sjenica-dan-ptica-3-265x198.jpg 265w, https:\/\/likemetkovic.hr\/portal\/wp-content\/uploads\/2018\/11\/brkata-sjenica-dan-ptica-3-696x522.jpg 696w, https:\/\/likemetkovic.hr\/portal\/wp-content\/uploads\/2018\/11\/brkata-sjenica-dan-ptica-3-560x420.jpg 560w\" sizes=\"(max-width: 800px) 100vw, 800px\" \/><\/span><\/p>\n<p><span class=\"text_exposed_show\">Najve\u0107e bogatstvo i raznolikost faune u delti Neretve odnosi se na ptice, gdje je ukupno zabilje\u017eeno preko 300 vrsta ptica. Osim za ptice gnjezdarice, stanarice i zimovalice, podru\u010dje delte Neretve naro\u010dito je va\u017eno kao odmori\u0161te za ptice selice tijekom njihove seobe prema Africi.<\/span><\/p>\n<p><span class=\"text_exposed_show\"><img decoding=\"async\" class=\"alignnone size-full wp-image-71043\" src=\"http:\/\/likemetkovic.hr\/wp-content\/uploads\/2018\/11\/brkata-sjenica-dan-ptica-1.jpg\" alt=\"\" width=\"800\" height=\"509\" srcset=\"https:\/\/likemetkovic.hr\/portal\/wp-content\/uploads\/2018\/11\/brkata-sjenica-dan-ptica-1.jpg 800w, https:\/\/likemetkovic.hr\/portal\/wp-content\/uploads\/2018\/11\/brkata-sjenica-dan-ptica-1-768x489.jpg 768w, https:\/\/likemetkovic.hr\/portal\/wp-content\/uploads\/2018\/11\/brkata-sjenica-dan-ptica-1-696x443.jpg 696w, https:\/\/likemetkovic.hr\/portal\/wp-content\/uploads\/2018\/11\/brkata-sjenica-dan-ptica-1-660x420.jpg 660w, https:\/\/likemetkovic.hr\/portal\/wp-content\/uploads\/2018\/11\/brkata-sjenica-dan-ptica-1-560x356.jpg 560w\" sizes=\"(max-width: 800px) 100vw, 800px\" \/><\/span><\/p>\n<p><span class=\"text_exposed_show\">Pticama selicama prepreka nisu ni dr\u017eavne granice, ni udaljeni drugi kontinenti, budu\u0107i su ugro\u017eene diljem svijeta, a velika prijetnja im je \u010dovjek i njegov utjecaj na prirodu. Ljudske aktivnosti, osobito uni\u0161tavanje mo\u010dvarnih stani\u0161ta npr. isu\u0161ivanjem i prenamjenom u poljoprivredna zemlji\u0161ta te uznemiravanje ptica zbog rekreacijskih aktivnosti i krivolova, najvi\u0161e ugro\u017eavaju ptice selice.<\/span><\/p>\n<\/div>\n<\/div>\n<div class=\"_3x-2\" data-ft=\"{&quot;tn&quot;:&quot;H&quot;}\">\n<div data-ft=\"{&quot;tn&quot;:&quot;H&quot;}\">\n<div class=\"mtm\">\n<div class=\"_2a2q _65sr\">Foto: Udruga Brkata sjenica<\/div>\n<\/div>\n<\/div>\n<\/div>\n","protected":false},"excerpt":{"rendered":"<p>Povodom Svjetskog dana ptica selica 13. listopada, Javna ustanova za upravljanje za\u0161ti\u0107enim dijelovima prirode Dubrova\u010dko- neretvanske \u017eupanije, u suradnji s Ornitolo\u0161kim dru\u0161tvom Brkata sjenica iz Metkovi\u0107a, organizirala je 16. studenoga 2018. radionicu u prirodi za u\u010denike Osnovne \u0161kole Opuzen, prilikom \u010dega ih je upoznala s prirodnim\u00a0vrijednostima u\u0161\u0107a Neretve i njegovim zna\u010denjem za brojne vrste ptica. [&hellip;]<\/p>\n","protected":false},"author":7,"featured_media":71044,"comment_status":"open","ping_status":"open","sticky":false,"template":"","format":"standard","meta":{"footnotes":""},"categories":[296,11,166],"tags":[1511],"class_list":{"0":"post-71039","1":"post","2":"type-post","3":"status-publish","4":"format-standard","5":"has-post-thumbnail","7":"category-ab","8":"category-metkovic-dolina","9":"category-skolstvo","10":"tag-udruga-brkata-sjenica"},"yoast_head":"<!-- This site is optimized with the Yoast SEO plugin v25.2 - https:\/\/yoast.com\/wordpress\/plugins\/seo\/ -->\n<title>Na U\u0161\u0107u obilje\u017een Svjetski dan ptica selica - likemetkovic.hr<\/title>\n<meta name=\"robots\" content=\"index, follow, max-snippet:-1, max-image-preview:large, max-video-preview:-1\" \/>\n<link rel=\"canonical\" href=\"https:\/\/likemetkovic.hr\/na-uscu-obiljezen-svjetski-dan-ptica-selica\/\" \/>\n<meta property=\"og:locale\" content=\"hr_HR\" \/>\n<meta property=\"og:type\" content=\"article\" \/>\n<meta property=\"og:title\" content=\"Na U\u0161\u0107u obilje\u017een Svjetski dan ptica selica - likemetkovic.hr\" \/>\n<meta property=\"og:description\" content=\"Povodom Svjetskog dana ptica selica 13. listopada, Javna ustanova za upravljanje za\u0161ti\u0107enim dijelovima prirode Dubrova\u010dko- neretvanske \u017eupanije, u suradnji s Ornitolo\u0161kim dru\u0161tvom Brkata sjenica iz Metkovi\u0107a, organizirala je 16. studenoga 2018. radionicu u prirodi za u\u010denike Osnovne \u0161kole Opuzen, prilikom \u010dega ih je upoznala s prirodnim\u00a0vrijednostima u\u0161\u0107a Neretve i njegovim zna\u010denjem za brojne vrste ptica. [&hellip;]\" \/>\n<meta property=\"og:url\" content=\"https:\/\/likemetkovic.hr\/na-uscu-obiljezen-svjetski-dan-ptica-selica\/\" \/>\n<meta property=\"og:site_name\" content=\"likemetkovic.hr\" \/>\n<meta property=\"article:publisher\" content=\"https:\/\/www.facebook.com\/likemetkovic.hr\/\" \/>\n<meta property=\"article:published_time\" content=\"2018-11-21T12:15:36+00:00\" \/>\n<meta property=\"og:image\" content=\"https:\/\/likemetkovic.hr\/wp-content\/uploads\/2018\/11\/brkata-sjenica-dan-ptica-2.jpg\" \/>\n\t<meta property=\"og:image:width\" content=\"800\" \/>\n\t<meta property=\"og:image:height\" content=\"600\" \/>\n\t<meta property=\"og:image:type\" content=\"image\/jpeg\" \/>\n<meta name=\"author\" content=\"LIKEmetkovic.hr\" \/>\n<meta name=\"twitter:card\" content=\"summary_large_image\" \/>\n<meta name=\"twitter:label1\" content=\"Napisao\/la\" \/>\n\t<meta name=\"twitter:data1\" content=\"LIKEmetkovic.hr\" \/>\n\t<meta name=\"twitter:label2\" content=\"Procijenjeno vrijeme \u010ditanja\" \/>\n\t<meta name=\"twitter:data2\" content=\"1 minuta\" \/>\n<script type=\"application\/ld+json\" class=\"yoast-schema-graph\">{\"@context\":\"https:\/\/schema.org\",\"@graph\":[{\"@type\":\"WebPage\",\"@id\":\"https:\/\/likemetkovic.hr\/na-uscu-obiljezen-svjetski-dan-ptica-selica\/\",\"url\":\"https:\/\/likemetkovic.hr\/na-uscu-obiljezen-svjetski-dan-ptica-selica\/\",\"name\":\"Na U\u0161\u0107u obilje\u017een Svjetski dan ptica selica - likemetkovic.hr\",\"isPartOf\":{\"@id\":\"https:\/\/likemetkovic.hr\/#website\"},\"primaryImageOfPage\":{\"@id\":\"https:\/\/likemetkovic.hr\/na-uscu-obiljezen-svjetski-dan-ptica-selica\/#primaryimage\"},\"image\":{\"@id\":\"https:\/\/likemetkovic.hr\/na-uscu-obiljezen-svjetski-dan-ptica-selica\/#primaryimage\"},\"thumbnailUrl\":\"https:\/\/likemetkovic.hr\/portal\/wp-content\/uploads\/2018\/11\/brkata-sjenica-dan-ptica-2.jpg\",\"datePublished\":\"2018-11-21T12:15:36+00:00\",\"author\":{\"@id\":\"https:\/\/likemetkovic.hr\/#\/schema\/person\/a42711f3385a0e2be6f7e0443bfb28f0\"},\"breadcrumb\":{\"@id\":\"https:\/\/likemetkovic.hr\/na-uscu-obiljezen-svjetski-dan-ptica-selica\/#breadcrumb\"},\"inLanguage\":\"hr\",\"potentialAction\":[{\"@type\":\"ReadAction\",\"target\":[\"https:\/\/likemetkovic.hr\/na-uscu-obiljezen-svjetski-dan-ptica-selica\/\"]}]},{\"@type\":\"ImageObject\",\"inLanguage\":\"hr\",\"@id\":\"https:\/\/likemetkovic.hr\/na-uscu-obiljezen-svjetski-dan-ptica-selica\/#primaryimage\",\"url\":\"https:\/\/likemetkovic.hr\/portal\/wp-content\/uploads\/2018\/11\/brkata-sjenica-dan-ptica-2.jpg\",\"contentUrl\":\"https:\/\/likemetkovic.hr\/portal\/wp-content\/uploads\/2018\/11\/brkata-sjenica-dan-ptica-2.jpg\",\"width\":800,\"height\":600},{\"@type\":\"BreadcrumbList\",\"@id\":\"https:\/\/likemetkovic.hr\/na-uscu-obiljezen-svjetski-dan-ptica-selica\/#breadcrumb\",\"itemListElement\":[{\"@type\":\"ListItem\",\"position\":1,\"name\":\"Po\u010detna stranica\",\"item\":\"https:\/\/likemetkovic.hr\/portal\/\"},{\"@type\":\"ListItem\",\"position\":2,\"name\":\"Na U\u0161\u0107u obilje\u017een Svjetski dan ptica selica\"}]},{\"@type\":\"WebSite\",\"@id\":\"https:\/\/likemetkovic.hr\/#website\",\"url\":\"https:\/\/likemetkovic.hr\/\",\"name\":\"likemetkovic.hr\",\"description\":\"Misli pozitivno... \u010ditaj LIKE\",\"potentialAction\":[{\"@type\":\"SearchAction\",\"target\":{\"@type\":\"EntryPoint\",\"urlTemplate\":\"https:\/\/likemetkovic.hr\/?s={search_term_string}\"},\"query-input\":{\"@type\":\"PropertyValueSpecification\",\"valueRequired\":true,\"valueName\":\"search_term_string\"}}],\"inLanguage\":\"hr\"},{\"@type\":\"Person\",\"@id\":\"https:\/\/likemetkovic.hr\/#\/schema\/person\/a42711f3385a0e2be6f7e0443bfb28f0\",\"name\":\"LIKEmetkovic.hr\",\"sameAs\":[\"http:\/\/likemetkovic.hr\"],\"url\":\"https:\/\/likemetkovic.hr\/portal\/author\/likemetkovic-hr\/\"}]}<\/script>\n<!-- \/ Yoast SEO plugin. -->","yoast_head_json":{"title":"Na U\u0161\u0107u obilje\u017een Svjetski dan ptica selica - likemetkovic.hr","robots":{"index":"index","follow":"follow","max-snippet":"max-snippet:-1","max-image-preview":"max-image-preview:large","max-video-preview":"max-video-preview:-1"},"canonical":"https:\/\/likemetkovic.hr\/na-uscu-obiljezen-svjetski-dan-ptica-selica\/","og_locale":"hr_HR","og_type":"article","og_title":"Na U\u0161\u0107u obilje\u017een Svjetski dan ptica selica - likemetkovic.hr","og_description":"Povodom Svjetskog dana ptica selica 13. listopada, Javna ustanova za upravljanje za\u0161ti\u0107enim dijelovima prirode Dubrova\u010dko- neretvanske \u017eupanije, u suradnji s Ornitolo\u0161kim dru\u0161tvom Brkata sjenica iz Metkovi\u0107a, organizirala je 16. studenoga 2018. radionicu u prirodi za u\u010denike Osnovne \u0161kole Opuzen, prilikom \u010dega ih je upoznala s prirodnim\u00a0vrijednostima u\u0161\u0107a Neretve i njegovim zna\u010denjem za brojne vrste ptica. [&hellip;]","og_url":"https:\/\/likemetkovic.hr\/na-uscu-obiljezen-svjetski-dan-ptica-selica\/","og_site_name":"likemetkovic.hr","article_publisher":"https:\/\/www.facebook.com\/likemetkovic.hr\/","article_published_time":"2018-11-21T12:15:36+00:00","og_image":[{"width":800,"height":600,"url":"https:\/\/likemetkovic.hr\/wp-content\/uploads\/2018\/11\/brkata-sjenica-dan-ptica-2.jpg","type":"image\/jpeg"}],"author":"LIKEmetkovic.hr","twitter_card":"summary_large_image","twitter_misc":{"Napisao\/la":"LIKEmetkovic.hr","Procijenjeno vrijeme \u010ditanja":"1 minuta"},"schema":{"@context":"https:\/\/schema.org","@graph":[{"@type":"WebPage","@id":"https:\/\/likemetkovic.hr\/na-uscu-obiljezen-svjetski-dan-ptica-selica\/","url":"https:\/\/likemetkovic.hr\/na-uscu-obiljezen-svjetski-dan-ptica-selica\/","name":"Na U\u0161\u0107u obilje\u017een Svjetski dan ptica selica - likemetkovic.hr","isPartOf":{"@id":"https:\/\/likemetkovic.hr\/#website"},"primaryImageOfPage":{"@id":"https:\/\/likemetkovic.hr\/na-uscu-obiljezen-svjetski-dan-ptica-selica\/#primaryimage"},"image":{"@id":"https:\/\/likemetkovic.hr\/na-uscu-obiljezen-svjetski-dan-ptica-selica\/#primaryimage"},"thumbnailUrl":"https:\/\/likemetkovic.hr\/portal\/wp-content\/uploads\/2018\/11\/brkata-sjenica-dan-ptica-2.jpg","datePublished":"2018-11-21T12:15:36+00:00","author":{"@id":"https:\/\/likemetkovic.hr\/#\/schema\/person\/a42711f3385a0e2be6f7e0443bfb28f0"},"breadcrumb":{"@id":"https:\/\/likemetkovic.hr\/na-uscu-obiljezen-svjetski-dan-ptica-selica\/#breadcrumb"},"inLanguage":"hr","potentialAction":[{"@type":"ReadAction","target":["https:\/\/likemetkovic.hr\/na-uscu-obiljezen-svjetski-dan-ptica-selica\/"]}]},{"@type":"ImageObject","inLanguage":"hr","@id":"https:\/\/likemetkovic.hr\/na-uscu-obiljezen-svjetski-dan-ptica-selica\/#primaryimage","url":"https:\/\/likemetkovic.hr\/portal\/wp-content\/uploads\/2018\/11\/brkata-sjenica-dan-ptica-2.jpg","contentUrl":"https:\/\/likemetkovic.hr\/portal\/wp-content\/uploads\/2018\/11\/brkata-sjenica-dan-ptica-2.jpg","width":800,"height":600},{"@type":"BreadcrumbList","@id":"https:\/\/likemetkovic.hr\/na-uscu-obiljezen-svjetski-dan-ptica-selica\/#breadcrumb","itemListElement":[{"@type":"ListItem","position":1,"name":"Po\u010detna stranica","item":"https:\/\/likemetkovic.hr\/portal\/"},{"@type":"ListItem","position":2,"name":"Na U\u0161\u0107u obilje\u017een Svjetski dan ptica selica"}]},{"@type":"WebSite","@id":"https:\/\/likemetkovic.hr\/#website","url":"https:\/\/likemetkovic.hr\/","name":"likemetkovic.hr","description":"Misli pozitivno... \u010ditaj LIKE","potentialAction":[{"@type":"SearchAction","target":{"@type":"EntryPoint","urlTemplate":"https:\/\/likemetkovic.hr\/?s={search_term_string}"},"query-input":{"@type":"PropertyValueSpecification","valueRequired":true,"valueName":"search_term_string"}}],"inLanguage":"hr"},{"@type":"Person","@id":"https:\/\/likemetkovic.hr\/#\/schema\/person\/a42711f3385a0e2be6f7e0443bfb28f0","name":"LIKEmetkovic.hr","sameAs":["http:\/\/likemetkovic.hr"],"url":"https:\/\/likemetkovic.hr\/portal\/author\/likemetkovic-hr\/"}]}},"_links":{"self":[{"href":"https:\/\/likemetkovic.hr\/portal\/wp-json\/wp\/v2\/posts\/71039","targetHints":{"allow":["GET"]}}],"collection":[{"href":"https:\/\/likemetkovic.hr\/portal\/wp-json\/wp\/v2\/posts"}],"about":[{"href":"https:\/\/likemetkovic.hr\/portal\/wp-json\/wp\/v2\/types\/post"}],"author":[{"embeddable":true,"href":"https:\/\/likemetkovic.hr\/portal\/wp-json\/wp\/v2\/users\/7"}],"replies":[{"embeddable":true,"href":"https:\/\/likemetkovic.hr\/portal\/wp-json\/wp\/v2\/comments?post=71039"}],"version-history":[{"count":0,"href":"https:\/\/likemetkovic.hr\/portal\/wp-json\/wp\/v2\/posts\/71039\/revisions"}],"wp:featuredmedia":[{"embeddable":true,"href":"https:\/\/likemetkovic.hr\/portal\/wp-json\/wp\/v2\/media\/71044"}],"wp:attachment":[{"href":"https:\/\/likemetkovic.hr\/portal\/wp-json\/wp\/v2\/media?parent=71039"}],"wp:term":[{"taxonomy":"category","embeddable":true,"href":"https:\/\/likemetkovic.hr\/portal\/wp-json\/wp\/v2\/categories?post=71039"},{"taxonomy":"post_tag","embeddable":true,"href":"https:\/\/likemetkovic.hr\/portal\/wp-json\/wp\/v2\/tags?post=71039"}],"curies":[{"name":"wp","href":"https:\/\/api.w.org\/{rel}","templated":true}]}}