{"id":7109,"date":"2015-06-29T17:29:49","date_gmt":"2015-06-29T15:29:49","guid":{"rendered":"http:\/\/likemetkovic.hr\/?p=7109"},"modified":"2015-06-29T17:30:21","modified_gmt":"2015-06-29T15:30:21","slug":"biciklom-kroz-gospic","status":"publish","type":"post","link":"https:\/\/likemetkovic.hr\/portal\/biciklom-kroz-gospic\/","title":{"rendered":"Biciklom kroz Gospi\u0107"},"content":{"rendered":"<p>\u010clanovi <strong>Biciklisti\u010dkog kluba Relaks<\/strong> Danijela, Denis, Luka (najmla\u0111i sudionik), Dario i Igor sudjelovali su na biciklijadi &#8220;Biciklom kroz Gospi\u0107&#8221; u organizaciji Grada Gospi\u0107a, Turisti\u010dke zajednice Grada Gospi\u0107a i Nextbike Hrvatska u sklopu projekta sustava javnih bicikla i prezentacije jedne od \u0161est biciklisti\u010dkih ruta na podru\u010dju Grada Gospi\u0107a.<br \/>\nBiciklijada se vozila ulicama Grada Gospi\u0107a, te je prolazila Smiljanom, rodnim mjestom Nikole Tesle, prekrasnim kanjonom rijeke Like <span class=\"text_exposed_show\">i uz samo jezero Kru\u0161\u0107ica u du\u017eini od 35 km. Odvozilo ju je stotinjak biciklista koji su dobili prigodne poklone, a organizator je za sve sudionike organizirao pravi li\u010dki ru\u010dak (Velebitsko pivo i li\u010dku janjetinu) i besplatni ulaz u Memorijalni centar Nikola Tesla.<br \/>\nSve pohvale organizatorima kao doma\u0107inima koji su se pobrinuli da sudionicima\u00a0ni\u0161ta ne fali, a \u010dlanovi biciklisti\u010dkog kluba Relaks\u00a0donose par fotografija, da osjetite djeli\u0107 predivne pustolovine i predivne prirode na dva to\u010dka.<\/span><\/p>\n<p><em>facebook: BK Relaks Metkovi\u0107<\/em><\/p>\n","protected":false},"excerpt":{"rendered":"<p>\u010clanovi Biciklisti\u010dkog kluba Relaks Danijela, Denis, Luka (najmla\u0111i sudionik), Dario i Igor sudjelovali su na biciklijadi &#8220;Biciklom kroz Gospi\u0107&#8221; u organizaciji Grada Gospi\u0107a, Turisti\u010dke zajednice Grada Gospi\u0107a i Nextbike Hrvatska u sklopu projekta sustava javnih bicikla i prezentacije jedne od \u0161est biciklisti\u010dkih ruta na podru\u010dju Grada Gospi\u0107a. Biciklijada se vozila ulicama Grada Gospi\u0107a, te je [&hellip;]<\/p>\n","protected":false},"author":1,"featured_media":7114,"comment_status":"closed","ping_status":"closed","sticky":false,"template":"","format":"standard","meta":{"footnotes":""},"categories":[34],"tags":[],"class_list":{"0":"post-7109","1":"post","2":"type-post","3":"status-publish","4":"format-standard","5":"has-post-thumbnail","7":"category-biciklizam"},"yoast_head":"<!-- This site is optimized with the Yoast SEO plugin v25.2 - https:\/\/yoast.com\/wordpress\/plugins\/seo\/ -->\n<title>Biciklom kroz Gospi\u0107<\/title>\n<meta name=\"robots\" content=\"index, follow, max-snippet:-1, max-image-preview:large, max-video-preview:-1\" \/>\n<link rel=\"canonical\" href=\"https:\/\/likemetkovic.hr\/biciklom-kroz-gospic\/\" \/>\n<meta property=\"og:locale\" content=\"hr_HR\" \/>\n<meta property=\"og:type\" content=\"article\" \/>\n<meta property=\"og:title\" content=\"Biciklom kroz Gospi\u0107\" \/>\n<meta property=\"og:description\" content=\"\u010clanovi Biciklisti\u010dkog kluba Relaks Danijela, Denis, Luka (najmla\u0111i sudionik), Dario i Igor sudjelovali su na biciklijadi &#8220;Biciklom kroz Gospi\u0107&#8221; u organizaciji Grada Gospi\u0107a, Turisti\u010dke zajednice Grada Gospi\u0107a i Nextbike Hrvatska u sklopu projekta sustava javnih bicikla i prezentacije jedne od \u0161est biciklisti\u010dkih ruta na podru\u010dju Grada Gospi\u0107a. Biciklijada se vozila ulicama Grada Gospi\u0107a, te je [&hellip;]\" \/>\n<meta property=\"og:url\" content=\"https:\/\/likemetkovic.hr\/biciklom-kroz-gospic\/\" \/>\n<meta property=\"og:site_name\" content=\"likemetkovic.hr\" \/>\n<meta property=\"article:publisher\" content=\"https:\/\/www.facebook.com\/likemetkovic.hr\/\" \/>\n<meta property=\"article:published_time\" content=\"2015-06-29T15:29:49+00:00\" \/>\n<meta property=\"article:modified_time\" content=\"2015-06-29T15:30:21+00:00\" \/>\n<meta property=\"og:image\" content=\"https:\/\/likemetkovic.hr\/wp-content\/uploads\/2015\/06\/11692802_368534350006379_6983522917214350245_n.jpg\" \/>\n\t<meta property=\"og:image:width\" content=\"800\" \/>\n\t<meta property=\"og:image:height\" content=\"533\" \/>\n\t<meta property=\"og:image:type\" content=\"image\/jpeg\" \/>\n<meta name=\"author\" content=\"LIKEmetkovic.hr\" \/>\n<meta name=\"twitter:card\" content=\"summary_large_image\" \/>\n<meta name=\"twitter:label1\" content=\"Napisao\/la\" \/>\n\t<meta name=\"twitter:data1\" content=\"LIKEmetkovic.hr\" \/>\n\t<meta name=\"twitter:label2\" content=\"Procijenjeno vrijeme \u010ditanja\" \/>\n\t<meta name=\"twitter:data2\" content=\"1 minuta\" \/>\n<script type=\"application\/ld+json\" class=\"yoast-schema-graph\">{\"@context\":\"https:\/\/schema.org\",\"@graph\":[{\"@type\":\"WebPage\",\"@id\":\"https:\/\/likemetkovic.hr\/biciklom-kroz-gospic\/\",\"url\":\"https:\/\/likemetkovic.hr\/biciklom-kroz-gospic\/\",\"name\":\"Biciklom kroz Gospi\u0107\",\"isPartOf\":{\"@id\":\"https:\/\/likemetkovic.hr\/#website\"},\"primaryImageOfPage\":{\"@id\":\"https:\/\/likemetkovic.hr\/biciklom-kroz-gospic\/#primaryimage\"},\"image\":{\"@id\":\"https:\/\/likemetkovic.hr\/biciklom-kroz-gospic\/#primaryimage\"},\"thumbnailUrl\":\"https:\/\/likemetkovic.hr\/portal\/wp-content\/uploads\/2015\/06\/11692802_368534350006379_6983522917214350245_n.jpg\",\"datePublished\":\"2015-06-29T15:29:49+00:00\",\"dateModified\":\"2015-06-29T15:30:21+00:00\",\"author\":{\"@id\":\"https:\/\/likemetkovic.hr\/#\/schema\/person\/7c5a8ddab16be56cdce296040b5e1305\"},\"breadcrumb\":{\"@id\":\"https:\/\/likemetkovic.hr\/biciklom-kroz-gospic\/#breadcrumb\"},\"inLanguage\":\"hr\",\"potentialAction\":[{\"@type\":\"ReadAction\",\"target\":[\"https:\/\/likemetkovic.hr\/biciklom-kroz-gospic\/\"]}]},{\"@type\":\"ImageObject\",\"inLanguage\":\"hr\",\"@id\":\"https:\/\/likemetkovic.hr\/biciklom-kroz-gospic\/#primaryimage\",\"url\":\"https:\/\/likemetkovic.hr\/portal\/wp-content\/uploads\/2015\/06\/11692802_368534350006379_6983522917214350245_n.jpg\",\"contentUrl\":\"https:\/\/likemetkovic.hr\/portal\/wp-content\/uploads\/2015\/06\/11692802_368534350006379_6983522917214350245_n.jpg\",\"width\":800,\"height\":533},{\"@type\":\"BreadcrumbList\",\"@id\":\"https:\/\/likemetkovic.hr\/biciklom-kroz-gospic\/#breadcrumb\",\"itemListElement\":[{\"@type\":\"ListItem\",\"position\":1,\"name\":\"Po\u010detna stranica\",\"item\":\"https:\/\/likemetkovic.hr\/portal\/\"},{\"@type\":\"ListItem\",\"position\":2,\"name\":\"Biciklom kroz Gospi\u0107\"}]},{\"@type\":\"WebSite\",\"@id\":\"https:\/\/likemetkovic.hr\/#website\",\"url\":\"https:\/\/likemetkovic.hr\/\",\"name\":\"likemetkovic.hr\",\"description\":\"Misli pozitivno... \u010ditaj LIKE\",\"potentialAction\":[{\"@type\":\"SearchAction\",\"target\":{\"@type\":\"EntryPoint\",\"urlTemplate\":\"https:\/\/likemetkovic.hr\/?s={search_term_string}\"},\"query-input\":{\"@type\":\"PropertyValueSpecification\",\"valueRequired\":true,\"valueName\":\"search_term_string\"}}],\"inLanguage\":\"hr\"},{\"@type\":\"Person\",\"@id\":\"https:\/\/likemetkovic.hr\/#\/schema\/person\/7c5a8ddab16be56cdce296040b5e1305\",\"name\":\"LIKEmetkovic.hr\",\"url\":\"https:\/\/likemetkovic.hr\/portal\/author\/ivan\/\"}]}<\/script>\n<!-- \/ Yoast SEO plugin. -->","yoast_head_json":{"title":"Biciklom kroz Gospi\u0107","robots":{"index":"index","follow":"follow","max-snippet":"max-snippet:-1","max-image-preview":"max-image-preview:large","max-video-preview":"max-video-preview:-1"},"canonical":"https:\/\/likemetkovic.hr\/biciklom-kroz-gospic\/","og_locale":"hr_HR","og_type":"article","og_title":"Biciklom kroz Gospi\u0107","og_description":"\u010clanovi Biciklisti\u010dkog kluba Relaks Danijela, Denis, Luka (najmla\u0111i sudionik), Dario i Igor sudjelovali su na biciklijadi &#8220;Biciklom kroz Gospi\u0107&#8221; u organizaciji Grada Gospi\u0107a, Turisti\u010dke zajednice Grada Gospi\u0107a i Nextbike Hrvatska u sklopu projekta sustava javnih bicikla i prezentacije jedne od \u0161est biciklisti\u010dkih ruta na podru\u010dju Grada Gospi\u0107a. Biciklijada se vozila ulicama Grada Gospi\u0107a, te je [&hellip;]","og_url":"https:\/\/likemetkovic.hr\/biciklom-kroz-gospic\/","og_site_name":"likemetkovic.hr","article_publisher":"https:\/\/www.facebook.com\/likemetkovic.hr\/","article_published_time":"2015-06-29T15:29:49+00:00","article_modified_time":"2015-06-29T15:30:21+00:00","og_image":[{"width":800,"height":533,"url":"https:\/\/likemetkovic.hr\/wp-content\/uploads\/2015\/06\/11692802_368534350006379_6983522917214350245_n.jpg","type":"image\/jpeg"}],"author":"LIKEmetkovic.hr","twitter_card":"summary_large_image","twitter_misc":{"Napisao\/la":"LIKEmetkovic.hr","Procijenjeno vrijeme \u010ditanja":"1 minuta"},"schema":{"@context":"https:\/\/schema.org","@graph":[{"@type":"WebPage","@id":"https:\/\/likemetkovic.hr\/biciklom-kroz-gospic\/","url":"https:\/\/likemetkovic.hr\/biciklom-kroz-gospic\/","name":"Biciklom kroz Gospi\u0107","isPartOf":{"@id":"https:\/\/likemetkovic.hr\/#website"},"primaryImageOfPage":{"@id":"https:\/\/likemetkovic.hr\/biciklom-kroz-gospic\/#primaryimage"},"image":{"@id":"https:\/\/likemetkovic.hr\/biciklom-kroz-gospic\/#primaryimage"},"thumbnailUrl":"https:\/\/likemetkovic.hr\/portal\/wp-content\/uploads\/2015\/06\/11692802_368534350006379_6983522917214350245_n.jpg","datePublished":"2015-06-29T15:29:49+00:00","dateModified":"2015-06-29T15:30:21+00:00","author":{"@id":"https:\/\/likemetkovic.hr\/#\/schema\/person\/7c5a8ddab16be56cdce296040b5e1305"},"breadcrumb":{"@id":"https:\/\/likemetkovic.hr\/biciklom-kroz-gospic\/#breadcrumb"},"inLanguage":"hr","potentialAction":[{"@type":"ReadAction","target":["https:\/\/likemetkovic.hr\/biciklom-kroz-gospic\/"]}]},{"@type":"ImageObject","inLanguage":"hr","@id":"https:\/\/likemetkovic.hr\/biciklom-kroz-gospic\/#primaryimage","url":"https:\/\/likemetkovic.hr\/portal\/wp-content\/uploads\/2015\/06\/11692802_368534350006379_6983522917214350245_n.jpg","contentUrl":"https:\/\/likemetkovic.hr\/portal\/wp-content\/uploads\/2015\/06\/11692802_368534350006379_6983522917214350245_n.jpg","width":800,"height":533},{"@type":"BreadcrumbList","@id":"https:\/\/likemetkovic.hr\/biciklom-kroz-gospic\/#breadcrumb","itemListElement":[{"@type":"ListItem","position":1,"name":"Po\u010detna stranica","item":"https:\/\/likemetkovic.hr\/portal\/"},{"@type":"ListItem","position":2,"name":"Biciklom kroz Gospi\u0107"}]},{"@type":"WebSite","@id":"https:\/\/likemetkovic.hr\/#website","url":"https:\/\/likemetkovic.hr\/","name":"likemetkovic.hr","description":"Misli pozitivno... \u010ditaj LIKE","potentialAction":[{"@type":"SearchAction","target":{"@type":"EntryPoint","urlTemplate":"https:\/\/likemetkovic.hr\/?s={search_term_string}"},"query-input":{"@type":"PropertyValueSpecification","valueRequired":true,"valueName":"search_term_string"}}],"inLanguage":"hr"},{"@type":"Person","@id":"https:\/\/likemetkovic.hr\/#\/schema\/person\/7c5a8ddab16be56cdce296040b5e1305","name":"LIKEmetkovic.hr","url":"https:\/\/likemetkovic.hr\/portal\/author\/ivan\/"}]}},"_links":{"self":[{"href":"https:\/\/likemetkovic.hr\/portal\/wp-json\/wp\/v2\/posts\/7109","targetHints":{"allow":["GET"]}}],"collection":[{"href":"https:\/\/likemetkovic.hr\/portal\/wp-json\/wp\/v2\/posts"}],"about":[{"href":"https:\/\/likemetkovic.hr\/portal\/wp-json\/wp\/v2\/types\/post"}],"author":[{"embeddable":true,"href":"https:\/\/likemetkovic.hr\/portal\/wp-json\/wp\/v2\/users\/1"}],"replies":[{"embeddable":true,"href":"https:\/\/likemetkovic.hr\/portal\/wp-json\/wp\/v2\/comments?post=7109"}],"version-history":[{"count":0,"href":"https:\/\/likemetkovic.hr\/portal\/wp-json\/wp\/v2\/posts\/7109\/revisions"}],"wp:featuredmedia":[{"embeddable":true,"href":"https:\/\/likemetkovic.hr\/portal\/wp-json\/wp\/v2\/media\/7114"}],"wp:attachment":[{"href":"https:\/\/likemetkovic.hr\/portal\/wp-json\/wp\/v2\/media?parent=7109"}],"wp:term":[{"taxonomy":"category","embeddable":true,"href":"https:\/\/likemetkovic.hr\/portal\/wp-json\/wp\/v2\/categories?post=7109"},{"taxonomy":"post_tag","embeddable":true,"href":"https:\/\/likemetkovic.hr\/portal\/wp-json\/wp\/v2\/tags?post=7109"}],"curies":[{"name":"wp","href":"https:\/\/api.w.org\/{rel}","templated":true}]}}