{"id":72892,"date":"2018-12-27T09:19:34","date_gmt":"2018-12-27T08:19:34","guid":{"rendered":"https:\/\/likemetkovic.hr\/?p=72892"},"modified":"2018-12-27T09:19:34","modified_gmt":"2018-12-27T08:19:34","slug":"od-1-sijecnja-2019-sud-u-metkovicu-ponovno-postaje-opcinski","status":"publish","type":"post","link":"https:\/\/likemetkovic.hr\/portal\/od-1-sijecnja-2019-sud-u-metkovicu-ponovno-postaje-opcinski\/","title":{"rendered":"Od 1. sije\u010dnja 2019. Sud u Metkovi\u0107u ponovno postaje Op\u0107inski&#8230;"},"content":{"rendered":"<p><strong>Sud u Metkovi\u0107u od 1. sije\u010dnja 2019. prestaje biti Stalna slu\u017eba Op\u0107inskog suda u Dubrovniku i vra\u0107a mu se status Op\u0107inskog suda<\/strong> sa stalnim slu\u017ebama u Vrgorcu i Plo\u010dama.<\/p>\n<p>Naime, s\u00a0danom 1. sije\u010dnja 2019. godine stupaju na snagu novi <em>Zakon o sudovima<\/em> i <em>Zakon o podru\u010djima i sjedi\u0161tima sudova<\/em>.\u00a0Sukladno \u010dl. 18. navedenog <em>Zakona o sudovim<\/em>a <strong>op\u0107inski sudovi rje\u0161avaju prekr\u0161ajne predmete<\/strong>, osim onih za koje je zakonom propisana stvarna nadle\u017enost drugog tijela.<\/p>\n<p>Sukladno <em>Zakonu o podru\u010djima i sjedi\u0161tima sudova<\/em> s 1. sije\u010dnja 2019. godine <strong>zapo\u010dinje s radom Op\u0107inski sud u Metkovi\u0107u na adresi Andrije Hebranga\u00a0 9, Metkovi\u0107<\/strong>. Navedeni sud \u0107e imati i<\/p>\n<ul>\n<li>Stalnu slu\u017ebu u Plo\u010dama (Vladimira Nazora 14, Plo\u010de)<\/li>\n<li>Stalnu slu\u017ebu u Vrgorcu (Tina Ujevi\u0107a 9, Vrgorac).<\/li>\n<\/ul>\n<p><strong>Prekr\u0161ajni sudovi<\/strong> (pa tako i Op\u0107inski sud u Dubrovniku, kao i njegove Stalne slu\u017ebe u Metkovi\u0107u, Plo\u010dama i Vrgorcu) <strong>prestaju postojati<\/strong>, <strong>a nadle\u017enost za prekr\u0161ajne predmete <\/strong>(izuzev onih za koje je zakonom propisana stvarna nadle\u017enost drugog tijela \u2013 npr. policije, porezne uprave, carine, itd..) <strong>koji su dosada bili u nadle\u017enosti prekr\u0161ajnih sudova, prelaze pod nadle\u017enost op\u0107inskih sudova.<\/strong><\/p>\n<p>Tako\u0111er, <strong>svi predmeti<\/strong> koje su suci zadu\u017eili,<strong>ostati \u0107e i nakon 01.01.2019. u nadle\u017enosti suca koji je zapo\u010deo rje\u0161avati predmet<\/strong> (bez obzira u kojem sudu i na kojoj lokaciji sad sudi predmetni sudac), osim u slu\u010daju da vi\u0161i sud povodom pravnog lijeka predmet vrati na ponovni postupak ili u slu\u010daju druge zakonite promjene ureduju\u0107eg suca, stoji u priop\u0107enju za javnost sudca ovla\u0161tenog za obavljanje poslova sudske uprave u Op\u0107inskom sudu u Metkoiv\u0107u u osnivanju <strong>Ante \u0160prlje<\/strong>.<\/p>\n","protected":false},"excerpt":{"rendered":"<p>Sud u Metkovi\u0107u od 1. sije\u010dnja 2019. prestaje biti Stalna slu\u017eba Op\u0107inskog suda u Dubrovniku i vra\u0107a mu se status Op\u0107inskog suda sa stalnim slu\u017ebama u Vrgorcu i Plo\u010dama. Naime, s\u00a0danom 1. sije\u010dnja 2019. godine stupaju na snagu novi Zakon o sudovima i Zakon o podru\u010djima i sjedi\u0161tima sudova.\u00a0Sukladno \u010dl. 18. navedenog Zakona o sudovima [&hellip;]<\/p>\n","protected":false},"author":7,"featured_media":26261,"comment_status":"open","ping_status":"open","sticky":false,"template":"","format":"standard","meta":{"footnotes":""},"categories":[283,11],"tags":[358,4300],"class_list":{"0":"post-72892","1":"post","2":"type-post","3":"status-publish","4":"format-standard","5":"has-post-thumbnail","7":"category-a","8":"category-metkovic-dolina","9":"tag-ante-sprlje","10":"tag-opcinski-sud-metkoivc"},"yoast_head":"<!-- This site is optimized with the Yoast SEO plugin v25.2 - https:\/\/yoast.com\/wordpress\/plugins\/seo\/ -->\n<title>Od 1. sije\u010dnja 2019. Sud u Metkovi\u0107u ponovno postaje Op\u0107inski... - likemetkovic.hr<\/title>\n<meta name=\"robots\" content=\"index, follow, max-snippet:-1, max-image-preview:large, max-video-preview:-1\" \/>\n<link rel=\"canonical\" href=\"https:\/\/likemetkovic.hr\/od-1-sijecnja-2019-sud-u-metkovicu-ponovno-postaje-opcinski\/\" \/>\n<meta property=\"og:locale\" content=\"hr_HR\" \/>\n<meta property=\"og:type\" content=\"article\" \/>\n<meta property=\"og:title\" content=\"Od 1. sije\u010dnja 2019. Sud u Metkovi\u0107u ponovno postaje Op\u0107inski... - likemetkovic.hr\" \/>\n<meta property=\"og:description\" content=\"Sud u Metkovi\u0107u od 1. sije\u010dnja 2019. prestaje biti Stalna slu\u017eba Op\u0107inskog suda u Dubrovniku i vra\u0107a mu se status Op\u0107inskog suda sa stalnim slu\u017ebama u Vrgorcu i Plo\u010dama. Naime, s\u00a0danom 1. sije\u010dnja 2019. godine stupaju na snagu novi Zakon o sudovima i Zakon o podru\u010djima i sjedi\u0161tima sudova.\u00a0Sukladno \u010dl. 18. navedenog Zakona o sudovima [&hellip;]\" \/>\n<meta property=\"og:url\" content=\"https:\/\/likemetkovic.hr\/od-1-sijecnja-2019-sud-u-metkovicu-ponovno-postaje-opcinski\/\" \/>\n<meta property=\"og:site_name\" content=\"likemetkovic.hr\" \/>\n<meta property=\"article:publisher\" content=\"https:\/\/www.facebook.com\/likemetkovic.hr\/\" \/>\n<meta property=\"article:published_time\" content=\"2018-12-27T08:19:34+00:00\" \/>\n<meta property=\"og:image\" content=\"https:\/\/likemetkovic.hr\/wp-content\/uploads\/2016\/08\/zgrada-suda_3.jpg\" \/>\n\t<meta property=\"og:image:width\" content=\"800\" \/>\n\t<meta property=\"og:image:height\" content=\"600\" \/>\n\t<meta property=\"og:image:type\" content=\"image\/jpeg\" \/>\n<meta name=\"author\" content=\"LIKEmetkovic.hr\" \/>\n<meta name=\"twitter:card\" content=\"summary_large_image\" \/>\n<meta name=\"twitter:label1\" content=\"Napisao\/la\" \/>\n\t<meta name=\"twitter:data1\" content=\"LIKEmetkovic.hr\" \/>\n\t<meta name=\"twitter:label2\" content=\"Procijenjeno vrijeme \u010ditanja\" \/>\n\t<meta name=\"twitter:data2\" content=\"1 minuta\" \/>\n<script type=\"application\/ld+json\" class=\"yoast-schema-graph\">{\"@context\":\"https:\/\/schema.org\",\"@graph\":[{\"@type\":\"WebPage\",\"@id\":\"https:\/\/likemetkovic.hr\/od-1-sijecnja-2019-sud-u-metkovicu-ponovno-postaje-opcinski\/\",\"url\":\"https:\/\/likemetkovic.hr\/od-1-sijecnja-2019-sud-u-metkovicu-ponovno-postaje-opcinski\/\",\"name\":\"Od 1. sije\u010dnja 2019. Sud u Metkovi\u0107u ponovno postaje Op\u0107inski... - likemetkovic.hr\",\"isPartOf\":{\"@id\":\"https:\/\/likemetkovic.hr\/#website\"},\"primaryImageOfPage\":{\"@id\":\"https:\/\/likemetkovic.hr\/od-1-sijecnja-2019-sud-u-metkovicu-ponovno-postaje-opcinski\/#primaryimage\"},\"image\":{\"@id\":\"https:\/\/likemetkovic.hr\/od-1-sijecnja-2019-sud-u-metkovicu-ponovno-postaje-opcinski\/#primaryimage\"},\"thumbnailUrl\":\"https:\/\/likemetkovic.hr\/portal\/wp-content\/uploads\/2016\/08\/zgrada-suda_3.jpg\",\"datePublished\":\"2018-12-27T08:19:34+00:00\",\"author\":{\"@id\":\"https:\/\/likemetkovic.hr\/#\/schema\/person\/a42711f3385a0e2be6f7e0443bfb28f0\"},\"breadcrumb\":{\"@id\":\"https:\/\/likemetkovic.hr\/od-1-sijecnja-2019-sud-u-metkovicu-ponovno-postaje-opcinski\/#breadcrumb\"},\"inLanguage\":\"hr\",\"potentialAction\":[{\"@type\":\"ReadAction\",\"target\":[\"https:\/\/likemetkovic.hr\/od-1-sijecnja-2019-sud-u-metkovicu-ponovno-postaje-opcinski\/\"]}]},{\"@type\":\"ImageObject\",\"inLanguage\":\"hr\",\"@id\":\"https:\/\/likemetkovic.hr\/od-1-sijecnja-2019-sud-u-metkovicu-ponovno-postaje-opcinski\/#primaryimage\",\"url\":\"https:\/\/likemetkovic.hr\/portal\/wp-content\/uploads\/2016\/08\/zgrada-suda_3.jpg\",\"contentUrl\":\"https:\/\/likemetkovic.hr\/portal\/wp-content\/uploads\/2016\/08\/zgrada-suda_3.jpg\",\"width\":800,\"height\":600},{\"@type\":\"BreadcrumbList\",\"@id\":\"https:\/\/likemetkovic.hr\/od-1-sijecnja-2019-sud-u-metkovicu-ponovno-postaje-opcinski\/#breadcrumb\",\"itemListElement\":[{\"@type\":\"ListItem\",\"position\":1,\"name\":\"Po\u010detna stranica\",\"item\":\"https:\/\/likemetkovic.hr\/portal\/\"},{\"@type\":\"ListItem\",\"position\":2,\"name\":\"Od 1. sije\u010dnja 2019. Sud u Metkovi\u0107u ponovno postaje Op\u0107inski&#8230;\"}]},{\"@type\":\"WebSite\",\"@id\":\"https:\/\/likemetkovic.hr\/#website\",\"url\":\"https:\/\/likemetkovic.hr\/\",\"name\":\"likemetkovic.hr\",\"description\":\"Misli pozitivno... \u010ditaj LIKE\",\"potentialAction\":[{\"@type\":\"SearchAction\",\"target\":{\"@type\":\"EntryPoint\",\"urlTemplate\":\"https:\/\/likemetkovic.hr\/?s={search_term_string}\"},\"query-input\":{\"@type\":\"PropertyValueSpecification\",\"valueRequired\":true,\"valueName\":\"search_term_string\"}}],\"inLanguage\":\"hr\"},{\"@type\":\"Person\",\"@id\":\"https:\/\/likemetkovic.hr\/#\/schema\/person\/a42711f3385a0e2be6f7e0443bfb28f0\",\"name\":\"LIKEmetkovic.hr\",\"sameAs\":[\"http:\/\/likemetkovic.hr\"],\"url\":\"https:\/\/likemetkovic.hr\/portal\/author\/likemetkovic-hr\/\"}]}<\/script>\n<!-- \/ Yoast SEO plugin. -->","yoast_head_json":{"title":"Od 1. sije\u010dnja 2019. Sud u Metkovi\u0107u ponovno postaje Op\u0107inski... - likemetkovic.hr","robots":{"index":"index","follow":"follow","max-snippet":"max-snippet:-1","max-image-preview":"max-image-preview:large","max-video-preview":"max-video-preview:-1"},"canonical":"https:\/\/likemetkovic.hr\/od-1-sijecnja-2019-sud-u-metkovicu-ponovno-postaje-opcinski\/","og_locale":"hr_HR","og_type":"article","og_title":"Od 1. sije\u010dnja 2019. Sud u Metkovi\u0107u ponovno postaje Op\u0107inski... - likemetkovic.hr","og_description":"Sud u Metkovi\u0107u od 1. sije\u010dnja 2019. prestaje biti Stalna slu\u017eba Op\u0107inskog suda u Dubrovniku i vra\u0107a mu se status Op\u0107inskog suda sa stalnim slu\u017ebama u Vrgorcu i Plo\u010dama. Naime, s\u00a0danom 1. sije\u010dnja 2019. godine stupaju na snagu novi Zakon o sudovima i Zakon o podru\u010djima i sjedi\u0161tima sudova.\u00a0Sukladno \u010dl. 18. navedenog Zakona o sudovima [&hellip;]","og_url":"https:\/\/likemetkovic.hr\/od-1-sijecnja-2019-sud-u-metkovicu-ponovno-postaje-opcinski\/","og_site_name":"likemetkovic.hr","article_publisher":"https:\/\/www.facebook.com\/likemetkovic.hr\/","article_published_time":"2018-12-27T08:19:34+00:00","og_image":[{"width":800,"height":600,"url":"https:\/\/likemetkovic.hr\/wp-content\/uploads\/2016\/08\/zgrada-suda_3.jpg","type":"image\/jpeg"}],"author":"LIKEmetkovic.hr","twitter_card":"summary_large_image","twitter_misc":{"Napisao\/la":"LIKEmetkovic.hr","Procijenjeno vrijeme \u010ditanja":"1 minuta"},"schema":{"@context":"https:\/\/schema.org","@graph":[{"@type":"WebPage","@id":"https:\/\/likemetkovic.hr\/od-1-sijecnja-2019-sud-u-metkovicu-ponovno-postaje-opcinski\/","url":"https:\/\/likemetkovic.hr\/od-1-sijecnja-2019-sud-u-metkovicu-ponovno-postaje-opcinski\/","name":"Od 1. sije\u010dnja 2019. Sud u Metkovi\u0107u ponovno postaje Op\u0107inski... - likemetkovic.hr","isPartOf":{"@id":"https:\/\/likemetkovic.hr\/#website"},"primaryImageOfPage":{"@id":"https:\/\/likemetkovic.hr\/od-1-sijecnja-2019-sud-u-metkovicu-ponovno-postaje-opcinski\/#primaryimage"},"image":{"@id":"https:\/\/likemetkovic.hr\/od-1-sijecnja-2019-sud-u-metkovicu-ponovno-postaje-opcinski\/#primaryimage"},"thumbnailUrl":"https:\/\/likemetkovic.hr\/portal\/wp-content\/uploads\/2016\/08\/zgrada-suda_3.jpg","datePublished":"2018-12-27T08:19:34+00:00","author":{"@id":"https:\/\/likemetkovic.hr\/#\/schema\/person\/a42711f3385a0e2be6f7e0443bfb28f0"},"breadcrumb":{"@id":"https:\/\/likemetkovic.hr\/od-1-sijecnja-2019-sud-u-metkovicu-ponovno-postaje-opcinski\/#breadcrumb"},"inLanguage":"hr","potentialAction":[{"@type":"ReadAction","target":["https:\/\/likemetkovic.hr\/od-1-sijecnja-2019-sud-u-metkovicu-ponovno-postaje-opcinski\/"]}]},{"@type":"ImageObject","inLanguage":"hr","@id":"https:\/\/likemetkovic.hr\/od-1-sijecnja-2019-sud-u-metkovicu-ponovno-postaje-opcinski\/#primaryimage","url":"https:\/\/likemetkovic.hr\/portal\/wp-content\/uploads\/2016\/08\/zgrada-suda_3.jpg","contentUrl":"https:\/\/likemetkovic.hr\/portal\/wp-content\/uploads\/2016\/08\/zgrada-suda_3.jpg","width":800,"height":600},{"@type":"BreadcrumbList","@id":"https:\/\/likemetkovic.hr\/od-1-sijecnja-2019-sud-u-metkovicu-ponovno-postaje-opcinski\/#breadcrumb","itemListElement":[{"@type":"ListItem","position":1,"name":"Po\u010detna stranica","item":"https:\/\/likemetkovic.hr\/portal\/"},{"@type":"ListItem","position":2,"name":"Od 1. sije\u010dnja 2019. Sud u Metkovi\u0107u ponovno postaje Op\u0107inski&#8230;"}]},{"@type":"WebSite","@id":"https:\/\/likemetkovic.hr\/#website","url":"https:\/\/likemetkovic.hr\/","name":"likemetkovic.hr","description":"Misli pozitivno... \u010ditaj LIKE","potentialAction":[{"@type":"SearchAction","target":{"@type":"EntryPoint","urlTemplate":"https:\/\/likemetkovic.hr\/?s={search_term_string}"},"query-input":{"@type":"PropertyValueSpecification","valueRequired":true,"valueName":"search_term_string"}}],"inLanguage":"hr"},{"@type":"Person","@id":"https:\/\/likemetkovic.hr\/#\/schema\/person\/a42711f3385a0e2be6f7e0443bfb28f0","name":"LIKEmetkovic.hr","sameAs":["http:\/\/likemetkovic.hr"],"url":"https:\/\/likemetkovic.hr\/portal\/author\/likemetkovic-hr\/"}]}},"_links":{"self":[{"href":"https:\/\/likemetkovic.hr\/portal\/wp-json\/wp\/v2\/posts\/72892","targetHints":{"allow":["GET"]}}],"collection":[{"href":"https:\/\/likemetkovic.hr\/portal\/wp-json\/wp\/v2\/posts"}],"about":[{"href":"https:\/\/likemetkovic.hr\/portal\/wp-json\/wp\/v2\/types\/post"}],"author":[{"embeddable":true,"href":"https:\/\/likemetkovic.hr\/portal\/wp-json\/wp\/v2\/users\/7"}],"replies":[{"embeddable":true,"href":"https:\/\/likemetkovic.hr\/portal\/wp-json\/wp\/v2\/comments?post=72892"}],"version-history":[{"count":0,"href":"https:\/\/likemetkovic.hr\/portal\/wp-json\/wp\/v2\/posts\/72892\/revisions"}],"wp:featuredmedia":[{"embeddable":true,"href":"https:\/\/likemetkovic.hr\/portal\/wp-json\/wp\/v2\/media\/26261"}],"wp:attachment":[{"href":"https:\/\/likemetkovic.hr\/portal\/wp-json\/wp\/v2\/media?parent=72892"}],"wp:term":[{"taxonomy":"category","embeddable":true,"href":"https:\/\/likemetkovic.hr\/portal\/wp-json\/wp\/v2\/categories?post=72892"},{"taxonomy":"post_tag","embeddable":true,"href":"https:\/\/likemetkovic.hr\/portal\/wp-json\/wp\/v2\/tags?post=72892"}],"curies":[{"name":"wp","href":"https:\/\/api.w.org\/{rel}","templated":true}]}}