{"id":72894,"date":"2018-12-27T09:49:29","date_gmt":"2018-12-27T08:49:29","guid":{"rendered":"https:\/\/likemetkovic.hr\/?p=72894"},"modified":"2018-12-27T09:52:24","modified_gmt":"2018-12-27T08:52:24","slug":"u-ozujku-2019-bit-ce-otvoren-za-promet-novi-ulaz-u-luku-ploce","status":"publish","type":"post","link":"https:\/\/likemetkovic.hr\/portal\/u-ozujku-2019-bit-ce-otvoren-za-promet-novi-ulaz-u-luku-ploce\/","title":{"rendered":"U o\u017eujku 2019. bit \u0107e otvoren za promet novi ulaz u Luku Plo\u010de"},"content":{"rendered":"<p>\u2013 <em>U idu\u0107oj godini o\u010dekujemo pu\u0161tanje u rad novog suvremenog ulaznog terminala u Luku Plo\u010de koji \u0107e omogu\u0107iti br\u017ei i jednostavniji promet motornih vozila i osoba koje posluju preko na\u0161e luke. Novi terminal je opremljen sa svim potrebnim sadr\u017eajima koji su uobi\u010dajeni u modernim svjetskim lukama.\u00a0Pu\u0161tanje u rad ovog terminala o\u010dekujemo u o\u017eujku 2019.<\/em> \u2013 izjavio je to na nedavno odr\u017eanom domjenku u Luci Plo\u010de ravnatelj Lu\u010dke uprave Plo\u010de\u00a0<strong>Tomislav Batur<\/strong>,\u00a0prenosi <a href=\"https:\/\/ploce.com.hr\/luka-ploce\/lucka-uprava-ploce-novi-ulaz-u-luku-ploce-otvara-se-u-ozujku-2019\/\" target=\"_blank\" rel=\"noopener\">Plo\u010de Online<\/a>.<\/p>\n<p>Na ovaj na\u010din \u0107e se povezati sve zna\u010dajne poslovne \u010dimbenike lu\u010dkog poslovanja jer \u0107e na jednom mjestu biti smje\u0161teni svi subjekti uklju\u010deni u poslovni proces: Lu\u010dka uprava Plo\u010de, \u0161pediteri, kontrolne ku\u0107e, policija, carina itd.<\/p>\n<p>Za Ulazni terminal predvi\u0111ena je i vrhunska tehnolo\u0161ka opremljenost, u skladu s potrebama najzna\u010dajnijih europskih poslovnih subjekata i zahtjevima neophodnih za uspostavu \u0160engenskog re\u017eima u lukama od osobitoga (me\u0111unarodnog) gospodarskog interesa. Vrijednost same gradnje iznosila je preko 85 milijuna kuna.<\/p>\n","protected":false},"excerpt":{"rendered":"<p>\u2013 U idu\u0107oj godini o\u010dekujemo pu\u0161tanje u rad novog suvremenog ulaznog terminala u Luku Plo\u010de koji \u0107e omogu\u0107iti br\u017ei i jednostavniji promet motornih vozila i osoba koje posluju preko na\u0161e luke. Novi terminal je opremljen sa svim potrebnim sadr\u017eajima koji su uobi\u010dajeni u modernim svjetskim lukama.\u00a0Pu\u0161tanje u rad ovog terminala o\u010dekujemo u o\u017eujku 2019. \u2013 [&hellip;]<\/p>\n","protected":false},"author":7,"featured_media":72895,"comment_status":"open","ping_status":"open","sticky":false,"template":"","format":"standard","meta":{"footnotes":""},"categories":[296,290],"tags":[1312],"class_list":{"0":"post-72894","1":"post","2":"type-post","3":"status-publish","4":"format-standard","5":"has-post-thumbnail","7":"category-ab","8":"category-politika","9":"tag-luka-ploce"},"yoast_head":"<!-- This site is optimized with the Yoast SEO plugin v25.2 - https:\/\/yoast.com\/wordpress\/plugins\/seo\/ -->\n<title>U o\u017eujku 2019. bit \u0107e otvoren za promet novi ulaz u Luku Plo\u010de - likemetkovic.hr<\/title>\n<meta name=\"robots\" content=\"index, follow, max-snippet:-1, max-image-preview:large, max-video-preview:-1\" \/>\n<link rel=\"canonical\" href=\"https:\/\/likemetkovic.hr\/u-ozujku-2019-bit-ce-otvoren-za-promet-novi-ulaz-u-luku-ploce\/\" \/>\n<meta property=\"og:locale\" content=\"hr_HR\" \/>\n<meta property=\"og:type\" content=\"article\" \/>\n<meta property=\"og:title\" content=\"U o\u017eujku 2019. bit \u0107e otvoren za promet novi ulaz u Luku Plo\u010de - likemetkovic.hr\" \/>\n<meta property=\"og:description\" content=\"\u2013 U idu\u0107oj godini o\u010dekujemo pu\u0161tanje u rad novog suvremenog ulaznog terminala u Luku Plo\u010de koji \u0107e omogu\u0107iti br\u017ei i jednostavniji promet motornih vozila i osoba koje posluju preko na\u0161e luke. Novi terminal je opremljen sa svim potrebnim sadr\u017eajima koji su uobi\u010dajeni u modernim svjetskim lukama.\u00a0Pu\u0161tanje u rad ovog terminala o\u010dekujemo u o\u017eujku 2019. \u2013 [&hellip;]\" \/>\n<meta property=\"og:url\" content=\"https:\/\/likemetkovic.hr\/u-ozujku-2019-bit-ce-otvoren-za-promet-novi-ulaz-u-luku-ploce\/\" \/>\n<meta property=\"og:site_name\" content=\"likemetkovic.hr\" \/>\n<meta property=\"article:publisher\" content=\"https:\/\/www.facebook.com\/likemetkovic.hr\/\" \/>\n<meta property=\"article:published_time\" content=\"2018-12-27T08:49:29+00:00\" \/>\n<meta property=\"article:modified_time\" content=\"2018-12-27T08:52:24+00:00\" \/>\n<meta property=\"og:image\" content=\"https:\/\/likemetkovic.hr\/wp-content\/uploads\/2018\/12\/novi-ulaz-luka-plo\u010de.jpg\" \/>\n\t<meta property=\"og:image:width\" content=\"1200\" \/>\n\t<meta property=\"og:image:height\" content=\"674\" \/>\n\t<meta property=\"og:image:type\" content=\"image\/jpeg\" \/>\n<meta name=\"author\" content=\"LIKEmetkovic.hr\" \/>\n<meta name=\"twitter:card\" content=\"summary_large_image\" \/>\n<meta name=\"twitter:label1\" content=\"Napisao\/la\" \/>\n\t<meta name=\"twitter:data1\" content=\"LIKEmetkovic.hr\" \/>\n\t<meta name=\"twitter:label2\" content=\"Procijenjeno vrijeme \u010ditanja\" \/>\n\t<meta name=\"twitter:data2\" content=\"1 minuta\" \/>\n<script type=\"application\/ld+json\" class=\"yoast-schema-graph\">{\"@context\":\"https:\/\/schema.org\",\"@graph\":[{\"@type\":\"WebPage\",\"@id\":\"https:\/\/likemetkovic.hr\/u-ozujku-2019-bit-ce-otvoren-za-promet-novi-ulaz-u-luku-ploce\/\",\"url\":\"https:\/\/likemetkovic.hr\/u-ozujku-2019-bit-ce-otvoren-za-promet-novi-ulaz-u-luku-ploce\/\",\"name\":\"U o\u017eujku 2019. bit \u0107e otvoren za promet novi ulaz u Luku Plo\u010de - likemetkovic.hr\",\"isPartOf\":{\"@id\":\"https:\/\/likemetkovic.hr\/#website\"},\"primaryImageOfPage\":{\"@id\":\"https:\/\/likemetkovic.hr\/u-ozujku-2019-bit-ce-otvoren-za-promet-novi-ulaz-u-luku-ploce\/#primaryimage\"},\"image\":{\"@id\":\"https:\/\/likemetkovic.hr\/u-ozujku-2019-bit-ce-otvoren-za-promet-novi-ulaz-u-luku-ploce\/#primaryimage\"},\"thumbnailUrl\":\"https:\/\/likemetkovic.hr\/portal\/wp-content\/uploads\/2018\/12\/novi-ulaz-luka-plo\u010de.jpg\",\"datePublished\":\"2018-12-27T08:49:29+00:00\",\"dateModified\":\"2018-12-27T08:52:24+00:00\",\"author\":{\"@id\":\"https:\/\/likemetkovic.hr\/#\/schema\/person\/a42711f3385a0e2be6f7e0443bfb28f0\"},\"breadcrumb\":{\"@id\":\"https:\/\/likemetkovic.hr\/u-ozujku-2019-bit-ce-otvoren-za-promet-novi-ulaz-u-luku-ploce\/#breadcrumb\"},\"inLanguage\":\"hr\",\"potentialAction\":[{\"@type\":\"ReadAction\",\"target\":[\"https:\/\/likemetkovic.hr\/u-ozujku-2019-bit-ce-otvoren-za-promet-novi-ulaz-u-luku-ploce\/\"]}]},{\"@type\":\"ImageObject\",\"inLanguage\":\"hr\",\"@id\":\"https:\/\/likemetkovic.hr\/u-ozujku-2019-bit-ce-otvoren-za-promet-novi-ulaz-u-luku-ploce\/#primaryimage\",\"url\":\"https:\/\/likemetkovic.hr\/portal\/wp-content\/uploads\/2018\/12\/novi-ulaz-luka-plo\u010de.jpg\",\"contentUrl\":\"https:\/\/likemetkovic.hr\/portal\/wp-content\/uploads\/2018\/12\/novi-ulaz-luka-plo\u010de.jpg\",\"width\":1200,\"height\":674},{\"@type\":\"BreadcrumbList\",\"@id\":\"https:\/\/likemetkovic.hr\/u-ozujku-2019-bit-ce-otvoren-za-promet-novi-ulaz-u-luku-ploce\/#breadcrumb\",\"itemListElement\":[{\"@type\":\"ListItem\",\"position\":1,\"name\":\"Po\u010detna stranica\",\"item\":\"https:\/\/likemetkovic.hr\/portal\/\"},{\"@type\":\"ListItem\",\"position\":2,\"name\":\"U o\u017eujku 2019. bit \u0107e otvoren za promet novi ulaz u Luku Plo\u010de\"}]},{\"@type\":\"WebSite\",\"@id\":\"https:\/\/likemetkovic.hr\/#website\",\"url\":\"https:\/\/likemetkovic.hr\/\",\"name\":\"likemetkovic.hr\",\"description\":\"Misli pozitivno... \u010ditaj LIKE\",\"potentialAction\":[{\"@type\":\"SearchAction\",\"target\":{\"@type\":\"EntryPoint\",\"urlTemplate\":\"https:\/\/likemetkovic.hr\/?s={search_term_string}\"},\"query-input\":{\"@type\":\"PropertyValueSpecification\",\"valueRequired\":true,\"valueName\":\"search_term_string\"}}],\"inLanguage\":\"hr\"},{\"@type\":\"Person\",\"@id\":\"https:\/\/likemetkovic.hr\/#\/schema\/person\/a42711f3385a0e2be6f7e0443bfb28f0\",\"name\":\"LIKEmetkovic.hr\",\"sameAs\":[\"http:\/\/likemetkovic.hr\"],\"url\":\"https:\/\/likemetkovic.hr\/portal\/author\/likemetkovic-hr\/\"}]}<\/script>\n<!-- \/ Yoast SEO plugin. -->","yoast_head_json":{"title":"U o\u017eujku 2019. bit \u0107e otvoren za promet novi ulaz u Luku Plo\u010de - likemetkovic.hr","robots":{"index":"index","follow":"follow","max-snippet":"max-snippet:-1","max-image-preview":"max-image-preview:large","max-video-preview":"max-video-preview:-1"},"canonical":"https:\/\/likemetkovic.hr\/u-ozujku-2019-bit-ce-otvoren-za-promet-novi-ulaz-u-luku-ploce\/","og_locale":"hr_HR","og_type":"article","og_title":"U o\u017eujku 2019. bit \u0107e otvoren za promet novi ulaz u Luku Plo\u010de - likemetkovic.hr","og_description":"\u2013 U idu\u0107oj godini o\u010dekujemo pu\u0161tanje u rad novog suvremenog ulaznog terminala u Luku Plo\u010de koji \u0107e omogu\u0107iti br\u017ei i jednostavniji promet motornih vozila i osoba koje posluju preko na\u0161e luke. Novi terminal je opremljen sa svim potrebnim sadr\u017eajima koji su uobi\u010dajeni u modernim svjetskim lukama.\u00a0Pu\u0161tanje u rad ovog terminala o\u010dekujemo u o\u017eujku 2019. \u2013 [&hellip;]","og_url":"https:\/\/likemetkovic.hr\/u-ozujku-2019-bit-ce-otvoren-za-promet-novi-ulaz-u-luku-ploce\/","og_site_name":"likemetkovic.hr","article_publisher":"https:\/\/www.facebook.com\/likemetkovic.hr\/","article_published_time":"2018-12-27T08:49:29+00:00","article_modified_time":"2018-12-27T08:52:24+00:00","og_image":[{"width":1200,"height":674,"url":"https:\/\/likemetkovic.hr\/wp-content\/uploads\/2018\/12\/novi-ulaz-luka-plo\u010de.jpg","type":"image\/jpeg"}],"author":"LIKEmetkovic.hr","twitter_card":"summary_large_image","twitter_misc":{"Napisao\/la":"LIKEmetkovic.hr","Procijenjeno vrijeme \u010ditanja":"1 minuta"},"schema":{"@context":"https:\/\/schema.org","@graph":[{"@type":"WebPage","@id":"https:\/\/likemetkovic.hr\/u-ozujku-2019-bit-ce-otvoren-za-promet-novi-ulaz-u-luku-ploce\/","url":"https:\/\/likemetkovic.hr\/u-ozujku-2019-bit-ce-otvoren-za-promet-novi-ulaz-u-luku-ploce\/","name":"U o\u017eujku 2019. bit \u0107e otvoren za promet novi ulaz u Luku Plo\u010de - likemetkovic.hr","isPartOf":{"@id":"https:\/\/likemetkovic.hr\/#website"},"primaryImageOfPage":{"@id":"https:\/\/likemetkovic.hr\/u-ozujku-2019-bit-ce-otvoren-za-promet-novi-ulaz-u-luku-ploce\/#primaryimage"},"image":{"@id":"https:\/\/likemetkovic.hr\/u-ozujku-2019-bit-ce-otvoren-za-promet-novi-ulaz-u-luku-ploce\/#primaryimage"},"thumbnailUrl":"https:\/\/likemetkovic.hr\/portal\/wp-content\/uploads\/2018\/12\/novi-ulaz-luka-plo\u010de.jpg","datePublished":"2018-12-27T08:49:29+00:00","dateModified":"2018-12-27T08:52:24+00:00","author":{"@id":"https:\/\/likemetkovic.hr\/#\/schema\/person\/a42711f3385a0e2be6f7e0443bfb28f0"},"breadcrumb":{"@id":"https:\/\/likemetkovic.hr\/u-ozujku-2019-bit-ce-otvoren-za-promet-novi-ulaz-u-luku-ploce\/#breadcrumb"},"inLanguage":"hr","potentialAction":[{"@type":"ReadAction","target":["https:\/\/likemetkovic.hr\/u-ozujku-2019-bit-ce-otvoren-za-promet-novi-ulaz-u-luku-ploce\/"]}]},{"@type":"ImageObject","inLanguage":"hr","@id":"https:\/\/likemetkovic.hr\/u-ozujku-2019-bit-ce-otvoren-za-promet-novi-ulaz-u-luku-ploce\/#primaryimage","url":"https:\/\/likemetkovic.hr\/portal\/wp-content\/uploads\/2018\/12\/novi-ulaz-luka-plo\u010de.jpg","contentUrl":"https:\/\/likemetkovic.hr\/portal\/wp-content\/uploads\/2018\/12\/novi-ulaz-luka-plo\u010de.jpg","width":1200,"height":674},{"@type":"BreadcrumbList","@id":"https:\/\/likemetkovic.hr\/u-ozujku-2019-bit-ce-otvoren-za-promet-novi-ulaz-u-luku-ploce\/#breadcrumb","itemListElement":[{"@type":"ListItem","position":1,"name":"Po\u010detna stranica","item":"https:\/\/likemetkovic.hr\/portal\/"},{"@type":"ListItem","position":2,"name":"U o\u017eujku 2019. bit \u0107e otvoren za promet novi ulaz u Luku Plo\u010de"}]},{"@type":"WebSite","@id":"https:\/\/likemetkovic.hr\/#website","url":"https:\/\/likemetkovic.hr\/","name":"likemetkovic.hr","description":"Misli pozitivno... \u010ditaj LIKE","potentialAction":[{"@type":"SearchAction","target":{"@type":"EntryPoint","urlTemplate":"https:\/\/likemetkovic.hr\/?s={search_term_string}"},"query-input":{"@type":"PropertyValueSpecification","valueRequired":true,"valueName":"search_term_string"}}],"inLanguage":"hr"},{"@type":"Person","@id":"https:\/\/likemetkovic.hr\/#\/schema\/person\/a42711f3385a0e2be6f7e0443bfb28f0","name":"LIKEmetkovic.hr","sameAs":["http:\/\/likemetkovic.hr"],"url":"https:\/\/likemetkovic.hr\/portal\/author\/likemetkovic-hr\/"}]}},"_links":{"self":[{"href":"https:\/\/likemetkovic.hr\/portal\/wp-json\/wp\/v2\/posts\/72894","targetHints":{"allow":["GET"]}}],"collection":[{"href":"https:\/\/likemetkovic.hr\/portal\/wp-json\/wp\/v2\/posts"}],"about":[{"href":"https:\/\/likemetkovic.hr\/portal\/wp-json\/wp\/v2\/types\/post"}],"author":[{"embeddable":true,"href":"https:\/\/likemetkovic.hr\/portal\/wp-json\/wp\/v2\/users\/7"}],"replies":[{"embeddable":true,"href":"https:\/\/likemetkovic.hr\/portal\/wp-json\/wp\/v2\/comments?post=72894"}],"version-history":[{"count":0,"href":"https:\/\/likemetkovic.hr\/portal\/wp-json\/wp\/v2\/posts\/72894\/revisions"}],"wp:featuredmedia":[{"embeddable":true,"href":"https:\/\/likemetkovic.hr\/portal\/wp-json\/wp\/v2\/media\/72895"}],"wp:attachment":[{"href":"https:\/\/likemetkovic.hr\/portal\/wp-json\/wp\/v2\/media?parent=72894"}],"wp:term":[{"taxonomy":"category","embeddable":true,"href":"https:\/\/likemetkovic.hr\/portal\/wp-json\/wp\/v2\/categories?post=72894"},{"taxonomy":"post_tag","embeddable":true,"href":"https:\/\/likemetkovic.hr\/portal\/wp-json\/wp\/v2\/tags?post=72894"}],"curies":[{"name":"wp","href":"https:\/\/api.w.org\/{rel}","templated":true}]}}