{"id":73578,"date":"2019-01-08T15:44:31","date_gmt":"2019-01-08T14:44:31","guid":{"rendered":"https:\/\/likemetkovic.hr\/?p=73578"},"modified":"2019-01-08T15:49:39","modified_gmt":"2019-01-08T14:49:39","slug":"trazi-se-ravnatelj-ustanove-za-upravljanje-zasticenim-dijelovima-prirode-dnz","status":"publish","type":"post","link":"https:\/\/likemetkovic.hr\/portal\/trazi-se-ravnatelj-ustanove-za-upravljanje-zasticenim-dijelovima-prirode-dnz\/","title":{"rendered":"Tra\u017ei se ravnatelj Ustanove za upravljanje za\u0161ti\u0107enim dijelovima prirode DN\u017d"},"content":{"rendered":"<p>Upravno vije\u0107e <a href=\"https:\/\/zastita-prirode-dnz.hr\/novosti\/\" target=\"_blank\" rel=\"noopener\">Javne ustanove za upravljanje za\u0161ti\u0107enim dijelovima prirode Dubrova\u010dko-neretvanske \u017eupanije<\/a> raspisalo je natje\u010daj za izbor i imenovanje ravnatelja ove ustanove. Od uvjeta, tra\u017ei se visoka stru\u010dna sprema i najmanje pet godina radnog iskustva u struci, a struka pritom nije navedena.<\/p>\n<p>Ravnatelj\/ica se imenuje na \u010detiri godine, a rok prijave na ovaj <a href=\"https:\/\/narodne-novine.nn.hr\/clanci\/oglasi\/o8265471.html\" target=\"_blank\" rel=\"noopener\">natje\u010daj je 15 dana od objave u Narodnim novinama<\/a>.<\/p>\n<p>Na ravnateljsko mjesto prije dvije godine imenovan je <strong>Ivica Grilec<\/strong> (HDZ), diplomirani in\u017eenjer pomorskog puta i ekonomije. Odabran je u konkurenciji s Vi\u0161njom Bukvi\u0107, doktoricom biologije i toksikologom, te Jasnom Per, biologinjom, koje su se tako\u0111er tada javile na natje\u010daj.<\/p>\n<p>Grilec je u travnju pro\u0161le godine imenovan na \u010delno mjesto Rezervata Lokrum. Otada je Javna ustanova za upravljanje za\u0161ti\u0107enim dijelovima prirode, kojoj je osniva\u010d \u017dupanija, bez ravnatelja. Te se rupe u upravljanju Javne ustanove ponavljaju jer je prije dolaska Grileca, ona bila bez ravnatelja godinu i pol dana. Prije Grileca, ravnateljica je bila dr. sc. Marija Crn\u010devi\u0107, danas stru\u010dna voditeljica Odjela za za\u0161titu, odr\u017eavanje i promicanje Rezervata Lokrum. Trenuta\u010dno, v.d. ravnateljice je Marijana Miljas \u0110ura\u010di\u0107.<\/p>\n<p>Ustanova je osnovana 2004. godine, a du\u017enost joj je za\u0161tita, odr\u017eavanje i promicanje za\u0161ti\u0107enih dijelova prirode u cilju za\u0161tite i o\u010duvanja izvornosti prirode, osiguravanja neometanog odvijanja prirodnih procesa i odr\u017eivog kori\u0161tenja prirodnih dobara, te nadzor nad provo\u0111enjem uvjeta i mjera za\u0161tite prirode za podru\u010dje kojim upravlja.<\/p>\n<p>Na podru\u010dju Dubrova\u010dko \u2013 neretvanske \u017eupanije progla\u0161ena su <strong>\u010detiri podru\u010dja zna\u010dajna za o\u010duvanje i ostvarivanje povoljnog stanja divljih vrsta ptica od interesa za Europsku uniju<\/strong>, kao i njihovih stani\u0161ta, podru\u010dja zna\u010dajna za o\u010duvanje migratornih vrsta ptica, a osobito mo\u010dvarna podru\u010dja od me\u0111unarodne va\u017enosti, te 85 podru\u010dja zna\u010dajna za o\u010duvanje i ostvarivanje povoljnog stanja drugih divljih vrsta i njihovih stani\u0161ta, kao i prirodnih stani\u0161nih tipova od interesa za Europsku uniju.<\/p>\n<p>U <strong>dolini Neretve<\/strong> Ustanova upravlja podru\u010djima za\u0161ti\u0107enoga krajobraza \u0160uma Predolac-\u0160ibanica, Modro oko i jezero uz naselje Desne, ornitolo\u0161kim rezervatima Prud, Pod Gredom i Orepak, te ihtiolo\u0161ko-ornitolo\u0161ki rezervatom jugosito\u010dnog dijela Delte Neretve (jezero Kuti)<\/p>\n","protected":false},"excerpt":{"rendered":"<p>Upravno vije\u0107e Javne ustanove za upravljanje za\u0161ti\u0107enim dijelovima prirode Dubrova\u010dko-neretvanske \u017eupanije raspisalo je natje\u010daj za izbor i imenovanje ravnatelja ove ustanove. Od uvjeta, tra\u017ei se visoka stru\u010dna sprema i najmanje pet godina radnog iskustva u struci, a struka pritom nije navedena. Ravnatelj\/ica se imenuje na \u010detiri godine, a rok prijave na ovaj natje\u010daj je 15 [&hellip;]<\/p>\n","protected":false},"author":7,"featured_media":66319,"comment_status":"open","ping_status":"open","sticky":false,"template":"","format":"standard","meta":{"footnotes":""},"categories":[296,300],"tags":[726,373,2820,4370],"class_list":{"0":"post-73578","1":"post","2":"type-post","3":"status-publish","4":"format-standard","5":"has-post-thumbnail","7":"category-ab","8":"category-zupanija","9":"tag-dubrovacko-neretvanska-zupanija","10":"tag-natjecaj","11":"tag-ravnatelj","12":"tag-ustanova-za-upravljanje-zasticenim-dijelovima-prirode"},"yoast_head":"<!-- This site is optimized with the Yoast SEO plugin v25.2 - https:\/\/yoast.com\/wordpress\/plugins\/seo\/ -->\n<title>Tra\u017ei se ravnatelj Ustanove za upravljanje za\u0161ti\u0107enim dijelovima prirode DN\u017d - likemetkovic.hr<\/title>\n<meta name=\"robots\" content=\"index, follow, max-snippet:-1, max-image-preview:large, max-video-preview:-1\" \/>\n<link rel=\"canonical\" href=\"https:\/\/likemetkovic.hr\/trazi-se-ravnatelj-ustanove-za-upravljanje-zasticenim-dijelovima-prirode-dnz\/\" \/>\n<meta property=\"og:locale\" content=\"hr_HR\" \/>\n<meta property=\"og:type\" content=\"article\" \/>\n<meta property=\"og:title\" content=\"Tra\u017ei se ravnatelj Ustanove za upravljanje za\u0161ti\u0107enim dijelovima prirode DN\u017d - likemetkovic.hr\" \/>\n<meta property=\"og:description\" content=\"Upravno vije\u0107e Javne ustanove za upravljanje za\u0161ti\u0107enim dijelovima prirode Dubrova\u010dko-neretvanske \u017eupanije raspisalo je natje\u010daj za izbor i imenovanje ravnatelja ove ustanove. Od uvjeta, tra\u017ei se visoka stru\u010dna sprema i najmanje pet godina radnog iskustva u struci, a struka pritom nije navedena. Ravnatelj\/ica se imenuje na \u010detiri godine, a rok prijave na ovaj natje\u010daj je 15 [&hellip;]\" \/>\n<meta property=\"og:url\" content=\"https:\/\/likemetkovic.hr\/trazi-se-ravnatelj-ustanove-za-upravljanje-zasticenim-dijelovima-prirode-dnz\/\" \/>\n<meta property=\"og:site_name\" content=\"likemetkovic.hr\" \/>\n<meta property=\"article:publisher\" content=\"https:\/\/www.facebook.com\/likemetkovic.hr\/\" \/>\n<meta property=\"article:published_time\" content=\"2019-01-08T14:44:31+00:00\" \/>\n<meta property=\"article:modified_time\" content=\"2019-01-08T14:49:39+00:00\" \/>\n<meta property=\"og:image\" content=\"https:\/\/likemetkovic.hr\/wp-content\/uploads\/2018\/08\/jezero-kuti-1.jpg\" \/>\n\t<meta property=\"og:image:width\" content=\"800\" \/>\n\t<meta property=\"og:image:height\" content=\"534\" \/>\n\t<meta property=\"og:image:type\" content=\"image\/jpeg\" \/>\n<meta name=\"author\" content=\"LIKEmetkovic.hr\" \/>\n<meta name=\"twitter:card\" content=\"summary_large_image\" \/>\n<meta name=\"twitter:label1\" content=\"Napisao\/la\" \/>\n\t<meta name=\"twitter:data1\" content=\"LIKEmetkovic.hr\" \/>\n\t<meta name=\"twitter:label2\" content=\"Procijenjeno vrijeme \u010ditanja\" \/>\n\t<meta name=\"twitter:data2\" content=\"2 minute\" \/>\n<script type=\"application\/ld+json\" class=\"yoast-schema-graph\">{\"@context\":\"https:\/\/schema.org\",\"@graph\":[{\"@type\":\"WebPage\",\"@id\":\"https:\/\/likemetkovic.hr\/trazi-se-ravnatelj-ustanove-za-upravljanje-zasticenim-dijelovima-prirode-dnz\/\",\"url\":\"https:\/\/likemetkovic.hr\/trazi-se-ravnatelj-ustanove-za-upravljanje-zasticenim-dijelovima-prirode-dnz\/\",\"name\":\"Tra\u017ei se ravnatelj Ustanove za upravljanje za\u0161ti\u0107enim dijelovima prirode DN\u017d - likemetkovic.hr\",\"isPartOf\":{\"@id\":\"https:\/\/likemetkovic.hr\/#website\"},\"primaryImageOfPage\":{\"@id\":\"https:\/\/likemetkovic.hr\/trazi-se-ravnatelj-ustanove-za-upravljanje-zasticenim-dijelovima-prirode-dnz\/#primaryimage\"},\"image\":{\"@id\":\"https:\/\/likemetkovic.hr\/trazi-se-ravnatelj-ustanove-za-upravljanje-zasticenim-dijelovima-prirode-dnz\/#primaryimage\"},\"thumbnailUrl\":\"https:\/\/likemetkovic.hr\/portal\/wp-content\/uploads\/2018\/08\/jezero-kuti-1.jpg\",\"datePublished\":\"2019-01-08T14:44:31+00:00\",\"dateModified\":\"2019-01-08T14:49:39+00:00\",\"author\":{\"@id\":\"https:\/\/likemetkovic.hr\/#\/schema\/person\/a42711f3385a0e2be6f7e0443bfb28f0\"},\"breadcrumb\":{\"@id\":\"https:\/\/likemetkovic.hr\/trazi-se-ravnatelj-ustanove-za-upravljanje-zasticenim-dijelovima-prirode-dnz\/#breadcrumb\"},\"inLanguage\":\"hr\",\"potentialAction\":[{\"@type\":\"ReadAction\",\"target\":[\"https:\/\/likemetkovic.hr\/trazi-se-ravnatelj-ustanove-za-upravljanje-zasticenim-dijelovima-prirode-dnz\/\"]}]},{\"@type\":\"ImageObject\",\"inLanguage\":\"hr\",\"@id\":\"https:\/\/likemetkovic.hr\/trazi-se-ravnatelj-ustanove-za-upravljanje-zasticenim-dijelovima-prirode-dnz\/#primaryimage\",\"url\":\"https:\/\/likemetkovic.hr\/portal\/wp-content\/uploads\/2018\/08\/jezero-kuti-1.jpg\",\"contentUrl\":\"https:\/\/likemetkovic.hr\/portal\/wp-content\/uploads\/2018\/08\/jezero-kuti-1.jpg\",\"width\":800,\"height\":534},{\"@type\":\"BreadcrumbList\",\"@id\":\"https:\/\/likemetkovic.hr\/trazi-se-ravnatelj-ustanove-za-upravljanje-zasticenim-dijelovima-prirode-dnz\/#breadcrumb\",\"itemListElement\":[{\"@type\":\"ListItem\",\"position\":1,\"name\":\"Po\u010detna stranica\",\"item\":\"https:\/\/likemetkovic.hr\/portal\/\"},{\"@type\":\"ListItem\",\"position\":2,\"name\":\"Tra\u017ei se ravnatelj Ustanove za upravljanje za\u0161ti\u0107enim dijelovima prirode DN\u017d\"}]},{\"@type\":\"WebSite\",\"@id\":\"https:\/\/likemetkovic.hr\/#website\",\"url\":\"https:\/\/likemetkovic.hr\/\",\"name\":\"likemetkovic.hr\",\"description\":\"Misli pozitivno... \u010ditaj LIKE\",\"potentialAction\":[{\"@type\":\"SearchAction\",\"target\":{\"@type\":\"EntryPoint\",\"urlTemplate\":\"https:\/\/likemetkovic.hr\/?s={search_term_string}\"},\"query-input\":{\"@type\":\"PropertyValueSpecification\",\"valueRequired\":true,\"valueName\":\"search_term_string\"}}],\"inLanguage\":\"hr\"},{\"@type\":\"Person\",\"@id\":\"https:\/\/likemetkovic.hr\/#\/schema\/person\/a42711f3385a0e2be6f7e0443bfb28f0\",\"name\":\"LIKEmetkovic.hr\",\"sameAs\":[\"http:\/\/likemetkovic.hr\"],\"url\":\"https:\/\/likemetkovic.hr\/portal\/author\/likemetkovic-hr\/\"}]}<\/script>\n<!-- \/ Yoast SEO plugin. -->","yoast_head_json":{"title":"Tra\u017ei se ravnatelj Ustanove za upravljanje za\u0161ti\u0107enim dijelovima prirode DN\u017d - likemetkovic.hr","robots":{"index":"index","follow":"follow","max-snippet":"max-snippet:-1","max-image-preview":"max-image-preview:large","max-video-preview":"max-video-preview:-1"},"canonical":"https:\/\/likemetkovic.hr\/trazi-se-ravnatelj-ustanove-za-upravljanje-zasticenim-dijelovima-prirode-dnz\/","og_locale":"hr_HR","og_type":"article","og_title":"Tra\u017ei se ravnatelj Ustanove za upravljanje za\u0161ti\u0107enim dijelovima prirode DN\u017d - likemetkovic.hr","og_description":"Upravno vije\u0107e Javne ustanove za upravljanje za\u0161ti\u0107enim dijelovima prirode Dubrova\u010dko-neretvanske \u017eupanije raspisalo je natje\u010daj za izbor i imenovanje ravnatelja ove ustanove. Od uvjeta, tra\u017ei se visoka stru\u010dna sprema i najmanje pet godina radnog iskustva u struci, a struka pritom nije navedena. Ravnatelj\/ica se imenuje na \u010detiri godine, a rok prijave na ovaj natje\u010daj je 15 [&hellip;]","og_url":"https:\/\/likemetkovic.hr\/trazi-se-ravnatelj-ustanove-za-upravljanje-zasticenim-dijelovima-prirode-dnz\/","og_site_name":"likemetkovic.hr","article_publisher":"https:\/\/www.facebook.com\/likemetkovic.hr\/","article_published_time":"2019-01-08T14:44:31+00:00","article_modified_time":"2019-01-08T14:49:39+00:00","og_image":[{"width":800,"height":534,"url":"https:\/\/likemetkovic.hr\/wp-content\/uploads\/2018\/08\/jezero-kuti-1.jpg","type":"image\/jpeg"}],"author":"LIKEmetkovic.hr","twitter_card":"summary_large_image","twitter_misc":{"Napisao\/la":"LIKEmetkovic.hr","Procijenjeno vrijeme \u010ditanja":"2 minute"},"schema":{"@context":"https:\/\/schema.org","@graph":[{"@type":"WebPage","@id":"https:\/\/likemetkovic.hr\/trazi-se-ravnatelj-ustanove-za-upravljanje-zasticenim-dijelovima-prirode-dnz\/","url":"https:\/\/likemetkovic.hr\/trazi-se-ravnatelj-ustanove-za-upravljanje-zasticenim-dijelovima-prirode-dnz\/","name":"Tra\u017ei se ravnatelj Ustanove za upravljanje za\u0161ti\u0107enim dijelovima prirode DN\u017d - likemetkovic.hr","isPartOf":{"@id":"https:\/\/likemetkovic.hr\/#website"},"primaryImageOfPage":{"@id":"https:\/\/likemetkovic.hr\/trazi-se-ravnatelj-ustanove-za-upravljanje-zasticenim-dijelovima-prirode-dnz\/#primaryimage"},"image":{"@id":"https:\/\/likemetkovic.hr\/trazi-se-ravnatelj-ustanove-za-upravljanje-zasticenim-dijelovima-prirode-dnz\/#primaryimage"},"thumbnailUrl":"https:\/\/likemetkovic.hr\/portal\/wp-content\/uploads\/2018\/08\/jezero-kuti-1.jpg","datePublished":"2019-01-08T14:44:31+00:00","dateModified":"2019-01-08T14:49:39+00:00","author":{"@id":"https:\/\/likemetkovic.hr\/#\/schema\/person\/a42711f3385a0e2be6f7e0443bfb28f0"},"breadcrumb":{"@id":"https:\/\/likemetkovic.hr\/trazi-se-ravnatelj-ustanove-za-upravljanje-zasticenim-dijelovima-prirode-dnz\/#breadcrumb"},"inLanguage":"hr","potentialAction":[{"@type":"ReadAction","target":["https:\/\/likemetkovic.hr\/trazi-se-ravnatelj-ustanove-za-upravljanje-zasticenim-dijelovima-prirode-dnz\/"]}]},{"@type":"ImageObject","inLanguage":"hr","@id":"https:\/\/likemetkovic.hr\/trazi-se-ravnatelj-ustanove-za-upravljanje-zasticenim-dijelovima-prirode-dnz\/#primaryimage","url":"https:\/\/likemetkovic.hr\/portal\/wp-content\/uploads\/2018\/08\/jezero-kuti-1.jpg","contentUrl":"https:\/\/likemetkovic.hr\/portal\/wp-content\/uploads\/2018\/08\/jezero-kuti-1.jpg","width":800,"height":534},{"@type":"BreadcrumbList","@id":"https:\/\/likemetkovic.hr\/trazi-se-ravnatelj-ustanove-za-upravljanje-zasticenim-dijelovima-prirode-dnz\/#breadcrumb","itemListElement":[{"@type":"ListItem","position":1,"name":"Po\u010detna stranica","item":"https:\/\/likemetkovic.hr\/portal\/"},{"@type":"ListItem","position":2,"name":"Tra\u017ei se ravnatelj Ustanove za upravljanje za\u0161ti\u0107enim dijelovima prirode DN\u017d"}]},{"@type":"WebSite","@id":"https:\/\/likemetkovic.hr\/#website","url":"https:\/\/likemetkovic.hr\/","name":"likemetkovic.hr","description":"Misli pozitivno... \u010ditaj LIKE","potentialAction":[{"@type":"SearchAction","target":{"@type":"EntryPoint","urlTemplate":"https:\/\/likemetkovic.hr\/?s={search_term_string}"},"query-input":{"@type":"PropertyValueSpecification","valueRequired":true,"valueName":"search_term_string"}}],"inLanguage":"hr"},{"@type":"Person","@id":"https:\/\/likemetkovic.hr\/#\/schema\/person\/a42711f3385a0e2be6f7e0443bfb28f0","name":"LIKEmetkovic.hr","sameAs":["http:\/\/likemetkovic.hr"],"url":"https:\/\/likemetkovic.hr\/portal\/author\/likemetkovic-hr\/"}]}},"_links":{"self":[{"href":"https:\/\/likemetkovic.hr\/portal\/wp-json\/wp\/v2\/posts\/73578","targetHints":{"allow":["GET"]}}],"collection":[{"href":"https:\/\/likemetkovic.hr\/portal\/wp-json\/wp\/v2\/posts"}],"about":[{"href":"https:\/\/likemetkovic.hr\/portal\/wp-json\/wp\/v2\/types\/post"}],"author":[{"embeddable":true,"href":"https:\/\/likemetkovic.hr\/portal\/wp-json\/wp\/v2\/users\/7"}],"replies":[{"embeddable":true,"href":"https:\/\/likemetkovic.hr\/portal\/wp-json\/wp\/v2\/comments?post=73578"}],"version-history":[{"count":0,"href":"https:\/\/likemetkovic.hr\/portal\/wp-json\/wp\/v2\/posts\/73578\/revisions"}],"wp:featuredmedia":[{"embeddable":true,"href":"https:\/\/likemetkovic.hr\/portal\/wp-json\/wp\/v2\/media\/66319"}],"wp:attachment":[{"href":"https:\/\/likemetkovic.hr\/portal\/wp-json\/wp\/v2\/media?parent=73578"}],"wp:term":[{"taxonomy":"category","embeddable":true,"href":"https:\/\/likemetkovic.hr\/portal\/wp-json\/wp\/v2\/categories?post=73578"},{"taxonomy":"post_tag","embeddable":true,"href":"https:\/\/likemetkovic.hr\/portal\/wp-json\/wp\/v2\/tags?post=73578"}],"curies":[{"name":"wp","href":"https:\/\/api.w.org\/{rel}","templated":true}]}}