{"id":7372,"date":"2017-07-07T06:00:38","date_gmt":"2017-07-07T04:00:38","guid":{"rendered":"http:\/\/likemetkovic.hr\/?p=7372"},"modified":"2017-07-08T08:22:33","modified_gmt":"2017-07-08T06:22:33","slug":"stojan-vucicevic-7-7-1941-22-9-1989","status":"publish","type":"post","link":"https:\/\/likemetkovic.hr\/portal\/stojan-vucicevic-7-7-1941-22-9-1989\/","title":{"rendered":"Stojan Vu\u010di\u010devi\u0107 &#8211; 7. 7. 1941 &#8211; 22. 9. 1989."},"content":{"rendered":"<p><span style=\"color: #333333;\"><strong>Stojan<\/strong><b> Vu\u010di\u010devi\u0107<\/b> (Turkovi\u0107i, Hercegovina, <a style=\"color: #333333;\" title=\"7. srpnja\" href=\"https:\/\/hr.wikipedia.org\/wiki\/7._srpnja\">7. srpnja<\/a> <a class=\"mw-redirect\" style=\"color: #333333;\" title=\"1941\" href=\"https:\/\/hr.wikipedia.org\/wiki\/1941\">1941<\/a>. &#8211; Zagreb, <a style=\"color: #333333;\" title=\"22. rujna\" href=\"https:\/\/hr.wikipedia.org\/wiki\/22._rujna\">22. rujna<\/a> <a class=\"mw-redirect\" style=\"color: #333333;\" title=\"1989\" href=\"https:\/\/hr.wikipedia.org\/wiki\/1989\">1989<\/a>.), pjesnik, putopisac, prevoditelj\u00a0i novinar.<\/span><\/p>\n<p><span style=\"color: #333333;\">Bio je od onih koji su kroz hrvatsku knji\u017eevnost\u00a0pronosili svoj nepotkupljivi hrvatski osje\u0107aj, kada to nije bilo &#8220;popularno&#8221;. Nije do\u010dekao politi\u010dki rasplet, a politika mu se tako nemilosrdno plela u \u017eivot da je, niza\u0161to, kako je onda ve\u0107 bilo, kao gimnazijalac, okusio u\u017eas Svetog Grgura, oto\u010di\u0107a\u00a0zatvora pored Golog otoka, kamo su komunisti\u010dke\u00a0vlasti slale golobrade nepodobnike. I poslije, do smrti, na neki je na\u010din ka\u017enjavan zbog svojeg hrvatstva.<\/span><\/p>\n<p><span style=\"color: #333333;\">Vu\u010di\u0107evi\u0107 se rodio u Turkovi\u0107ima, u Hercegovini, no osje\u0107aj pripadnosti vezao je uz Neretva\u00a0i Metkovi\u0107, gdje je poha\u0111ao osnovnu \u0161kolu i dijelom gimnaziju. Dio gimnazijskih dana proveo je u Plo\u010dama, a Filozofski fakultet\u00a0zavr\u0161io je u Zadru. Rano je, poput svakog pravog lirika, osjetio poziv poezije. Boravak u Parizu\u00a0u tome ga je u\u010dvrstio i znatno mu pomogao u prevodila\u0161tvu.<\/span><\/p>\n<p><span style=\"color: #333333;\">Bio je urednik splitskog knji\u017eevnog \u010dasopisa Vidik i novinar kultnog lista za kulturu Telegram, te urednik knji\u017eevne revije Republika. Kada se zaposlio na Televiziji\u00a0kao redaktor, svojom je pjesni\u010dkom osobno\u0161\u0107u, ljepotom jezika i stilskom dotjerano\u0161\u0107u oboga\u0107ivao tu\u0111e tekstove. Rade\u0107i, pak, u uredni\u0161tvu kulture kao novinar, skromno i bez nadmetanja autorske osobnosti, stavljao je u prvi plan rije\u010d, sklad misli i izraza \u010desto anonimno, ali nikada nezamjetljivo. Pi\u0161u\u0107i o poeziji i pjesnicima, pa i za emisiju TV kalendar, sa\u017eimaju\u0107i svoje rasko\u0161no literarno nadahnu\u0107e u \u0161turi dnevni televizijski\u00a0izri\u010daj, Stojan nije dopustio pjesniku u sebi da zamre.<\/span><\/p>\n<p><span style=\"color: #333333;\">Njegova zadnja pjesma objavljena u novinama nekoliko dana prije njegove smrti znakovita je naslova: <i>&#8220;Umrijeti u Hrvatskoj&#8221;<\/i>.<\/span><\/p>\n<p><span style=\"color: #333333;\">Uz pjesni\u010dke zbirke Greben, Siga, \u010cavli, \u0160ibanica, Vu\u010di\u0107evi\u0107 je objavio putopisnu prozu Podmornica u kojoj nas je proveo svojim lirskim svijetom, od zavi\u010dajne Neretve do \u010de\u017enje svojih pjesni\u010dkih du\u0161a &#8211; Pariza, potom Zadrom i\u00a0Zagrebom.<\/span><\/p>\n<p><strong><em>Umrijeti u Hrvatskoj<\/em><\/strong><\/p>\n<p>U sve moje pukotine (stekav\u0161i pouku)<br \/>\nProbila se travka i nadrasla put<br \/>\nPo\u0111i tuda<br \/>\nNeka te za ruku<br \/>\nVodi varka koja ne prestaje<br \/>\nSanjati tvoj lik<br \/>\nU beskraj hitnut<\/p>\n<p>Odnekud zazuji p\u010dela, remeti staru<br \/>\nSliku<br \/>\n\u017dalosna i minula du\u0161a ima li nade za te<br \/>\nAko pri rano suncu propusti\u0161 priliku<br \/>\nda te spomenu djeca koja pradavne<br \/>\nigre<br \/>\npamte<\/p>\n<p>Po\u0111i ,<br \/>\nSa smrti se srodi<br \/>\nTo \u0161to nedostaje (smisao ili vatra?)<br \/>\nBit \u0107e otisak ove voljene zemlje<br \/>\nNa vodi<br \/>\nU kojoj Marina kruna tone<br \/>\nI di\u017ee se iza nevida<br \/>\n\u010crnoga Mora \u0161atra<\/p>\n<p>Tu te prepoznajem<br \/>\nU varci trepavica trepti svaka tvoja<br \/>\nKretnja<br \/>\nSlu\u0161am glas koji je nji\u0161e<br \/>\nPonekad moje pukotine gdje se uvla\u010di jeza<br \/>\nGledaju\u0107 u snu s tobom Vje\u010dnog<br \/>\nSanjara<br \/>\nKako s djecom po pijesku<br \/>\nCrte\u017ee smrti<br \/>\nLik tvoj radosni travku na nebu<\/p>\n<p><span style=\"color: #999999;\">izvor: wikipedia.org<\/span><\/p>\n","protected":false},"excerpt":{"rendered":"<p>Stojan Vu\u010di\u010devi\u0107 (Turkovi\u0107i, Hercegovina, 7. srpnja 1941. &#8211; Zagreb, 22. rujna 1989.), pjesnik, putopisac, prevoditelj\u00a0i novinar. Bio je od onih koji su kroz hrvatsku knji\u017eevnost\u00a0pronosili svoj nepotkupljivi hrvatski osje\u0107aj, kada to nije bilo &#8220;popularno&#8221;. Nije do\u010dekao politi\u010dki rasplet, a politika mu se tako nemilosrdno plela u \u017eivot da je, niza\u0161to, kako je onda ve\u0107 bilo, [&hellip;]<\/p>\n","protected":false},"author":7,"featured_media":7373,"comment_status":"closed","ping_status":"closed","sticky":false,"template":"","format":"standard","meta":{"footnotes":""},"categories":[283,11],"tags":[],"class_list":{"0":"post-7372","1":"post","2":"type-post","3":"status-publish","4":"format-standard","5":"has-post-thumbnail","7":"category-a","8":"category-metkovic-dolina"},"yoast_head":"<!-- This site is optimized with the Yoast SEO plugin v25.2 - https:\/\/yoast.com\/wordpress\/plugins\/seo\/ -->\n<title>Stojan Vu\u010di\u010devi\u0107 - 7. 7. 1941 - 22. 9. 1989.<\/title>\n<meta name=\"robots\" content=\"index, follow, max-snippet:-1, max-image-preview:large, max-video-preview:-1\" \/>\n<link rel=\"canonical\" href=\"https:\/\/likemetkovic.hr\/stojan-vucicevic-7-7-1941-22-9-1989\/\" \/>\n<meta property=\"og:locale\" content=\"hr_HR\" \/>\n<meta property=\"og:type\" content=\"article\" \/>\n<meta property=\"og:title\" content=\"Stojan Vu\u010di\u010devi\u0107 - 7. 7. 1941 - 22. 9. 1989.\" \/>\n<meta property=\"og:description\" content=\"Stojan Vu\u010di\u010devi\u0107 (Turkovi\u0107i, Hercegovina, 7. srpnja 1941. &#8211; Zagreb, 22. rujna 1989.), pjesnik, putopisac, prevoditelj\u00a0i novinar. Bio je od onih koji su kroz hrvatsku knji\u017eevnost\u00a0pronosili svoj nepotkupljivi hrvatski osje\u0107aj, kada to nije bilo &#8220;popularno&#8221;. Nije do\u010dekao politi\u010dki rasplet, a politika mu se tako nemilosrdno plela u \u017eivot da je, niza\u0161to, kako je onda ve\u0107 bilo, [&hellip;]\" \/>\n<meta property=\"og:url\" content=\"https:\/\/likemetkovic.hr\/stojan-vucicevic-7-7-1941-22-9-1989\/\" \/>\n<meta property=\"og:site_name\" content=\"likemetkovic.hr\" \/>\n<meta property=\"article:publisher\" content=\"https:\/\/www.facebook.com\/likemetkovic.hr\/\" \/>\n<meta property=\"article:published_time\" content=\"2017-07-07T04:00:38+00:00\" \/>\n<meta property=\"article:modified_time\" content=\"2017-07-08T06:22:33+00:00\" \/>\n<meta property=\"og:image\" content=\"https:\/\/likemetkovic.hr\/wp-content\/uploads\/2015\/07\/Stojan-vucicevic-wikipedia.jpg\" \/>\n\t<meta property=\"og:image:width\" content=\"800\" \/>\n\t<meta property=\"og:image:height\" content=\"564\" \/>\n\t<meta property=\"og:image:type\" content=\"image\/jpeg\" \/>\n<meta name=\"author\" content=\"LIKEmetkovic.hr\" \/>\n<meta name=\"twitter:card\" content=\"summary_large_image\" \/>\n<meta name=\"twitter:label1\" content=\"Napisao\/la\" \/>\n\t<meta name=\"twitter:data1\" content=\"LIKEmetkovic.hr\" \/>\n\t<meta name=\"twitter:label2\" content=\"Procijenjeno vrijeme \u010ditanja\" \/>\n\t<meta name=\"twitter:data2\" content=\"2 minute\" \/>\n<script type=\"application\/ld+json\" class=\"yoast-schema-graph\">{\"@context\":\"https:\/\/schema.org\",\"@graph\":[{\"@type\":\"WebPage\",\"@id\":\"https:\/\/likemetkovic.hr\/stojan-vucicevic-7-7-1941-22-9-1989\/\",\"url\":\"https:\/\/likemetkovic.hr\/stojan-vucicevic-7-7-1941-22-9-1989\/\",\"name\":\"Stojan Vu\u010di\u010devi\u0107 - 7. 7. 1941 - 22. 9. 1989.\",\"isPartOf\":{\"@id\":\"https:\/\/likemetkovic.hr\/#website\"},\"primaryImageOfPage\":{\"@id\":\"https:\/\/likemetkovic.hr\/stojan-vucicevic-7-7-1941-22-9-1989\/#primaryimage\"},\"image\":{\"@id\":\"https:\/\/likemetkovic.hr\/stojan-vucicevic-7-7-1941-22-9-1989\/#primaryimage\"},\"thumbnailUrl\":\"https:\/\/likemetkovic.hr\/portal\/wp-content\/uploads\/2015\/07\/Stojan-vucicevic-wikipedia.jpg\",\"datePublished\":\"2017-07-07T04:00:38+00:00\",\"dateModified\":\"2017-07-08T06:22:33+00:00\",\"author\":{\"@id\":\"https:\/\/likemetkovic.hr\/#\/schema\/person\/a42711f3385a0e2be6f7e0443bfb28f0\"},\"breadcrumb\":{\"@id\":\"https:\/\/likemetkovic.hr\/stojan-vucicevic-7-7-1941-22-9-1989\/#breadcrumb\"},\"inLanguage\":\"hr\",\"potentialAction\":[{\"@type\":\"ReadAction\",\"target\":[\"https:\/\/likemetkovic.hr\/stojan-vucicevic-7-7-1941-22-9-1989\/\"]}]},{\"@type\":\"ImageObject\",\"inLanguage\":\"hr\",\"@id\":\"https:\/\/likemetkovic.hr\/stojan-vucicevic-7-7-1941-22-9-1989\/#primaryimage\",\"url\":\"https:\/\/likemetkovic.hr\/portal\/wp-content\/uploads\/2015\/07\/Stojan-vucicevic-wikipedia.jpg\",\"contentUrl\":\"https:\/\/likemetkovic.hr\/portal\/wp-content\/uploads\/2015\/07\/Stojan-vucicevic-wikipedia.jpg\",\"width\":800,\"height\":564},{\"@type\":\"BreadcrumbList\",\"@id\":\"https:\/\/likemetkovic.hr\/stojan-vucicevic-7-7-1941-22-9-1989\/#breadcrumb\",\"itemListElement\":[{\"@type\":\"ListItem\",\"position\":1,\"name\":\"Po\u010detna stranica\",\"item\":\"https:\/\/likemetkovic.hr\/portal\/\"},{\"@type\":\"ListItem\",\"position\":2,\"name\":\"Stojan Vu\u010di\u010devi\u0107 &#8211; 7. 7. 1941 &#8211; 22. 9. 1989.\"}]},{\"@type\":\"WebSite\",\"@id\":\"https:\/\/likemetkovic.hr\/#website\",\"url\":\"https:\/\/likemetkovic.hr\/\",\"name\":\"likemetkovic.hr\",\"description\":\"Misli pozitivno... \u010ditaj LIKE\",\"potentialAction\":[{\"@type\":\"SearchAction\",\"target\":{\"@type\":\"EntryPoint\",\"urlTemplate\":\"https:\/\/likemetkovic.hr\/?s={search_term_string}\"},\"query-input\":{\"@type\":\"PropertyValueSpecification\",\"valueRequired\":true,\"valueName\":\"search_term_string\"}}],\"inLanguage\":\"hr\"},{\"@type\":\"Person\",\"@id\":\"https:\/\/likemetkovic.hr\/#\/schema\/person\/a42711f3385a0e2be6f7e0443bfb28f0\",\"name\":\"LIKEmetkovic.hr\",\"sameAs\":[\"http:\/\/likemetkovic.hr\"],\"url\":\"https:\/\/likemetkovic.hr\/portal\/author\/likemetkovic-hr\/\"}]}<\/script>\n<!-- \/ Yoast SEO plugin. -->","yoast_head_json":{"title":"Stojan Vu\u010di\u010devi\u0107 - 7. 7. 1941 - 22. 9. 1989.","robots":{"index":"index","follow":"follow","max-snippet":"max-snippet:-1","max-image-preview":"max-image-preview:large","max-video-preview":"max-video-preview:-1"},"canonical":"https:\/\/likemetkovic.hr\/stojan-vucicevic-7-7-1941-22-9-1989\/","og_locale":"hr_HR","og_type":"article","og_title":"Stojan Vu\u010di\u010devi\u0107 - 7. 7. 1941 - 22. 9. 1989.","og_description":"Stojan Vu\u010di\u010devi\u0107 (Turkovi\u0107i, Hercegovina, 7. srpnja 1941. &#8211; Zagreb, 22. rujna 1989.), pjesnik, putopisac, prevoditelj\u00a0i novinar. Bio je od onih koji su kroz hrvatsku knji\u017eevnost\u00a0pronosili svoj nepotkupljivi hrvatski osje\u0107aj, kada to nije bilo &#8220;popularno&#8221;. Nije do\u010dekao politi\u010dki rasplet, a politika mu se tako nemilosrdno plela u \u017eivot da je, niza\u0161to, kako je onda ve\u0107 bilo, [&hellip;]","og_url":"https:\/\/likemetkovic.hr\/stojan-vucicevic-7-7-1941-22-9-1989\/","og_site_name":"likemetkovic.hr","article_publisher":"https:\/\/www.facebook.com\/likemetkovic.hr\/","article_published_time":"2017-07-07T04:00:38+00:00","article_modified_time":"2017-07-08T06:22:33+00:00","og_image":[{"width":800,"height":564,"url":"https:\/\/likemetkovic.hr\/wp-content\/uploads\/2015\/07\/Stojan-vucicevic-wikipedia.jpg","type":"image\/jpeg"}],"author":"LIKEmetkovic.hr","twitter_card":"summary_large_image","twitter_misc":{"Napisao\/la":"LIKEmetkovic.hr","Procijenjeno vrijeme \u010ditanja":"2 minute"},"schema":{"@context":"https:\/\/schema.org","@graph":[{"@type":"WebPage","@id":"https:\/\/likemetkovic.hr\/stojan-vucicevic-7-7-1941-22-9-1989\/","url":"https:\/\/likemetkovic.hr\/stojan-vucicevic-7-7-1941-22-9-1989\/","name":"Stojan Vu\u010di\u010devi\u0107 - 7. 7. 1941 - 22. 9. 1989.","isPartOf":{"@id":"https:\/\/likemetkovic.hr\/#website"},"primaryImageOfPage":{"@id":"https:\/\/likemetkovic.hr\/stojan-vucicevic-7-7-1941-22-9-1989\/#primaryimage"},"image":{"@id":"https:\/\/likemetkovic.hr\/stojan-vucicevic-7-7-1941-22-9-1989\/#primaryimage"},"thumbnailUrl":"https:\/\/likemetkovic.hr\/portal\/wp-content\/uploads\/2015\/07\/Stojan-vucicevic-wikipedia.jpg","datePublished":"2017-07-07T04:00:38+00:00","dateModified":"2017-07-08T06:22:33+00:00","author":{"@id":"https:\/\/likemetkovic.hr\/#\/schema\/person\/a42711f3385a0e2be6f7e0443bfb28f0"},"breadcrumb":{"@id":"https:\/\/likemetkovic.hr\/stojan-vucicevic-7-7-1941-22-9-1989\/#breadcrumb"},"inLanguage":"hr","potentialAction":[{"@type":"ReadAction","target":["https:\/\/likemetkovic.hr\/stojan-vucicevic-7-7-1941-22-9-1989\/"]}]},{"@type":"ImageObject","inLanguage":"hr","@id":"https:\/\/likemetkovic.hr\/stojan-vucicevic-7-7-1941-22-9-1989\/#primaryimage","url":"https:\/\/likemetkovic.hr\/portal\/wp-content\/uploads\/2015\/07\/Stojan-vucicevic-wikipedia.jpg","contentUrl":"https:\/\/likemetkovic.hr\/portal\/wp-content\/uploads\/2015\/07\/Stojan-vucicevic-wikipedia.jpg","width":800,"height":564},{"@type":"BreadcrumbList","@id":"https:\/\/likemetkovic.hr\/stojan-vucicevic-7-7-1941-22-9-1989\/#breadcrumb","itemListElement":[{"@type":"ListItem","position":1,"name":"Po\u010detna stranica","item":"https:\/\/likemetkovic.hr\/portal\/"},{"@type":"ListItem","position":2,"name":"Stojan Vu\u010di\u010devi\u0107 &#8211; 7. 7. 1941 &#8211; 22. 9. 1989."}]},{"@type":"WebSite","@id":"https:\/\/likemetkovic.hr\/#website","url":"https:\/\/likemetkovic.hr\/","name":"likemetkovic.hr","description":"Misli pozitivno... \u010ditaj LIKE","potentialAction":[{"@type":"SearchAction","target":{"@type":"EntryPoint","urlTemplate":"https:\/\/likemetkovic.hr\/?s={search_term_string}"},"query-input":{"@type":"PropertyValueSpecification","valueRequired":true,"valueName":"search_term_string"}}],"inLanguage":"hr"},{"@type":"Person","@id":"https:\/\/likemetkovic.hr\/#\/schema\/person\/a42711f3385a0e2be6f7e0443bfb28f0","name":"LIKEmetkovic.hr","sameAs":["http:\/\/likemetkovic.hr"],"url":"https:\/\/likemetkovic.hr\/portal\/author\/likemetkovic-hr\/"}]}},"_links":{"self":[{"href":"https:\/\/likemetkovic.hr\/portal\/wp-json\/wp\/v2\/posts\/7372","targetHints":{"allow":["GET"]}}],"collection":[{"href":"https:\/\/likemetkovic.hr\/portal\/wp-json\/wp\/v2\/posts"}],"about":[{"href":"https:\/\/likemetkovic.hr\/portal\/wp-json\/wp\/v2\/types\/post"}],"author":[{"embeddable":true,"href":"https:\/\/likemetkovic.hr\/portal\/wp-json\/wp\/v2\/users\/7"}],"replies":[{"embeddable":true,"href":"https:\/\/likemetkovic.hr\/portal\/wp-json\/wp\/v2\/comments?post=7372"}],"version-history":[{"count":0,"href":"https:\/\/likemetkovic.hr\/portal\/wp-json\/wp\/v2\/posts\/7372\/revisions"}],"wp:featuredmedia":[{"embeddable":true,"href":"https:\/\/likemetkovic.hr\/portal\/wp-json\/wp\/v2\/media\/7373"}],"wp:attachment":[{"href":"https:\/\/likemetkovic.hr\/portal\/wp-json\/wp\/v2\/media?parent=7372"}],"wp:term":[{"taxonomy":"category","embeddable":true,"href":"https:\/\/likemetkovic.hr\/portal\/wp-json\/wp\/v2\/categories?post=7372"},{"taxonomy":"post_tag","embeddable":true,"href":"https:\/\/likemetkovic.hr\/portal\/wp-json\/wp\/v2\/tags?post=7372"}],"curies":[{"name":"wp","href":"https:\/\/api.w.org\/{rel}","templated":true}]}}