{"id":73727,"date":"2019-01-11T11:04:56","date_gmt":"2019-01-11T10:04:56","guid":{"rendered":"https:\/\/likemetkovic.hr\/?p=73727"},"modified":"2019-01-11T11:51:51","modified_gmt":"2019-01-11T10:51:51","slug":"pazite-sto-pisete-po-fejsu-vlada-najavila-novi-strogi-zakon","status":"publish","type":"post","link":"https:\/\/likemetkovic.hr\/portal\/pazite-sto-pisete-po-fejsu-vlada-najavila-novi-strogi-zakon\/","title":{"rendered":"Pazite \u0161to pi\u0161ete po Fejsu, vlada najavila novi strogi zakon"},"content":{"rendered":"<p>Ministrica kulture Nina Obuljen Kor\u017einek izjavila je da \u0107e prema Zakonu o nedopu\u0161tenom pona\u0161anju na internetu koji je najavljen danas na\u00a0sjednici vlade\u00a0odgovornost za objavljeni sadr\u017eaj na dru\u0161tvenim mre\u017eama biti na upraviteljima dru\u0161tvenih mre\u017ea, dok \u0107e revizijom Zakona o elektroni\u010dkim medijima uredni\u010dka odgovornost u medijima postojati i za komentare koji se objavljuju na mediju.<\/p>\n<p>Na novinarsko pitanje o slu\u010daju Ivana \u0110aki\u0107a, kojemu zbog kaznenog djela javnog poticanja na nasilje i \u0161irenje mr\u017enje prijeti kazna zatvora do 3 godina, Obuljen Kor\u017einek kazala je da se u tom slu\u010daju &#8220;evidentno radi o povredama kaznenog zakona pa je zato i Ministarstvo unutarnjih poslova pokrenulo postupak&#8221;.<\/p>\n<p><strong>Mediji \u0107e odgovarati za komentare<\/strong><\/p>\n<p>Ministarstvo trenutno radi na novim zakonskim rje\u0161enjima, kazala je nakon sjednice vlade, te dodala kako je za regulaciju javnog govora\u00a0potrebna dosljedna primjena Kaznenog zakona te\u00a0revizija Zakona o elektroni\u010dkim medijima, a\u00a0najavila dono\u0161enje\u00a0Zakona o nedopu\u0161tenom pona\u0161anju na internetu.<\/p>\n<p>&#8220;U onom dijelu gdje su mediji, dakle gdje postoji uredni\u010dka odgovornost, utvrdit\u00a0\u0107emo jasno odgovornost kako za tekstove, tako za komentare koji se objavljuju&#8221;, izjavila je ministrica i dodala da uredni\u010dka odgovornost mora postojati\u00a0za sve \u0161to se na tom mediju doga\u0111a.<\/p>\n<p><strong>&#8220;Uredni\u010dka odgovornost mora postojati&#8221;<\/strong><\/p>\n<p>Zabrana komentara, kazala je, nikada nije dobra, no istaknula je kako, kada je rije\u010d o medijima, uredni\u010dka odgovornost mora postojati.<\/p>\n<p>Najavila je dono\u0161enje Zakona o nedopu\u0161tenom pona\u0161anju na internetu, za koji je na dana\u0161njoj sjednici vlade utvr\u0111en plan normativnih aktivnosti. Ministrica je kazala kako\u00a0Hrvatska, poput drugih dr\u017eava,\u00a0razmatra za objavljeni sadr\u017eaj na internetu i dru\u0161tvenim mre\u017eama\u00a0utvrditi odgovornost onih koji upravljaju tim servisima.<\/p>\n<p>&#8220;Ovdje govorimo o odgovornosti onih koji upravljaju tim servisima i koji zara\u0111uju na ogla\u0161avanju&#8221;, rekla je Obuljen Kor\u017einek.<\/p>\n<p>\u0160to se ti\u010de osobne odgovornosti pojedinca, dodala je, ona postoji bez obzira radi li se o analognom ili digitalnom svijetu ako se kr\u0161e zakoni.<\/p>\n<p><strong>Osniva se jo\u0161 jedno vije\u0107e<\/strong><\/p>\n<p>Ministrica je tako\u0111er\u00a0najavila i osnivanje Vije\u0107a za medije koje bi imalo ulogu regulatornog tijela.<\/p>\n<p>&#8220;Ne da jedini institut za\u0161tite pojedinca bude podizanje sudskih tu\u017ebi, nego da postoji regulator, odnosno tijelo gdje \u0107e\u00a0stru\u010dne osobe ocjenjivati je li do\u0161lo do kr\u0161enja zakona&#8221;, kazala je.<\/p>\n","protected":false},"excerpt":{"rendered":"<p>Ministrica kulture Nina Obuljen Kor\u017einek izjavila je da \u0107e prema Zakonu o nedopu\u0161tenom pona\u0161anju na internetu koji je najavljen danas na\u00a0sjednici vlade\u00a0odgovornost za objavljeni sadr\u017eaj na dru\u0161tvenim mre\u017eama biti na upraviteljima dru\u0161tvenih mre\u017ea, dok \u0107e revizijom Zakona o elektroni\u010dkim medijima uredni\u010dka odgovornost u medijima postojati i za komentare koji se objavljuju na mediju. Na novinarsko [&hellip;]<\/p>\n","protected":false},"author":8,"featured_media":0,"comment_status":"open","ping_status":"open","sticky":false,"template":"","format":"standard","meta":{"footnotes":""},"categories":[296,290],"tags":[],"class_list":{"0":"post-73727","1":"post","2":"type-post","3":"status-publish","4":"format-standard","6":"category-ab","7":"category-politika"},"yoast_head":"<!-- This site is optimized with the Yoast SEO plugin v25.2 - https:\/\/yoast.com\/wordpress\/plugins\/seo\/ -->\n<title>Pazite \u0161to pi\u0161ete po Fejsu, vlada najavila novi strogi zakon - likemetkovic.hr<\/title>\n<meta name=\"robots\" content=\"index, follow, max-snippet:-1, max-image-preview:large, max-video-preview:-1\" \/>\n<link rel=\"canonical\" href=\"https:\/\/likemetkovic.hr\/pazite-sto-pisete-po-fejsu-vlada-najavila-novi-strogi-zakon\/\" \/>\n<meta property=\"og:locale\" content=\"hr_HR\" \/>\n<meta property=\"og:type\" content=\"article\" \/>\n<meta property=\"og:title\" content=\"Pazite \u0161to pi\u0161ete po Fejsu, vlada najavila novi strogi zakon - likemetkovic.hr\" \/>\n<meta property=\"og:description\" content=\"Ministrica kulture Nina Obuljen Kor\u017einek izjavila je da \u0107e prema Zakonu o nedopu\u0161tenom pona\u0161anju na internetu koji je najavljen danas na\u00a0sjednici vlade\u00a0odgovornost za objavljeni sadr\u017eaj na dru\u0161tvenim mre\u017eama biti na upraviteljima dru\u0161tvenih mre\u017ea, dok \u0107e revizijom Zakona o elektroni\u010dkim medijima uredni\u010dka odgovornost u medijima postojati i za komentare koji se objavljuju na mediju. Na novinarsko [&hellip;]\" \/>\n<meta property=\"og:url\" content=\"https:\/\/likemetkovic.hr\/pazite-sto-pisete-po-fejsu-vlada-najavila-novi-strogi-zakon\/\" \/>\n<meta property=\"og:site_name\" content=\"likemetkovic.hr\" \/>\n<meta property=\"article:publisher\" content=\"https:\/\/www.facebook.com\/likemetkovic.hr\/\" \/>\n<meta property=\"article:published_time\" content=\"2019-01-11T10:04:56+00:00\" \/>\n<meta property=\"article:modified_time\" content=\"2019-01-11T10:51:51+00:00\" \/>\n<meta property=\"og:image\" content=\"https:\/\/likemetkovic.hr\/wp-content\/uploads\/2018\/11\/61568594-facebook.jpg\" \/>\n\t<meta property=\"og:image:width\" content=\"1600\" \/>\n\t<meta property=\"og:image:height\" content=\"1067\" \/>\n\t<meta property=\"og:image:type\" content=\"image\/jpeg\" \/>\n<meta name=\"author\" content=\"LIKEmetkovic.hr\" \/>\n<meta name=\"twitter:card\" content=\"summary_large_image\" \/>\n<meta name=\"twitter:label1\" content=\"Napisao\/la\" \/>\n\t<meta name=\"twitter:data1\" content=\"LIKEmetkovic.hr\" \/>\n\t<meta name=\"twitter:label2\" content=\"Procijenjeno vrijeme \u010ditanja\" \/>\n\t<meta name=\"twitter:data2\" content=\"2 minute\" \/>\n<script type=\"application\/ld+json\" class=\"yoast-schema-graph\">{\"@context\":\"https:\/\/schema.org\",\"@graph\":[{\"@type\":\"WebPage\",\"@id\":\"https:\/\/likemetkovic.hr\/pazite-sto-pisete-po-fejsu-vlada-najavila-novi-strogi-zakon\/\",\"url\":\"https:\/\/likemetkovic.hr\/pazite-sto-pisete-po-fejsu-vlada-najavila-novi-strogi-zakon\/\",\"name\":\"Pazite \u0161to pi\u0161ete po Fejsu, vlada najavila novi strogi zakon - likemetkovic.hr\",\"isPartOf\":{\"@id\":\"https:\/\/likemetkovic.hr\/#website\"},\"datePublished\":\"2019-01-11T10:04:56+00:00\",\"dateModified\":\"2019-01-11T10:51:51+00:00\",\"author\":{\"@id\":\"https:\/\/likemetkovic.hr\/#\/schema\/person\/adba0fd43631b5fc581c97e6ca793693\"},\"breadcrumb\":{\"@id\":\"https:\/\/likemetkovic.hr\/pazite-sto-pisete-po-fejsu-vlada-najavila-novi-strogi-zakon\/#breadcrumb\"},\"inLanguage\":\"hr\",\"potentialAction\":[{\"@type\":\"ReadAction\",\"target\":[\"https:\/\/likemetkovic.hr\/pazite-sto-pisete-po-fejsu-vlada-najavila-novi-strogi-zakon\/\"]}]},{\"@type\":\"BreadcrumbList\",\"@id\":\"https:\/\/likemetkovic.hr\/pazite-sto-pisete-po-fejsu-vlada-najavila-novi-strogi-zakon\/#breadcrumb\",\"itemListElement\":[{\"@type\":\"ListItem\",\"position\":1,\"name\":\"Po\u010detna stranica\",\"item\":\"https:\/\/likemetkovic.hr\/portal\/\"},{\"@type\":\"ListItem\",\"position\":2,\"name\":\"Pazite \u0161to pi\u0161ete po Fejsu, vlada najavila novi strogi zakon\"}]},{\"@type\":\"WebSite\",\"@id\":\"https:\/\/likemetkovic.hr\/#website\",\"url\":\"https:\/\/likemetkovic.hr\/\",\"name\":\"likemetkovic.hr\",\"description\":\"Misli pozitivno... \u010ditaj LIKE\",\"potentialAction\":[{\"@type\":\"SearchAction\",\"target\":{\"@type\":\"EntryPoint\",\"urlTemplate\":\"https:\/\/likemetkovic.hr\/?s={search_term_string}\"},\"query-input\":{\"@type\":\"PropertyValueSpecification\",\"valueRequired\":true,\"valueName\":\"search_term_string\"}}],\"inLanguage\":\"hr\"},{\"@type\":\"Person\",\"@id\":\"https:\/\/likemetkovic.hr\/#\/schema\/person\/adba0fd43631b5fc581c97e6ca793693\",\"name\":\"LIKEmetkovic.hr\",\"url\":\"https:\/\/likemetkovic.hr\/portal\/author\/marijana\/\"}]}<\/script>\n<!-- \/ Yoast SEO plugin. -->","yoast_head_json":{"title":"Pazite \u0161to pi\u0161ete po Fejsu, vlada najavila novi strogi zakon - likemetkovic.hr","robots":{"index":"index","follow":"follow","max-snippet":"max-snippet:-1","max-image-preview":"max-image-preview:large","max-video-preview":"max-video-preview:-1"},"canonical":"https:\/\/likemetkovic.hr\/pazite-sto-pisete-po-fejsu-vlada-najavila-novi-strogi-zakon\/","og_locale":"hr_HR","og_type":"article","og_title":"Pazite \u0161to pi\u0161ete po Fejsu, vlada najavila novi strogi zakon - likemetkovic.hr","og_description":"Ministrica kulture Nina Obuljen Kor\u017einek izjavila je da \u0107e prema Zakonu o nedopu\u0161tenom pona\u0161anju na internetu koji je najavljen danas na\u00a0sjednici vlade\u00a0odgovornost za objavljeni sadr\u017eaj na dru\u0161tvenim mre\u017eama biti na upraviteljima dru\u0161tvenih mre\u017ea, dok \u0107e revizijom Zakona o elektroni\u010dkim medijima uredni\u010dka odgovornost u medijima postojati i za komentare koji se objavljuju na mediju. Na novinarsko [&hellip;]","og_url":"https:\/\/likemetkovic.hr\/pazite-sto-pisete-po-fejsu-vlada-najavila-novi-strogi-zakon\/","og_site_name":"likemetkovic.hr","article_publisher":"https:\/\/www.facebook.com\/likemetkovic.hr\/","article_published_time":"2019-01-11T10:04:56+00:00","article_modified_time":"2019-01-11T10:51:51+00:00","og_image":[{"width":1600,"height":1067,"url":"https:\/\/likemetkovic.hr\/wp-content\/uploads\/2018\/11\/61568594-facebook.jpg","type":"image\/jpeg"}],"author":"LIKEmetkovic.hr","twitter_card":"summary_large_image","twitter_misc":{"Napisao\/la":"LIKEmetkovic.hr","Procijenjeno vrijeme \u010ditanja":"2 minute"},"schema":{"@context":"https:\/\/schema.org","@graph":[{"@type":"WebPage","@id":"https:\/\/likemetkovic.hr\/pazite-sto-pisete-po-fejsu-vlada-najavila-novi-strogi-zakon\/","url":"https:\/\/likemetkovic.hr\/pazite-sto-pisete-po-fejsu-vlada-najavila-novi-strogi-zakon\/","name":"Pazite \u0161to pi\u0161ete po Fejsu, vlada najavila novi strogi zakon - likemetkovic.hr","isPartOf":{"@id":"https:\/\/likemetkovic.hr\/#website"},"datePublished":"2019-01-11T10:04:56+00:00","dateModified":"2019-01-11T10:51:51+00:00","author":{"@id":"https:\/\/likemetkovic.hr\/#\/schema\/person\/adba0fd43631b5fc581c97e6ca793693"},"breadcrumb":{"@id":"https:\/\/likemetkovic.hr\/pazite-sto-pisete-po-fejsu-vlada-najavila-novi-strogi-zakon\/#breadcrumb"},"inLanguage":"hr","potentialAction":[{"@type":"ReadAction","target":["https:\/\/likemetkovic.hr\/pazite-sto-pisete-po-fejsu-vlada-najavila-novi-strogi-zakon\/"]}]},{"@type":"BreadcrumbList","@id":"https:\/\/likemetkovic.hr\/pazite-sto-pisete-po-fejsu-vlada-najavila-novi-strogi-zakon\/#breadcrumb","itemListElement":[{"@type":"ListItem","position":1,"name":"Po\u010detna stranica","item":"https:\/\/likemetkovic.hr\/portal\/"},{"@type":"ListItem","position":2,"name":"Pazite \u0161to pi\u0161ete po Fejsu, vlada najavila novi strogi zakon"}]},{"@type":"WebSite","@id":"https:\/\/likemetkovic.hr\/#website","url":"https:\/\/likemetkovic.hr\/","name":"likemetkovic.hr","description":"Misli pozitivno... \u010ditaj LIKE","potentialAction":[{"@type":"SearchAction","target":{"@type":"EntryPoint","urlTemplate":"https:\/\/likemetkovic.hr\/?s={search_term_string}"},"query-input":{"@type":"PropertyValueSpecification","valueRequired":true,"valueName":"search_term_string"}}],"inLanguage":"hr"},{"@type":"Person","@id":"https:\/\/likemetkovic.hr\/#\/schema\/person\/adba0fd43631b5fc581c97e6ca793693","name":"LIKEmetkovic.hr","url":"https:\/\/likemetkovic.hr\/portal\/author\/marijana\/"}]}},"_links":{"self":[{"href":"https:\/\/likemetkovic.hr\/portal\/wp-json\/wp\/v2\/posts\/73727","targetHints":{"allow":["GET"]}}],"collection":[{"href":"https:\/\/likemetkovic.hr\/portal\/wp-json\/wp\/v2\/posts"}],"about":[{"href":"https:\/\/likemetkovic.hr\/portal\/wp-json\/wp\/v2\/types\/post"}],"author":[{"embeddable":true,"href":"https:\/\/likemetkovic.hr\/portal\/wp-json\/wp\/v2\/users\/8"}],"replies":[{"embeddable":true,"href":"https:\/\/likemetkovic.hr\/portal\/wp-json\/wp\/v2\/comments?post=73727"}],"version-history":[{"count":0,"href":"https:\/\/likemetkovic.hr\/portal\/wp-json\/wp\/v2\/posts\/73727\/revisions"}],"wp:attachment":[{"href":"https:\/\/likemetkovic.hr\/portal\/wp-json\/wp\/v2\/media?parent=73727"}],"wp:term":[{"taxonomy":"category","embeddable":true,"href":"https:\/\/likemetkovic.hr\/portal\/wp-json\/wp\/v2\/categories?post=73727"},{"taxonomy":"post_tag","embeddable":true,"href":"https:\/\/likemetkovic.hr\/portal\/wp-json\/wp\/v2\/tags?post=73727"}],"curies":[{"name":"wp","href":"https:\/\/api.w.org\/{rel}","templated":true}]}}