{"id":73770,"date":"2019-01-13T09:38:42","date_gmt":"2019-01-13T08:38:42","guid":{"rendered":"https:\/\/likemetkovic.hr\/?p=73770"},"modified":"2019-01-13T13:49:29","modified_gmt":"2019-01-13T12:49:29","slug":"udruga-lijecnika-primarne-zdravstvene-zastite-podrzali-roditelje-u-metkovicu","status":"publish","type":"post","link":"https:\/\/likemetkovic.hr\/portal\/udruga-lijecnika-primarne-zdravstvene-zastite-podrzali-roditelje-u-metkovicu\/","title":{"rendered":"Udruga lije\u010dnika primarne zdravstvene za\u0161tite podr\u017eala roditelje u Metkovi\u0107u"},"content":{"rendered":"<p>U petak, 10 sije\u010dnja u Zagrebu u prostoru Hrvatske udruga koncesionara primarne zdravstvene za\u0161tite (HUKPZZ) odr\u017eana je konferencija za medije na kojoj je pru\u017eena podr\u0161ka roditeljima u Metkovi\u0107u u njihovu zahtjevu za pobolj\u0161anjem zdravstvene za\u0161tite na podru\u010dju doline Neretve.<\/p>\n<p>Izjavu s konferencije poslala nam je predsjednica Udruge dr. med. <strong>Josipa Rodi\u0107<\/strong>, spec. obiteljske medicine koju prenosimo u cijelosti:<\/p>\n<p><em>Roditelji Metkovi\u0107a su u pravu! Nakon tragedije u Metkovi\u0107u, a koja je uzrokovana nebrigom lokalne samouprave, podsje\u0107amo na pregovore koje je inicirala HUKPZZ jo\u0161 davne 2013. i 2014. s Gradskim uredom za zdravstvo grada Zagreba. <\/em><\/p>\n<p><em>Tada smo upozoravali da sustav organizacije de\u017eurstava u primarnoj zdravstvenoj za\u0161titi\u00a0 ne zadovoljava zahtjeve suvremene zdravstvene za\u0161tite. U dopisima smo tra\u017eili\u00a0\u00a0 organizaciju de\u017eurstava na na\u010din\u00a0 obveznog rada medicinsko biokemijskih laboratorija, Rtg\u00a0 i UZV dijagnostike, jer\u00a0 samo lije\u010dnik i stetoskop odavno\u00a0 ne predstavljaju dostatnu opremljenost de\u017eurne ambulante. Tada\u00a0 nam je poja\u0161njeno da bi organizacija rada\u00a0 medicinsko biokemijskog laboratorija, Rtg i UZV dijagnostike bila\u00a0 preskupa za grad Zagreb i organizacija je ostala nepromjenjena. <\/em><\/p>\n<p><em>Domovima zdravlja dozvoljeno je ugovaranje timova bez nositelja od strane HZZO-a,\u00a0 dakle jedan je lije\u010dnik uposlen na 3-4 radili\u0161ta, svaki dan u tjednu radi se u drugoj ordinaciji (potkradanje osiguranika preko nepru\u017eanja zdravstvene za\u0161tite 40 sati tjedno) <\/em><\/p>\n<p><em>Na\u017ealost, 5 godina nakon na\u0161ih upozorenja moralo se dogoditi\u00a0 \u0161to se dogodilo. Lokalna samouprava uporno izbjegava\u00a0 svoje zakonske obveze, ne planira sredstva za primarnu zdravstvenu za\u0161titu (PZZ). Uporno se govori o gra\u0111evinskim radovima, nabavci skupe\u00a0 aparature&#8230;,\u00a0 a zadr\u017eavanje lije\u010dnika nitko ne spominje.<\/em><\/p>\n<p><em>Spominje se Dnevna bolnica u Metkovi\u0107u, no mi pitamo: \u0161to je s ostalim dijelovima RH\u00a0 u kojima\u00a0 se de\u017eura na opisani na\u010din? Ho\u0107emo li \u010dekati\u00a0 nesre\u0107u, pa tek onda po\u010deti rje\u0161avati\u00a0 de\u017eurne ambulante i za krivce proglasiti lije\u010dnike koji su pristali na rad u neprimjerenim uvjetima koje \u0107e mati\u010dna komora odmah osuditi za stru\u010dne propuste?<\/em><\/p>\n<p><em> Smjernice\u00a0 za\u00a0 lije\u010denje naj\u010de\u0161\u0107ih zdravstvenih problema ne postoje, stru\u010dna dru\u0161tva ih uporno ne definiraju, umjesto toga ovoga \u010dasa su vjerojatno na \u2013 skijanju! Ili \u0107emo ispo\u0161tovati smjernice moderne medicinske znanosti koje ka\u017eu da samo lije\u010dnik nije dovoljan.<\/em><\/p>\n<p><em>U sustavu primarne zdravstvene za\u0161tite (PZZ) nedostaje 32% obiteljskih lije\u010dnika, 46% pedijatara, 40% ginekologa. Jedino se u sustav PZZ-a mo\u017ee u\u0107i direktno s fakulteta, bez i jednog sata rada s mentorom. Jedino u PZZ-u nije potrebna specijalizacija zato imamo\u00a0 50%\u00a0 obiteljskih lije\u010dnika bez specijalizacije. Ne radi se o nedostatku novca ve\u0107 o nebrizi\u00a0 za stru\u010dnom zdravstvenom edukacijom medicinskih profesionalaca.<\/em><\/p>\n<p><em>Kod upo\u0161ljavanja mladih lije\u010dnika u sustavu Hitne medicinske pomo\u0107i u natje\u010daju za\u00a0 upo\u0161ljavanje jedan je od uvjeta: radno iskustvo nije potrebno!!! Zato oni koji u sustavu rade, rade dvostruke standarde. Zato su nam pokazatelji kvalitete zdravstvene za\u0161tite\u00a0\u00a0\u00a0 me\u0111u najlo\u0161ijima u zemljama EU.<\/em><\/p>\n<p><em>Zar se ovdje ne radi o nacionalnoj ugrozi, uni\u0161tavanju stanovni\u0161tva RH i njihovom protjerivanju izvan\u00a0 granica RH? To se mora promjeniti, i to odmah! Gra\u0111ani moraju shvatiti da postoje modeli kvalitetne zdravstvene za\u0161tite provjereni u zemljama EU. Primijenimo ih u na\u0161oj zemlji\u00a0 i zaustavimo nepotrebne smrti.<\/em><\/p>\n<p><em>Roditelji Metkovi\u0107a, ustrajte u svojim racionalnim i na zakonima RH utemeljenim zahtjevima. Za dobrobit djece i svih nas.\u00a0 Gradona\u010delnici i \u017eupani izabrani su kako bi\u00a0 slu\u017eili gra\u0111anima, a ne obrnuto! Novac za PZZ mora se planirati u bud\u017eetima lokalnih samouprava, osigurati kvalitetna oprema, lije\u010dnici i sestre koji odra\u0111uju de\u017eurstva moraju biti adekvatno pla\u0107eni.<\/em><\/p>\n<p style=\"text-align: right;\"><em>Predsjednica HUKPZZ Josipa Rodi\u0107, dr. med. spec. obit. med.<\/em><\/p>\n","protected":false},"excerpt":{"rendered":"<p>U petak, 10 sije\u010dnja u Zagrebu u prostoru Hrvatske udruga koncesionara primarne zdravstvene za\u0161tite (HUKPZZ) odr\u017eana je konferencija za medije na kojoj je pru\u017eena podr\u0161ka roditeljima u Metkovi\u0107u u njihovu zahtjevu za pobolj\u0161anjem zdravstvene za\u0161tite na podru\u010dju doline Neretve. Izjavu s konferencije poslala nam je predsjednica Udruge dr. med. Josipa Rodi\u0107, spec. obiteljske medicine koju [&hellip;]<\/p>\n","protected":false},"author":7,"featured_media":73771,"comment_status":"open","ping_status":"open","sticky":false,"template":"","format":"standard","meta":{"footnotes":""},"categories":[283,11],"tags":[4398,4399],"class_list":{"0":"post-73770","1":"post","2":"type-post","3":"status-publish","4":"format-standard","5":"has-post-thumbnail","7":"category-a","8":"category-metkovic-dolina","9":"tag-hrvatska-udruga-koncesionara-primarne-zdravstvene-zastite","10":"tag-josipa-rodic"},"yoast_head":"<!-- This site is optimized with the Yoast SEO plugin v25.2 - https:\/\/yoast.com\/wordpress\/plugins\/seo\/ -->\n<title>Udruga lije\u010dnika primarne zdravstvene za\u0161tite podr\u017eala roditelje u Metkovi\u0107u - likemetkovic.hr<\/title>\n<meta name=\"robots\" content=\"index, follow, max-snippet:-1, max-image-preview:large, max-video-preview:-1\" \/>\n<link rel=\"canonical\" href=\"https:\/\/likemetkovic.hr\/udruga-lijecnika-primarne-zdravstvene-zastite-podrzali-roditelje-u-metkovicu\/\" \/>\n<meta property=\"og:locale\" content=\"hr_HR\" \/>\n<meta property=\"og:type\" content=\"article\" \/>\n<meta property=\"og:title\" content=\"Udruga lije\u010dnika primarne zdravstvene za\u0161tite podr\u017eala roditelje u Metkovi\u0107u - likemetkovic.hr\" \/>\n<meta property=\"og:description\" content=\"U petak, 10 sije\u010dnja u Zagrebu u prostoru Hrvatske udruga koncesionara primarne zdravstvene za\u0161tite (HUKPZZ) odr\u017eana je konferencija za medije na kojoj je pru\u017eena podr\u0161ka roditeljima u Metkovi\u0107u u njihovu zahtjevu za pobolj\u0161anjem zdravstvene za\u0161tite na podru\u010dju doline Neretve. Izjavu s konferencije poslala nam je predsjednica Udruge dr. med. Josipa Rodi\u0107, spec. obiteljske medicine koju [&hellip;]\" \/>\n<meta property=\"og:url\" content=\"https:\/\/likemetkovic.hr\/udruga-lijecnika-primarne-zdravstvene-zastite-podrzali-roditelje-u-metkovicu\/\" \/>\n<meta property=\"og:site_name\" content=\"likemetkovic.hr\" \/>\n<meta property=\"article:publisher\" content=\"https:\/\/www.facebook.com\/likemetkovic.hr\/\" \/>\n<meta property=\"article:published_time\" content=\"2019-01-13T08:38:42+00:00\" \/>\n<meta property=\"article:modified_time\" content=\"2019-01-13T12:49:29+00:00\" \/>\n<meta property=\"og:image\" content=\"https:\/\/likemetkovic.hr\/wp-content\/uploads\/2019\/01\/josipa-rodi\u0107.jpg\" \/>\n\t<meta property=\"og:image:width\" content=\"800\" \/>\n\t<meta property=\"og:image:height\" content=\"534\" \/>\n\t<meta property=\"og:image:type\" content=\"image\/jpeg\" \/>\n<meta name=\"author\" content=\"LIKEmetkovic.hr\" \/>\n<meta name=\"twitter:card\" content=\"summary_large_image\" \/>\n<meta name=\"twitter:label1\" content=\"Napisao\/la\" \/>\n\t<meta name=\"twitter:data1\" content=\"LIKEmetkovic.hr\" \/>\n\t<meta name=\"twitter:label2\" content=\"Procijenjeno vrijeme \u010ditanja\" \/>\n\t<meta name=\"twitter:data2\" content=\"3 minute\" \/>\n<script type=\"application\/ld+json\" class=\"yoast-schema-graph\">{\"@context\":\"https:\/\/schema.org\",\"@graph\":[{\"@type\":\"WebPage\",\"@id\":\"https:\/\/likemetkovic.hr\/udruga-lijecnika-primarne-zdravstvene-zastite-podrzali-roditelje-u-metkovicu\/\",\"url\":\"https:\/\/likemetkovic.hr\/udruga-lijecnika-primarne-zdravstvene-zastite-podrzali-roditelje-u-metkovicu\/\",\"name\":\"Udruga lije\u010dnika primarne zdravstvene za\u0161tite podr\u017eala roditelje u Metkovi\u0107u - likemetkovic.hr\",\"isPartOf\":{\"@id\":\"https:\/\/likemetkovic.hr\/#website\"},\"primaryImageOfPage\":{\"@id\":\"https:\/\/likemetkovic.hr\/udruga-lijecnika-primarne-zdravstvene-zastite-podrzali-roditelje-u-metkovicu\/#primaryimage\"},\"image\":{\"@id\":\"https:\/\/likemetkovic.hr\/udruga-lijecnika-primarne-zdravstvene-zastite-podrzali-roditelje-u-metkovicu\/#primaryimage\"},\"thumbnailUrl\":\"https:\/\/likemetkovic.hr\/portal\/wp-content\/uploads\/2019\/01\/josipa-rodi\u0107.jpg\",\"datePublished\":\"2019-01-13T08:38:42+00:00\",\"dateModified\":\"2019-01-13T12:49:29+00:00\",\"author\":{\"@id\":\"https:\/\/likemetkovic.hr\/#\/schema\/person\/a42711f3385a0e2be6f7e0443bfb28f0\"},\"breadcrumb\":{\"@id\":\"https:\/\/likemetkovic.hr\/udruga-lijecnika-primarne-zdravstvene-zastite-podrzali-roditelje-u-metkovicu\/#breadcrumb\"},\"inLanguage\":\"hr\",\"potentialAction\":[{\"@type\":\"ReadAction\",\"target\":[\"https:\/\/likemetkovic.hr\/udruga-lijecnika-primarne-zdravstvene-zastite-podrzali-roditelje-u-metkovicu\/\"]}]},{\"@type\":\"ImageObject\",\"inLanguage\":\"hr\",\"@id\":\"https:\/\/likemetkovic.hr\/udruga-lijecnika-primarne-zdravstvene-zastite-podrzali-roditelje-u-metkovicu\/#primaryimage\",\"url\":\"https:\/\/likemetkovic.hr\/portal\/wp-content\/uploads\/2019\/01\/josipa-rodi\u0107.jpg\",\"contentUrl\":\"https:\/\/likemetkovic.hr\/portal\/wp-content\/uploads\/2019\/01\/josipa-rodi\u0107.jpg\",\"width\":800,\"height\":534,\"caption\":\"Zagreb, 30.10.2018. - Hrvatska udruga koncesionara primarne zdravstvene za\u0161tite odr\u017eala je konferenciju za medije na temu amandmana koje su dali na prijedlog novog zakona o zdravstvenoj za\u0161titi i \u010dije usvajanje. Na fotografiji Josipa Rodi\u0107. foto HINA\/ Daniel KASAP\/ dk\"},{\"@type\":\"BreadcrumbList\",\"@id\":\"https:\/\/likemetkovic.hr\/udruga-lijecnika-primarne-zdravstvene-zastite-podrzali-roditelje-u-metkovicu\/#breadcrumb\",\"itemListElement\":[{\"@type\":\"ListItem\",\"position\":1,\"name\":\"Po\u010detna stranica\",\"item\":\"https:\/\/likemetkovic.hr\/portal\/\"},{\"@type\":\"ListItem\",\"position\":2,\"name\":\"Udruga lije\u010dnika primarne zdravstvene za\u0161tite podr\u017eala roditelje u Metkovi\u0107u\"}]},{\"@type\":\"WebSite\",\"@id\":\"https:\/\/likemetkovic.hr\/#website\",\"url\":\"https:\/\/likemetkovic.hr\/\",\"name\":\"likemetkovic.hr\",\"description\":\"Misli pozitivno... \u010ditaj LIKE\",\"potentialAction\":[{\"@type\":\"SearchAction\",\"target\":{\"@type\":\"EntryPoint\",\"urlTemplate\":\"https:\/\/likemetkovic.hr\/?s={search_term_string}\"},\"query-input\":{\"@type\":\"PropertyValueSpecification\",\"valueRequired\":true,\"valueName\":\"search_term_string\"}}],\"inLanguage\":\"hr\"},{\"@type\":\"Person\",\"@id\":\"https:\/\/likemetkovic.hr\/#\/schema\/person\/a42711f3385a0e2be6f7e0443bfb28f0\",\"name\":\"LIKEmetkovic.hr\",\"sameAs\":[\"http:\/\/likemetkovic.hr\"],\"url\":\"https:\/\/likemetkovic.hr\/portal\/author\/likemetkovic-hr\/\"}]}<\/script>\n<!-- \/ Yoast SEO plugin. -->","yoast_head_json":{"title":"Udruga lije\u010dnika primarne zdravstvene za\u0161tite podr\u017eala roditelje u Metkovi\u0107u - likemetkovic.hr","robots":{"index":"index","follow":"follow","max-snippet":"max-snippet:-1","max-image-preview":"max-image-preview:large","max-video-preview":"max-video-preview:-1"},"canonical":"https:\/\/likemetkovic.hr\/udruga-lijecnika-primarne-zdravstvene-zastite-podrzali-roditelje-u-metkovicu\/","og_locale":"hr_HR","og_type":"article","og_title":"Udruga lije\u010dnika primarne zdravstvene za\u0161tite podr\u017eala roditelje u Metkovi\u0107u - likemetkovic.hr","og_description":"U petak, 10 sije\u010dnja u Zagrebu u prostoru Hrvatske udruga koncesionara primarne zdravstvene za\u0161tite (HUKPZZ) odr\u017eana je konferencija za medije na kojoj je pru\u017eena podr\u0161ka roditeljima u Metkovi\u0107u u njihovu zahtjevu za pobolj\u0161anjem zdravstvene za\u0161tite na podru\u010dju doline Neretve. Izjavu s konferencije poslala nam je predsjednica Udruge dr. med. Josipa Rodi\u0107, spec. obiteljske medicine koju [&hellip;]","og_url":"https:\/\/likemetkovic.hr\/udruga-lijecnika-primarne-zdravstvene-zastite-podrzali-roditelje-u-metkovicu\/","og_site_name":"likemetkovic.hr","article_publisher":"https:\/\/www.facebook.com\/likemetkovic.hr\/","article_published_time":"2019-01-13T08:38:42+00:00","article_modified_time":"2019-01-13T12:49:29+00:00","og_image":[{"width":800,"height":534,"url":"https:\/\/likemetkovic.hr\/wp-content\/uploads\/2019\/01\/josipa-rodi\u0107.jpg","type":"image\/jpeg"}],"author":"LIKEmetkovic.hr","twitter_card":"summary_large_image","twitter_misc":{"Napisao\/la":"LIKEmetkovic.hr","Procijenjeno vrijeme \u010ditanja":"3 minute"},"schema":{"@context":"https:\/\/schema.org","@graph":[{"@type":"WebPage","@id":"https:\/\/likemetkovic.hr\/udruga-lijecnika-primarne-zdravstvene-zastite-podrzali-roditelje-u-metkovicu\/","url":"https:\/\/likemetkovic.hr\/udruga-lijecnika-primarne-zdravstvene-zastite-podrzali-roditelje-u-metkovicu\/","name":"Udruga lije\u010dnika primarne zdravstvene za\u0161tite podr\u017eala roditelje u Metkovi\u0107u - likemetkovic.hr","isPartOf":{"@id":"https:\/\/likemetkovic.hr\/#website"},"primaryImageOfPage":{"@id":"https:\/\/likemetkovic.hr\/udruga-lijecnika-primarne-zdravstvene-zastite-podrzali-roditelje-u-metkovicu\/#primaryimage"},"image":{"@id":"https:\/\/likemetkovic.hr\/udruga-lijecnika-primarne-zdravstvene-zastite-podrzali-roditelje-u-metkovicu\/#primaryimage"},"thumbnailUrl":"https:\/\/likemetkovic.hr\/portal\/wp-content\/uploads\/2019\/01\/josipa-rodi\u0107.jpg","datePublished":"2019-01-13T08:38:42+00:00","dateModified":"2019-01-13T12:49:29+00:00","author":{"@id":"https:\/\/likemetkovic.hr\/#\/schema\/person\/a42711f3385a0e2be6f7e0443bfb28f0"},"breadcrumb":{"@id":"https:\/\/likemetkovic.hr\/udruga-lijecnika-primarne-zdravstvene-zastite-podrzali-roditelje-u-metkovicu\/#breadcrumb"},"inLanguage":"hr","potentialAction":[{"@type":"ReadAction","target":["https:\/\/likemetkovic.hr\/udruga-lijecnika-primarne-zdravstvene-zastite-podrzali-roditelje-u-metkovicu\/"]}]},{"@type":"ImageObject","inLanguage":"hr","@id":"https:\/\/likemetkovic.hr\/udruga-lijecnika-primarne-zdravstvene-zastite-podrzali-roditelje-u-metkovicu\/#primaryimage","url":"https:\/\/likemetkovic.hr\/portal\/wp-content\/uploads\/2019\/01\/josipa-rodi\u0107.jpg","contentUrl":"https:\/\/likemetkovic.hr\/portal\/wp-content\/uploads\/2019\/01\/josipa-rodi\u0107.jpg","width":800,"height":534,"caption":"Zagreb, 30.10.2018. - Hrvatska udruga koncesionara primarne zdravstvene za\u0161tite odr\u017eala je konferenciju za medije na temu amandmana koje su dali na prijedlog novog zakona o zdravstvenoj za\u0161titi i \u010dije usvajanje. Na fotografiji Josipa Rodi\u0107. foto HINA\/ Daniel KASAP\/ dk"},{"@type":"BreadcrumbList","@id":"https:\/\/likemetkovic.hr\/udruga-lijecnika-primarne-zdravstvene-zastite-podrzali-roditelje-u-metkovicu\/#breadcrumb","itemListElement":[{"@type":"ListItem","position":1,"name":"Po\u010detna stranica","item":"https:\/\/likemetkovic.hr\/portal\/"},{"@type":"ListItem","position":2,"name":"Udruga lije\u010dnika primarne zdravstvene za\u0161tite podr\u017eala roditelje u Metkovi\u0107u"}]},{"@type":"WebSite","@id":"https:\/\/likemetkovic.hr\/#website","url":"https:\/\/likemetkovic.hr\/","name":"likemetkovic.hr","description":"Misli pozitivno... \u010ditaj LIKE","potentialAction":[{"@type":"SearchAction","target":{"@type":"EntryPoint","urlTemplate":"https:\/\/likemetkovic.hr\/?s={search_term_string}"},"query-input":{"@type":"PropertyValueSpecification","valueRequired":true,"valueName":"search_term_string"}}],"inLanguage":"hr"},{"@type":"Person","@id":"https:\/\/likemetkovic.hr\/#\/schema\/person\/a42711f3385a0e2be6f7e0443bfb28f0","name":"LIKEmetkovic.hr","sameAs":["http:\/\/likemetkovic.hr"],"url":"https:\/\/likemetkovic.hr\/portal\/author\/likemetkovic-hr\/"}]}},"_links":{"self":[{"href":"https:\/\/likemetkovic.hr\/portal\/wp-json\/wp\/v2\/posts\/73770","targetHints":{"allow":["GET"]}}],"collection":[{"href":"https:\/\/likemetkovic.hr\/portal\/wp-json\/wp\/v2\/posts"}],"about":[{"href":"https:\/\/likemetkovic.hr\/portal\/wp-json\/wp\/v2\/types\/post"}],"author":[{"embeddable":true,"href":"https:\/\/likemetkovic.hr\/portal\/wp-json\/wp\/v2\/users\/7"}],"replies":[{"embeddable":true,"href":"https:\/\/likemetkovic.hr\/portal\/wp-json\/wp\/v2\/comments?post=73770"}],"version-history":[{"count":0,"href":"https:\/\/likemetkovic.hr\/portal\/wp-json\/wp\/v2\/posts\/73770\/revisions"}],"wp:featuredmedia":[{"embeddable":true,"href":"https:\/\/likemetkovic.hr\/portal\/wp-json\/wp\/v2\/media\/73771"}],"wp:attachment":[{"href":"https:\/\/likemetkovic.hr\/portal\/wp-json\/wp\/v2\/media?parent=73770"}],"wp:term":[{"taxonomy":"category","embeddable":true,"href":"https:\/\/likemetkovic.hr\/portal\/wp-json\/wp\/v2\/categories?post=73770"},{"taxonomy":"post_tag","embeddable":true,"href":"https:\/\/likemetkovic.hr\/portal\/wp-json\/wp\/v2\/tags?post=73770"}],"curies":[{"name":"wp","href":"https:\/\/api.w.org\/{rel}","templated":true}]}}