{"id":74754,"date":"2019-01-30T22:07:46","date_gmt":"2019-01-30T21:07:46","guid":{"rendered":"https:\/\/likemetkovic.hr\/?p=74754"},"modified":"2019-01-30T22:14:12","modified_gmt":"2019-01-30T21:14:12","slug":"gradsko-vijece-povecana-placa-gradonacelniku-njegovim-zamjenicima-i-zaposlenicima-gradske-uprave","status":"publish","type":"post","link":"https:\/\/likemetkovic.hr\/portal\/gradsko-vijece-povecana-placa-gradonacelniku-njegovim-zamjenicima-i-zaposlenicima-gradske-uprave\/","title":{"rendered":"GRADSKO VIJE\u0106E Pove\u0107ana pla\u0107a gradona\u010delniku, njegovim zamjenicima i zaposlenicima gradske uprave."},"content":{"rendered":"<p>Danas je, u 17 sati u galeriji Ustanove za kulturu i sport Metkovi\u0107, odr\u017eana 17. sjednica Gradskoga vije\u0107a Grada Metkovi\u0107a na kojoj su usvojene sve to\u010dke dnevnoga reda, a navi\u0161e se raspravljalo o pove\u0107anju pla\u0107a gradona\u010delniku, njegovim zamjenicima i zaposlenicima gradske uprave.<\/p>\n<p>Na po\u010detku je usvojen <strong>Prijedlog Programa mjera poticanja poduzetni\u0161tva u gradu Metkovi\u0107u <\/strong>kojim \u0107e se osigurati 500 tisu\u0107a kuna prora\u010dunskih sredstava za 2019. godinu. Cjelokupan iznos rasporedit \u0107e se kroz tri mjere: za potporu novoosnovanim tvrtkama i obrtima planirano je 100 tisu\u0107a kuna, za nabavu strojeva, opreme i ure\u0111enja poslovnog prostora 350 tisu\u0107a kuna, a za financiranje pripreme i kandidiranje EU projekata 50 tisu\u0107a kuna.<\/p>\n<p>Jednoglasno je usvojen i Prijedlog I. izmjena<strong> Programa potpora u poljoprivredi <\/strong>na podru\u010dju grada Metkovi\u0107a za razdoblje 2018. \u2013 2020.<strong>, <\/strong>a ukupna sredstva za provo\u0111enje programa iznosit \u0107e 1.320.000 kuna.<\/p>\n<p>Na prijedlog koncesionara koji nije u mogu\u0107nosti vi\u0161e ispunjavati obveze, Gradsko vije\u0107e donijelo je Odluku o<strong> raskidu Ugovora o koncesiji za obavljanje dimnja\u010darskih poslova,<\/strong> ponavljanju natje\u010daja za davanje koncesije i privremenom obavljanju dimnja\u010darskih poslova do okon\u010danja ponovljenog natje\u010daja.<\/p>\n<p>\u010cetvrta i peta to\u010dka odnosile su se na prijedloge<strong> odluka o komunalnom doprinosu i komunalnoj naknadi<\/strong> donesenih zbog novog Zakona o komunalnom gospodarstvu koji je stupio na snagu 4. kolovoza 2018. Osnovna novina odluka je pove\u0107anje komunalnih zona pa se, umjesto dosada\u0161nje dvije, uvodi pet gradskih zona. Prve dvije obuhva\u0107aju odre\u0111ena podru\u010dja na lijevoj i desnoj obali grada Metkovi\u0107a, a tre\u0107a, \u010detvrta i peta prigradska naselja Prud, Vid, Dubravicu i Glu\u0161ce. Sukladno tome, jedini\u010dna vrijednost doprinosa iznosit \u0107e od 50 do 70 kuna, a visina komunalne naknade ne\u0107e se mijenjati za zonu 1. dok \u0107e za ostale biti ne\u0161to ni\u017ea.<\/p>\n<p>Usvojen je i Prijedlog godi\u0161njeg provedbenog<strong> plana unapre\u0111enja za\u0161tite od po\u017eara<\/strong> na podru\u010dju grada Metkovi\u0107a kao i Prijedlog Odluke o visini <strong>pau\u0161alnog poreza za djelatnosti iznajmljivanja i smje\u0161taja u turizmu <\/strong>koji se smanjuje na najni\u017eu razinu u iznosu 150 kuna.<\/p>\n<p>Ve\u0107inom glasova usvojen je Prijedlog <strong>odluke o koeficijentima za obra\u010dun pla\u0107e slu\u017ebenika i namje\u0161tenika <\/strong>u Jedinstvenom upravnom odjelu Grada Metkovi\u0107a \u010dime se navedenima pove\u0107ala pla\u0107a.<\/p>\n<p>Osim toga, izmjenama Odluke <strong>o pla\u0107i i drugim pravima gradona\u010delnika<\/strong> i Odluke o<strong> naknadi za rad zamjenika gradona\u010delnika <\/strong>pove\u0107at \u0107e se i gradona\u010delnikova pla\u0107a, a zamjenici \u0107e dobivati naknadu za rad. O ovim se to\u010dkama provela \u017eustra rasprava. Zamjenik gradona\u010delnika <strong>Damir Raji\u010d<\/strong> obrazlo\u017eio je pove\u0107anje navode\u0107i pove\u0107anje Prora\u010duna, projekte koje Grad provodi kao i privatne razloge. Vije\u0107nici Mosta bili su protiv ovih odluka, a vije\u0107nica <strong>Katarina Taslak<\/strong> obrazlo\u017eila je kako nema potrebe za izmjenama ovih odluka. Koalicijski partner, vije\u0107nik <strong>Stipo Gabri\u0107 Jambo<\/strong> je podr\u017eao ovo pove\u0107anje pla\u0107a gradona\u010delniku i njegovim zamjenicima uz obrazlo\u017eenje da se u Metkovi\u0107u od takvih pla\u0107a ne mo\u017ee \u017eivjeti. Predlo\u017eio je da one budu oko 14-15 tisu\u0107a kuna i da se uz treba kupiti dobro auto i imati voza\u010da.<\/p>\n<p>Od sada zamjenici gradona\u010delnika bez zasnivanja radnog odnosa dobivati naknadu u iznosu oko 3000 kuna mjese\u010dno, a gradona\u010delnikova pla\u0107a \u0107e biti ne\u0161to iznad 10 000 kuna.<\/p>\n<p>Dnevni red dopunjen je Prijedlogom Odluke o izmjenama i dopunama Odluke o<strong> financiranju cijene studentske autobusne karte<\/strong> koji je jednoglasno usvojen pa \u0107e tako u\u010denici s prebivali\u0161tem na podru\u010dju grada Metkovi\u0107a koji poha\u0111aju srednje \u0161kole u Dubrovniku imati pravo na dvije povratne ili \u010detiri jednosmjerne karte tijekom akademske godine za relaciju Metkovi\u0107-Dubrovnik-Metkovi\u0107.<\/p>\n<p>Gradona\u010delnik je rekao kako \u0107e uva\u017eiti prijedlog vije\u0107nice Katarine Taslak da se drugom prilikom isto napravi i s u\u010denicima koji poha\u0111aju srednje \u0161kole u Splitu, a organizirat \u0107e se i prijevoz u\u010denika u srednje \u0161kole u Makarskoj, na \u0161to je upozorio vije\u0107nik Davor Boras.<\/p>\n<p>Na kraju sjednice su bila <strong>vije\u0107ni\u010dka pitanja<\/strong>:<\/p>\n<p>&#8211; vije\u0107nica <strong>Marijana Glu\u0161\u010devi\u0107<\/strong>\u00a0(MOST) tra\u017ee\u0107i odgovore na ve\u0107 nekoliko puta postavljena pitanja o problematici <strong>izvori\u0161ta Doljani<\/strong>\u00a0i povjerenstvu koje je osnovano u travnju pro\u0161le godine, ali ne odr\u017eava sastanke. Tako\u0111er, pitala je kada \u0107e zapo\u010deti <strong>projekt <em>Za\u017eeli i ostvari<\/em><\/strong> koji se u drugim gradovima odavno provodi. Gradona\u010delnik je odgovorio da \u0107e se i jedno i drugo realizirati za nekoliko dana.<\/p>\n<p>&#8211; vije\u0107nica <strong>Olivija Kljusuri\u0107<\/strong>\u00a0(MOST) zatra\u017eila je izvje\u0161\u0107e o radu <strong>Humanitarne zaklade <em>Iva Petru\u0161i\u0107<\/em>\u00a0<\/strong>za 2017. godinu koje je predsjednik du\u017ean podnijeti.<\/p>\n<p>&#8211; vije\u0107nica<strong> Katarina Taslak<\/strong>\u00a0(MOST) podsjetila je na stavljanje<strong> video nadzora<\/strong> predvi\u0111enih Prora\u010dunom za 2019. godinu, za \u0161to \u0107e se morati \u010dekati na sastavljanje Vije\u0107a za prevenciju.<\/p>\n<p>&#8211; vije\u0107nik Sini\u0161a Bebi\u0107 (HSU) upozorio je na stanje u<strong> Ulici Neretvanskih gusara<\/strong> nakon ki\u0161nog razdoblja.<\/p>\n","protected":false},"excerpt":{"rendered":"<p>Danas je, u 17 sati u galeriji Ustanove za kulturu i sport Metkovi\u0107, odr\u017eana 17. sjednica Gradskoga vije\u0107a Grada Metkovi\u0107a na kojoj su usvojene sve to\u010dke dnevnoga reda, a navi\u0161e se raspravljalo o pove\u0107anju pla\u0107a gradona\u010delniku, njegovim zamjenicima i zaposlenicima gradske uprave. Na po\u010detku je usvojen Prijedlog Programa mjera poticanja poduzetni\u0161tva u gradu Metkovi\u0107u kojim [&hellip;]<\/p>\n","protected":false},"author":7,"featured_media":71376,"comment_status":"open","ping_status":"open","sticky":false,"template":"","format":"standard","meta":{"footnotes":""},"categories":[283,11,290],"tags":[],"class_list":{"0":"post-74754","1":"post","2":"type-post","3":"status-publish","4":"format-standard","5":"has-post-thumbnail","7":"category-a","8":"category-metkovic-dolina","9":"category-politika"},"yoast_head":"<!-- This site is optimized with the Yoast SEO plugin v25.2 - https:\/\/yoast.com\/wordpress\/plugins\/seo\/ -->\n<title>GRADSKO VIJE\u0106E Pove\u0107ana pla\u0107a gradona\u010delniku, njegovim zamjenicima i zaposlenicima gradske uprave. - likemetkovic.hr<\/title>\n<meta name=\"robots\" content=\"index, follow, max-snippet:-1, max-image-preview:large, max-video-preview:-1\" \/>\n<link rel=\"canonical\" href=\"https:\/\/likemetkovic.hr\/gradsko-vijece-povecana-placa-gradonacelniku-njegovim-zamjenicima-i-zaposlenicima-gradske-uprave\/\" \/>\n<meta property=\"og:locale\" content=\"hr_HR\" \/>\n<meta property=\"og:type\" content=\"article\" \/>\n<meta property=\"og:title\" content=\"GRADSKO VIJE\u0106E Pove\u0107ana pla\u0107a gradona\u010delniku, njegovim zamjenicima i zaposlenicima gradske uprave. - likemetkovic.hr\" \/>\n<meta property=\"og:description\" content=\"Danas je, u 17 sati u galeriji Ustanove za kulturu i sport Metkovi\u0107, odr\u017eana 17. sjednica Gradskoga vije\u0107a Grada Metkovi\u0107a na kojoj su usvojene sve to\u010dke dnevnoga reda, a navi\u0161e se raspravljalo o pove\u0107anju pla\u0107a gradona\u010delniku, njegovim zamjenicima i zaposlenicima gradske uprave. Na po\u010detku je usvojen Prijedlog Programa mjera poticanja poduzetni\u0161tva u gradu Metkovi\u0107u kojim [&hellip;]\" \/>\n<meta property=\"og:url\" content=\"https:\/\/likemetkovic.hr\/gradsko-vijece-povecana-placa-gradonacelniku-njegovim-zamjenicima-i-zaposlenicima-gradske-uprave\/\" \/>\n<meta property=\"og:site_name\" content=\"likemetkovic.hr\" \/>\n<meta property=\"article:publisher\" content=\"https:\/\/www.facebook.com\/likemetkovic.hr\/\" \/>\n<meta property=\"article:published_time\" content=\"2019-01-30T21:07:46+00:00\" \/>\n<meta property=\"article:modified_time\" content=\"2019-01-30T21:14:12+00:00\" \/>\n<meta property=\"og:image\" content=\"https:\/\/likemetkovic.hr\/wp-content\/uploads\/2018\/11\/gradsko-vije\u0107e-2.jpg\" \/>\n\t<meta property=\"og:image:width\" content=\"800\" \/>\n\t<meta property=\"og:image:height\" content=\"534\" \/>\n\t<meta property=\"og:image:type\" content=\"image\/jpeg\" \/>\n<meta name=\"author\" content=\"LIKEmetkovic.hr\" \/>\n<meta name=\"twitter:card\" content=\"summary_large_image\" \/>\n<meta name=\"twitter:label1\" content=\"Napisao\/la\" \/>\n\t<meta name=\"twitter:data1\" content=\"LIKEmetkovic.hr\" \/>\n\t<meta name=\"twitter:label2\" content=\"Procijenjeno vrijeme \u010ditanja\" \/>\n\t<meta name=\"twitter:data2\" content=\"4 minute\" \/>\n<script type=\"application\/ld+json\" class=\"yoast-schema-graph\">{\"@context\":\"https:\/\/schema.org\",\"@graph\":[{\"@type\":\"WebPage\",\"@id\":\"https:\/\/likemetkovic.hr\/gradsko-vijece-povecana-placa-gradonacelniku-njegovim-zamjenicima-i-zaposlenicima-gradske-uprave\/\",\"url\":\"https:\/\/likemetkovic.hr\/gradsko-vijece-povecana-placa-gradonacelniku-njegovim-zamjenicima-i-zaposlenicima-gradske-uprave\/\",\"name\":\"GRADSKO VIJE\u0106E Pove\u0107ana pla\u0107a gradona\u010delniku, njegovim zamjenicima i zaposlenicima gradske uprave. - likemetkovic.hr\",\"isPartOf\":{\"@id\":\"https:\/\/likemetkovic.hr\/#website\"},\"primaryImageOfPage\":{\"@id\":\"https:\/\/likemetkovic.hr\/gradsko-vijece-povecana-placa-gradonacelniku-njegovim-zamjenicima-i-zaposlenicima-gradske-uprave\/#primaryimage\"},\"image\":{\"@id\":\"https:\/\/likemetkovic.hr\/gradsko-vijece-povecana-placa-gradonacelniku-njegovim-zamjenicima-i-zaposlenicima-gradske-uprave\/#primaryimage\"},\"thumbnailUrl\":\"https:\/\/likemetkovic.hr\/portal\/wp-content\/uploads\/2018\/11\/gradsko-vije\u0107e-2.jpg\",\"datePublished\":\"2019-01-30T21:07:46+00:00\",\"dateModified\":\"2019-01-30T21:14:12+00:00\",\"author\":{\"@id\":\"https:\/\/likemetkovic.hr\/#\/schema\/person\/a42711f3385a0e2be6f7e0443bfb28f0\"},\"breadcrumb\":{\"@id\":\"https:\/\/likemetkovic.hr\/gradsko-vijece-povecana-placa-gradonacelniku-njegovim-zamjenicima-i-zaposlenicima-gradske-uprave\/#breadcrumb\"},\"inLanguage\":\"hr\",\"potentialAction\":[{\"@type\":\"ReadAction\",\"target\":[\"https:\/\/likemetkovic.hr\/gradsko-vijece-povecana-placa-gradonacelniku-njegovim-zamjenicima-i-zaposlenicima-gradske-uprave\/\"]}]},{\"@type\":\"ImageObject\",\"inLanguage\":\"hr\",\"@id\":\"https:\/\/likemetkovic.hr\/gradsko-vijece-povecana-placa-gradonacelniku-njegovim-zamjenicima-i-zaposlenicima-gradske-uprave\/#primaryimage\",\"url\":\"https:\/\/likemetkovic.hr\/portal\/wp-content\/uploads\/2018\/11\/gradsko-vije\u0107e-2.jpg\",\"contentUrl\":\"https:\/\/likemetkovic.hr\/portal\/wp-content\/uploads\/2018\/11\/gradsko-vije\u0107e-2.jpg\",\"width\":800,\"height\":534},{\"@type\":\"BreadcrumbList\",\"@id\":\"https:\/\/likemetkovic.hr\/gradsko-vijece-povecana-placa-gradonacelniku-njegovim-zamjenicima-i-zaposlenicima-gradske-uprave\/#breadcrumb\",\"itemListElement\":[{\"@type\":\"ListItem\",\"position\":1,\"name\":\"Po\u010detna stranica\",\"item\":\"https:\/\/likemetkovic.hr\/portal\/\"},{\"@type\":\"ListItem\",\"position\":2,\"name\":\"GRADSKO VIJE\u0106E Pove\u0107ana pla\u0107a gradona\u010delniku, njegovim zamjenicima i zaposlenicima gradske uprave.\"}]},{\"@type\":\"WebSite\",\"@id\":\"https:\/\/likemetkovic.hr\/#website\",\"url\":\"https:\/\/likemetkovic.hr\/\",\"name\":\"likemetkovic.hr\",\"description\":\"Misli pozitivno... \u010ditaj LIKE\",\"potentialAction\":[{\"@type\":\"SearchAction\",\"target\":{\"@type\":\"EntryPoint\",\"urlTemplate\":\"https:\/\/likemetkovic.hr\/?s={search_term_string}\"},\"query-input\":{\"@type\":\"PropertyValueSpecification\",\"valueRequired\":true,\"valueName\":\"search_term_string\"}}],\"inLanguage\":\"hr\"},{\"@type\":\"Person\",\"@id\":\"https:\/\/likemetkovic.hr\/#\/schema\/person\/a42711f3385a0e2be6f7e0443bfb28f0\",\"name\":\"LIKEmetkovic.hr\",\"sameAs\":[\"http:\/\/likemetkovic.hr\"],\"url\":\"https:\/\/likemetkovic.hr\/portal\/author\/likemetkovic-hr\/\"}]}<\/script>\n<!-- \/ Yoast SEO plugin. -->","yoast_head_json":{"title":"GRADSKO VIJE\u0106E Pove\u0107ana pla\u0107a gradona\u010delniku, njegovim zamjenicima i zaposlenicima gradske uprave. - likemetkovic.hr","robots":{"index":"index","follow":"follow","max-snippet":"max-snippet:-1","max-image-preview":"max-image-preview:large","max-video-preview":"max-video-preview:-1"},"canonical":"https:\/\/likemetkovic.hr\/gradsko-vijece-povecana-placa-gradonacelniku-njegovim-zamjenicima-i-zaposlenicima-gradske-uprave\/","og_locale":"hr_HR","og_type":"article","og_title":"GRADSKO VIJE\u0106E Pove\u0107ana pla\u0107a gradona\u010delniku, njegovim zamjenicima i zaposlenicima gradske uprave. - likemetkovic.hr","og_description":"Danas je, u 17 sati u galeriji Ustanove za kulturu i sport Metkovi\u0107, odr\u017eana 17. sjednica Gradskoga vije\u0107a Grada Metkovi\u0107a na kojoj su usvojene sve to\u010dke dnevnoga reda, a navi\u0161e se raspravljalo o pove\u0107anju pla\u0107a gradona\u010delniku, njegovim zamjenicima i zaposlenicima gradske uprave. Na po\u010detku je usvojen Prijedlog Programa mjera poticanja poduzetni\u0161tva u gradu Metkovi\u0107u kojim [&hellip;]","og_url":"https:\/\/likemetkovic.hr\/gradsko-vijece-povecana-placa-gradonacelniku-njegovim-zamjenicima-i-zaposlenicima-gradske-uprave\/","og_site_name":"likemetkovic.hr","article_publisher":"https:\/\/www.facebook.com\/likemetkovic.hr\/","article_published_time":"2019-01-30T21:07:46+00:00","article_modified_time":"2019-01-30T21:14:12+00:00","og_image":[{"width":800,"height":534,"url":"https:\/\/likemetkovic.hr\/wp-content\/uploads\/2018\/11\/gradsko-vije\u0107e-2.jpg","type":"image\/jpeg"}],"author":"LIKEmetkovic.hr","twitter_card":"summary_large_image","twitter_misc":{"Napisao\/la":"LIKEmetkovic.hr","Procijenjeno vrijeme \u010ditanja":"4 minute"},"schema":{"@context":"https:\/\/schema.org","@graph":[{"@type":"WebPage","@id":"https:\/\/likemetkovic.hr\/gradsko-vijece-povecana-placa-gradonacelniku-njegovim-zamjenicima-i-zaposlenicima-gradske-uprave\/","url":"https:\/\/likemetkovic.hr\/gradsko-vijece-povecana-placa-gradonacelniku-njegovim-zamjenicima-i-zaposlenicima-gradske-uprave\/","name":"GRADSKO VIJE\u0106E Pove\u0107ana pla\u0107a gradona\u010delniku, njegovim zamjenicima i zaposlenicima gradske uprave. - likemetkovic.hr","isPartOf":{"@id":"https:\/\/likemetkovic.hr\/#website"},"primaryImageOfPage":{"@id":"https:\/\/likemetkovic.hr\/gradsko-vijece-povecana-placa-gradonacelniku-njegovim-zamjenicima-i-zaposlenicima-gradske-uprave\/#primaryimage"},"image":{"@id":"https:\/\/likemetkovic.hr\/gradsko-vijece-povecana-placa-gradonacelniku-njegovim-zamjenicima-i-zaposlenicima-gradske-uprave\/#primaryimage"},"thumbnailUrl":"https:\/\/likemetkovic.hr\/portal\/wp-content\/uploads\/2018\/11\/gradsko-vije\u0107e-2.jpg","datePublished":"2019-01-30T21:07:46+00:00","dateModified":"2019-01-30T21:14:12+00:00","author":{"@id":"https:\/\/likemetkovic.hr\/#\/schema\/person\/a42711f3385a0e2be6f7e0443bfb28f0"},"breadcrumb":{"@id":"https:\/\/likemetkovic.hr\/gradsko-vijece-povecana-placa-gradonacelniku-njegovim-zamjenicima-i-zaposlenicima-gradske-uprave\/#breadcrumb"},"inLanguage":"hr","potentialAction":[{"@type":"ReadAction","target":["https:\/\/likemetkovic.hr\/gradsko-vijece-povecana-placa-gradonacelniku-njegovim-zamjenicima-i-zaposlenicima-gradske-uprave\/"]}]},{"@type":"ImageObject","inLanguage":"hr","@id":"https:\/\/likemetkovic.hr\/gradsko-vijece-povecana-placa-gradonacelniku-njegovim-zamjenicima-i-zaposlenicima-gradske-uprave\/#primaryimage","url":"https:\/\/likemetkovic.hr\/portal\/wp-content\/uploads\/2018\/11\/gradsko-vije\u0107e-2.jpg","contentUrl":"https:\/\/likemetkovic.hr\/portal\/wp-content\/uploads\/2018\/11\/gradsko-vije\u0107e-2.jpg","width":800,"height":534},{"@type":"BreadcrumbList","@id":"https:\/\/likemetkovic.hr\/gradsko-vijece-povecana-placa-gradonacelniku-njegovim-zamjenicima-i-zaposlenicima-gradske-uprave\/#breadcrumb","itemListElement":[{"@type":"ListItem","position":1,"name":"Po\u010detna stranica","item":"https:\/\/likemetkovic.hr\/portal\/"},{"@type":"ListItem","position":2,"name":"GRADSKO VIJE\u0106E Pove\u0107ana pla\u0107a gradona\u010delniku, njegovim zamjenicima i zaposlenicima gradske uprave."}]},{"@type":"WebSite","@id":"https:\/\/likemetkovic.hr\/#website","url":"https:\/\/likemetkovic.hr\/","name":"likemetkovic.hr","description":"Misli pozitivno... \u010ditaj LIKE","potentialAction":[{"@type":"SearchAction","target":{"@type":"EntryPoint","urlTemplate":"https:\/\/likemetkovic.hr\/?s={search_term_string}"},"query-input":{"@type":"PropertyValueSpecification","valueRequired":true,"valueName":"search_term_string"}}],"inLanguage":"hr"},{"@type":"Person","@id":"https:\/\/likemetkovic.hr\/#\/schema\/person\/a42711f3385a0e2be6f7e0443bfb28f0","name":"LIKEmetkovic.hr","sameAs":["http:\/\/likemetkovic.hr"],"url":"https:\/\/likemetkovic.hr\/portal\/author\/likemetkovic-hr\/"}]}},"_links":{"self":[{"href":"https:\/\/likemetkovic.hr\/portal\/wp-json\/wp\/v2\/posts\/74754","targetHints":{"allow":["GET"]}}],"collection":[{"href":"https:\/\/likemetkovic.hr\/portal\/wp-json\/wp\/v2\/posts"}],"about":[{"href":"https:\/\/likemetkovic.hr\/portal\/wp-json\/wp\/v2\/types\/post"}],"author":[{"embeddable":true,"href":"https:\/\/likemetkovic.hr\/portal\/wp-json\/wp\/v2\/users\/7"}],"replies":[{"embeddable":true,"href":"https:\/\/likemetkovic.hr\/portal\/wp-json\/wp\/v2\/comments?post=74754"}],"version-history":[{"count":0,"href":"https:\/\/likemetkovic.hr\/portal\/wp-json\/wp\/v2\/posts\/74754\/revisions"}],"wp:featuredmedia":[{"embeddable":true,"href":"https:\/\/likemetkovic.hr\/portal\/wp-json\/wp\/v2\/media\/71376"}],"wp:attachment":[{"href":"https:\/\/likemetkovic.hr\/portal\/wp-json\/wp\/v2\/media?parent=74754"}],"wp:term":[{"taxonomy":"category","embeddable":true,"href":"https:\/\/likemetkovic.hr\/portal\/wp-json\/wp\/v2\/categories?post=74754"},{"taxonomy":"post_tag","embeddable":true,"href":"https:\/\/likemetkovic.hr\/portal\/wp-json\/wp\/v2\/tags?post=74754"}],"curies":[{"name":"wp","href":"https:\/\/api.w.org\/{rel}","templated":true}]}}