{"id":75175,"date":"2019-02-08T18:10:13","date_gmt":"2019-02-08T17:10:13","guid":{"rendered":"https:\/\/likemetkovic.hr\/?p=75175"},"modified":"2019-02-08T18:10:13","modified_gmt":"2019-02-08T17:10:13","slug":"grmoja-i-jandrokovic-sukobili-se-zbog-unistavanja-kontrolnih-lista-odbijenih-referenduma","status":"publish","type":"post","link":"https:\/\/likemetkovic.hr\/portal\/grmoja-i-jandrokovic-sukobili-se-zbog-unistavanja-kontrolnih-lista-odbijenih-referenduma\/","title":{"rendered":"Grmoja i Jandrokovi\u0107 sukobili se zbog uni\u0161tavanja kontrolnih lista odbijenih referenduma"},"content":{"rendered":"<p>Na po\u010detku saborskog glasovanja u petak je do\u0161lo do verbalnog obra\u010duna izme\u0111u Mostovog <strong>Nikole Grmoje<\/strong> koji je, nakon \u0161to mu nije odobrena stanka zbog navodnog uni\u0161tavanja kontrolnih lista s neva\u017ee\u0107im potpisima dviju gra\u0111anskih inicijativa, poru\u010dio kako mu je <em>dosta Jandrokovi\u0107eve, Ku\u0161\u010devi\u0107eve i \u0160eksove udba\u0161ke matematike<\/em> i predsjednika sabora Gordana Jandrokovi\u0107a koji mu je uzvratio da iznosi <em>uvrede i bljuvotine<\/em>.<\/p>\n<p><iframe title=\"8 2 2019 -  2. dio, 11. sjednica, 9. saziv\" width=\"696\" height=\"392\" src=\"https:\/\/www.youtube.com\/embed\/oFkZ3PeHfkk?feature=oembed\" frameborder=\"0\" allow=\"accelerometer; autoplay; encrypted-media; gyroscope; picture-in-picture\" allowfullscreen><\/iframe><\/p>\n<p><em>&#8211; Jo\u0161 uvijek smo pod te\u0161kim i negativnim dojmom. Ministarstvo uprave je uni\u0161tilo kontrolne liste i mi kao Sabor i prije nego smo donijeli zaklju\u010dak ne mo\u017eemo znati je li istina ovo \u0161to se tvrdi o neva\u017ee\u0107im potpisima<\/em>, po\u010deo je obrazlagati Grmoja.<\/p>\n<p>Pritom se referirao na izjavu Mostovca <strong>Roberta Podolnjaka<\/strong> da je Ministarstvo uprave, odnosno povjerenstvo osnovano da provjeri prikupljene potpise za dvije referendumske inicijative, <strong>uni\u0161tilo kontrolne liste sa svim neva\u017ee\u0107im potpisima<\/strong>.<\/p>\n<p>&#8211;<em> Ako vi smatrate da su u jednoj demokratskoj dr\u017eavi uni\u0161tene kontrolne liste ja ne znam \u0161to re\u0107i<\/em>, nastavio je Grmoja, a <strong>Gordan Jandrokovi\u0107<\/strong> ga je upitao na temelju \u010dega iznosi takve tvrdnje.<\/p>\n<p><em>&#8211; Potvr\u0111eno je od ljudi iz Ministarstva uprave<\/em>, rekao je Grmoja na \u0161to mu je predsjednik Sabora odgovorio protupitanjem: &#8211;<em> Postoje li ti potpisi u Saboru? Postoji li digitalni trag o tome? Grubo kr\u0161ite Poslovnik.<\/em><\/p>\n<p>Stanku mu nije odobrio, jer kako je rekao, to nije tema, a o predlo\u017eenom mu je sugerirao da govori u stanici za slobodni govor.<\/p>\n<div id=\"quads-ad2\" class=\"quads-location quads-ad2\">\n<div id=\"div-gpt-ad-1485344911971-3\">\n<div id=\"div-gpt-ad-1485344911971-35\"><\/div>\n<\/div>\n<\/div>\n<p>&#8211;<em> Dosta je nama Ku\u0161\u010devi\u0107eve, Jandrokovi\u0107eve i \u0160eksove udba\u0161ke matematike. Uni\u0161tili ste kontrolne liste<\/em>, odvratio je Grmoja, \u0161to je vidno uzrujalo Jandrokovi\u0107a.<\/p>\n<p>&#8211;<em> Ovo su bile uvrede, klevete i sram Vas bilo! Da \u0107ete Vi mene povezivati s Udbom?! Sram Vas bilo<\/em>, vikao je Jandrokovi\u0107 na Grmoju.<\/p>\n<p>Potom je smirenije kazao kako im ovo \u0161to se dogodilo ne ide na \u010dast jer rejting i ugled Sabora pada.<\/p>\n<p><em>&#8211; Nije va\u0161e da komentirate, pozivam DORH da ispita navode kolega iz Mosta<\/em>, uklju\u010dio se i Hrastov zastupnik Hrvoje Zekanovi\u0107.<\/p>\n<p>To je, me\u0111utim, ponovno uzrujalo Jandrokovi\u0107a. <em>&#8211; Moje je itekako da odgovaram na uvrede i bljuvotine koje se izgovaraju<\/em>, poru\u010dio mu je predsjednik Sabora.<\/p>\n<h4 class=\"entry-title\">Grmoja: \u2018Plenkovi\u0107 je stao u za\u0161titu nepravilnosti u slu\u010daju Paro i Berto\u0161a-Ku\u0161en, protiv \u010dovjeka koji je prijavio nepravilnosti jo\u0161 se vodi postupak!\u2019<\/h4>\n<p>Vladaju\u0107a ve\u0107ina danas je odbila Mostov<strong> amandman o zabrani politi\u010dkog sprje\u010davanja utvr\u0111ivanja nepravilnosti<\/strong>, kojega je Most uvrstio potaknut slu\u010dajem diplomata <strong>Damira Sabljaka<\/strong> koji je udaljen iz slu\u017ebe nakon \u0161to je prijavio nepravilnosti u slu\u010daju Jo\u0161ka Para i Lorete Berto\u0161e-Ku\u0161an.<\/p>\n<p><iframe title=\"8 2 2019 -  2. dio, 11. sjednica, 9. saziv\" width=\"696\" height=\"392\" src=\"https:\/\/www.youtube.com\/embed\/oFkZ3PeHfkk?feature=oembed\" frameborder=\"0\" allow=\"accelerometer; autoplay; encrypted-media; gyroscope; picture-in-picture\" allowfullscreen><\/iframe><\/p>\n<p>Foto: Screenshot<\/p>\n","protected":false},"excerpt":{"rendered":"<p>Na po\u010detku saborskog glasovanja u petak je do\u0161lo do verbalnog obra\u010duna izme\u0111u Mostovog Nikole Grmoje koji je, nakon \u0161to mu nije odobrena stanka zbog navodnog uni\u0161tavanja kontrolnih lista s neva\u017ee\u0107im potpisima dviju gra\u0111anskih inicijativa, poru\u010dio kako mu je dosta Jandrokovi\u0107eve, Ku\u0161\u010devi\u0107eve i \u0160eksove udba\u0161ke matematike i predsjednika sabora Gordana Jandrokovi\u0107a koji mu je uzvratio da [&hellip;]<\/p>\n","protected":false},"author":7,"featured_media":75178,"comment_status":"open","ping_status":"open","sticky":false,"template":"","format":"video","meta":{"footnotes":""},"categories":[296,290],"tags":[4601,321,417],"class_list":{"0":"post-75175","1":"post","2":"type-post","3":"status-publish","4":"format-video","5":"has-post-thumbnail","7":"category-ab","8":"category-politika","9":"tag-gordan-jandrokovic","10":"tag-nikola-grmoja","11":"tag-sabor","12":"post_format-post-format-video"},"yoast_head":"<!-- This site is optimized with the Yoast SEO plugin v25.2 - https:\/\/yoast.com\/wordpress\/plugins\/seo\/ -->\n<title>Grmoja i Jandrokovi\u0107 sukobili se zbog uni\u0161tavanja kontrolnih lista odbijenih referenduma - likemetkovic.hr<\/title>\n<meta name=\"robots\" content=\"index, follow, max-snippet:-1, max-image-preview:large, max-video-preview:-1\" \/>\n<link rel=\"canonical\" href=\"https:\/\/likemetkovic.hr\/grmoja-i-jandrokovic-sukobili-se-zbog-unistavanja-kontrolnih-lista-odbijenih-referenduma\/\" \/>\n<meta property=\"og:locale\" content=\"hr_HR\" \/>\n<meta property=\"og:type\" content=\"article\" \/>\n<meta property=\"og:title\" content=\"Grmoja i Jandrokovi\u0107 sukobili se zbog uni\u0161tavanja kontrolnih lista odbijenih referenduma - likemetkovic.hr\" \/>\n<meta property=\"og:description\" content=\"Na po\u010detku saborskog glasovanja u petak je do\u0161lo do verbalnog obra\u010duna izme\u0111u Mostovog Nikole Grmoje koji je, nakon \u0161to mu nije odobrena stanka zbog navodnog uni\u0161tavanja kontrolnih lista s neva\u017ee\u0107im potpisima dviju gra\u0111anskih inicijativa, poru\u010dio kako mu je dosta Jandrokovi\u0107eve, Ku\u0161\u010devi\u0107eve i \u0160eksove udba\u0161ke matematike i predsjednika sabora Gordana Jandrokovi\u0107a koji mu je uzvratio da [&hellip;]\" \/>\n<meta property=\"og:url\" content=\"https:\/\/likemetkovic.hr\/grmoja-i-jandrokovic-sukobili-se-zbog-unistavanja-kontrolnih-lista-odbijenih-referenduma\/\" \/>\n<meta property=\"og:site_name\" content=\"likemetkovic.hr\" \/>\n<meta property=\"article:publisher\" content=\"https:\/\/www.facebook.com\/likemetkovic.hr\/\" \/>\n<meta property=\"article:published_time\" content=\"2019-02-08T17:10:13+00:00\" \/>\n<meta property=\"og:image\" content=\"https:\/\/likemetkovic.hr\/wp-content\/uploads\/2019\/02\/nikola-grmoja.jpg\" \/>\n\t<meta property=\"og:image:width\" content=\"1000\" \/>\n\t<meta property=\"og:image:height\" content=\"528\" \/>\n\t<meta property=\"og:image:type\" content=\"image\/jpeg\" \/>\n<meta name=\"author\" content=\"LIKEmetkovic.hr\" \/>\n<meta name=\"twitter:card\" content=\"summary_large_image\" \/>\n<meta name=\"twitter:label1\" content=\"Napisao\/la\" \/>\n\t<meta name=\"twitter:data1\" content=\"LIKEmetkovic.hr\" \/>\n\t<meta name=\"twitter:label2\" content=\"Procijenjeno vrijeme \u010ditanja\" \/>\n\t<meta name=\"twitter:data2\" content=\"2 minute\" \/>\n<script type=\"application\/ld+json\" class=\"yoast-schema-graph\">{\"@context\":\"https:\/\/schema.org\",\"@graph\":[{\"@type\":\"WebPage\",\"@id\":\"https:\/\/likemetkovic.hr\/grmoja-i-jandrokovic-sukobili-se-zbog-unistavanja-kontrolnih-lista-odbijenih-referenduma\/\",\"url\":\"https:\/\/likemetkovic.hr\/grmoja-i-jandrokovic-sukobili-se-zbog-unistavanja-kontrolnih-lista-odbijenih-referenduma\/\",\"name\":\"Grmoja i Jandrokovi\u0107 sukobili se zbog uni\u0161tavanja kontrolnih lista odbijenih referenduma - likemetkovic.hr\",\"isPartOf\":{\"@id\":\"https:\/\/likemetkovic.hr\/#website\"},\"primaryImageOfPage\":{\"@id\":\"https:\/\/likemetkovic.hr\/grmoja-i-jandrokovic-sukobili-se-zbog-unistavanja-kontrolnih-lista-odbijenih-referenduma\/#primaryimage\"},\"image\":{\"@id\":\"https:\/\/likemetkovic.hr\/grmoja-i-jandrokovic-sukobili-se-zbog-unistavanja-kontrolnih-lista-odbijenih-referenduma\/#primaryimage\"},\"thumbnailUrl\":\"https:\/\/likemetkovic.hr\/portal\/wp-content\/uploads\/2019\/02\/nikola-grmoja.jpg\",\"datePublished\":\"2019-02-08T17:10:13+00:00\",\"author\":{\"@id\":\"https:\/\/likemetkovic.hr\/#\/schema\/person\/a42711f3385a0e2be6f7e0443bfb28f0\"},\"breadcrumb\":{\"@id\":\"https:\/\/likemetkovic.hr\/grmoja-i-jandrokovic-sukobili-se-zbog-unistavanja-kontrolnih-lista-odbijenih-referenduma\/#breadcrumb\"},\"inLanguage\":\"hr\",\"potentialAction\":[{\"@type\":\"ReadAction\",\"target\":[\"https:\/\/likemetkovic.hr\/grmoja-i-jandrokovic-sukobili-se-zbog-unistavanja-kontrolnih-lista-odbijenih-referenduma\/\"]}]},{\"@type\":\"ImageObject\",\"inLanguage\":\"hr\",\"@id\":\"https:\/\/likemetkovic.hr\/grmoja-i-jandrokovic-sukobili-se-zbog-unistavanja-kontrolnih-lista-odbijenih-referenduma\/#primaryimage\",\"url\":\"https:\/\/likemetkovic.hr\/portal\/wp-content\/uploads\/2019\/02\/nikola-grmoja.jpg\",\"contentUrl\":\"https:\/\/likemetkovic.hr\/portal\/wp-content\/uploads\/2019\/02\/nikola-grmoja.jpg\",\"width\":1000,\"height\":528},{\"@type\":\"BreadcrumbList\",\"@id\":\"https:\/\/likemetkovic.hr\/grmoja-i-jandrokovic-sukobili-se-zbog-unistavanja-kontrolnih-lista-odbijenih-referenduma\/#breadcrumb\",\"itemListElement\":[{\"@type\":\"ListItem\",\"position\":1,\"name\":\"Po\u010detna stranica\",\"item\":\"https:\/\/likemetkovic.hr\/portal\/\"},{\"@type\":\"ListItem\",\"position\":2,\"name\":\"Grmoja i Jandrokovi\u0107 sukobili se zbog uni\u0161tavanja kontrolnih lista odbijenih referenduma\"}]},{\"@type\":\"WebSite\",\"@id\":\"https:\/\/likemetkovic.hr\/#website\",\"url\":\"https:\/\/likemetkovic.hr\/\",\"name\":\"likemetkovic.hr\",\"description\":\"Misli pozitivno... \u010ditaj LIKE\",\"potentialAction\":[{\"@type\":\"SearchAction\",\"target\":{\"@type\":\"EntryPoint\",\"urlTemplate\":\"https:\/\/likemetkovic.hr\/?s={search_term_string}\"},\"query-input\":{\"@type\":\"PropertyValueSpecification\",\"valueRequired\":true,\"valueName\":\"search_term_string\"}}],\"inLanguage\":\"hr\"},{\"@type\":\"Person\",\"@id\":\"https:\/\/likemetkovic.hr\/#\/schema\/person\/a42711f3385a0e2be6f7e0443bfb28f0\",\"name\":\"LIKEmetkovic.hr\",\"sameAs\":[\"http:\/\/likemetkovic.hr\"],\"url\":\"https:\/\/likemetkovic.hr\/portal\/author\/likemetkovic-hr\/\"}]}<\/script>\n<!-- \/ Yoast SEO plugin. -->","yoast_head_json":{"title":"Grmoja i Jandrokovi\u0107 sukobili se zbog uni\u0161tavanja kontrolnih lista odbijenih referenduma - likemetkovic.hr","robots":{"index":"index","follow":"follow","max-snippet":"max-snippet:-1","max-image-preview":"max-image-preview:large","max-video-preview":"max-video-preview:-1"},"canonical":"https:\/\/likemetkovic.hr\/grmoja-i-jandrokovic-sukobili-se-zbog-unistavanja-kontrolnih-lista-odbijenih-referenduma\/","og_locale":"hr_HR","og_type":"article","og_title":"Grmoja i Jandrokovi\u0107 sukobili se zbog uni\u0161tavanja kontrolnih lista odbijenih referenduma - likemetkovic.hr","og_description":"Na po\u010detku saborskog glasovanja u petak je do\u0161lo do verbalnog obra\u010duna izme\u0111u Mostovog Nikole Grmoje koji je, nakon \u0161to mu nije odobrena stanka zbog navodnog uni\u0161tavanja kontrolnih lista s neva\u017ee\u0107im potpisima dviju gra\u0111anskih inicijativa, poru\u010dio kako mu je dosta Jandrokovi\u0107eve, Ku\u0161\u010devi\u0107eve i \u0160eksove udba\u0161ke matematike i predsjednika sabora Gordana Jandrokovi\u0107a koji mu je uzvratio da [&hellip;]","og_url":"https:\/\/likemetkovic.hr\/grmoja-i-jandrokovic-sukobili-se-zbog-unistavanja-kontrolnih-lista-odbijenih-referenduma\/","og_site_name":"likemetkovic.hr","article_publisher":"https:\/\/www.facebook.com\/likemetkovic.hr\/","article_published_time":"2019-02-08T17:10:13+00:00","og_image":[{"width":1000,"height":528,"url":"https:\/\/likemetkovic.hr\/wp-content\/uploads\/2019\/02\/nikola-grmoja.jpg","type":"image\/jpeg"}],"author":"LIKEmetkovic.hr","twitter_card":"summary_large_image","twitter_misc":{"Napisao\/la":"LIKEmetkovic.hr","Procijenjeno vrijeme \u010ditanja":"2 minute"},"schema":{"@context":"https:\/\/schema.org","@graph":[{"@type":"WebPage","@id":"https:\/\/likemetkovic.hr\/grmoja-i-jandrokovic-sukobili-se-zbog-unistavanja-kontrolnih-lista-odbijenih-referenduma\/","url":"https:\/\/likemetkovic.hr\/grmoja-i-jandrokovic-sukobili-se-zbog-unistavanja-kontrolnih-lista-odbijenih-referenduma\/","name":"Grmoja i Jandrokovi\u0107 sukobili se zbog uni\u0161tavanja kontrolnih lista odbijenih referenduma - likemetkovic.hr","isPartOf":{"@id":"https:\/\/likemetkovic.hr\/#website"},"primaryImageOfPage":{"@id":"https:\/\/likemetkovic.hr\/grmoja-i-jandrokovic-sukobili-se-zbog-unistavanja-kontrolnih-lista-odbijenih-referenduma\/#primaryimage"},"image":{"@id":"https:\/\/likemetkovic.hr\/grmoja-i-jandrokovic-sukobili-se-zbog-unistavanja-kontrolnih-lista-odbijenih-referenduma\/#primaryimage"},"thumbnailUrl":"https:\/\/likemetkovic.hr\/portal\/wp-content\/uploads\/2019\/02\/nikola-grmoja.jpg","datePublished":"2019-02-08T17:10:13+00:00","author":{"@id":"https:\/\/likemetkovic.hr\/#\/schema\/person\/a42711f3385a0e2be6f7e0443bfb28f0"},"breadcrumb":{"@id":"https:\/\/likemetkovic.hr\/grmoja-i-jandrokovic-sukobili-se-zbog-unistavanja-kontrolnih-lista-odbijenih-referenduma\/#breadcrumb"},"inLanguage":"hr","potentialAction":[{"@type":"ReadAction","target":["https:\/\/likemetkovic.hr\/grmoja-i-jandrokovic-sukobili-se-zbog-unistavanja-kontrolnih-lista-odbijenih-referenduma\/"]}]},{"@type":"ImageObject","inLanguage":"hr","@id":"https:\/\/likemetkovic.hr\/grmoja-i-jandrokovic-sukobili-se-zbog-unistavanja-kontrolnih-lista-odbijenih-referenduma\/#primaryimage","url":"https:\/\/likemetkovic.hr\/portal\/wp-content\/uploads\/2019\/02\/nikola-grmoja.jpg","contentUrl":"https:\/\/likemetkovic.hr\/portal\/wp-content\/uploads\/2019\/02\/nikola-grmoja.jpg","width":1000,"height":528},{"@type":"BreadcrumbList","@id":"https:\/\/likemetkovic.hr\/grmoja-i-jandrokovic-sukobili-se-zbog-unistavanja-kontrolnih-lista-odbijenih-referenduma\/#breadcrumb","itemListElement":[{"@type":"ListItem","position":1,"name":"Po\u010detna stranica","item":"https:\/\/likemetkovic.hr\/portal\/"},{"@type":"ListItem","position":2,"name":"Grmoja i Jandrokovi\u0107 sukobili se zbog uni\u0161tavanja kontrolnih lista odbijenih referenduma"}]},{"@type":"WebSite","@id":"https:\/\/likemetkovic.hr\/#website","url":"https:\/\/likemetkovic.hr\/","name":"likemetkovic.hr","description":"Misli pozitivno... \u010ditaj LIKE","potentialAction":[{"@type":"SearchAction","target":{"@type":"EntryPoint","urlTemplate":"https:\/\/likemetkovic.hr\/?s={search_term_string}"},"query-input":{"@type":"PropertyValueSpecification","valueRequired":true,"valueName":"search_term_string"}}],"inLanguage":"hr"},{"@type":"Person","@id":"https:\/\/likemetkovic.hr\/#\/schema\/person\/a42711f3385a0e2be6f7e0443bfb28f0","name":"LIKEmetkovic.hr","sameAs":["http:\/\/likemetkovic.hr"],"url":"https:\/\/likemetkovic.hr\/portal\/author\/likemetkovic-hr\/"}]}},"_links":{"self":[{"href":"https:\/\/likemetkovic.hr\/portal\/wp-json\/wp\/v2\/posts\/75175","targetHints":{"allow":["GET"]}}],"collection":[{"href":"https:\/\/likemetkovic.hr\/portal\/wp-json\/wp\/v2\/posts"}],"about":[{"href":"https:\/\/likemetkovic.hr\/portal\/wp-json\/wp\/v2\/types\/post"}],"author":[{"embeddable":true,"href":"https:\/\/likemetkovic.hr\/portal\/wp-json\/wp\/v2\/users\/7"}],"replies":[{"embeddable":true,"href":"https:\/\/likemetkovic.hr\/portal\/wp-json\/wp\/v2\/comments?post=75175"}],"version-history":[{"count":0,"href":"https:\/\/likemetkovic.hr\/portal\/wp-json\/wp\/v2\/posts\/75175\/revisions"}],"wp:featuredmedia":[{"embeddable":true,"href":"https:\/\/likemetkovic.hr\/portal\/wp-json\/wp\/v2\/media\/75178"}],"wp:attachment":[{"href":"https:\/\/likemetkovic.hr\/portal\/wp-json\/wp\/v2\/media?parent=75175"}],"wp:term":[{"taxonomy":"category","embeddable":true,"href":"https:\/\/likemetkovic.hr\/portal\/wp-json\/wp\/v2\/categories?post=75175"},{"taxonomy":"post_tag","embeddable":true,"href":"https:\/\/likemetkovic.hr\/portal\/wp-json\/wp\/v2\/tags?post=75175"}],"curies":[{"name":"wp","href":"https:\/\/api.w.org\/{rel}","templated":true}]}}