{"id":75353,"date":"2019-02-12T10:02:53","date_gmt":"2019-02-12T09:02:53","guid":{"rendered":"https:\/\/likemetkovic.hr\/?p=75353"},"modified":"2019-02-12T10:05:54","modified_gmt":"2019-02-12T09:05:54","slug":"bk-metkovic-nasi-najmladi-biciklisti-opet-osvajaju-odlicja-ovoga-puta-u-pakostanima","status":"publish","type":"post","link":"https:\/\/likemetkovic.hr\/portal\/bk-metkovic-nasi-najmladi-biciklisti-opet-osvajaju-odlicja-ovoga-puta-u-pakostanima\/","title":{"rendered":"BK METKOVI\u0106 | Na\u0161i najmla\u0111i biciklisti opet osvajaju odli\u010dja, ovoga puta u Pako\u0161tanima"},"content":{"rendered":"<p>Biciklisti iz BK Metkovi\u0107 sudjelovali su u nedjelju u Dragama kod Pako\u0161tana na utrci 9. kola XCZLD-a u organizaciji na\u0161ih prijatelja iz BBK Pako\u0161tane, i to u dvije utrke: u glavnoj utrci XCO Kamena i dje\u010djoj utrci XCO Mala Kamena.<\/p>\n<p><img decoding=\"async\" class=\"alignnone size-full wp-image-75356\" src=\"https:\/\/likemetkovic.hr\/wp-content\/uploads\/2019\/02\/biciklisti\u010dki-klub-metkovi\u0107-pako\u0161tane_edited.jpg\" alt=\"\" width=\"800\" height=\"534\" srcset=\"https:\/\/likemetkovic.hr\/portal\/wp-content\/uploads\/2019\/02\/biciklisti\u010dki-klub-metkovi\u0107-pako\u0161tane_edited.jpg 800w, https:\/\/likemetkovic.hr\/portal\/wp-content\/uploads\/2019\/02\/biciklisti\u010dki-klub-metkovi\u0107-pako\u0161tane_edited-768x513.jpg 768w, https:\/\/likemetkovic.hr\/portal\/wp-content\/uploads\/2019\/02\/biciklisti\u010dki-klub-metkovi\u0107-pako\u0161tane_edited-696x465.jpg 696w, https:\/\/likemetkovic.hr\/portal\/wp-content\/uploads\/2019\/02\/biciklisti\u010dki-klub-metkovi\u0107-pako\u0161tane_edited-629x420.jpg 629w\" sizes=\"(max-width: 800px) 100vw, 800px\" \/><\/p>\n<p>Na\u0161i najmla\u0111i biciklisti su i ovaj put bili odli\u010dni. Jure Vi\u0161tica zlatni u kategoriji do 9 godina, Lucija Kuzman u istoj dobnoj kategoriji kod djevoj\u010dica srebrena. Marko Talaji\u0107 i Vinko Bulum srbreni u svojim kategorijama, a Lara Bok\u0161i\u010d bron\u010dana. Iva Dominikovi\u0107 i Mara Talaji\u0107\u00a0<span class=\"text_exposed_show\">\u010detvrte u svojim kategorijama, dok su Jure Kuzman i Erika Malezija ciljem pro\u0161li kao petoplasirani. Bravo za na\u0161e malce.<\/span><\/p>\n<p><span class=\"text_exposed_show\">U glavnoj utrci u kategoriji 30-40 Dalibor Talaji\u0107 je u zavr\u0161io na 8 mjestu, a Antea Kaleb nakon du\u017ee pauze bila je jedanaesta. Peri Primorcu nam je na\u017ealost pukla guma.\u00a0<\/span><\/p>\n<p><span class=\"text_exposed_show\">\u010cestitke jo\u0161 jednom svim natjecateljima kao i doma\u0107inima na odli\u010dnoj stazi i vrhunski organiziranom doga\u0111aju. Sljede\u0107e kolo je na na\u0161oj \u010camberici u nedjelju, 17. velja\u010de 2019.<\/span><\/p>\n<p>Veliku fotogaleriju iz Pako\u0161tana mo\u017eete pogledati na <a href=\"https:\/\/www.facebook.com\/\" target=\"_blank\" rel=\"noopener\">FB stranici Kluba<\/a>.<\/p>\n","protected":false},"excerpt":{"rendered":"<p>Biciklisti iz BK Metkovi\u0107 sudjelovali su u nedjelju u Dragama kod Pako\u0161tana na utrci 9. kola XCZLD-a u organizaciji na\u0161ih prijatelja iz BBK Pako\u0161tane, i to u dvije utrke: u glavnoj utrci XCO Kamena i dje\u010djoj utrci XCO Mala Kamena. Na\u0161i najmla\u0111i biciklisti su i ovaj put bili odli\u010dni. Jure Vi\u0161tica zlatni u kategoriji do [&hellip;]<\/p>\n","protected":false},"author":7,"featured_media":75356,"comment_status":"open","ping_status":"open","sticky":false,"template":"","format":"standard","meta":{"footnotes":""},"categories":[296,34],"tags":[530],"class_list":{"0":"post-75353","1":"post","2":"type-post","3":"status-publish","4":"format-standard","5":"has-post-thumbnail","7":"category-ab","8":"category-biciklizam","9":"tag-biciklisticki-klub-metkovic"},"yoast_head":"<!-- This site is optimized with the Yoast SEO plugin v25.2 - https:\/\/yoast.com\/wordpress\/plugins\/seo\/ -->\n<title>BK METKOVI\u0106 | Na\u0161i najmla\u0111i biciklisti opet osvajaju odli\u010dja, ovoga puta u Pako\u0161tanima - likemetkovic.hr<\/title>\n<meta name=\"robots\" content=\"index, follow, max-snippet:-1, max-image-preview:large, max-video-preview:-1\" \/>\n<link rel=\"canonical\" href=\"https:\/\/likemetkovic.hr\/bk-metkovic-nasi-najmladi-biciklisti-opet-osvajaju-odlicja-ovoga-puta-u-pakostanima\/\" \/>\n<meta property=\"og:locale\" content=\"hr_HR\" \/>\n<meta property=\"og:type\" content=\"article\" \/>\n<meta property=\"og:title\" content=\"BK METKOVI\u0106 | Na\u0161i najmla\u0111i biciklisti opet osvajaju odli\u010dja, ovoga puta u Pako\u0161tanima - likemetkovic.hr\" \/>\n<meta property=\"og:description\" content=\"Biciklisti iz BK Metkovi\u0107 sudjelovali su u nedjelju u Dragama kod Pako\u0161tana na utrci 9. kola XCZLD-a u organizaciji na\u0161ih prijatelja iz BBK Pako\u0161tane, i to u dvije utrke: u glavnoj utrci XCO Kamena i dje\u010djoj utrci XCO Mala Kamena. Na\u0161i najmla\u0111i biciklisti su i ovaj put bili odli\u010dni. Jure Vi\u0161tica zlatni u kategoriji do [&hellip;]\" \/>\n<meta property=\"og:url\" content=\"https:\/\/likemetkovic.hr\/bk-metkovic-nasi-najmladi-biciklisti-opet-osvajaju-odlicja-ovoga-puta-u-pakostanima\/\" \/>\n<meta property=\"og:site_name\" content=\"likemetkovic.hr\" \/>\n<meta property=\"article:publisher\" content=\"https:\/\/www.facebook.com\/likemetkovic.hr\/\" \/>\n<meta property=\"article:published_time\" content=\"2019-02-12T09:02:53+00:00\" \/>\n<meta property=\"article:modified_time\" content=\"2019-02-12T09:05:54+00:00\" \/>\n<meta property=\"og:image\" content=\"https:\/\/likemetkovic.hr\/wp-content\/uploads\/2019\/02\/biciklisti\u010dki-klub-metkovi\u0107-pako\u0161tane_edited.jpg\" \/>\n\t<meta property=\"og:image:width\" content=\"800\" \/>\n\t<meta property=\"og:image:height\" content=\"534\" \/>\n\t<meta property=\"og:image:type\" content=\"image\/jpeg\" \/>\n<meta name=\"author\" content=\"LIKEmetkovic.hr\" \/>\n<meta name=\"twitter:card\" content=\"summary_large_image\" \/>\n<meta name=\"twitter:label1\" content=\"Napisao\/la\" \/>\n\t<meta name=\"twitter:data1\" content=\"LIKEmetkovic.hr\" \/>\n\t<meta name=\"twitter:label2\" content=\"Procijenjeno vrijeme \u010ditanja\" \/>\n\t<meta name=\"twitter:data2\" content=\"1 minuta\" \/>\n<script type=\"application\/ld+json\" class=\"yoast-schema-graph\">{\"@context\":\"https:\/\/schema.org\",\"@graph\":[{\"@type\":\"WebPage\",\"@id\":\"https:\/\/likemetkovic.hr\/bk-metkovic-nasi-najmladi-biciklisti-opet-osvajaju-odlicja-ovoga-puta-u-pakostanima\/\",\"url\":\"https:\/\/likemetkovic.hr\/bk-metkovic-nasi-najmladi-biciklisti-opet-osvajaju-odlicja-ovoga-puta-u-pakostanima\/\",\"name\":\"BK METKOVI\u0106 | Na\u0161i najmla\u0111i biciklisti opet osvajaju odli\u010dja, ovoga puta u Pako\u0161tanima - likemetkovic.hr\",\"isPartOf\":{\"@id\":\"https:\/\/likemetkovic.hr\/#website\"},\"primaryImageOfPage\":{\"@id\":\"https:\/\/likemetkovic.hr\/bk-metkovic-nasi-najmladi-biciklisti-opet-osvajaju-odlicja-ovoga-puta-u-pakostanima\/#primaryimage\"},\"image\":{\"@id\":\"https:\/\/likemetkovic.hr\/bk-metkovic-nasi-najmladi-biciklisti-opet-osvajaju-odlicja-ovoga-puta-u-pakostanima\/#primaryimage\"},\"thumbnailUrl\":\"https:\/\/likemetkovic.hr\/portal\/wp-content\/uploads\/2019\/02\/biciklisti\u010dki-klub-metkovi\u0107-pako\u0161tane_edited.jpg\",\"datePublished\":\"2019-02-12T09:02:53+00:00\",\"dateModified\":\"2019-02-12T09:05:54+00:00\",\"author\":{\"@id\":\"https:\/\/likemetkovic.hr\/#\/schema\/person\/a42711f3385a0e2be6f7e0443bfb28f0\"},\"breadcrumb\":{\"@id\":\"https:\/\/likemetkovic.hr\/bk-metkovic-nasi-najmladi-biciklisti-opet-osvajaju-odlicja-ovoga-puta-u-pakostanima\/#breadcrumb\"},\"inLanguage\":\"hr\",\"potentialAction\":[{\"@type\":\"ReadAction\",\"target\":[\"https:\/\/likemetkovic.hr\/bk-metkovic-nasi-najmladi-biciklisti-opet-osvajaju-odlicja-ovoga-puta-u-pakostanima\/\"]}]},{\"@type\":\"ImageObject\",\"inLanguage\":\"hr\",\"@id\":\"https:\/\/likemetkovic.hr\/bk-metkovic-nasi-najmladi-biciklisti-opet-osvajaju-odlicja-ovoga-puta-u-pakostanima\/#primaryimage\",\"url\":\"https:\/\/likemetkovic.hr\/portal\/wp-content\/uploads\/2019\/02\/biciklisti\u010dki-klub-metkovi\u0107-pako\u0161tane_edited.jpg\",\"contentUrl\":\"https:\/\/likemetkovic.hr\/portal\/wp-content\/uploads\/2019\/02\/biciklisti\u010dki-klub-metkovi\u0107-pako\u0161tane_edited.jpg\",\"width\":800,\"height\":534},{\"@type\":\"BreadcrumbList\",\"@id\":\"https:\/\/likemetkovic.hr\/bk-metkovic-nasi-najmladi-biciklisti-opet-osvajaju-odlicja-ovoga-puta-u-pakostanima\/#breadcrumb\",\"itemListElement\":[{\"@type\":\"ListItem\",\"position\":1,\"name\":\"Po\u010detna stranica\",\"item\":\"https:\/\/likemetkovic.hr\/portal\/\"},{\"@type\":\"ListItem\",\"position\":2,\"name\":\"BK METKOVI\u0106 | Na\u0161i najmla\u0111i biciklisti opet osvajaju odli\u010dja, ovoga puta u Pako\u0161tanima\"}]},{\"@type\":\"WebSite\",\"@id\":\"https:\/\/likemetkovic.hr\/#website\",\"url\":\"https:\/\/likemetkovic.hr\/\",\"name\":\"likemetkovic.hr\",\"description\":\"Misli pozitivno... \u010ditaj LIKE\",\"potentialAction\":[{\"@type\":\"SearchAction\",\"target\":{\"@type\":\"EntryPoint\",\"urlTemplate\":\"https:\/\/likemetkovic.hr\/?s={search_term_string}\"},\"query-input\":{\"@type\":\"PropertyValueSpecification\",\"valueRequired\":true,\"valueName\":\"search_term_string\"}}],\"inLanguage\":\"hr\"},{\"@type\":\"Person\",\"@id\":\"https:\/\/likemetkovic.hr\/#\/schema\/person\/a42711f3385a0e2be6f7e0443bfb28f0\",\"name\":\"LIKEmetkovic.hr\",\"sameAs\":[\"http:\/\/likemetkovic.hr\"],\"url\":\"https:\/\/likemetkovic.hr\/portal\/author\/likemetkovic-hr\/\"}]}<\/script>\n<!-- \/ Yoast SEO plugin. -->","yoast_head_json":{"title":"BK METKOVI\u0106 | Na\u0161i najmla\u0111i biciklisti opet osvajaju odli\u010dja, ovoga puta u Pako\u0161tanima - likemetkovic.hr","robots":{"index":"index","follow":"follow","max-snippet":"max-snippet:-1","max-image-preview":"max-image-preview:large","max-video-preview":"max-video-preview:-1"},"canonical":"https:\/\/likemetkovic.hr\/bk-metkovic-nasi-najmladi-biciklisti-opet-osvajaju-odlicja-ovoga-puta-u-pakostanima\/","og_locale":"hr_HR","og_type":"article","og_title":"BK METKOVI\u0106 | Na\u0161i najmla\u0111i biciklisti opet osvajaju odli\u010dja, ovoga puta u Pako\u0161tanima - likemetkovic.hr","og_description":"Biciklisti iz BK Metkovi\u0107 sudjelovali su u nedjelju u Dragama kod Pako\u0161tana na utrci 9. kola XCZLD-a u organizaciji na\u0161ih prijatelja iz BBK Pako\u0161tane, i to u dvije utrke: u glavnoj utrci XCO Kamena i dje\u010djoj utrci XCO Mala Kamena. Na\u0161i najmla\u0111i biciklisti su i ovaj put bili odli\u010dni. Jure Vi\u0161tica zlatni u kategoriji do [&hellip;]","og_url":"https:\/\/likemetkovic.hr\/bk-metkovic-nasi-najmladi-biciklisti-opet-osvajaju-odlicja-ovoga-puta-u-pakostanima\/","og_site_name":"likemetkovic.hr","article_publisher":"https:\/\/www.facebook.com\/likemetkovic.hr\/","article_published_time":"2019-02-12T09:02:53+00:00","article_modified_time":"2019-02-12T09:05:54+00:00","og_image":[{"width":800,"height":534,"url":"https:\/\/likemetkovic.hr\/wp-content\/uploads\/2019\/02\/biciklisti\u010dki-klub-metkovi\u0107-pako\u0161tane_edited.jpg","type":"image\/jpeg"}],"author":"LIKEmetkovic.hr","twitter_card":"summary_large_image","twitter_misc":{"Napisao\/la":"LIKEmetkovic.hr","Procijenjeno vrijeme \u010ditanja":"1 minuta"},"schema":{"@context":"https:\/\/schema.org","@graph":[{"@type":"WebPage","@id":"https:\/\/likemetkovic.hr\/bk-metkovic-nasi-najmladi-biciklisti-opet-osvajaju-odlicja-ovoga-puta-u-pakostanima\/","url":"https:\/\/likemetkovic.hr\/bk-metkovic-nasi-najmladi-biciklisti-opet-osvajaju-odlicja-ovoga-puta-u-pakostanima\/","name":"BK METKOVI\u0106 | Na\u0161i najmla\u0111i biciklisti opet osvajaju odli\u010dja, ovoga puta u Pako\u0161tanima - likemetkovic.hr","isPartOf":{"@id":"https:\/\/likemetkovic.hr\/#website"},"primaryImageOfPage":{"@id":"https:\/\/likemetkovic.hr\/bk-metkovic-nasi-najmladi-biciklisti-opet-osvajaju-odlicja-ovoga-puta-u-pakostanima\/#primaryimage"},"image":{"@id":"https:\/\/likemetkovic.hr\/bk-metkovic-nasi-najmladi-biciklisti-opet-osvajaju-odlicja-ovoga-puta-u-pakostanima\/#primaryimage"},"thumbnailUrl":"https:\/\/likemetkovic.hr\/portal\/wp-content\/uploads\/2019\/02\/biciklisti\u010dki-klub-metkovi\u0107-pako\u0161tane_edited.jpg","datePublished":"2019-02-12T09:02:53+00:00","dateModified":"2019-02-12T09:05:54+00:00","author":{"@id":"https:\/\/likemetkovic.hr\/#\/schema\/person\/a42711f3385a0e2be6f7e0443bfb28f0"},"breadcrumb":{"@id":"https:\/\/likemetkovic.hr\/bk-metkovic-nasi-najmladi-biciklisti-opet-osvajaju-odlicja-ovoga-puta-u-pakostanima\/#breadcrumb"},"inLanguage":"hr","potentialAction":[{"@type":"ReadAction","target":["https:\/\/likemetkovic.hr\/bk-metkovic-nasi-najmladi-biciklisti-opet-osvajaju-odlicja-ovoga-puta-u-pakostanima\/"]}]},{"@type":"ImageObject","inLanguage":"hr","@id":"https:\/\/likemetkovic.hr\/bk-metkovic-nasi-najmladi-biciklisti-opet-osvajaju-odlicja-ovoga-puta-u-pakostanima\/#primaryimage","url":"https:\/\/likemetkovic.hr\/portal\/wp-content\/uploads\/2019\/02\/biciklisti\u010dki-klub-metkovi\u0107-pako\u0161tane_edited.jpg","contentUrl":"https:\/\/likemetkovic.hr\/portal\/wp-content\/uploads\/2019\/02\/biciklisti\u010dki-klub-metkovi\u0107-pako\u0161tane_edited.jpg","width":800,"height":534},{"@type":"BreadcrumbList","@id":"https:\/\/likemetkovic.hr\/bk-metkovic-nasi-najmladi-biciklisti-opet-osvajaju-odlicja-ovoga-puta-u-pakostanima\/#breadcrumb","itemListElement":[{"@type":"ListItem","position":1,"name":"Po\u010detna stranica","item":"https:\/\/likemetkovic.hr\/portal\/"},{"@type":"ListItem","position":2,"name":"BK METKOVI\u0106 | Na\u0161i najmla\u0111i biciklisti opet osvajaju odli\u010dja, ovoga puta u Pako\u0161tanima"}]},{"@type":"WebSite","@id":"https:\/\/likemetkovic.hr\/#website","url":"https:\/\/likemetkovic.hr\/","name":"likemetkovic.hr","description":"Misli pozitivno... \u010ditaj LIKE","potentialAction":[{"@type":"SearchAction","target":{"@type":"EntryPoint","urlTemplate":"https:\/\/likemetkovic.hr\/?s={search_term_string}"},"query-input":{"@type":"PropertyValueSpecification","valueRequired":true,"valueName":"search_term_string"}}],"inLanguage":"hr"},{"@type":"Person","@id":"https:\/\/likemetkovic.hr\/#\/schema\/person\/a42711f3385a0e2be6f7e0443bfb28f0","name":"LIKEmetkovic.hr","sameAs":["http:\/\/likemetkovic.hr"],"url":"https:\/\/likemetkovic.hr\/portal\/author\/likemetkovic-hr\/"}]}},"_links":{"self":[{"href":"https:\/\/likemetkovic.hr\/portal\/wp-json\/wp\/v2\/posts\/75353","targetHints":{"allow":["GET"]}}],"collection":[{"href":"https:\/\/likemetkovic.hr\/portal\/wp-json\/wp\/v2\/posts"}],"about":[{"href":"https:\/\/likemetkovic.hr\/portal\/wp-json\/wp\/v2\/types\/post"}],"author":[{"embeddable":true,"href":"https:\/\/likemetkovic.hr\/portal\/wp-json\/wp\/v2\/users\/7"}],"replies":[{"embeddable":true,"href":"https:\/\/likemetkovic.hr\/portal\/wp-json\/wp\/v2\/comments?post=75353"}],"version-history":[{"count":0,"href":"https:\/\/likemetkovic.hr\/portal\/wp-json\/wp\/v2\/posts\/75353\/revisions"}],"wp:featuredmedia":[{"embeddable":true,"href":"https:\/\/likemetkovic.hr\/portal\/wp-json\/wp\/v2\/media\/75356"}],"wp:attachment":[{"href":"https:\/\/likemetkovic.hr\/portal\/wp-json\/wp\/v2\/media?parent=75353"}],"wp:term":[{"taxonomy":"category","embeddable":true,"href":"https:\/\/likemetkovic.hr\/portal\/wp-json\/wp\/v2\/categories?post=75353"},{"taxonomy":"post_tag","embeddable":true,"href":"https:\/\/likemetkovic.hr\/portal\/wp-json\/wp\/v2\/tags?post=75353"}],"curies":[{"name":"wp","href":"https:\/\/api.w.org\/{rel}","templated":true}]}}