{"id":77231,"date":"2019-03-11T14:31:05","date_gmt":"2019-03-11T13:31:05","guid":{"rendered":"https:\/\/likemetkovic.hr\/?p=77231"},"modified":"2019-03-11T15:53:07","modified_gmt":"2019-03-11T14:53:07","slug":"vijecnicka-pitanja-tragedija-u-metkovicu-u-sredistu-paznje","status":"publish","type":"post","link":"https:\/\/likemetkovic.hr\/portal\/vijecnicka-pitanja-tragedija-u-metkovicu-u-sredistu-paznje\/","title":{"rendered":"VIJE\u0106NI\u010cKA PITANJA: Tragedija u Metkovi\u0107u u sredi\u0161tu pa\u017enje"},"content":{"rendered":"<div class=\"kratki_text_tm\">\n<p>Vije\u0107ni\u010dkim pitanjima zapo\u010dela je sjednica \u017dupanijske skup\u0161tine. Nazo\u010dno je 37 od 45 \u017eupanijskih vije\u0107nika. Pitanja su na po\u010detku sjednice uglavnom bila vezana za Metkovi\u0107, dnevnu bolnicu i rokove izgradnje iste, kao i za odgovornost za smrt malog Gabrijela. \u017dupan je odgovorio kako io odgovornosti za tragediju u Neretvi ne mo\u017ee govoriti prije nego \u0161to stru\u010dnjaci daju svoje nalaze, prenosi <a href=\"http:\/\/mobile.dubrovniknet.hr\/novost.php?id=67435#.XIZjOChKjIV\" target=\"_blank\" rel=\"noopener noreferrer\">DubrovnikNet<\/a>.<\/p>\n<\/div>\n<div class=\"tekst\">\n<p><strong>Marinko Pa\u017ein (HSP AS)<\/strong> pitao je \u017eupana \u0161to je dogovorio za dnevnu bolnicu u Metkovi\u0107u, kao i gdje \u0107e se ulagati sredstva 400 milijardi nepovratnih ulaganja u more i infrastrukturu, koja su na raspolaganju iz EU fondova.<\/p>\n<p>\u017dupan je odgovorio kako Vlada ide u susret jedinicama lokalne i regionalne samouprave pa je do\u0161ao na red i Dubrovnik. &#8220;Obuhva\u0107ene su luke Vela Luka, Perna, Pola\u010di\u0161te, Puntin, Donje \u010celo i jedan projekt u Luci Plo\u010de. Treba spomenutio i navodnjavanje Donje neretve i Centar za gospodarenje otpadom&#8230;&#8221; kazao je \u017eupan te dodao kako je u to uklju\u010dena i dnevna bolnica u Metkovi\u0107u za koju je kazao da ima gra\u0111evinsku dozvolu i da se o\u010dekuje vrlo brzo raspisivanje javnog natje\u010daja.<\/p>\n<p>&#8220;Nemili doga\u0111aj koji se dogodio u Metkovi\u0107u pokazuje da nikad nije dovoljno ulaganja u zdravstvenu za\u0161titu. Zaklju\u010dili smo zajedno sa svim zainteresiranim stranama da se ide u nabavku dodatne medicinske opreme, koje \u0107e sufinancirati Grad Metkovi\u0107. Organizirat \u0107emo stalno de\u017eurstvo u Opuzenu, a slijedom novog zakona koji predvi\u0111a dva de\u017eurstva jedno \u0107e biti u Opuzenu, a drugo u Kor\u010duli&#8221;, kazao je \u017eupan i dodao kako \u0107e specijalisti iz OB po\u010deti dolaziti u Dom zdravlja Metkovi\u0107, kao priprema za otvaranje dnevne bolnice.<\/p>\n<p>&#8211; Pitam \u017eupana i stru\u010dne slu\u017ebe kad \u0107e uskladiti Poslovnik \u017dupanijske skup\u0161tine s novim Zakonom o lokalnoj upravi? Drugo pitam smatra li se \u017dupanija kao osniva\u010d smatra odgovornim za smrt djeteta na hitnom medicinskom prijemu i tre\u0107e pitanja kada \u0107emo dobiti gra\u0111evinsku dozvolu za Centar za gospodarenje otpadom?, pitao je vije\u0107nik<strong>\u00a0Ivo \u017duvela (SDP).<\/strong><\/p>\n<p>&#8211; Poslovnik \u0107emo promijeniti, ako ima potrebe. \u0160to se ti\u010de tragi\u010dnog doga\u0111aja u Metkovi\u0107u nije dobro donositi preuranjene zaklju\u010dke. Pri\u010dekajmo nalaze stru\u010dnih tijela i ne\u0107emo to raditi, odgovorio je na pitanja Dobroslavi\u0107.<\/p>\n<p>O dozvoli za Centar kazao je kako lokacijsku dozvolu o\u010dekuju vrlo skoro za oko mjesec dana.<\/p>\n<p><strong>Pero Jerkovi\u0107 (MOST)<\/strong> kazao je kako je smrt Gabrijela Bebi\u0107a produkt sustavne nebrige o Domu zdravlja Metkovi\u0107. &#8220;Gra\u0111ani su zabrinuti jer osoba koja vodi laboratorij uskoro ide u mirovinu. \u017dupane, dajte nam datum kada \u0107e biti Dnevna bolnica, ona je prema ministru bila gotova stvar jo\u0161 prije dvije godine! \u0160to je s hitnim izvanbolni\u010dkim prijemom koji je obe\u0107avan jo\u0161 od vremena Ratne bolnice u Metkovi\u0107u? Ako \u017dupanija nema novaca, neka se odrekne upravljanja zdravstvenim ustanovama?&#8221;,pitao je.<\/p>\n<p>&#8220;Vi se koristite smr\u0107u djeteta, kako bi napadali \u017dupaniju, to Vam nije dobro, nemojte to raditi. Radimo na vanbolni\u010dkom prijemu. Nije ministar optu\u017eio \u017eupaniju \u0161to dnevna bolnica nije gotova. Tragi\u010dna situacija se dogodila, ali nemojmo se u ovoj situaciji koristiti niskim udarcima&#8221;, odgovorio je \u017eupan.<\/p>\n<p>Na to je Jerkovi\u0107 kazao da je htio skupljati populisti\u010dke probleme da je to mogao raditi na pro\u0161loj sjednici koja se odr\u017eala dva dana nakon smrti djeteta. Dodao je kako je sam ministar kazao kako je projekt predimenzioniran. To su rije\u010di ministra, provjerite. Sakrivate se kad je u pitanju zdravstvo ve\u0107 te\u0107i mandat, a ja ovdje govorim kao vije\u0107nik i kao gra\u0111anin, otac \u010detvero djece.<\/p>\n<p><strong>Ante Dami\u0107 (HDZ)\u00a0<\/strong>je pitao koje su to projekte u \u017dupaniji ostvarili kao najuspje\u0161nija \u017eupanija u privla\u010denju EU sredstava. Pitao je i ho\u0107e li Pelje\u0161ki most biti izgra\u0111en prije pristupnih cesta.<\/p>\n<p>&#8220;Mi smo progla\u0161eni od HGK najuspje\u0161nijom \u017eupanijom u privla\u010denju sredstava. Radi se o 4.5 milijarde, koje koristimo. \u0160to se ti\u010de Pelje\u0161kog mosta, cijeli je projekt podijeljen u tri faze. Pro\u0161ao je natje\u010daj za drugu fazu, prva se ve\u0107 gradi, a tre\u0107a i \u010detvrta faza su u natje\u010daju. Vjerujemo da \u0107e ceste i most biti izgra\u0111eni istodobno i da ceste ne\u0107e kasniti&#8221;, odgovorio je Dobroslavi\u0107.<\/p>\n<p><strong>Marko Gilja\u010da (SJG)<\/strong> pitao je je li \u017eupanija u sklopu izgradnje Centra za gospodarenje otpadom, Lu\u010devo razdolje predvidila i centar za purifikaciju \u0161koljki? Pitao je \u0161to za ovaj ekosistem Malostonskog zaljeva zna\u010di zaga\u0111enje iz Centra te ho\u0107e li preuzeti odgovornost za to zaga\u0111enje? Naveo je mi\u0161ljenje znanstvenika koji smatraju da \u0107e izgradnja ovog centra, kao i turisti\u010dka izgradnja itekako utjecati na Malostonski zaljev. &#8220;Imat \u0107emo apsurdnu situaciju da \u0107emo<strong> pla\u0107ati najskuplji odvoz sme\u0107a<\/strong>, a jo\u0161 \u0107emo to pla\u0107ati i zaga\u0111enjem Malostonskog zaljeva&#8221;, kazao je Gilja\u010da.<\/p>\n<p>&#8220;\u017dupan je odgovorio kako smatra da je zaga\u0111enje u Malostonskom zaljevu nije dobro i po svemu sude\u0107i je rezultat neodgovaraju\u0107e odvodnje, no \u010dudno mu je da se Centar i turisti\u010dka izgradnja koje se nisu ni dogodile imaju veze s ovim zaga\u0111enjem. Kazao je da centar za pro\u010di\u0161\u0107avanje \u0161koljaka nije vezan za Centar za otpad i da \u0107e se on vjerojatno napraviti, ali s tim \u017dupanija nema veze. Kazao je kako je projekt centra pro\u0161ao sve procedure, kao i studiju utjecaja na okoli\u0161, koja ka\u017ee da zaga\u0111enja ne\u0107e biti. Ja nemam razloga sumnjati u to&#8221;, kazao je \u017eupan dodaju\u0107i da vjeruje u struku.<\/p>\n<p><strong>Vije\u0107nica Kristina \u010cur\u010dija (SDP)\u00a0<\/strong>vratila se na temu Metkovi\u0107a, koja je zbog osobnih razloga posebno osjetljiva na ovaj slu\u010daj.<\/p>\n<p>&#8220;Kad je kasno vidimo gre\u0161ke pa se sustav poku\u0161ava prilagoditiu na\u0161oj \u017eupaniji gdje to nije lako zbog granica i tako dalje. &#8220;Jeste li \u017eupane razmi\u0161ljali o sporazumu s bolnicom u Mostaru kojoj je Vlada RH dala 40 milijuna kuna, je li rje\u0161enje u bilateralnom sporazumu koji bi omogu\u0107io stanovnicima Neretve da u 20 minuta stignu u bolnicu u Mostaru? Drugo pitanje je kako mislite zgradom na Medarevu rije\u0161iti stambeno pitanje mladih lije\u010dnika i tre\u0107e \u0161to se doga\u0111a s HE Plat, nesre\u0107i koja se dogodila u \u017dupaniji, a o njoj vlada muk.&#8221;, pitala je \u010cur\u010dija.<\/p>\n<p>&#8220;<strong>Ne mo\u017eemo organizirati 24-satno de\u017euranje laboratorija u Neretvi<\/strong>, ali \u0107emo nabaviti aparate za analizu krvi za pojedine ordinacije, ali problem je Pravilnik koji ne predvi\u0111a takvo rje\u0161enje. Jedno od mogu\u0107ih rje\u0161enja je suradnja OB Mostar. Potrebno je regulirati prijevoz pacijenata i druge formalnosti koje postoje. Stambena zgrada je jedan od na\u010dina kako poku\u0161avamo s Gradom rije\u0161iti pitanje stanovanja lije\u010dnika. HE Plat nije u na\u0161oj nadle\u017enosti&#8221;, odgovorio je \u017eupan.<\/p>\n<p><strong>Nikola Grmoja (MOST)\u00a0<\/strong><\/p>\n<p>&#8220;Tema je ista, stanje zdravstvene skrbi u dolini Neretve. Vi ste ti koji ste odgovorni za stanje zdravstva, ne za tragediju. Stanje zdravstva u Neretvi jest va\u0161a odgovornos, \u017eupane. Ministar je optu\u017eio Vas da ste predimenzionirali projekt dnevne bolnice i da zbog toga projekt kasni. Govorilo se o lo\u0161em stanju u metkovskom Domu zdranja u biv\u0161em mandatu na svakoj sjednici, a \u017ealosno je da se treba dogoditi tragedija da bi se ne\u0161to promijenilo. Postavio bih Vam pitanje oko vodoopskrbe Metkovi\u0107a. <strong>Izvori\u0161te Doljani<\/strong> se treba predati Op\u0107ini \u010capljina, a sva sredstva za izgradnju dao je Metkovi\u0107. \u010cini mi se da sve ide u smjeru da Metkovi\u0107 preda izvori\u0161te, a da mi 6 puta skuplje pla\u0107amo vodu&#8221;, kazao je Grmoja.<\/p>\n<p>&#8220;Ne bih ulazio u odgovornost&#8221;, kazao je \u017eupan u odgovoru na prvo Grmojino pitanje, a dodao je kako je pitanje izvori\u0161ta pitanje Grada Metkovi\u0107a.<\/p>\n<p><strong>Alan Farac (HDZ)<\/strong>\u00a0je pitao mo\u017ee li se u sklopu pastoralnog centra u Kor\u010duli izgraditi u\u010deni\u010dki dom, koji bi oto\u010danima (Mljet, Pelje\u0161ac, Lastovo) omogu\u0107io nastavak \u0161kolovanja u Kor\u010duli? Pitao je i za vatrogasni brod je li on namijenjen samo Mljetu i mogu li se nabaviti takvi brodovi i za druge otoke?<\/p>\n<p>\u017dupan je odgovorio kako je u prora\u010dunu osiguran 1,5 milijuna kuna za takav dom. &#8220;Vjerujem da \u0107e ugovor za izgradnju doma biti potpisan brzo i nadam se \u0161to prije bio spreman za primiti u\u010denike&#8221;, kazao je Dobroslavi\u0107, dodaju\u0107i kako se radi na boljoj povezanosti Kor\u010dule i Lastova.<\/p>\n<p>Za vatrogasni brod kazao je kako je brod sad na kori\u0161tenju JVP Mljet, ali na korist svima u akvatoriju na za\u0161titi od po\u017eara i saniranju mogu\u0107ih zaga\u0111enja, a dodao je kako \u0107e uskoro sti\u0107i i gradski dubrova\u010dki brod, a mo\u017eda i jo\u0161 jedan uskoro stigne.<\/p>\n<div style=\"text-align: left;\" align=\"right\">Pi\u0161e: K. Fiorovi\u0107\/DubrovnikNet<br \/>\nFoto: DN\u017d<\/div>\n<\/div>\n","protected":false},"excerpt":{"rendered":"<p>Vije\u0107ni\u010dkim pitanjima zapo\u010dela je sjednica \u017dupanijske skup\u0161tine. Nazo\u010dno je 37 od 45 \u017eupanijskih vije\u0107nika. Pitanja su na po\u010detku sjednice uglavnom bila vezana za Metkovi\u0107, dnevnu bolnicu i rokove izgradnje iste, kao i za odgovornost za smrt malog Gabrijela. \u017dupan je odgovorio kako io odgovornosti za tragediju u Neretvi ne mo\u017ee govoriti prije nego \u0161to stru\u010dnjaci [&hellip;]<\/p>\n","protected":false},"author":7,"featured_media":77232,"comment_status":"open","ping_status":"open","sticky":false,"template":"","format":"standard","meta":{"footnotes":""},"categories":[283,1,300],"tags":[2708],"class_list":{"0":"post-77231","1":"post","2":"type-post","3":"status-publish","4":"format-standard","5":"has-post-thumbnail","7":"category-a","8":"category-nekategorizirano","9":"category-zupanija","10":"tag-zupanijska-skupstina"},"yoast_head":"<!-- This site is optimized with the Yoast SEO plugin v25.2 - https:\/\/yoast.com\/wordpress\/plugins\/seo\/ -->\n<title>VIJE\u0106NI\u010cKA PITANJA: Tragedija u Metkovi\u0107u u sredi\u0161tu pa\u017enje - likemetkovic.hr<\/title>\n<meta name=\"robots\" content=\"index, follow, max-snippet:-1, max-image-preview:large, max-video-preview:-1\" \/>\n<link rel=\"canonical\" href=\"https:\/\/likemetkovic.hr\/vijecnicka-pitanja-tragedija-u-metkovicu-u-sredistu-paznje\/\" \/>\n<meta property=\"og:locale\" content=\"hr_HR\" \/>\n<meta property=\"og:type\" content=\"article\" \/>\n<meta property=\"og:title\" content=\"VIJE\u0106NI\u010cKA PITANJA: Tragedija u Metkovi\u0107u u sredi\u0161tu pa\u017enje - likemetkovic.hr\" \/>\n<meta property=\"og:description\" content=\"Vije\u0107ni\u010dkim pitanjima zapo\u010dela je sjednica \u017dupanijske skup\u0161tine. Nazo\u010dno je 37 od 45 \u017eupanijskih vije\u0107nika. Pitanja su na po\u010detku sjednice uglavnom bila vezana za Metkovi\u0107, dnevnu bolnicu i rokove izgradnje iste, kao i za odgovornost za smrt malog Gabrijela. \u017dupan je odgovorio kako io odgovornosti za tragediju u Neretvi ne mo\u017ee govoriti prije nego \u0161to stru\u010dnjaci [&hellip;]\" \/>\n<meta property=\"og:url\" content=\"https:\/\/likemetkovic.hr\/vijecnicka-pitanja-tragedija-u-metkovicu-u-sredistu-paznje\/\" \/>\n<meta property=\"og:site_name\" content=\"likemetkovic.hr\" \/>\n<meta property=\"article:publisher\" content=\"https:\/\/www.facebook.com\/likemetkovic.hr\/\" \/>\n<meta property=\"article:published_time\" content=\"2019-03-11T13:31:05+00:00\" \/>\n<meta property=\"article:modified_time\" content=\"2019-03-11T14:53:07+00:00\" \/>\n<meta property=\"og:image\" content=\"https:\/\/likemetkovic.hr\/wp-content\/uploads\/2019\/03\/\u017eupanijska-skup\u0161tina.jpg\" \/>\n\t<meta property=\"og:image:width\" content=\"1200\" \/>\n\t<meta property=\"og:image:height\" content=\"800\" \/>\n\t<meta property=\"og:image:type\" content=\"image\/jpeg\" \/>\n<meta name=\"author\" content=\"LIKEmetkovic.hr\" \/>\n<meta name=\"twitter:card\" content=\"summary_large_image\" \/>\n<meta name=\"twitter:label1\" content=\"Napisao\/la\" \/>\n\t<meta name=\"twitter:data1\" content=\"LIKEmetkovic.hr\" \/>\n\t<meta name=\"twitter:label2\" content=\"Procijenjeno vrijeme \u010ditanja\" \/>\n\t<meta name=\"twitter:data2\" content=\"7 minuta\" \/>\n<script type=\"application\/ld+json\" class=\"yoast-schema-graph\">{\"@context\":\"https:\/\/schema.org\",\"@graph\":[{\"@type\":\"WebPage\",\"@id\":\"https:\/\/likemetkovic.hr\/vijecnicka-pitanja-tragedija-u-metkovicu-u-sredistu-paznje\/\",\"url\":\"https:\/\/likemetkovic.hr\/vijecnicka-pitanja-tragedija-u-metkovicu-u-sredistu-paznje\/\",\"name\":\"VIJE\u0106NI\u010cKA PITANJA: Tragedija u Metkovi\u0107u u sredi\u0161tu pa\u017enje - likemetkovic.hr\",\"isPartOf\":{\"@id\":\"https:\/\/likemetkovic.hr\/#website\"},\"primaryImageOfPage\":{\"@id\":\"https:\/\/likemetkovic.hr\/vijecnicka-pitanja-tragedija-u-metkovicu-u-sredistu-paznje\/#primaryimage\"},\"image\":{\"@id\":\"https:\/\/likemetkovic.hr\/vijecnicka-pitanja-tragedija-u-metkovicu-u-sredistu-paznje\/#primaryimage\"},\"thumbnailUrl\":\"https:\/\/likemetkovic.hr\/portal\/wp-content\/uploads\/2019\/03\/\u017eupanijska-skup\u0161tina.jpg\",\"datePublished\":\"2019-03-11T13:31:05+00:00\",\"dateModified\":\"2019-03-11T14:53:07+00:00\",\"author\":{\"@id\":\"https:\/\/likemetkovic.hr\/#\/schema\/person\/a42711f3385a0e2be6f7e0443bfb28f0\"},\"breadcrumb\":{\"@id\":\"https:\/\/likemetkovic.hr\/vijecnicka-pitanja-tragedija-u-metkovicu-u-sredistu-paznje\/#breadcrumb\"},\"inLanguage\":\"hr\",\"potentialAction\":[{\"@type\":\"ReadAction\",\"target\":[\"https:\/\/likemetkovic.hr\/vijecnicka-pitanja-tragedija-u-metkovicu-u-sredistu-paznje\/\"]}]},{\"@type\":\"ImageObject\",\"inLanguage\":\"hr\",\"@id\":\"https:\/\/likemetkovic.hr\/vijecnicka-pitanja-tragedija-u-metkovicu-u-sredistu-paznje\/#primaryimage\",\"url\":\"https:\/\/likemetkovic.hr\/portal\/wp-content\/uploads\/2019\/03\/\u017eupanijska-skup\u0161tina.jpg\",\"contentUrl\":\"https:\/\/likemetkovic.hr\/portal\/wp-content\/uploads\/2019\/03\/\u017eupanijska-skup\u0161tina.jpg\",\"width\":1200,\"height\":800},{\"@type\":\"BreadcrumbList\",\"@id\":\"https:\/\/likemetkovic.hr\/vijecnicka-pitanja-tragedija-u-metkovicu-u-sredistu-paznje\/#breadcrumb\",\"itemListElement\":[{\"@type\":\"ListItem\",\"position\":1,\"name\":\"Po\u010detna stranica\",\"item\":\"https:\/\/likemetkovic.hr\/portal\/\"},{\"@type\":\"ListItem\",\"position\":2,\"name\":\"VIJE\u0106NI\u010cKA PITANJA: Tragedija u Metkovi\u0107u u sredi\u0161tu pa\u017enje\"}]},{\"@type\":\"WebSite\",\"@id\":\"https:\/\/likemetkovic.hr\/#website\",\"url\":\"https:\/\/likemetkovic.hr\/\",\"name\":\"likemetkovic.hr\",\"description\":\"Misli pozitivno... \u010ditaj LIKE\",\"potentialAction\":[{\"@type\":\"SearchAction\",\"target\":{\"@type\":\"EntryPoint\",\"urlTemplate\":\"https:\/\/likemetkovic.hr\/?s={search_term_string}\"},\"query-input\":{\"@type\":\"PropertyValueSpecification\",\"valueRequired\":true,\"valueName\":\"search_term_string\"}}],\"inLanguage\":\"hr\"},{\"@type\":\"Person\",\"@id\":\"https:\/\/likemetkovic.hr\/#\/schema\/person\/a42711f3385a0e2be6f7e0443bfb28f0\",\"name\":\"LIKEmetkovic.hr\",\"sameAs\":[\"http:\/\/likemetkovic.hr\"],\"url\":\"https:\/\/likemetkovic.hr\/portal\/author\/likemetkovic-hr\/\"}]}<\/script>\n<!-- \/ Yoast SEO plugin. -->","yoast_head_json":{"title":"VIJE\u0106NI\u010cKA PITANJA: Tragedija u Metkovi\u0107u u sredi\u0161tu pa\u017enje - likemetkovic.hr","robots":{"index":"index","follow":"follow","max-snippet":"max-snippet:-1","max-image-preview":"max-image-preview:large","max-video-preview":"max-video-preview:-1"},"canonical":"https:\/\/likemetkovic.hr\/vijecnicka-pitanja-tragedija-u-metkovicu-u-sredistu-paznje\/","og_locale":"hr_HR","og_type":"article","og_title":"VIJE\u0106NI\u010cKA PITANJA: Tragedija u Metkovi\u0107u u sredi\u0161tu pa\u017enje - likemetkovic.hr","og_description":"Vije\u0107ni\u010dkim pitanjima zapo\u010dela je sjednica \u017dupanijske skup\u0161tine. Nazo\u010dno je 37 od 45 \u017eupanijskih vije\u0107nika. Pitanja su na po\u010detku sjednice uglavnom bila vezana za Metkovi\u0107, dnevnu bolnicu i rokove izgradnje iste, kao i za odgovornost za smrt malog Gabrijela. \u017dupan je odgovorio kako io odgovornosti za tragediju u Neretvi ne mo\u017ee govoriti prije nego \u0161to stru\u010dnjaci [&hellip;]","og_url":"https:\/\/likemetkovic.hr\/vijecnicka-pitanja-tragedija-u-metkovicu-u-sredistu-paznje\/","og_site_name":"likemetkovic.hr","article_publisher":"https:\/\/www.facebook.com\/likemetkovic.hr\/","article_published_time":"2019-03-11T13:31:05+00:00","article_modified_time":"2019-03-11T14:53:07+00:00","og_image":[{"width":1200,"height":800,"url":"https:\/\/likemetkovic.hr\/wp-content\/uploads\/2019\/03\/\u017eupanijska-skup\u0161tina.jpg","type":"image\/jpeg"}],"author":"LIKEmetkovic.hr","twitter_card":"summary_large_image","twitter_misc":{"Napisao\/la":"LIKEmetkovic.hr","Procijenjeno vrijeme \u010ditanja":"7 minuta"},"schema":{"@context":"https:\/\/schema.org","@graph":[{"@type":"WebPage","@id":"https:\/\/likemetkovic.hr\/vijecnicka-pitanja-tragedija-u-metkovicu-u-sredistu-paznje\/","url":"https:\/\/likemetkovic.hr\/vijecnicka-pitanja-tragedija-u-metkovicu-u-sredistu-paznje\/","name":"VIJE\u0106NI\u010cKA PITANJA: Tragedija u Metkovi\u0107u u sredi\u0161tu pa\u017enje - likemetkovic.hr","isPartOf":{"@id":"https:\/\/likemetkovic.hr\/#website"},"primaryImageOfPage":{"@id":"https:\/\/likemetkovic.hr\/vijecnicka-pitanja-tragedija-u-metkovicu-u-sredistu-paznje\/#primaryimage"},"image":{"@id":"https:\/\/likemetkovic.hr\/vijecnicka-pitanja-tragedija-u-metkovicu-u-sredistu-paznje\/#primaryimage"},"thumbnailUrl":"https:\/\/likemetkovic.hr\/portal\/wp-content\/uploads\/2019\/03\/\u017eupanijska-skup\u0161tina.jpg","datePublished":"2019-03-11T13:31:05+00:00","dateModified":"2019-03-11T14:53:07+00:00","author":{"@id":"https:\/\/likemetkovic.hr\/#\/schema\/person\/a42711f3385a0e2be6f7e0443bfb28f0"},"breadcrumb":{"@id":"https:\/\/likemetkovic.hr\/vijecnicka-pitanja-tragedija-u-metkovicu-u-sredistu-paznje\/#breadcrumb"},"inLanguage":"hr","potentialAction":[{"@type":"ReadAction","target":["https:\/\/likemetkovic.hr\/vijecnicka-pitanja-tragedija-u-metkovicu-u-sredistu-paznje\/"]}]},{"@type":"ImageObject","inLanguage":"hr","@id":"https:\/\/likemetkovic.hr\/vijecnicka-pitanja-tragedija-u-metkovicu-u-sredistu-paznje\/#primaryimage","url":"https:\/\/likemetkovic.hr\/portal\/wp-content\/uploads\/2019\/03\/\u017eupanijska-skup\u0161tina.jpg","contentUrl":"https:\/\/likemetkovic.hr\/portal\/wp-content\/uploads\/2019\/03\/\u017eupanijska-skup\u0161tina.jpg","width":1200,"height":800},{"@type":"BreadcrumbList","@id":"https:\/\/likemetkovic.hr\/vijecnicka-pitanja-tragedija-u-metkovicu-u-sredistu-paznje\/#breadcrumb","itemListElement":[{"@type":"ListItem","position":1,"name":"Po\u010detna stranica","item":"https:\/\/likemetkovic.hr\/portal\/"},{"@type":"ListItem","position":2,"name":"VIJE\u0106NI\u010cKA PITANJA: Tragedija u Metkovi\u0107u u sredi\u0161tu pa\u017enje"}]},{"@type":"WebSite","@id":"https:\/\/likemetkovic.hr\/#website","url":"https:\/\/likemetkovic.hr\/","name":"likemetkovic.hr","description":"Misli pozitivno... \u010ditaj LIKE","potentialAction":[{"@type":"SearchAction","target":{"@type":"EntryPoint","urlTemplate":"https:\/\/likemetkovic.hr\/?s={search_term_string}"},"query-input":{"@type":"PropertyValueSpecification","valueRequired":true,"valueName":"search_term_string"}}],"inLanguage":"hr"},{"@type":"Person","@id":"https:\/\/likemetkovic.hr\/#\/schema\/person\/a42711f3385a0e2be6f7e0443bfb28f0","name":"LIKEmetkovic.hr","sameAs":["http:\/\/likemetkovic.hr"],"url":"https:\/\/likemetkovic.hr\/portal\/author\/likemetkovic-hr\/"}]}},"_links":{"self":[{"href":"https:\/\/likemetkovic.hr\/portal\/wp-json\/wp\/v2\/posts\/77231","targetHints":{"allow":["GET"]}}],"collection":[{"href":"https:\/\/likemetkovic.hr\/portal\/wp-json\/wp\/v2\/posts"}],"about":[{"href":"https:\/\/likemetkovic.hr\/portal\/wp-json\/wp\/v2\/types\/post"}],"author":[{"embeddable":true,"href":"https:\/\/likemetkovic.hr\/portal\/wp-json\/wp\/v2\/users\/7"}],"replies":[{"embeddable":true,"href":"https:\/\/likemetkovic.hr\/portal\/wp-json\/wp\/v2\/comments?post=77231"}],"version-history":[{"count":0,"href":"https:\/\/likemetkovic.hr\/portal\/wp-json\/wp\/v2\/posts\/77231\/revisions"}],"wp:featuredmedia":[{"embeddable":true,"href":"https:\/\/likemetkovic.hr\/portal\/wp-json\/wp\/v2\/media\/77232"}],"wp:attachment":[{"href":"https:\/\/likemetkovic.hr\/portal\/wp-json\/wp\/v2\/media?parent=77231"}],"wp:term":[{"taxonomy":"category","embeddable":true,"href":"https:\/\/likemetkovic.hr\/portal\/wp-json\/wp\/v2\/categories?post=77231"},{"taxonomy":"post_tag","embeddable":true,"href":"https:\/\/likemetkovic.hr\/portal\/wp-json\/wp\/v2\/tags?post=77231"}],"curies":[{"name":"wp","href":"https:\/\/api.w.org\/{rel}","templated":true}]}}