{"id":77394,"date":"2019-03-14T14:08:48","date_gmt":"2019-03-14T13:08:48","guid":{"rendered":"https:\/\/likemetkovic.hr\/?p=77394"},"modified":"2019-03-14T14:11:40","modified_gmt":"2019-03-14T13:11:40","slug":"most-nl-zatrazio-tematsku-sjednicu-zupanijske-skupstine-o-zdravstvenom-sustavu-u-zupaniji","status":"publish","type":"post","link":"https:\/\/likemetkovic.hr\/portal\/most-nl-zatrazio-tematsku-sjednicu-zupanijske-skupstine-o-zdravstvenom-sustavu-u-zupaniji\/","title":{"rendered":"MOST NL tra\u017ei tematsku sjednicu \u017dupanijske skup\u0161tine o stanju zdravstvenog sustava"},"content":{"rendered":"<p><strong>\u017dupanijski vije\u0107nici MOST-a poslali su priop\u0107enje u kojem zahtijevaju tematsku sjednicu \u017dupanijske skup\u0161tine Dubrova\u010dko-neretvanske o stanju u zdravstvu u \u017eupaniji. Njihovo priop\u0107enje prenosimo u cijelosti.<\/strong><\/p>\n<p>Na 9. Sjednici skup\u0161tine Dubrova\u010dko-neretvanske \u017eupanije vije\u0107nici <strong>Mosta nezavisnih lista i ostali oporbeni vije\u0107nici<\/strong> nametnuli su temu stanja zdravstvenog sustava u Dubrova\u010dko-neretvanskoj \u017eupaniji.<\/p>\n<p>Predsjednik kluba vije\u0107nika Mosta,<strong> Pero Jerkovi\u0107<\/strong>, predao je Zahtjev kojim 1\/3 vije\u0107nika \u017dupanijske skup\u0161tine Dubrova\u010dko-neretvanske \u017eupanije tra\u017ei <strong>odr\u017eavanje tematske sjednice<\/strong> na temu: <strong>Stanje zdravstvenog sustava u Dubrova\u010dko-neretvanskoj \u017eupaniji<\/strong>.<\/p>\n<p>&#8211; <em><strong>Dubrova\u010dko-neretvanska \u017eupanija du\u017ena je skrbiti o materijalno-tehni\u010dkim i stru\u010dno-kadrovskim uvjetima zdravstvenih ustanova kojima je osniva\u010d<\/strong>, odnosno vlasnik, iz \u010dega proizlazi da je primarna i sekundarna zdravstvena za\u0161tita stanovni\u0161tva DN\u017d u rukama ove Skup\u0161tine. Ve\u0107 i u pro\u0161lom sazivu skup\u0161tine DN\u017d, upozoravali smo na jako lo\u0161e materijalno i kadrovsko stanje OB Dubrovnik i Domova zdravlja u \u017eupaniji. Odgovor \u017dupana i \u017eupanijskih slu\u017ebi je uvijek bio da sve besprijekorno funkcionira. Tragi\u010dan slu\u010daj, iz prosinca 2018. godine, smrt dje\u010daka Gabrijela Bebi\u0107a iz Metkovi\u0107a, na najsuroviji na\u010din razotkrio je posvema\u0161nje<strong> rasulo zdravstvenog sustava u DN\u017d<\/strong>.<\/em>\u00a0\u2013 izjavio je Pero Jerkovi\u0107.<\/p>\n<p>\u200bPredlo\u017eilo se zatra\u017eiti <strong>o\u010ditovanje odgovornih osoba<\/strong> o izostanku objavljivanja zapisnika sjednica tijela zdravstvenih ustanova kojima je osniva\u010d i\/ili vlasnik DN\u017d, dono\u0161enje plana poticajnih mjera za pove\u0107anje broja zdravstvenih djelatnika u ustanovama kojima je vlasnik i \/ili osniva\u010d DN\u017d te<strong> Izmjene i dopune Prora\u010duna DN\u017d<\/strong> kojima bi se predlo\u017eila dodatna sredstva za specijalizacije, putne tro\u0161kove, dodatak za odvojen \u017eivot, za osiguranje stanova za lije\u010dnike te izgradnju DB Metkovi\u0107.<\/p>\n<p>Tako\u0111er, predlo\u017eeno je<strong> organizirati i uspostaviti de\u017eurstva obiteljskih lije\u010dnika te pedijatara<\/strong> lije\u010dnika domova zdravlja i koncesionara vikendom i blagdanima u de\u017eurnim ordinacijama obiteljske medicine i pedijatrijskim ordinacijama uz jo\u0161 mjera kako bi i gra\u0111ani u svim mjestima mogli ostvariti svoje pravo na zdravstvenu za\u0161titu. Zaklju\u010dno, predlo\u017eilo se organizirati i uspostaviti<strong> rad turisti\u010dkih ambulanti<\/strong> gdje bi se iste financirale iz sredstava boravi\u0161nih pristojbi te da se za<strong> rad timova hitne medicinske slu\u017ebe na autocestama<\/strong> zatra\u017ei financiranje od strane HZZO-a.<\/p>\n<p>\u200bU skladu s odredbama \u010clanka 42. Poslovnika Skup\u0161tine Dubrova\u010dko-neretvanske \u017eupanije Predsjednica Skup\u0161tine du\u017ena je na ovaj zahtjev, u roku od 15 dana, odgovoriti sazivanjem Tematske sjednice Skup\u0161tine Dubrova\u010dko-neretvanske \u017eupanije.<\/p>\n<p>Foto: DuList<\/p>\n","protected":false},"excerpt":{"rendered":"<p>\u017dupanijski vije\u0107nici MOST-a poslali su priop\u0107enje u kojem zahtijevaju tematsku sjednicu \u017dupanijske skup\u0161tine Dubrova\u010dko-neretvanske o stanju u zdravstvu u \u017eupaniji. Njihovo priop\u0107enje prenosimo u cijelosti. Na 9. Sjednici skup\u0161tine Dubrova\u010dko-neretvanske \u017eupanije vije\u0107nici Mosta nezavisnih lista i ostali oporbeni vije\u0107nici nametnuli su temu stanja zdravstvenog sustava u Dubrova\u010dko-neretvanskoj \u017eupaniji. Predsjednik kluba vije\u0107nika Mosta, Pero Jerkovi\u0107, predao [&hellip;]<\/p>\n","protected":false},"author":7,"featured_media":77395,"comment_status":"open","ping_status":"open","sticky":false,"template":"","format":"standard","meta":{"footnotes":""},"categories":[283,300],"tags":[726,793,735,1179,2953,4285,2708],"class_list":{"0":"post-77394","1":"post","2":"type-post","3":"status-publish","4":"format-standard","5":"has-post-thumbnail","7":"category-a","8":"category-zupanija","9":"tag-dubrovacko-neretvanska-zupanija","10":"tag-most-nl","11":"tag-nikola-dobroslavic","12":"tag-pero-jerkovic","13":"tag-tematska-sjednica","14":"tag-zdravstvo","15":"tag-zupanijska-skupstina"},"yoast_head":"<!-- This site is optimized with the Yoast SEO plugin v25.2 - https:\/\/yoast.com\/wordpress\/plugins\/seo\/ -->\n<title>MOST NL tra\u017ei tematsku sjednicu \u017dupanijske skup\u0161tine o stanju zdravstvenog sustava - likemetkovic.hr<\/title>\n<meta name=\"robots\" content=\"index, follow, max-snippet:-1, max-image-preview:large, max-video-preview:-1\" \/>\n<link rel=\"canonical\" href=\"https:\/\/likemetkovic.hr\/most-nl-zatrazio-tematsku-sjednicu-zupanijske-skupstine-o-zdravstvenom-sustavu-u-zupaniji\/\" \/>\n<meta property=\"og:locale\" content=\"hr_HR\" \/>\n<meta property=\"og:type\" content=\"article\" \/>\n<meta property=\"og:title\" content=\"MOST NL tra\u017ei tematsku sjednicu \u017dupanijske skup\u0161tine o stanju zdravstvenog sustava - likemetkovic.hr\" \/>\n<meta property=\"og:description\" content=\"\u017dupanijski vije\u0107nici MOST-a poslali su priop\u0107enje u kojem zahtijevaju tematsku sjednicu \u017dupanijske skup\u0161tine Dubrova\u010dko-neretvanske o stanju u zdravstvu u \u017eupaniji. Njihovo priop\u0107enje prenosimo u cijelosti. Na 9. Sjednici skup\u0161tine Dubrova\u010dko-neretvanske \u017eupanije vije\u0107nici Mosta nezavisnih lista i ostali oporbeni vije\u0107nici nametnuli su temu stanja zdravstvenog sustava u Dubrova\u010dko-neretvanskoj \u017eupaniji. Predsjednik kluba vije\u0107nika Mosta, Pero Jerkovi\u0107, predao [&hellip;]\" \/>\n<meta property=\"og:url\" content=\"https:\/\/likemetkovic.hr\/most-nl-zatrazio-tematsku-sjednicu-zupanijske-skupstine-o-zdravstvenom-sustavu-u-zupaniji\/\" \/>\n<meta property=\"og:site_name\" content=\"likemetkovic.hr\" \/>\n<meta property=\"article:publisher\" content=\"https:\/\/www.facebook.com\/likemetkovic.hr\/\" \/>\n<meta property=\"article:published_time\" content=\"2019-03-14T13:08:48+00:00\" \/>\n<meta property=\"article:modified_time\" content=\"2019-03-14T13:11:40+00:00\" \/>\n<meta property=\"og:image\" content=\"https:\/\/likemetkovic.hr\/wp-content\/uploads\/2019\/03\/zupanijska-skupstina044-555x370.jpg\" \/>\n\t<meta property=\"og:image:width\" content=\"555\" \/>\n\t<meta property=\"og:image:height\" content=\"370\" \/>\n\t<meta property=\"og:image:type\" content=\"image\/jpeg\" \/>\n<meta name=\"author\" content=\"LIKEmetkovic.hr\" \/>\n<meta name=\"twitter:card\" content=\"summary_large_image\" \/>\n<meta name=\"twitter:label1\" content=\"Napisao\/la\" \/>\n\t<meta name=\"twitter:data1\" content=\"LIKEmetkovic.hr\" \/>\n\t<meta name=\"twitter:label2\" content=\"Procijenjeno vrijeme \u010ditanja\" \/>\n\t<meta name=\"twitter:data2\" content=\"2 minute\" \/>\n<script type=\"application\/ld+json\" class=\"yoast-schema-graph\">{\"@context\":\"https:\/\/schema.org\",\"@graph\":[{\"@type\":\"WebPage\",\"@id\":\"https:\/\/likemetkovic.hr\/most-nl-zatrazio-tematsku-sjednicu-zupanijske-skupstine-o-zdravstvenom-sustavu-u-zupaniji\/\",\"url\":\"https:\/\/likemetkovic.hr\/most-nl-zatrazio-tematsku-sjednicu-zupanijske-skupstine-o-zdravstvenom-sustavu-u-zupaniji\/\",\"name\":\"MOST NL tra\u017ei tematsku sjednicu \u017dupanijske skup\u0161tine o stanju zdravstvenog sustava - likemetkovic.hr\",\"isPartOf\":{\"@id\":\"https:\/\/likemetkovic.hr\/#website\"},\"primaryImageOfPage\":{\"@id\":\"https:\/\/likemetkovic.hr\/most-nl-zatrazio-tematsku-sjednicu-zupanijske-skupstine-o-zdravstvenom-sustavu-u-zupaniji\/#primaryimage\"},\"image\":{\"@id\":\"https:\/\/likemetkovic.hr\/most-nl-zatrazio-tematsku-sjednicu-zupanijske-skupstine-o-zdravstvenom-sustavu-u-zupaniji\/#primaryimage\"},\"thumbnailUrl\":\"https:\/\/likemetkovic.hr\/portal\/wp-content\/uploads\/2019\/03\/zupanijska-skupstina044-555x370.jpg\",\"datePublished\":\"2019-03-14T13:08:48+00:00\",\"dateModified\":\"2019-03-14T13:11:40+00:00\",\"author\":{\"@id\":\"https:\/\/likemetkovic.hr\/#\/schema\/person\/a42711f3385a0e2be6f7e0443bfb28f0\"},\"breadcrumb\":{\"@id\":\"https:\/\/likemetkovic.hr\/most-nl-zatrazio-tematsku-sjednicu-zupanijske-skupstine-o-zdravstvenom-sustavu-u-zupaniji\/#breadcrumb\"},\"inLanguage\":\"hr\",\"potentialAction\":[{\"@type\":\"ReadAction\",\"target\":[\"https:\/\/likemetkovic.hr\/most-nl-zatrazio-tematsku-sjednicu-zupanijske-skupstine-o-zdravstvenom-sustavu-u-zupaniji\/\"]}]},{\"@type\":\"ImageObject\",\"inLanguage\":\"hr\",\"@id\":\"https:\/\/likemetkovic.hr\/most-nl-zatrazio-tematsku-sjednicu-zupanijske-skupstine-o-zdravstvenom-sustavu-u-zupaniji\/#primaryimage\",\"url\":\"https:\/\/likemetkovic.hr\/portal\/wp-content\/uploads\/2019\/03\/zupanijska-skupstina044-555x370.jpg\",\"contentUrl\":\"https:\/\/likemetkovic.hr\/portal\/wp-content\/uploads\/2019\/03\/zupanijska-skupstina044-555x370.jpg\",\"width\":555,\"height\":370},{\"@type\":\"BreadcrumbList\",\"@id\":\"https:\/\/likemetkovic.hr\/most-nl-zatrazio-tematsku-sjednicu-zupanijske-skupstine-o-zdravstvenom-sustavu-u-zupaniji\/#breadcrumb\",\"itemListElement\":[{\"@type\":\"ListItem\",\"position\":1,\"name\":\"Po\u010detna stranica\",\"item\":\"https:\/\/likemetkovic.hr\/portal\/\"},{\"@type\":\"ListItem\",\"position\":2,\"name\":\"MOST NL tra\u017ei tematsku sjednicu \u017dupanijske skup\u0161tine o stanju zdravstvenog sustava\"}]},{\"@type\":\"WebSite\",\"@id\":\"https:\/\/likemetkovic.hr\/#website\",\"url\":\"https:\/\/likemetkovic.hr\/\",\"name\":\"likemetkovic.hr\",\"description\":\"Misli pozitivno... \u010ditaj LIKE\",\"potentialAction\":[{\"@type\":\"SearchAction\",\"target\":{\"@type\":\"EntryPoint\",\"urlTemplate\":\"https:\/\/likemetkovic.hr\/?s={search_term_string}\"},\"query-input\":{\"@type\":\"PropertyValueSpecification\",\"valueRequired\":true,\"valueName\":\"search_term_string\"}}],\"inLanguage\":\"hr\"},{\"@type\":\"Person\",\"@id\":\"https:\/\/likemetkovic.hr\/#\/schema\/person\/a42711f3385a0e2be6f7e0443bfb28f0\",\"name\":\"LIKEmetkovic.hr\",\"sameAs\":[\"http:\/\/likemetkovic.hr\"],\"url\":\"https:\/\/likemetkovic.hr\/portal\/author\/likemetkovic-hr\/\"}]}<\/script>\n<!-- \/ Yoast SEO plugin. -->","yoast_head_json":{"title":"MOST NL tra\u017ei tematsku sjednicu \u017dupanijske skup\u0161tine o stanju zdravstvenog sustava - likemetkovic.hr","robots":{"index":"index","follow":"follow","max-snippet":"max-snippet:-1","max-image-preview":"max-image-preview:large","max-video-preview":"max-video-preview:-1"},"canonical":"https:\/\/likemetkovic.hr\/most-nl-zatrazio-tematsku-sjednicu-zupanijske-skupstine-o-zdravstvenom-sustavu-u-zupaniji\/","og_locale":"hr_HR","og_type":"article","og_title":"MOST NL tra\u017ei tematsku sjednicu \u017dupanijske skup\u0161tine o stanju zdravstvenog sustava - likemetkovic.hr","og_description":"\u017dupanijski vije\u0107nici MOST-a poslali su priop\u0107enje u kojem zahtijevaju tematsku sjednicu \u017dupanijske skup\u0161tine Dubrova\u010dko-neretvanske o stanju u zdravstvu u \u017eupaniji. Njihovo priop\u0107enje prenosimo u cijelosti. Na 9. Sjednici skup\u0161tine Dubrova\u010dko-neretvanske \u017eupanije vije\u0107nici Mosta nezavisnih lista i ostali oporbeni vije\u0107nici nametnuli su temu stanja zdravstvenog sustava u Dubrova\u010dko-neretvanskoj \u017eupaniji. Predsjednik kluba vije\u0107nika Mosta, Pero Jerkovi\u0107, predao [&hellip;]","og_url":"https:\/\/likemetkovic.hr\/most-nl-zatrazio-tematsku-sjednicu-zupanijske-skupstine-o-zdravstvenom-sustavu-u-zupaniji\/","og_site_name":"likemetkovic.hr","article_publisher":"https:\/\/www.facebook.com\/likemetkovic.hr\/","article_published_time":"2019-03-14T13:08:48+00:00","article_modified_time":"2019-03-14T13:11:40+00:00","og_image":[{"width":555,"height":370,"url":"https:\/\/likemetkovic.hr\/wp-content\/uploads\/2019\/03\/zupanijska-skupstina044-555x370.jpg","type":"image\/jpeg"}],"author":"LIKEmetkovic.hr","twitter_card":"summary_large_image","twitter_misc":{"Napisao\/la":"LIKEmetkovic.hr","Procijenjeno vrijeme \u010ditanja":"2 minute"},"schema":{"@context":"https:\/\/schema.org","@graph":[{"@type":"WebPage","@id":"https:\/\/likemetkovic.hr\/most-nl-zatrazio-tematsku-sjednicu-zupanijske-skupstine-o-zdravstvenom-sustavu-u-zupaniji\/","url":"https:\/\/likemetkovic.hr\/most-nl-zatrazio-tematsku-sjednicu-zupanijske-skupstine-o-zdravstvenom-sustavu-u-zupaniji\/","name":"MOST NL tra\u017ei tematsku sjednicu \u017dupanijske skup\u0161tine o stanju zdravstvenog sustava - likemetkovic.hr","isPartOf":{"@id":"https:\/\/likemetkovic.hr\/#website"},"primaryImageOfPage":{"@id":"https:\/\/likemetkovic.hr\/most-nl-zatrazio-tematsku-sjednicu-zupanijske-skupstine-o-zdravstvenom-sustavu-u-zupaniji\/#primaryimage"},"image":{"@id":"https:\/\/likemetkovic.hr\/most-nl-zatrazio-tematsku-sjednicu-zupanijske-skupstine-o-zdravstvenom-sustavu-u-zupaniji\/#primaryimage"},"thumbnailUrl":"https:\/\/likemetkovic.hr\/portal\/wp-content\/uploads\/2019\/03\/zupanijska-skupstina044-555x370.jpg","datePublished":"2019-03-14T13:08:48+00:00","dateModified":"2019-03-14T13:11:40+00:00","author":{"@id":"https:\/\/likemetkovic.hr\/#\/schema\/person\/a42711f3385a0e2be6f7e0443bfb28f0"},"breadcrumb":{"@id":"https:\/\/likemetkovic.hr\/most-nl-zatrazio-tematsku-sjednicu-zupanijske-skupstine-o-zdravstvenom-sustavu-u-zupaniji\/#breadcrumb"},"inLanguage":"hr","potentialAction":[{"@type":"ReadAction","target":["https:\/\/likemetkovic.hr\/most-nl-zatrazio-tematsku-sjednicu-zupanijske-skupstine-o-zdravstvenom-sustavu-u-zupaniji\/"]}]},{"@type":"ImageObject","inLanguage":"hr","@id":"https:\/\/likemetkovic.hr\/most-nl-zatrazio-tematsku-sjednicu-zupanijske-skupstine-o-zdravstvenom-sustavu-u-zupaniji\/#primaryimage","url":"https:\/\/likemetkovic.hr\/portal\/wp-content\/uploads\/2019\/03\/zupanijska-skupstina044-555x370.jpg","contentUrl":"https:\/\/likemetkovic.hr\/portal\/wp-content\/uploads\/2019\/03\/zupanijska-skupstina044-555x370.jpg","width":555,"height":370},{"@type":"BreadcrumbList","@id":"https:\/\/likemetkovic.hr\/most-nl-zatrazio-tematsku-sjednicu-zupanijske-skupstine-o-zdravstvenom-sustavu-u-zupaniji\/#breadcrumb","itemListElement":[{"@type":"ListItem","position":1,"name":"Po\u010detna stranica","item":"https:\/\/likemetkovic.hr\/portal\/"},{"@type":"ListItem","position":2,"name":"MOST NL tra\u017ei tematsku sjednicu \u017dupanijske skup\u0161tine o stanju zdravstvenog sustava"}]},{"@type":"WebSite","@id":"https:\/\/likemetkovic.hr\/#website","url":"https:\/\/likemetkovic.hr\/","name":"likemetkovic.hr","description":"Misli pozitivno... \u010ditaj LIKE","potentialAction":[{"@type":"SearchAction","target":{"@type":"EntryPoint","urlTemplate":"https:\/\/likemetkovic.hr\/?s={search_term_string}"},"query-input":{"@type":"PropertyValueSpecification","valueRequired":true,"valueName":"search_term_string"}}],"inLanguage":"hr"},{"@type":"Person","@id":"https:\/\/likemetkovic.hr\/#\/schema\/person\/a42711f3385a0e2be6f7e0443bfb28f0","name":"LIKEmetkovic.hr","sameAs":["http:\/\/likemetkovic.hr"],"url":"https:\/\/likemetkovic.hr\/portal\/author\/likemetkovic-hr\/"}]}},"_links":{"self":[{"href":"https:\/\/likemetkovic.hr\/portal\/wp-json\/wp\/v2\/posts\/77394","targetHints":{"allow":["GET"]}}],"collection":[{"href":"https:\/\/likemetkovic.hr\/portal\/wp-json\/wp\/v2\/posts"}],"about":[{"href":"https:\/\/likemetkovic.hr\/portal\/wp-json\/wp\/v2\/types\/post"}],"author":[{"embeddable":true,"href":"https:\/\/likemetkovic.hr\/portal\/wp-json\/wp\/v2\/users\/7"}],"replies":[{"embeddable":true,"href":"https:\/\/likemetkovic.hr\/portal\/wp-json\/wp\/v2\/comments?post=77394"}],"version-history":[{"count":0,"href":"https:\/\/likemetkovic.hr\/portal\/wp-json\/wp\/v2\/posts\/77394\/revisions"}],"wp:featuredmedia":[{"embeddable":true,"href":"https:\/\/likemetkovic.hr\/portal\/wp-json\/wp\/v2\/media\/77395"}],"wp:attachment":[{"href":"https:\/\/likemetkovic.hr\/portal\/wp-json\/wp\/v2\/media?parent=77394"}],"wp:term":[{"taxonomy":"category","embeddable":true,"href":"https:\/\/likemetkovic.hr\/portal\/wp-json\/wp\/v2\/categories?post=77394"},{"taxonomy":"post_tag","embeddable":true,"href":"https:\/\/likemetkovic.hr\/portal\/wp-json\/wp\/v2\/tags?post=77394"}],"curies":[{"name":"wp","href":"https:\/\/api.w.org\/{rel}","templated":true}]}}