{"id":77949,"date":"2019-03-23T19:00:45","date_gmt":"2019-03-23T18:00:45","guid":{"rendered":"https:\/\/likemetkovic.hr\/?p=77949"},"modified":"2019-03-23T19:00:45","modified_gmt":"2019-03-23T18:00:45","slug":"zupan-sa-suradnicama-primio-predstavnicu-gi-mame-i-tate-iz-metkovica-i-okolice","status":"publish","type":"post","link":"https:\/\/likemetkovic.hr\/portal\/zupan-sa-suradnicama-primio-predstavnicu-gi-mame-i-tate-iz-metkovica-i-okolice\/","title":{"rendered":"\u017dupan sa suradnicama primio predstavnicu GI \u201cMame i tate iz Metkovi\u0107a i okolice\u201d"},"content":{"rendered":"<p><strong>\u017dupan Nikola Dobroslavi\u0107<\/strong>, zamjenica <strong>\u017daklina Marevi\u0107<\/strong> i v.d. pro\u010delnice UO za dru\u0161tvene djelatnosti <strong>Jelena Dadi\u0107<\/strong> primili su predstavnicu <strong>GI \u201cMame i tate iz Metkovi\u0107a i okolice\u201d Ivanku Taslak<\/strong>.<\/p>\n<div class=\"tekst\">\n<p>Predstavnica Inicijative upoznala je \u017eupana i suradnice s problemima s kojima se susre\u0107u djeca s te\u0161ko\u0107ama u razvoju kao i njihovi roditelji te brojem djece u Dolini Neretve kojoj je potrebna pomo\u0107.<\/p>\n<p>Svjesni \u010dinjenice da u Dolini Neretve postoje Udruge koje izvrsno rade s djecom s te\u0161ko\u0107ama u razvoju te da ne mogu obuhvatiti rad sa kompletnim brojem djece, \u017eupan je ponudio pomo\u0107 u iznala\u017eenju rje\u0161enja za \u0161to kvalitetnijim \u017eivotom djece s te\u0161ko\u0107ama u razvoju u Dolini Neretve, svakako u suradnji s Gradom Metkovi\u0107em i ostalim neretvanskom gradovima i op\u0107inama.<\/p>\n<p><strong><img decoding=\"async\" class=\"alignnone size-medium wp-image-77950\" src=\"https:\/\/likemetkovic.hr\/wp-content\/uploads\/2019\/03\/1553359302_677_velika_zupan-800x533.jpg\" alt=\"\" width=\"800\" height=\"533\" srcset=\"https:\/\/likemetkovic.hr\/portal\/wp-content\/uploads\/2019\/03\/1553359302_677_velika_zupan.jpg 800w, https:\/\/likemetkovic.hr\/portal\/wp-content\/uploads\/2019\/03\/1553359302_677_velika_zupan-768x512.jpg 768w, https:\/\/likemetkovic.hr\/portal\/wp-content\/uploads\/2019\/03\/1553359302_677_velika_zupan-696x464.jpg 696w, https:\/\/likemetkovic.hr\/portal\/wp-content\/uploads\/2019\/03\/1553359302_677_velika_zupan-630x420.jpg 630w\" sizes=\"(max-width: 800px) 100vw, 800px\" \/><\/strong><\/p>\n<\/div>\n","protected":false},"excerpt":{"rendered":"<p>\u017dupan Nikola Dobroslavi\u0107, zamjenica \u017daklina Marevi\u0107 i v.d. pro\u010delnice UO za dru\u0161tvene djelatnosti Jelena Dadi\u0107 primili su predstavnicu GI \u201cMame i tate iz Metkovi\u0107a i okolice\u201d Ivanku Taslak. Predstavnica Inicijative upoznala je \u017eupana i suradnice s problemima s kojima se susre\u0107u djeca s te\u0161ko\u0107ama u razvoju kao i njihovi roditelji te brojem djece u Dolini [&hellip;]<\/p>\n","protected":false},"author":8,"featured_media":77950,"comment_status":"open","ping_status":"open","sticky":false,"template":"","format":"standard","meta":{"footnotes":""},"categories":[296,1026,300],"tags":[],"class_list":{"0":"post-77949","1":"post","2":"type-post","3":"status-publish","4":"format-standard","5":"has-post-thumbnail","7":"category-ab","8":"category-vijesti","9":"category-zupanija"},"yoast_head":"<!-- This site is optimized with the Yoast SEO plugin v25.2 - https:\/\/yoast.com\/wordpress\/plugins\/seo\/ -->\n<title>\u017dupan sa suradnicama primio predstavnicu GI \u201cMame i tate iz Metkovi\u0107a i okolice\u201d - likemetkovic.hr<\/title>\n<meta name=\"robots\" content=\"index, follow, max-snippet:-1, max-image-preview:large, max-video-preview:-1\" \/>\n<link rel=\"canonical\" href=\"https:\/\/likemetkovic.hr\/zupan-sa-suradnicama-primio-predstavnicu-gi-mame-i-tate-iz-metkovica-i-okolice\/\" \/>\n<meta property=\"og:locale\" content=\"hr_HR\" \/>\n<meta property=\"og:type\" content=\"article\" \/>\n<meta property=\"og:title\" content=\"\u017dupan sa suradnicama primio predstavnicu GI \u201cMame i tate iz Metkovi\u0107a i okolice\u201d - likemetkovic.hr\" \/>\n<meta property=\"og:description\" content=\"\u017dupan Nikola Dobroslavi\u0107, zamjenica \u017daklina Marevi\u0107 i v.d. pro\u010delnice UO za dru\u0161tvene djelatnosti Jelena Dadi\u0107 primili su predstavnicu GI \u201cMame i tate iz Metkovi\u0107a i okolice\u201d Ivanku Taslak. Predstavnica Inicijative upoznala je \u017eupana i suradnice s problemima s kojima se susre\u0107u djeca s te\u0161ko\u0107ama u razvoju kao i njihovi roditelji te brojem djece u Dolini [&hellip;]\" \/>\n<meta property=\"og:url\" content=\"https:\/\/likemetkovic.hr\/zupan-sa-suradnicama-primio-predstavnicu-gi-mame-i-tate-iz-metkovica-i-okolice\/\" \/>\n<meta property=\"og:site_name\" content=\"likemetkovic.hr\" \/>\n<meta property=\"article:publisher\" content=\"https:\/\/www.facebook.com\/likemetkovic.hr\/\" \/>\n<meta property=\"article:published_time\" content=\"2019-03-23T18:00:45+00:00\" \/>\n<meta property=\"og:image\" content=\"https:\/\/likemetkovic.hr\/wp-content\/uploads\/2019\/03\/1553359302_677_velika_zupan.jpg\" \/>\n\t<meta property=\"og:image:width\" content=\"800\" \/>\n\t<meta property=\"og:image:height\" content=\"533\" \/>\n\t<meta property=\"og:image:type\" content=\"image\/jpeg\" \/>\n<meta name=\"author\" content=\"LIKEmetkovic.hr\" \/>\n<meta name=\"twitter:card\" content=\"summary_large_image\" \/>\n<meta name=\"twitter:label1\" content=\"Napisao\/la\" \/>\n\t<meta name=\"twitter:data1\" content=\"LIKEmetkovic.hr\" \/>\n\t<meta name=\"twitter:label2\" content=\"Procijenjeno vrijeme \u010ditanja\" \/>\n\t<meta name=\"twitter:data2\" content=\"1 minuta\" \/>\n<script type=\"application\/ld+json\" class=\"yoast-schema-graph\">{\"@context\":\"https:\/\/schema.org\",\"@graph\":[{\"@type\":\"WebPage\",\"@id\":\"https:\/\/likemetkovic.hr\/zupan-sa-suradnicama-primio-predstavnicu-gi-mame-i-tate-iz-metkovica-i-okolice\/\",\"url\":\"https:\/\/likemetkovic.hr\/zupan-sa-suradnicama-primio-predstavnicu-gi-mame-i-tate-iz-metkovica-i-okolice\/\",\"name\":\"\u017dupan sa suradnicama primio predstavnicu GI \u201cMame i tate iz Metkovi\u0107a i okolice\u201d - likemetkovic.hr\",\"isPartOf\":{\"@id\":\"https:\/\/likemetkovic.hr\/#website\"},\"primaryImageOfPage\":{\"@id\":\"https:\/\/likemetkovic.hr\/zupan-sa-suradnicama-primio-predstavnicu-gi-mame-i-tate-iz-metkovica-i-okolice\/#primaryimage\"},\"image\":{\"@id\":\"https:\/\/likemetkovic.hr\/zupan-sa-suradnicama-primio-predstavnicu-gi-mame-i-tate-iz-metkovica-i-okolice\/#primaryimage\"},\"thumbnailUrl\":\"https:\/\/likemetkovic.hr\/portal\/wp-content\/uploads\/2019\/03\/1553359302_677_velika_zupan.jpg\",\"datePublished\":\"2019-03-23T18:00:45+00:00\",\"author\":{\"@id\":\"https:\/\/likemetkovic.hr\/#\/schema\/person\/adba0fd43631b5fc581c97e6ca793693\"},\"breadcrumb\":{\"@id\":\"https:\/\/likemetkovic.hr\/zupan-sa-suradnicama-primio-predstavnicu-gi-mame-i-tate-iz-metkovica-i-okolice\/#breadcrumb\"},\"inLanguage\":\"hr\",\"potentialAction\":[{\"@type\":\"ReadAction\",\"target\":[\"https:\/\/likemetkovic.hr\/zupan-sa-suradnicama-primio-predstavnicu-gi-mame-i-tate-iz-metkovica-i-okolice\/\"]}]},{\"@type\":\"ImageObject\",\"inLanguage\":\"hr\",\"@id\":\"https:\/\/likemetkovic.hr\/zupan-sa-suradnicama-primio-predstavnicu-gi-mame-i-tate-iz-metkovica-i-okolice\/#primaryimage\",\"url\":\"https:\/\/likemetkovic.hr\/portal\/wp-content\/uploads\/2019\/03\/1553359302_677_velika_zupan.jpg\",\"contentUrl\":\"https:\/\/likemetkovic.hr\/portal\/wp-content\/uploads\/2019\/03\/1553359302_677_velika_zupan.jpg\",\"width\":800,\"height\":533},{\"@type\":\"BreadcrumbList\",\"@id\":\"https:\/\/likemetkovic.hr\/zupan-sa-suradnicama-primio-predstavnicu-gi-mame-i-tate-iz-metkovica-i-okolice\/#breadcrumb\",\"itemListElement\":[{\"@type\":\"ListItem\",\"position\":1,\"name\":\"Po\u010detna stranica\",\"item\":\"https:\/\/likemetkovic.hr\/portal\/\"},{\"@type\":\"ListItem\",\"position\":2,\"name\":\"\u017dupan sa suradnicama primio predstavnicu GI \u201cMame i tate iz Metkovi\u0107a i okolice\u201d\"}]},{\"@type\":\"WebSite\",\"@id\":\"https:\/\/likemetkovic.hr\/#website\",\"url\":\"https:\/\/likemetkovic.hr\/\",\"name\":\"likemetkovic.hr\",\"description\":\"Misli pozitivno... \u010ditaj LIKE\",\"potentialAction\":[{\"@type\":\"SearchAction\",\"target\":{\"@type\":\"EntryPoint\",\"urlTemplate\":\"https:\/\/likemetkovic.hr\/?s={search_term_string}\"},\"query-input\":{\"@type\":\"PropertyValueSpecification\",\"valueRequired\":true,\"valueName\":\"search_term_string\"}}],\"inLanguage\":\"hr\"},{\"@type\":\"Person\",\"@id\":\"https:\/\/likemetkovic.hr\/#\/schema\/person\/adba0fd43631b5fc581c97e6ca793693\",\"name\":\"LIKEmetkovic.hr\",\"url\":\"https:\/\/likemetkovic.hr\/portal\/author\/marijana\/\"}]}<\/script>\n<!-- \/ Yoast SEO plugin. -->","yoast_head_json":{"title":"\u017dupan sa suradnicama primio predstavnicu GI \u201cMame i tate iz Metkovi\u0107a i okolice\u201d - likemetkovic.hr","robots":{"index":"index","follow":"follow","max-snippet":"max-snippet:-1","max-image-preview":"max-image-preview:large","max-video-preview":"max-video-preview:-1"},"canonical":"https:\/\/likemetkovic.hr\/zupan-sa-suradnicama-primio-predstavnicu-gi-mame-i-tate-iz-metkovica-i-okolice\/","og_locale":"hr_HR","og_type":"article","og_title":"\u017dupan sa suradnicama primio predstavnicu GI \u201cMame i tate iz Metkovi\u0107a i okolice\u201d - likemetkovic.hr","og_description":"\u017dupan Nikola Dobroslavi\u0107, zamjenica \u017daklina Marevi\u0107 i v.d. pro\u010delnice UO za dru\u0161tvene djelatnosti Jelena Dadi\u0107 primili su predstavnicu GI \u201cMame i tate iz Metkovi\u0107a i okolice\u201d Ivanku Taslak. Predstavnica Inicijative upoznala je \u017eupana i suradnice s problemima s kojima se susre\u0107u djeca s te\u0161ko\u0107ama u razvoju kao i njihovi roditelji te brojem djece u Dolini [&hellip;]","og_url":"https:\/\/likemetkovic.hr\/zupan-sa-suradnicama-primio-predstavnicu-gi-mame-i-tate-iz-metkovica-i-okolice\/","og_site_name":"likemetkovic.hr","article_publisher":"https:\/\/www.facebook.com\/likemetkovic.hr\/","article_published_time":"2019-03-23T18:00:45+00:00","og_image":[{"width":800,"height":533,"url":"https:\/\/likemetkovic.hr\/wp-content\/uploads\/2019\/03\/1553359302_677_velika_zupan.jpg","type":"image\/jpeg"}],"author":"LIKEmetkovic.hr","twitter_card":"summary_large_image","twitter_misc":{"Napisao\/la":"LIKEmetkovic.hr","Procijenjeno vrijeme \u010ditanja":"1 minuta"},"schema":{"@context":"https:\/\/schema.org","@graph":[{"@type":"WebPage","@id":"https:\/\/likemetkovic.hr\/zupan-sa-suradnicama-primio-predstavnicu-gi-mame-i-tate-iz-metkovica-i-okolice\/","url":"https:\/\/likemetkovic.hr\/zupan-sa-suradnicama-primio-predstavnicu-gi-mame-i-tate-iz-metkovica-i-okolice\/","name":"\u017dupan sa suradnicama primio predstavnicu GI \u201cMame i tate iz Metkovi\u0107a i okolice\u201d - likemetkovic.hr","isPartOf":{"@id":"https:\/\/likemetkovic.hr\/#website"},"primaryImageOfPage":{"@id":"https:\/\/likemetkovic.hr\/zupan-sa-suradnicama-primio-predstavnicu-gi-mame-i-tate-iz-metkovica-i-okolice\/#primaryimage"},"image":{"@id":"https:\/\/likemetkovic.hr\/zupan-sa-suradnicama-primio-predstavnicu-gi-mame-i-tate-iz-metkovica-i-okolice\/#primaryimage"},"thumbnailUrl":"https:\/\/likemetkovic.hr\/portal\/wp-content\/uploads\/2019\/03\/1553359302_677_velika_zupan.jpg","datePublished":"2019-03-23T18:00:45+00:00","author":{"@id":"https:\/\/likemetkovic.hr\/#\/schema\/person\/adba0fd43631b5fc581c97e6ca793693"},"breadcrumb":{"@id":"https:\/\/likemetkovic.hr\/zupan-sa-suradnicama-primio-predstavnicu-gi-mame-i-tate-iz-metkovica-i-okolice\/#breadcrumb"},"inLanguage":"hr","potentialAction":[{"@type":"ReadAction","target":["https:\/\/likemetkovic.hr\/zupan-sa-suradnicama-primio-predstavnicu-gi-mame-i-tate-iz-metkovica-i-okolice\/"]}]},{"@type":"ImageObject","inLanguage":"hr","@id":"https:\/\/likemetkovic.hr\/zupan-sa-suradnicama-primio-predstavnicu-gi-mame-i-tate-iz-metkovica-i-okolice\/#primaryimage","url":"https:\/\/likemetkovic.hr\/portal\/wp-content\/uploads\/2019\/03\/1553359302_677_velika_zupan.jpg","contentUrl":"https:\/\/likemetkovic.hr\/portal\/wp-content\/uploads\/2019\/03\/1553359302_677_velika_zupan.jpg","width":800,"height":533},{"@type":"BreadcrumbList","@id":"https:\/\/likemetkovic.hr\/zupan-sa-suradnicama-primio-predstavnicu-gi-mame-i-tate-iz-metkovica-i-okolice\/#breadcrumb","itemListElement":[{"@type":"ListItem","position":1,"name":"Po\u010detna stranica","item":"https:\/\/likemetkovic.hr\/portal\/"},{"@type":"ListItem","position":2,"name":"\u017dupan sa suradnicama primio predstavnicu GI \u201cMame i tate iz Metkovi\u0107a i okolice\u201d"}]},{"@type":"WebSite","@id":"https:\/\/likemetkovic.hr\/#website","url":"https:\/\/likemetkovic.hr\/","name":"likemetkovic.hr","description":"Misli pozitivno... \u010ditaj LIKE","potentialAction":[{"@type":"SearchAction","target":{"@type":"EntryPoint","urlTemplate":"https:\/\/likemetkovic.hr\/?s={search_term_string}"},"query-input":{"@type":"PropertyValueSpecification","valueRequired":true,"valueName":"search_term_string"}}],"inLanguage":"hr"},{"@type":"Person","@id":"https:\/\/likemetkovic.hr\/#\/schema\/person\/adba0fd43631b5fc581c97e6ca793693","name":"LIKEmetkovic.hr","url":"https:\/\/likemetkovic.hr\/portal\/author\/marijana\/"}]}},"_links":{"self":[{"href":"https:\/\/likemetkovic.hr\/portal\/wp-json\/wp\/v2\/posts\/77949","targetHints":{"allow":["GET"]}}],"collection":[{"href":"https:\/\/likemetkovic.hr\/portal\/wp-json\/wp\/v2\/posts"}],"about":[{"href":"https:\/\/likemetkovic.hr\/portal\/wp-json\/wp\/v2\/types\/post"}],"author":[{"embeddable":true,"href":"https:\/\/likemetkovic.hr\/portal\/wp-json\/wp\/v2\/users\/8"}],"replies":[{"embeddable":true,"href":"https:\/\/likemetkovic.hr\/portal\/wp-json\/wp\/v2\/comments?post=77949"}],"version-history":[{"count":0,"href":"https:\/\/likemetkovic.hr\/portal\/wp-json\/wp\/v2\/posts\/77949\/revisions"}],"wp:featuredmedia":[{"embeddable":true,"href":"https:\/\/likemetkovic.hr\/portal\/wp-json\/wp\/v2\/media\/77950"}],"wp:attachment":[{"href":"https:\/\/likemetkovic.hr\/portal\/wp-json\/wp\/v2\/media?parent=77949"}],"wp:term":[{"taxonomy":"category","embeddable":true,"href":"https:\/\/likemetkovic.hr\/portal\/wp-json\/wp\/v2\/categories?post=77949"},{"taxonomy":"post_tag","embeddable":true,"href":"https:\/\/likemetkovic.hr\/portal\/wp-json\/wp\/v2\/tags?post=77949"}],"curies":[{"name":"wp","href":"https:\/\/api.w.org\/{rel}","templated":true}]}}