{"id":78778,"date":"2022-04-07T13:00:26","date_gmt":"2022-04-07T11:00:26","guid":{"rendered":"https:\/\/likemetkovic.hr\/?p=78778"},"modified":"2022-04-07T13:34:24","modified_gmt":"2022-04-07T11:34:24","slug":"da-se-ne-zaboravi-proslo-je-deset-godina-otkako-nas-je-napustila-iva-petrusic","status":"publish","type":"post","link":"https:\/\/likemetkovic.hr\/portal\/da-se-ne-zaboravi-proslo-je-deset-godina-otkako-nas-je-napustila-iva-petrusic\/","title":{"rendered":"DA SE NE ZABORAVI! Pro\u0161lo je deset godina otkako nas je napustila Iva Petru\u0161i\u0107"},"content":{"rendered":"<p>Na dana\u0161nji dan, prije deset godina napustila nas je <strong><a href=\"https:\/\/likemetkovic.hr\/sjecanje-babu-ivu-iva-petrusic-malena-zena-velikoga-srca-12-2-1924-7-4-2012\/\" target=\"_blank\" rel=\"noopener noreferrer\">Iva Petru\u0161i\u0107 <\/a><\/strong>(12. velja\u010de 1924. &#8211; 7. travnja 2012.), skromna \u017eena vedra duha koja je u Neretvanskoj ulici u Metkovi\u0107u imala <em>ordinaciju na otvorenom<\/em> u kojoj su svoje tegobe lije\u010dili mnogi, od djece do profesionalnih sporta\u0161a.<\/p>\n<p><em>Baba Iva<\/em>, kako smo je zvali od milja, bila je nadaleko poznata <strong>po vje\u0161tini lije\u010denja ozljeda poput i\u0161\u010da\u0161enja, uganu\u0107a i loma ruku i nogu<\/strong>. Ona nikada za svoj rad nije htjela primiti naknadu, ve\u0107 je od svojih pacijenta tra\u017eila samo jedno: da sa sobom ponesu malo zavoja.<\/p>\n<p>Mnogi koji su je imali priliku susresti pamte je kao \u017eenu plemenita srca. Uvijek je bila spremna pomo\u0107i. Nije marila za svoje bolesti, ni za svoju ve\u0107 poodmaklu dob. Kao takva, nije ostala neprimije\u0107ena niti zaboravljena. Bila je dobitnica nagrade Grada Metkovi\u0107a. <strong>Gledatelji HTV-ove emisije <\/strong><em><strong>\u017diva istina<\/strong><\/em><em>,<\/em> koju je ure\u0111ivao Jo\u0161ko Martinovi\u0107, dodijelili su joj javnim glasovanjem nagradu za humanitarno djelovanje. Nisu je zaboravili ni na\u0161i branitelji koji su joj dodijelili <strong>Zahvalnicu 116. neretvanske domobranske brigade HV-a<\/strong>.<\/p>\n<p>Grad Metkovi\u0107 joj se posebno odu\u017eio u prosincu 2013. nazvav\u0161i gradsku<strong> Humanitarnu zakladu<\/strong> njezinim imenom o \u010dijem radu posljednjih nekoliko godina ne znamo ba\u0161 ni\u0161ta, osim da je za upravitelja 2017. godine postavljen Josip Kevo.<\/p>\n<p>Metkovska <a href=\"https:\/\/likemetkovic.hr\/foto-udruga-mladih-kolektiv-postavila-siluete-poznatih-metkovaca\/\" target=\"_blank\" rel=\"noopener noreferrer\">Udruga mladih <\/a><em><a href=\"https:\/\/likemetkovic.hr\/foto-udruga-mladih-kolektiv-postavila-siluete-poznatih-metkovaca\/\" target=\"_blank\" rel=\"noopener noreferrer\">Kolektiv<\/a><\/em> je prije nekoliko poku\u0161ala istrgnuti iz zaborava nekolicinu Metkovaca, odnosno osoba koje su bile vezane uz Metkovi\u0107. Me\u0111u njima je i Iva Petru\u0161i\u0107 \u010diju su<strong> siluetu<\/strong> u naravnoj veli\u010dini postavili na po\u010detku Ulice Neretvanskih gusara. Ni nje vi\u0161e nema!<\/p>\n<p>Nikada Metkovci, Neretvani ne bi smjeli zaboraviti svoju <em>Babu Ivu<\/em> jer nas njezin \u017eivotni primjer mo\u017ee pou\u010diti da je dobro biti plemenit i suosje\u0107ajan s tu\u0111om patnjom, i onda kada se svjetla reflektora ugase.<\/p>\n<figure id=\"attachment_78780\" aria-describedby=\"caption-attachment-78780\" style=\"width: 800px\" class=\"wp-caption alignnone\"><img decoding=\"async\" class=\"wp-image-78780 size-full\" src=\"https:\/\/likemetkovic.hr\/wp-content\/uploads\/2019\/04\/baba-iva-petrusic-1.jpg\" alt=\"\" width=\"800\" height=\"533\" srcset=\"https:\/\/likemetkovic.hr\/portal\/wp-content\/uploads\/2019\/04\/baba-iva-petrusic-1.jpg 800w, https:\/\/likemetkovic.hr\/portal\/wp-content\/uploads\/2019\/04\/baba-iva-petrusic-1-768x512.jpg 768w, https:\/\/likemetkovic.hr\/portal\/wp-content\/uploads\/2019\/04\/baba-iva-petrusic-1-696x464.jpg 696w, https:\/\/likemetkovic.hr\/portal\/wp-content\/uploads\/2019\/04\/baba-iva-petrusic-1-630x420.jpg 630w\" sizes=\"(max-width: 800px) 100vw, 800px\" \/><figcaption id=\"caption-attachment-78780\" class=\"wp-caption-text\">Silueta Ive Petru\u0161i\u0107 u Neretvanskoj ulici<\/figcaption><\/figure>\n","protected":false},"excerpt":{"rendered":"<p>Na dana\u0161nji dan, prije deset godina napustila nas je Iva Petru\u0161i\u0107 (12. velja\u010de 1924. &#8211; 7. travnja 2012.), skromna \u017eena vedra duha koja je u Neretvanskoj ulici u Metkovi\u0107u imala ordinaciju na otvorenom u kojoj su svoje tegobe lije\u010dili mnogi, od djece do profesionalnih sporta\u0161a. Baba Iva, kako smo je zvali od milja, bila je [&hellip;]<\/p>\n","protected":false},"author":7,"featured_media":78780,"comment_status":"open","ping_status":"open","sticky":false,"template":"","format":"standard","meta":{"footnotes":""},"categories":[296,11],"tags":[4368],"class_list":{"0":"post-78778","1":"post","2":"type-post","3":"status-publish","4":"format-standard","5":"has-post-thumbnail","7":"category-ab","8":"category-metkovic-dolina","9":"tag-iva-petrusic"},"yoast_head":"<!-- This site is optimized with the Yoast SEO plugin v25.2 - https:\/\/yoast.com\/wordpress\/plugins\/seo\/ -->\n<title>DA SE NE ZABORAVI! Pro\u0161lo je deset godina otkako nas je napustila Iva Petru\u0161i\u0107 - likemetkovic.hr<\/title>\n<meta name=\"robots\" content=\"index, follow, max-snippet:-1, max-image-preview:large, max-video-preview:-1\" \/>\n<link rel=\"canonical\" href=\"https:\/\/likemetkovic.hr\/da-se-ne-zaboravi-proslo-je-deset-godina-otkako-nas-je-napustila-iva-petrusic\/\" \/>\n<meta property=\"og:locale\" content=\"hr_HR\" \/>\n<meta property=\"og:type\" content=\"article\" \/>\n<meta property=\"og:title\" content=\"DA SE NE ZABORAVI! Pro\u0161lo je deset godina otkako nas je napustila Iva Petru\u0161i\u0107 - likemetkovic.hr\" \/>\n<meta property=\"og:description\" content=\"Na dana\u0161nji dan, prije deset godina napustila nas je Iva Petru\u0161i\u0107 (12. velja\u010de 1924. &#8211; 7. travnja 2012.), skromna \u017eena vedra duha koja je u Neretvanskoj ulici u Metkovi\u0107u imala ordinaciju na otvorenom u kojoj su svoje tegobe lije\u010dili mnogi, od djece do profesionalnih sporta\u0161a. Baba Iva, kako smo je zvali od milja, bila je [&hellip;]\" \/>\n<meta property=\"og:url\" content=\"https:\/\/likemetkovic.hr\/da-se-ne-zaboravi-proslo-je-deset-godina-otkako-nas-je-napustila-iva-petrusic\/\" \/>\n<meta property=\"og:site_name\" content=\"likemetkovic.hr\" \/>\n<meta property=\"article:publisher\" content=\"https:\/\/www.facebook.com\/likemetkovic.hr\/\" \/>\n<meta property=\"article:published_time\" content=\"2022-04-07T11:00:26+00:00\" \/>\n<meta property=\"article:modified_time\" content=\"2022-04-07T11:34:24+00:00\" \/>\n<meta property=\"og:image\" content=\"https:\/\/likemetkovic.hr\/wp-content\/uploads\/2019\/04\/baba-iva-petrusic-1.jpg\" \/>\n\t<meta property=\"og:image:width\" content=\"800\" \/>\n\t<meta property=\"og:image:height\" content=\"533\" \/>\n\t<meta property=\"og:image:type\" content=\"image\/jpeg\" \/>\n<meta name=\"author\" content=\"LIKEmetkovic.hr\" \/>\n<meta name=\"twitter:card\" content=\"summary_large_image\" \/>\n<meta name=\"twitter:label1\" content=\"Napisao\/la\" \/>\n\t<meta name=\"twitter:data1\" content=\"LIKEmetkovic.hr\" \/>\n\t<meta name=\"twitter:label2\" content=\"Procijenjeno vrijeme \u010ditanja\" \/>\n\t<meta name=\"twitter:data2\" content=\"2 minute\" \/>\n<script type=\"application\/ld+json\" class=\"yoast-schema-graph\">{\"@context\":\"https:\/\/schema.org\",\"@graph\":[{\"@type\":\"WebPage\",\"@id\":\"https:\/\/likemetkovic.hr\/da-se-ne-zaboravi-proslo-je-deset-godina-otkako-nas-je-napustila-iva-petrusic\/\",\"url\":\"https:\/\/likemetkovic.hr\/da-se-ne-zaboravi-proslo-je-deset-godina-otkako-nas-je-napustila-iva-petrusic\/\",\"name\":\"DA SE NE ZABORAVI! Pro\u0161lo je deset godina otkako nas je napustila Iva Petru\u0161i\u0107 - likemetkovic.hr\",\"isPartOf\":{\"@id\":\"https:\/\/likemetkovic.hr\/#website\"},\"primaryImageOfPage\":{\"@id\":\"https:\/\/likemetkovic.hr\/da-se-ne-zaboravi-proslo-je-deset-godina-otkako-nas-je-napustila-iva-petrusic\/#primaryimage\"},\"image\":{\"@id\":\"https:\/\/likemetkovic.hr\/da-se-ne-zaboravi-proslo-je-deset-godina-otkako-nas-je-napustila-iva-petrusic\/#primaryimage\"},\"thumbnailUrl\":\"https:\/\/likemetkovic.hr\/portal\/wp-content\/uploads\/2019\/04\/baba-iva-petrusic-1.jpg\",\"datePublished\":\"2022-04-07T11:00:26+00:00\",\"dateModified\":\"2022-04-07T11:34:24+00:00\",\"author\":{\"@id\":\"https:\/\/likemetkovic.hr\/#\/schema\/person\/a42711f3385a0e2be6f7e0443bfb28f0\"},\"breadcrumb\":{\"@id\":\"https:\/\/likemetkovic.hr\/da-se-ne-zaboravi-proslo-je-deset-godina-otkako-nas-je-napustila-iva-petrusic\/#breadcrumb\"},\"inLanguage\":\"hr\",\"potentialAction\":[{\"@type\":\"ReadAction\",\"target\":[\"https:\/\/likemetkovic.hr\/da-se-ne-zaboravi-proslo-je-deset-godina-otkako-nas-je-napustila-iva-petrusic\/\"]}]},{\"@type\":\"ImageObject\",\"inLanguage\":\"hr\",\"@id\":\"https:\/\/likemetkovic.hr\/da-se-ne-zaboravi-proslo-je-deset-godina-otkako-nas-je-napustila-iva-petrusic\/#primaryimage\",\"url\":\"https:\/\/likemetkovic.hr\/portal\/wp-content\/uploads\/2019\/04\/baba-iva-petrusic-1.jpg\",\"contentUrl\":\"https:\/\/likemetkovic.hr\/portal\/wp-content\/uploads\/2019\/04\/baba-iva-petrusic-1.jpg\",\"width\":800,\"height\":533},{\"@type\":\"BreadcrumbList\",\"@id\":\"https:\/\/likemetkovic.hr\/da-se-ne-zaboravi-proslo-je-deset-godina-otkako-nas-je-napustila-iva-petrusic\/#breadcrumb\",\"itemListElement\":[{\"@type\":\"ListItem\",\"position\":1,\"name\":\"Po\u010detna stranica\",\"item\":\"https:\/\/likemetkovic.hr\/portal\/\"},{\"@type\":\"ListItem\",\"position\":2,\"name\":\"DA SE NE ZABORAVI! Pro\u0161lo je deset godina otkako nas je napustila Iva Petru\u0161i\u0107\"}]},{\"@type\":\"WebSite\",\"@id\":\"https:\/\/likemetkovic.hr\/#website\",\"url\":\"https:\/\/likemetkovic.hr\/\",\"name\":\"likemetkovic.hr\",\"description\":\"Misli pozitivno... \u010ditaj LIKE\",\"potentialAction\":[{\"@type\":\"SearchAction\",\"target\":{\"@type\":\"EntryPoint\",\"urlTemplate\":\"https:\/\/likemetkovic.hr\/?s={search_term_string}\"},\"query-input\":{\"@type\":\"PropertyValueSpecification\",\"valueRequired\":true,\"valueName\":\"search_term_string\"}}],\"inLanguage\":\"hr\"},{\"@type\":\"Person\",\"@id\":\"https:\/\/likemetkovic.hr\/#\/schema\/person\/a42711f3385a0e2be6f7e0443bfb28f0\",\"name\":\"LIKEmetkovic.hr\",\"sameAs\":[\"http:\/\/likemetkovic.hr\"],\"url\":\"https:\/\/likemetkovic.hr\/portal\/author\/likemetkovic-hr\/\"}]}<\/script>\n<!-- \/ Yoast SEO plugin. -->","yoast_head_json":{"title":"DA SE NE ZABORAVI! Pro\u0161lo je deset godina otkako nas je napustila Iva Petru\u0161i\u0107 - likemetkovic.hr","robots":{"index":"index","follow":"follow","max-snippet":"max-snippet:-1","max-image-preview":"max-image-preview:large","max-video-preview":"max-video-preview:-1"},"canonical":"https:\/\/likemetkovic.hr\/da-se-ne-zaboravi-proslo-je-deset-godina-otkako-nas-je-napustila-iva-petrusic\/","og_locale":"hr_HR","og_type":"article","og_title":"DA SE NE ZABORAVI! Pro\u0161lo je deset godina otkako nas je napustila Iva Petru\u0161i\u0107 - likemetkovic.hr","og_description":"Na dana\u0161nji dan, prije deset godina napustila nas je Iva Petru\u0161i\u0107 (12. velja\u010de 1924. &#8211; 7. travnja 2012.), skromna \u017eena vedra duha koja je u Neretvanskoj ulici u Metkovi\u0107u imala ordinaciju na otvorenom u kojoj su svoje tegobe lije\u010dili mnogi, od djece do profesionalnih sporta\u0161a. Baba Iva, kako smo je zvali od milja, bila je [&hellip;]","og_url":"https:\/\/likemetkovic.hr\/da-se-ne-zaboravi-proslo-je-deset-godina-otkako-nas-je-napustila-iva-petrusic\/","og_site_name":"likemetkovic.hr","article_publisher":"https:\/\/www.facebook.com\/likemetkovic.hr\/","article_published_time":"2022-04-07T11:00:26+00:00","article_modified_time":"2022-04-07T11:34:24+00:00","og_image":[{"width":800,"height":533,"url":"https:\/\/likemetkovic.hr\/wp-content\/uploads\/2019\/04\/baba-iva-petrusic-1.jpg","type":"image\/jpeg"}],"author":"LIKEmetkovic.hr","twitter_card":"summary_large_image","twitter_misc":{"Napisao\/la":"LIKEmetkovic.hr","Procijenjeno vrijeme \u010ditanja":"2 minute"},"schema":{"@context":"https:\/\/schema.org","@graph":[{"@type":"WebPage","@id":"https:\/\/likemetkovic.hr\/da-se-ne-zaboravi-proslo-je-deset-godina-otkako-nas-je-napustila-iva-petrusic\/","url":"https:\/\/likemetkovic.hr\/da-se-ne-zaboravi-proslo-je-deset-godina-otkako-nas-je-napustila-iva-petrusic\/","name":"DA SE NE ZABORAVI! Pro\u0161lo je deset godina otkako nas je napustila Iva Petru\u0161i\u0107 - likemetkovic.hr","isPartOf":{"@id":"https:\/\/likemetkovic.hr\/#website"},"primaryImageOfPage":{"@id":"https:\/\/likemetkovic.hr\/da-se-ne-zaboravi-proslo-je-deset-godina-otkako-nas-je-napustila-iva-petrusic\/#primaryimage"},"image":{"@id":"https:\/\/likemetkovic.hr\/da-se-ne-zaboravi-proslo-je-deset-godina-otkako-nas-je-napustila-iva-petrusic\/#primaryimage"},"thumbnailUrl":"https:\/\/likemetkovic.hr\/portal\/wp-content\/uploads\/2019\/04\/baba-iva-petrusic-1.jpg","datePublished":"2022-04-07T11:00:26+00:00","dateModified":"2022-04-07T11:34:24+00:00","author":{"@id":"https:\/\/likemetkovic.hr\/#\/schema\/person\/a42711f3385a0e2be6f7e0443bfb28f0"},"breadcrumb":{"@id":"https:\/\/likemetkovic.hr\/da-se-ne-zaboravi-proslo-je-deset-godina-otkako-nas-je-napustila-iva-petrusic\/#breadcrumb"},"inLanguage":"hr","potentialAction":[{"@type":"ReadAction","target":["https:\/\/likemetkovic.hr\/da-se-ne-zaboravi-proslo-je-deset-godina-otkako-nas-je-napustila-iva-petrusic\/"]}]},{"@type":"ImageObject","inLanguage":"hr","@id":"https:\/\/likemetkovic.hr\/da-se-ne-zaboravi-proslo-je-deset-godina-otkako-nas-je-napustila-iva-petrusic\/#primaryimage","url":"https:\/\/likemetkovic.hr\/portal\/wp-content\/uploads\/2019\/04\/baba-iva-petrusic-1.jpg","contentUrl":"https:\/\/likemetkovic.hr\/portal\/wp-content\/uploads\/2019\/04\/baba-iva-petrusic-1.jpg","width":800,"height":533},{"@type":"BreadcrumbList","@id":"https:\/\/likemetkovic.hr\/da-se-ne-zaboravi-proslo-je-deset-godina-otkako-nas-je-napustila-iva-petrusic\/#breadcrumb","itemListElement":[{"@type":"ListItem","position":1,"name":"Po\u010detna stranica","item":"https:\/\/likemetkovic.hr\/portal\/"},{"@type":"ListItem","position":2,"name":"DA SE NE ZABORAVI! Pro\u0161lo je deset godina otkako nas je napustila Iva Petru\u0161i\u0107"}]},{"@type":"WebSite","@id":"https:\/\/likemetkovic.hr\/#website","url":"https:\/\/likemetkovic.hr\/","name":"likemetkovic.hr","description":"Misli pozitivno... \u010ditaj LIKE","potentialAction":[{"@type":"SearchAction","target":{"@type":"EntryPoint","urlTemplate":"https:\/\/likemetkovic.hr\/?s={search_term_string}"},"query-input":{"@type":"PropertyValueSpecification","valueRequired":true,"valueName":"search_term_string"}}],"inLanguage":"hr"},{"@type":"Person","@id":"https:\/\/likemetkovic.hr\/#\/schema\/person\/a42711f3385a0e2be6f7e0443bfb28f0","name":"LIKEmetkovic.hr","sameAs":["http:\/\/likemetkovic.hr"],"url":"https:\/\/likemetkovic.hr\/portal\/author\/likemetkovic-hr\/"}]}},"_links":{"self":[{"href":"https:\/\/likemetkovic.hr\/portal\/wp-json\/wp\/v2\/posts\/78778","targetHints":{"allow":["GET"]}}],"collection":[{"href":"https:\/\/likemetkovic.hr\/portal\/wp-json\/wp\/v2\/posts"}],"about":[{"href":"https:\/\/likemetkovic.hr\/portal\/wp-json\/wp\/v2\/types\/post"}],"author":[{"embeddable":true,"href":"https:\/\/likemetkovic.hr\/portal\/wp-json\/wp\/v2\/users\/7"}],"replies":[{"embeddable":true,"href":"https:\/\/likemetkovic.hr\/portal\/wp-json\/wp\/v2\/comments?post=78778"}],"version-history":[{"count":2,"href":"https:\/\/likemetkovic.hr\/portal\/wp-json\/wp\/v2\/posts\/78778\/revisions"}],"predecessor-version":[{"id":129529,"href":"https:\/\/likemetkovic.hr\/portal\/wp-json\/wp\/v2\/posts\/78778\/revisions\/129529"}],"wp:featuredmedia":[{"embeddable":true,"href":"https:\/\/likemetkovic.hr\/portal\/wp-json\/wp\/v2\/media\/78780"}],"wp:attachment":[{"href":"https:\/\/likemetkovic.hr\/portal\/wp-json\/wp\/v2\/media?parent=78778"}],"wp:term":[{"taxonomy":"category","embeddable":true,"href":"https:\/\/likemetkovic.hr\/portal\/wp-json\/wp\/v2\/categories?post=78778"},{"taxonomy":"post_tag","embeddable":true,"href":"https:\/\/likemetkovic.hr\/portal\/wp-json\/wp\/v2\/tags?post=78778"}],"curies":[{"name":"wp","href":"https:\/\/api.w.org\/{rel}","templated":true}]}}