{"id":78880,"date":"2019-04-09T14:54:59","date_gmt":"2019-04-09T12:54:59","guid":{"rendered":"https:\/\/likemetkovic.hr\/?p=78880"},"modified":"2019-04-09T14:54:59","modified_gmt":"2019-04-09T12:54:59","slug":"kineski-premijer-u-dubrovniku-posebne-mjere-osiguranja-i-regulacija-prometa","status":"publish","type":"post","link":"https:\/\/likemetkovic.hr\/portal\/kineski-premijer-u-dubrovniku-posebne-mjere-osiguranja-i-regulacija-prometa\/","title":{"rendered":"KINESKI PREMIJER U DUBROVNIKU Posebne mjere osiguranja i regulacija prometa"},"content":{"rendered":"<p align=\"justify\"><span style=\"font-family: Verdana;\">Obavje\u0161tavaju se gra\u0111ani da \u0107e zbog odr\u017eavanja 8. sastanka \u0161efova vlada zemalja srednje i isto\u010dne Europe i Narodne Republike Kine kao i odr\u017eavanja poslovnog foruma zemalja srednje i isto\u010dne Europe i Kine koji je u Dubrovniku planiran <strong>od 10. do 12. travnja<\/strong>, provoditi<strong> posebne mjere osiguranja te \u0107e povremeno do\u0107i do kra\u0107ih zastoja i gu\u017evi<\/strong>:<\/span><\/p>\n<ol class=\"vijest2\">\n<li><span style=\"font-family: Verdana;\">Povremeno \u0107e dolaziti do prekida prometa od Zra\u010dne luke Dubrovnik do Grada Dubrovnika i na podru\u010dju Grada Dubrovnika.<br \/>\n<strong>U slu\u010daju zastoja ili kra\u0107ih prekida u prometu, molimo gra\u0111ane za razumijevanje i strpljenje.<\/strong><\/span><\/li>\n<li><span style=\"font-family: Verdana;\">Privremena zabrana zaustavljanja i parkiranja u Ulici Frana Supila (od trgovine \u201ePemo\u201c \u2013 ulaz u Gimnaziju \u2013 plato Plo\u010da), nastavkom na Hvarsku ulicu do ulaza u parkirali\u0161te ispod \u017ei\u010dare.<br \/>\n<strong>Vrijeme privremene zabrane zaustavljanja i parkiranja vrijedi za razdoblje od 10.04.2019. od poslijepodnevnih satima sati do 11.04.2019. do ve\u010dernjih sati.<\/strong><\/span><\/li>\n<li><span style=\"font-family: Verdana;\">Privremena zabrana zaustavljanja i parkiranja na parkirali\u0161nom prostoru u ulici Masarykov put (parking prostor izme\u0111u ulice Masarykov put i \u0160etali\u0161te kralja Zvonimira \u2013 ispred kompleksa zgrada Lapadski dvori).<br \/>\n<strong>Vrijeme privremene zabrane zaustavljanja i parkiranja vrijedi za razdoblje od 11.04.2019. od jutarnjih sati do 12.04.2019. do poslijepodnevnih sati.<\/strong><\/span><\/li>\n<li><span style=\"font-family: Verdana;\">Privremena zabrana odvijanja prometa na cesti za brdo Sr\u0111, od Jadranske magistrale \u2013 dr\u017eavne ceste D-8 do tvr\u0111ave na brdu Sr\u0111.<br \/>\n<strong>Vrijeme privremene zabrane odvijanja prometa vrijedi za dan 12.04.2019. od 10 do 13,30 sati.<\/strong><\/span><\/li>\n<li><span style=\"font-family: Verdana;\">Privremeno ukidanje stajali\u0161ta za vozila taxi prijevoza na platou Vrata od Plo\u010da.<br \/>\n<strong>Vrijeme privremenog ukidanja stajali\u0161ta odnosi se za dane 10.04.2019. i 11.04<\/strong><strong>.2019. u popodnevnim i ve\u010dernjim satima.<\/strong><\/span><\/li>\n<li><span style=\"font-family: Verdana;\">Privremeno ukidanje stajali\u0161ta za vozila taxi prijevoza u Ulici Iza Grada, tzv. \u201ePa\u0161\u010dara\u201c<br \/>\n<strong>Vrijeme privremenog ukidanja stajali\u0161ta odnosi se za dane 10. i 11. 04.2019.\u00a0<\/strong><strong>u popodnevnim i ve\u010dernjim satima.<\/strong><\/span><\/li>\n<li><span style=\"font-family: Verdana;\">Privremeno ukidanje stajali\u0161ta za vozila taxi prijevoza na platou Pile.<br \/>\n<strong>Vrijeme privremenog ukidanja stajali\u0161ta odnosi se za dan 11.04.2019.\u00a0<\/strong><strong>u kasnim popodnevnim i ve\u010dernjim satima.<\/strong><\/span><\/li>\n<li><span style=\"font-family: Verdana;\">Privremena zabrana ulaza u Stari grad vozilima koja posjeduju dozvolu ulaska s lokacije Vrata od Plo\u010da.<br \/>\n<strong>Vrijeme privremene zabrane odnosi se na 10. i 11. travnja 2019. g. od 17 sati.<\/strong><\/span><\/li>\n<li><span style=\"font-family: Verdana;\">Privremena zabrana prevo\u017eenja robe i drugih dobara u stari dio grada s pozicije Vrata od Plo\u010da.<br \/>\n<strong>Privremena zabrana se odnosi za sva vozila, uklju\u010duju\u0107i i elektri\u010dna, a vrijeme zabrane odnosi se na dane 10. i 11. travnja 2019. g. od 17 sati.<\/strong><\/span><\/li>\n<li><span style=\"font-family: Verdana;\">Privremena zabrana zadr\u017eavanja turisti\u010dkim autobusima koji dovoze turiste na razgled Grada na platou Pile.<br \/>\n<b>Privremena zabrana zadr\u017eavanja odnosi se na 10. i 11. travnja 2019. g. od 17 do 22 sata. Pojedina\u010dni dolazak autobusa radi brzog iskrcaja turista biti \u0107e mogu\u0107 u navedeno vrijeme na poziciji stajali\u0161ta vozila taxi prijevoza uz nadzor policije.<\/b><\/span><\/li>\n<\/ol>\n<p class=\"vijest2\"><span style=\"font-family: Verdana;\">Tako\u0111er, obavje\u0161tavaju se svi gra\u0111ani Dubrovnika da ne iznose otpad u razdoblju od 10.04.2019. g. od 15 sati do 12.04.2019. g. do 19 sati, obzirom da \u0107e se ukloniti svi spremnici za komunalni i drugi otpad.<\/span><\/p>\n<p class=\"vijest2\"><span style=\"font-family: Verdana;\">\u017delimo napomenuti da \u0107e policija tijekom provo\u0111enja navedenih mjera voditi ra\u010duna da se promet odvija sa \u0161to manje zastoja i \u010dekanja za gra\u0111ane, kao i da se \u0161to manje utje\u010de na odvijanje ostalih aktivnosti i doga\u0111aja u samom gradu.<\/span><\/p>\n<p class=\"vijest2\"><span style=\"font-family: Verdana;\">Molimo gra\u0111ane za strpljenje te ih pozivamo da se pridr\u017eavaju uputa policijskih slu\u017ebenika na terenu.<\/span><\/p>\n<p class=\"vijest2\" style=\"text-align: right;\"><span style=\"font-family: Verdana;\">\u00a0<\/span><span style=\"font-family: Verdana;\">Policijska uprava dubrova\u010dko-neretvanska<\/span><\/p>\n<p>Foto: Dubrovniknet<\/p>\n","protected":false},"excerpt":{"rendered":"<p>Obavje\u0161tavaju se gra\u0111ani da \u0107e zbog odr\u017eavanja 8. sastanka \u0161efova vlada zemalja srednje i isto\u010dne Europe i Narodne Republike Kine kao i odr\u017eavanja poslovnog foruma zemalja srednje i isto\u010dne Europe i Kine koji je u Dubrovniku planiran od 10. do 12. travnja, provoditi posebne mjere osiguranja te \u0107e povremeno do\u0107i do kra\u0107ih zastoja i gu\u017evi: [&hellip;]<\/p>\n","protected":false},"author":7,"featured_media":78881,"comment_status":"open","ping_status":"open","sticky":false,"template":"","format":"standard","meta":{"footnotes":""},"categories":[296,300],"tags":[664,4996,4995,3923],"class_list":{"0":"post-78880","1":"post","2":"type-post","3":"status-publish","4":"format-standard","5":"has-post-thumbnail","7":"category-ab","8":"category-zupanija","9":"tag-dubrovnik","10":"tag-europske-drzave","11":"tag-forum","12":"tag-kina"},"yoast_head":"<!-- This site is optimized with the Yoast SEO plugin v25.2 - https:\/\/yoast.com\/wordpress\/plugins\/seo\/ -->\n<title>KINESKI PREMIJER U DUBROVNIKU Posebne mjere osiguranja i regulacija prometa - likemetkovic.hr<\/title>\n<meta name=\"robots\" content=\"index, follow, max-snippet:-1, max-image-preview:large, max-video-preview:-1\" \/>\n<link rel=\"canonical\" href=\"https:\/\/likemetkovic.hr\/kineski-premijer-u-dubrovniku-posebne-mjere-osiguranja-i-regulacija-prometa\/\" \/>\n<meta property=\"og:locale\" content=\"hr_HR\" \/>\n<meta property=\"og:type\" content=\"article\" \/>\n<meta property=\"og:title\" content=\"KINESKI PREMIJER U DUBROVNIKU Posebne mjere osiguranja i regulacija prometa - likemetkovic.hr\" \/>\n<meta property=\"og:description\" content=\"Obavje\u0161tavaju se gra\u0111ani da \u0107e zbog odr\u017eavanja 8. sastanka \u0161efova vlada zemalja srednje i isto\u010dne Europe i Narodne Republike Kine kao i odr\u017eavanja poslovnog foruma zemalja srednje i isto\u010dne Europe i Kine koji je u Dubrovniku planiran od 10. do 12. travnja, provoditi posebne mjere osiguranja te \u0107e povremeno do\u0107i do kra\u0107ih zastoja i gu\u017evi: [&hellip;]\" \/>\n<meta property=\"og:url\" content=\"https:\/\/likemetkovic.hr\/kineski-premijer-u-dubrovniku-posebne-mjere-osiguranja-i-regulacija-prometa\/\" \/>\n<meta property=\"og:site_name\" content=\"likemetkovic.hr\" \/>\n<meta property=\"article:publisher\" content=\"https:\/\/www.facebook.com\/likemetkovic.hr\/\" \/>\n<meta property=\"article:published_time\" content=\"2019-04-09T12:54:59+00:00\" \/>\n<meta property=\"og:image\" content=\"https:\/\/likemetkovic.hr\/wp-content\/uploads\/2019\/04\/dunet-velika_guzva.jpg\" \/>\n\t<meta property=\"og:image:width\" content=\"800\" \/>\n\t<meta property=\"og:image:height\" content=\"467\" \/>\n\t<meta property=\"og:image:type\" content=\"image\/jpeg\" \/>\n<meta name=\"author\" content=\"LIKEmetkovic.hr\" \/>\n<meta name=\"twitter:card\" content=\"summary_large_image\" \/>\n<meta name=\"twitter:label1\" content=\"Napisao\/la\" \/>\n\t<meta name=\"twitter:data1\" content=\"LIKEmetkovic.hr\" \/>\n\t<meta name=\"twitter:label2\" content=\"Procijenjeno vrijeme \u010ditanja\" \/>\n\t<meta name=\"twitter:data2\" content=\"3 minute\" \/>\n<script type=\"application\/ld+json\" class=\"yoast-schema-graph\">{\"@context\":\"https:\/\/schema.org\",\"@graph\":[{\"@type\":\"WebPage\",\"@id\":\"https:\/\/likemetkovic.hr\/kineski-premijer-u-dubrovniku-posebne-mjere-osiguranja-i-regulacija-prometa\/\",\"url\":\"https:\/\/likemetkovic.hr\/kineski-premijer-u-dubrovniku-posebne-mjere-osiguranja-i-regulacija-prometa\/\",\"name\":\"KINESKI PREMIJER U DUBROVNIKU Posebne mjere osiguranja i regulacija prometa - likemetkovic.hr\",\"isPartOf\":{\"@id\":\"https:\/\/likemetkovic.hr\/#website\"},\"primaryImageOfPage\":{\"@id\":\"https:\/\/likemetkovic.hr\/kineski-premijer-u-dubrovniku-posebne-mjere-osiguranja-i-regulacija-prometa\/#primaryimage\"},\"image\":{\"@id\":\"https:\/\/likemetkovic.hr\/kineski-premijer-u-dubrovniku-posebne-mjere-osiguranja-i-regulacija-prometa\/#primaryimage\"},\"thumbnailUrl\":\"https:\/\/likemetkovic.hr\/portal\/wp-content\/uploads\/2019\/04\/dunet-velika_guzva.jpg\",\"datePublished\":\"2019-04-09T12:54:59+00:00\",\"author\":{\"@id\":\"https:\/\/likemetkovic.hr\/#\/schema\/person\/a42711f3385a0e2be6f7e0443bfb28f0\"},\"breadcrumb\":{\"@id\":\"https:\/\/likemetkovic.hr\/kineski-premijer-u-dubrovniku-posebne-mjere-osiguranja-i-regulacija-prometa\/#breadcrumb\"},\"inLanguage\":\"hr\",\"potentialAction\":[{\"@type\":\"ReadAction\",\"target\":[\"https:\/\/likemetkovic.hr\/kineski-premijer-u-dubrovniku-posebne-mjere-osiguranja-i-regulacija-prometa\/\"]}]},{\"@type\":\"ImageObject\",\"inLanguage\":\"hr\",\"@id\":\"https:\/\/likemetkovic.hr\/kineski-premijer-u-dubrovniku-posebne-mjere-osiguranja-i-regulacija-prometa\/#primaryimage\",\"url\":\"https:\/\/likemetkovic.hr\/portal\/wp-content\/uploads\/2019\/04\/dunet-velika_guzva.jpg\",\"contentUrl\":\"https:\/\/likemetkovic.hr\/portal\/wp-content\/uploads\/2019\/04\/dunet-velika_guzva.jpg\",\"width\":800,\"height\":467},{\"@type\":\"BreadcrumbList\",\"@id\":\"https:\/\/likemetkovic.hr\/kineski-premijer-u-dubrovniku-posebne-mjere-osiguranja-i-regulacija-prometa\/#breadcrumb\",\"itemListElement\":[{\"@type\":\"ListItem\",\"position\":1,\"name\":\"Po\u010detna stranica\",\"item\":\"https:\/\/likemetkovic.hr\/portal\/\"},{\"@type\":\"ListItem\",\"position\":2,\"name\":\"KINESKI PREMIJER U DUBROVNIKU Posebne mjere osiguranja i regulacija prometa\"}]},{\"@type\":\"WebSite\",\"@id\":\"https:\/\/likemetkovic.hr\/#website\",\"url\":\"https:\/\/likemetkovic.hr\/\",\"name\":\"likemetkovic.hr\",\"description\":\"Misli pozitivno... \u010ditaj LIKE\",\"potentialAction\":[{\"@type\":\"SearchAction\",\"target\":{\"@type\":\"EntryPoint\",\"urlTemplate\":\"https:\/\/likemetkovic.hr\/?s={search_term_string}\"},\"query-input\":{\"@type\":\"PropertyValueSpecification\",\"valueRequired\":true,\"valueName\":\"search_term_string\"}}],\"inLanguage\":\"hr\"},{\"@type\":\"Person\",\"@id\":\"https:\/\/likemetkovic.hr\/#\/schema\/person\/a42711f3385a0e2be6f7e0443bfb28f0\",\"name\":\"LIKEmetkovic.hr\",\"sameAs\":[\"http:\/\/likemetkovic.hr\"],\"url\":\"https:\/\/likemetkovic.hr\/portal\/author\/likemetkovic-hr\/\"}]}<\/script>\n<!-- \/ Yoast SEO plugin. -->","yoast_head_json":{"title":"KINESKI PREMIJER U DUBROVNIKU Posebne mjere osiguranja i regulacija prometa - likemetkovic.hr","robots":{"index":"index","follow":"follow","max-snippet":"max-snippet:-1","max-image-preview":"max-image-preview:large","max-video-preview":"max-video-preview:-1"},"canonical":"https:\/\/likemetkovic.hr\/kineski-premijer-u-dubrovniku-posebne-mjere-osiguranja-i-regulacija-prometa\/","og_locale":"hr_HR","og_type":"article","og_title":"KINESKI PREMIJER U DUBROVNIKU Posebne mjere osiguranja i regulacija prometa - likemetkovic.hr","og_description":"Obavje\u0161tavaju se gra\u0111ani da \u0107e zbog odr\u017eavanja 8. sastanka \u0161efova vlada zemalja srednje i isto\u010dne Europe i Narodne Republike Kine kao i odr\u017eavanja poslovnog foruma zemalja srednje i isto\u010dne Europe i Kine koji je u Dubrovniku planiran od 10. do 12. travnja, provoditi posebne mjere osiguranja te \u0107e povremeno do\u0107i do kra\u0107ih zastoja i gu\u017evi: [&hellip;]","og_url":"https:\/\/likemetkovic.hr\/kineski-premijer-u-dubrovniku-posebne-mjere-osiguranja-i-regulacija-prometa\/","og_site_name":"likemetkovic.hr","article_publisher":"https:\/\/www.facebook.com\/likemetkovic.hr\/","article_published_time":"2019-04-09T12:54:59+00:00","og_image":[{"width":800,"height":467,"url":"https:\/\/likemetkovic.hr\/wp-content\/uploads\/2019\/04\/dunet-velika_guzva.jpg","type":"image\/jpeg"}],"author":"LIKEmetkovic.hr","twitter_card":"summary_large_image","twitter_misc":{"Napisao\/la":"LIKEmetkovic.hr","Procijenjeno vrijeme \u010ditanja":"3 minute"},"schema":{"@context":"https:\/\/schema.org","@graph":[{"@type":"WebPage","@id":"https:\/\/likemetkovic.hr\/kineski-premijer-u-dubrovniku-posebne-mjere-osiguranja-i-regulacija-prometa\/","url":"https:\/\/likemetkovic.hr\/kineski-premijer-u-dubrovniku-posebne-mjere-osiguranja-i-regulacija-prometa\/","name":"KINESKI PREMIJER U DUBROVNIKU Posebne mjere osiguranja i regulacija prometa - likemetkovic.hr","isPartOf":{"@id":"https:\/\/likemetkovic.hr\/#website"},"primaryImageOfPage":{"@id":"https:\/\/likemetkovic.hr\/kineski-premijer-u-dubrovniku-posebne-mjere-osiguranja-i-regulacija-prometa\/#primaryimage"},"image":{"@id":"https:\/\/likemetkovic.hr\/kineski-premijer-u-dubrovniku-posebne-mjere-osiguranja-i-regulacija-prometa\/#primaryimage"},"thumbnailUrl":"https:\/\/likemetkovic.hr\/portal\/wp-content\/uploads\/2019\/04\/dunet-velika_guzva.jpg","datePublished":"2019-04-09T12:54:59+00:00","author":{"@id":"https:\/\/likemetkovic.hr\/#\/schema\/person\/a42711f3385a0e2be6f7e0443bfb28f0"},"breadcrumb":{"@id":"https:\/\/likemetkovic.hr\/kineski-premijer-u-dubrovniku-posebne-mjere-osiguranja-i-regulacija-prometa\/#breadcrumb"},"inLanguage":"hr","potentialAction":[{"@type":"ReadAction","target":["https:\/\/likemetkovic.hr\/kineski-premijer-u-dubrovniku-posebne-mjere-osiguranja-i-regulacija-prometa\/"]}]},{"@type":"ImageObject","inLanguage":"hr","@id":"https:\/\/likemetkovic.hr\/kineski-premijer-u-dubrovniku-posebne-mjere-osiguranja-i-regulacija-prometa\/#primaryimage","url":"https:\/\/likemetkovic.hr\/portal\/wp-content\/uploads\/2019\/04\/dunet-velika_guzva.jpg","contentUrl":"https:\/\/likemetkovic.hr\/portal\/wp-content\/uploads\/2019\/04\/dunet-velika_guzva.jpg","width":800,"height":467},{"@type":"BreadcrumbList","@id":"https:\/\/likemetkovic.hr\/kineski-premijer-u-dubrovniku-posebne-mjere-osiguranja-i-regulacija-prometa\/#breadcrumb","itemListElement":[{"@type":"ListItem","position":1,"name":"Po\u010detna stranica","item":"https:\/\/likemetkovic.hr\/portal\/"},{"@type":"ListItem","position":2,"name":"KINESKI PREMIJER U DUBROVNIKU Posebne mjere osiguranja i regulacija prometa"}]},{"@type":"WebSite","@id":"https:\/\/likemetkovic.hr\/#website","url":"https:\/\/likemetkovic.hr\/","name":"likemetkovic.hr","description":"Misli pozitivno... \u010ditaj LIKE","potentialAction":[{"@type":"SearchAction","target":{"@type":"EntryPoint","urlTemplate":"https:\/\/likemetkovic.hr\/?s={search_term_string}"},"query-input":{"@type":"PropertyValueSpecification","valueRequired":true,"valueName":"search_term_string"}}],"inLanguage":"hr"},{"@type":"Person","@id":"https:\/\/likemetkovic.hr\/#\/schema\/person\/a42711f3385a0e2be6f7e0443bfb28f0","name":"LIKEmetkovic.hr","sameAs":["http:\/\/likemetkovic.hr"],"url":"https:\/\/likemetkovic.hr\/portal\/author\/likemetkovic-hr\/"}]}},"_links":{"self":[{"href":"https:\/\/likemetkovic.hr\/portal\/wp-json\/wp\/v2\/posts\/78880","targetHints":{"allow":["GET"]}}],"collection":[{"href":"https:\/\/likemetkovic.hr\/portal\/wp-json\/wp\/v2\/posts"}],"about":[{"href":"https:\/\/likemetkovic.hr\/portal\/wp-json\/wp\/v2\/types\/post"}],"author":[{"embeddable":true,"href":"https:\/\/likemetkovic.hr\/portal\/wp-json\/wp\/v2\/users\/7"}],"replies":[{"embeddable":true,"href":"https:\/\/likemetkovic.hr\/portal\/wp-json\/wp\/v2\/comments?post=78880"}],"version-history":[{"count":0,"href":"https:\/\/likemetkovic.hr\/portal\/wp-json\/wp\/v2\/posts\/78880\/revisions"}],"wp:featuredmedia":[{"embeddable":true,"href":"https:\/\/likemetkovic.hr\/portal\/wp-json\/wp\/v2\/media\/78881"}],"wp:attachment":[{"href":"https:\/\/likemetkovic.hr\/portal\/wp-json\/wp\/v2\/media?parent=78880"}],"wp:term":[{"taxonomy":"category","embeddable":true,"href":"https:\/\/likemetkovic.hr\/portal\/wp-json\/wp\/v2\/categories?post=78880"},{"taxonomy":"post_tag","embeddable":true,"href":"https:\/\/likemetkovic.hr\/portal\/wp-json\/wp\/v2\/tags?post=78880"}],"curies":[{"name":"wp","href":"https:\/\/api.w.org\/{rel}","templated":true}]}}