{"id":80169,"date":"2019-04-30T16:13:55","date_gmt":"2019-04-30T14:13:55","guid":{"rendered":"https:\/\/likemetkovic.hr\/?p=80169"},"modified":"2019-04-30T16:14:11","modified_gmt":"2019-04-30T14:14:11","slug":"poznati-su-ovogodisnji-laureati-nase-zupanije-medu-njima-je-ratko-krsticevic","status":"publish","type":"post","link":"https:\/\/likemetkovic.hr\/portal\/poznati-su-ovogodisnji-laureati-nase-zupanije-medu-njima-je-ratko-krsticevic\/","title":{"rendered":"Poznati su ovogodi\u0161nji laureati na\u0161e \u017eupanije, me\u0111u njima je i Ratko Krsti\u010devi\u0107"},"content":{"rendered":"<p>Skup\u0161tina Dubrova\u010dko-neretvanske \u017eupanije na svojoj 10. sjednici odr\u017eanoj 29. travnja 2019. godine donijela je Odluke o dodjeli Nagrade za \u017eivotno djelo, dodjeli Priznanja u obliku diplome za iznimna dostignu\u0107a zna\u010dajna za Dubrova\u010dko-neretvansku \u017eupaniju, dodjeli Nagrada za doprinos ugledu i promociji Dubrova\u010dko-neretvanske \u017eupanije u zemlji i svijetu u proteklom jednogodi\u0161njem razdoblju te o dodjeli Nagrada za iznimna postignu\u0107a u proteklom jednogodi\u0161njem razdoblju.<\/p>\n<p>Nagrada za \u017eivotno djelo dodijelit \u0107e se\u00a0<strong>Meri Cetini\u0107<\/strong>, Priznanje u obliku diplome za iznimna dostignu\u0107a zna\u010dajna za Dubrova\u010dko-neretvansku \u017eupaniju dodjelit \u0107e se posthumno\u00a0<strong>fra Bernardinu Sokolu<\/strong>, a Nagrada za iznimna postignu\u0107a u proteklom jednogodi\u0161njem razdoblju ide\u00a0<strong>prof. \u0110ivi Ku\u0161elj<\/strong>\u00a0te\u00a0<strong>Nogometnom klubu \u201dGO\u0160K-DUBROVNIK 1919\u201d<\/strong>. Nagradu za doprinos ugledu i promociji Dubrova\u010dko-neretvanske \u017eupanije u zemlji i svijetu u proteklom jednogodi\u0161njem razdoblju dobit \u0107e\u00a0<strong>Umjetni\u010dka \u0161kola Luke Sorko\u010devi\u0107a<\/strong>,\u00a0<strong>Glazba Ston<\/strong>,\u00a0<strong>Kulturna udruga \u201dIvo Lozica\u201d<\/strong>,\u00a0<strong>Narodna glazba Blato<\/strong>\u00a0te\u00a0<strong>Ratko Krsti\u010devi\u0107<\/strong>.<\/p>\n","protected":false},"excerpt":{"rendered":"<p>Skup\u0161tina Dubrova\u010dko-neretvanske \u017eupanije na svojoj 10. sjednici odr\u017eanoj 29. travnja 2019. godine donijela je Odluke o dodjeli Nagrade za \u017eivotno djelo, dodjeli Priznanja u obliku diplome za iznimna dostignu\u0107a zna\u010dajna za Dubrova\u010dko-neretvansku \u017eupaniju, dodjeli Nagrada za doprinos ugledu i promociji Dubrova\u010dko-neretvanske \u017eupanije u zemlji i svijetu u proteklom jednogodi\u0161njem razdoblju te o dodjeli Nagrada za [&hellip;]<\/p>\n","protected":false},"author":7,"featured_media":80170,"comment_status":"open","ping_status":"open","sticky":false,"template":"","format":"standard","meta":{"footnotes":""},"categories":[296,300],"tags":[726,5094,2721],"class_list":{"0":"post-80169","1":"post","2":"type-post","3":"status-publish","4":"format-standard","5":"has-post-thumbnail","7":"category-ab","8":"category-zupanija","9":"tag-dubrovacko-neretvanska-zupanija","10":"tag-nagrada","11":"tag-ratko-krsticevic"},"yoast_head":"<!-- This site is optimized with the Yoast SEO plugin v25.2 - https:\/\/yoast.com\/wordpress\/plugins\/seo\/ -->\n<title>Poznati su ovogodi\u0161nji laureati na\u0161e \u017eupanije, me\u0111u njima je i Ratko Krsti\u010devi\u0107 - likemetkovic.hr<\/title>\n<meta name=\"robots\" content=\"index, follow, max-snippet:-1, max-image-preview:large, max-video-preview:-1\" \/>\n<link rel=\"canonical\" href=\"https:\/\/likemetkovic.hr\/poznati-su-ovogodisnji-laureati-nase-zupanije-medu-njima-je-ratko-krsticevic\/\" \/>\n<meta property=\"og:locale\" content=\"hr_HR\" \/>\n<meta property=\"og:type\" content=\"article\" \/>\n<meta property=\"og:title\" content=\"Poznati su ovogodi\u0161nji laureati na\u0161e \u017eupanije, me\u0111u njima je i Ratko Krsti\u010devi\u0107 - likemetkovic.hr\" \/>\n<meta property=\"og:description\" content=\"Skup\u0161tina Dubrova\u010dko-neretvanske \u017eupanije na svojoj 10. sjednici odr\u017eanoj 29. travnja 2019. godine donijela je Odluke o dodjeli Nagrade za \u017eivotno djelo, dodjeli Priznanja u obliku diplome za iznimna dostignu\u0107a zna\u010dajna za Dubrova\u010dko-neretvansku \u017eupaniju, dodjeli Nagrada za doprinos ugledu i promociji Dubrova\u010dko-neretvanske \u017eupanije u zemlji i svijetu u proteklom jednogodi\u0161njem razdoblju te o dodjeli Nagrada za [&hellip;]\" \/>\n<meta property=\"og:url\" content=\"https:\/\/likemetkovic.hr\/poznati-su-ovogodisnji-laureati-nase-zupanije-medu-njima-je-ratko-krsticevic\/\" \/>\n<meta property=\"og:site_name\" content=\"likemetkovic.hr\" \/>\n<meta property=\"article:publisher\" content=\"https:\/\/www.facebook.com\/likemetkovic.hr\/\" \/>\n<meta property=\"article:published_time\" content=\"2019-04-30T14:13:55+00:00\" \/>\n<meta property=\"article:modified_time\" content=\"2019-04-30T14:14:11+00:00\" \/>\n<meta property=\"og:image\" content=\"https:\/\/likemetkovic.hr\/wp-content\/uploads\/2019\/04\/ALU-\u0160iroko-Brijeg-GKS-14.jpg\" \/>\n\t<meta property=\"og:image:width\" content=\"800\" \/>\n\t<meta property=\"og:image:height\" content=\"534\" \/>\n\t<meta property=\"og:image:type\" content=\"image\/jpeg\" \/>\n<meta name=\"author\" content=\"LIKEmetkovic.hr\" \/>\n<meta name=\"twitter:card\" content=\"summary_large_image\" \/>\n<meta name=\"twitter:label1\" content=\"Napisao\/la\" \/>\n\t<meta name=\"twitter:data1\" content=\"LIKEmetkovic.hr\" \/>\n\t<meta name=\"twitter:label2\" content=\"Procijenjeno vrijeme \u010ditanja\" \/>\n\t<meta name=\"twitter:data2\" content=\"1 minuta\" \/>\n<script type=\"application\/ld+json\" class=\"yoast-schema-graph\">{\"@context\":\"https:\/\/schema.org\",\"@graph\":[{\"@type\":\"WebPage\",\"@id\":\"https:\/\/likemetkovic.hr\/poznati-su-ovogodisnji-laureati-nase-zupanije-medu-njima-je-ratko-krsticevic\/\",\"url\":\"https:\/\/likemetkovic.hr\/poznati-su-ovogodisnji-laureati-nase-zupanije-medu-njima-je-ratko-krsticevic\/\",\"name\":\"Poznati su ovogodi\u0161nji laureati na\u0161e \u017eupanije, me\u0111u njima je i Ratko Krsti\u010devi\u0107 - likemetkovic.hr\",\"isPartOf\":{\"@id\":\"https:\/\/likemetkovic.hr\/#website\"},\"primaryImageOfPage\":{\"@id\":\"https:\/\/likemetkovic.hr\/poznati-su-ovogodisnji-laureati-nase-zupanije-medu-njima-je-ratko-krsticevic\/#primaryimage\"},\"image\":{\"@id\":\"https:\/\/likemetkovic.hr\/poznati-su-ovogodisnji-laureati-nase-zupanije-medu-njima-je-ratko-krsticevic\/#primaryimage\"},\"thumbnailUrl\":\"https:\/\/likemetkovic.hr\/portal\/wp-content\/uploads\/2019\/04\/ALU-\u0160iroko-Brijeg-GKS-14.jpg\",\"datePublished\":\"2019-04-30T14:13:55+00:00\",\"dateModified\":\"2019-04-30T14:14:11+00:00\",\"author\":{\"@id\":\"https:\/\/likemetkovic.hr\/#\/schema\/person\/a42711f3385a0e2be6f7e0443bfb28f0\"},\"breadcrumb\":{\"@id\":\"https:\/\/likemetkovic.hr\/poznati-su-ovogodisnji-laureati-nase-zupanije-medu-njima-je-ratko-krsticevic\/#breadcrumb\"},\"inLanguage\":\"hr\",\"potentialAction\":[{\"@type\":\"ReadAction\",\"target\":[\"https:\/\/likemetkovic.hr\/poznati-su-ovogodisnji-laureati-nase-zupanije-medu-njima-je-ratko-krsticevic\/\"]}]},{\"@type\":\"ImageObject\",\"inLanguage\":\"hr\",\"@id\":\"https:\/\/likemetkovic.hr\/poznati-su-ovogodisnji-laureati-nase-zupanije-medu-njima-je-ratko-krsticevic\/#primaryimage\",\"url\":\"https:\/\/likemetkovic.hr\/portal\/wp-content\/uploads\/2019\/04\/ALU-\u0160iroko-Brijeg-GKS-14.jpg\",\"contentUrl\":\"https:\/\/likemetkovic.hr\/portal\/wp-content\/uploads\/2019\/04\/ALU-\u0160iroko-Brijeg-GKS-14.jpg\",\"width\":800,\"height\":534},{\"@type\":\"BreadcrumbList\",\"@id\":\"https:\/\/likemetkovic.hr\/poznati-su-ovogodisnji-laureati-nase-zupanije-medu-njima-je-ratko-krsticevic\/#breadcrumb\",\"itemListElement\":[{\"@type\":\"ListItem\",\"position\":1,\"name\":\"Po\u010detna stranica\",\"item\":\"https:\/\/likemetkovic.hr\/portal\/\"},{\"@type\":\"ListItem\",\"position\":2,\"name\":\"Poznati su ovogodi\u0161nji laureati na\u0161e \u017eupanije, me\u0111u njima je i Ratko Krsti\u010devi\u0107\"}]},{\"@type\":\"WebSite\",\"@id\":\"https:\/\/likemetkovic.hr\/#website\",\"url\":\"https:\/\/likemetkovic.hr\/\",\"name\":\"likemetkovic.hr\",\"description\":\"Misli pozitivno... \u010ditaj LIKE\",\"potentialAction\":[{\"@type\":\"SearchAction\",\"target\":{\"@type\":\"EntryPoint\",\"urlTemplate\":\"https:\/\/likemetkovic.hr\/?s={search_term_string}\"},\"query-input\":{\"@type\":\"PropertyValueSpecification\",\"valueRequired\":true,\"valueName\":\"search_term_string\"}}],\"inLanguage\":\"hr\"},{\"@type\":\"Person\",\"@id\":\"https:\/\/likemetkovic.hr\/#\/schema\/person\/a42711f3385a0e2be6f7e0443bfb28f0\",\"name\":\"LIKEmetkovic.hr\",\"sameAs\":[\"http:\/\/likemetkovic.hr\"],\"url\":\"https:\/\/likemetkovic.hr\/portal\/author\/likemetkovic-hr\/\"}]}<\/script>\n<!-- \/ Yoast SEO plugin. -->","yoast_head_json":{"title":"Poznati su ovogodi\u0161nji laureati na\u0161e \u017eupanije, me\u0111u njima je i Ratko Krsti\u010devi\u0107 - likemetkovic.hr","robots":{"index":"index","follow":"follow","max-snippet":"max-snippet:-1","max-image-preview":"max-image-preview:large","max-video-preview":"max-video-preview:-1"},"canonical":"https:\/\/likemetkovic.hr\/poznati-su-ovogodisnji-laureati-nase-zupanije-medu-njima-je-ratko-krsticevic\/","og_locale":"hr_HR","og_type":"article","og_title":"Poznati su ovogodi\u0161nji laureati na\u0161e \u017eupanije, me\u0111u njima je i Ratko Krsti\u010devi\u0107 - likemetkovic.hr","og_description":"Skup\u0161tina Dubrova\u010dko-neretvanske \u017eupanije na svojoj 10. sjednici odr\u017eanoj 29. travnja 2019. godine donijela je Odluke o dodjeli Nagrade za \u017eivotno djelo, dodjeli Priznanja u obliku diplome za iznimna dostignu\u0107a zna\u010dajna za Dubrova\u010dko-neretvansku \u017eupaniju, dodjeli Nagrada za doprinos ugledu i promociji Dubrova\u010dko-neretvanske \u017eupanije u zemlji i svijetu u proteklom jednogodi\u0161njem razdoblju te o dodjeli Nagrada za [&hellip;]","og_url":"https:\/\/likemetkovic.hr\/poznati-su-ovogodisnji-laureati-nase-zupanije-medu-njima-je-ratko-krsticevic\/","og_site_name":"likemetkovic.hr","article_publisher":"https:\/\/www.facebook.com\/likemetkovic.hr\/","article_published_time":"2019-04-30T14:13:55+00:00","article_modified_time":"2019-04-30T14:14:11+00:00","og_image":[{"width":800,"height":534,"url":"https:\/\/likemetkovic.hr\/wp-content\/uploads\/2019\/04\/ALU-\u0160iroko-Brijeg-GKS-14.jpg","type":"image\/jpeg"}],"author":"LIKEmetkovic.hr","twitter_card":"summary_large_image","twitter_misc":{"Napisao\/la":"LIKEmetkovic.hr","Procijenjeno vrijeme \u010ditanja":"1 minuta"},"schema":{"@context":"https:\/\/schema.org","@graph":[{"@type":"WebPage","@id":"https:\/\/likemetkovic.hr\/poznati-su-ovogodisnji-laureati-nase-zupanije-medu-njima-je-ratko-krsticevic\/","url":"https:\/\/likemetkovic.hr\/poznati-su-ovogodisnji-laureati-nase-zupanije-medu-njima-je-ratko-krsticevic\/","name":"Poznati su ovogodi\u0161nji laureati na\u0161e \u017eupanije, me\u0111u njima je i Ratko Krsti\u010devi\u0107 - likemetkovic.hr","isPartOf":{"@id":"https:\/\/likemetkovic.hr\/#website"},"primaryImageOfPage":{"@id":"https:\/\/likemetkovic.hr\/poznati-su-ovogodisnji-laureati-nase-zupanije-medu-njima-je-ratko-krsticevic\/#primaryimage"},"image":{"@id":"https:\/\/likemetkovic.hr\/poznati-su-ovogodisnji-laureati-nase-zupanije-medu-njima-je-ratko-krsticevic\/#primaryimage"},"thumbnailUrl":"https:\/\/likemetkovic.hr\/portal\/wp-content\/uploads\/2019\/04\/ALU-\u0160iroko-Brijeg-GKS-14.jpg","datePublished":"2019-04-30T14:13:55+00:00","dateModified":"2019-04-30T14:14:11+00:00","author":{"@id":"https:\/\/likemetkovic.hr\/#\/schema\/person\/a42711f3385a0e2be6f7e0443bfb28f0"},"breadcrumb":{"@id":"https:\/\/likemetkovic.hr\/poznati-su-ovogodisnji-laureati-nase-zupanije-medu-njima-je-ratko-krsticevic\/#breadcrumb"},"inLanguage":"hr","potentialAction":[{"@type":"ReadAction","target":["https:\/\/likemetkovic.hr\/poznati-su-ovogodisnji-laureati-nase-zupanije-medu-njima-je-ratko-krsticevic\/"]}]},{"@type":"ImageObject","inLanguage":"hr","@id":"https:\/\/likemetkovic.hr\/poznati-su-ovogodisnji-laureati-nase-zupanije-medu-njima-je-ratko-krsticevic\/#primaryimage","url":"https:\/\/likemetkovic.hr\/portal\/wp-content\/uploads\/2019\/04\/ALU-\u0160iroko-Brijeg-GKS-14.jpg","contentUrl":"https:\/\/likemetkovic.hr\/portal\/wp-content\/uploads\/2019\/04\/ALU-\u0160iroko-Brijeg-GKS-14.jpg","width":800,"height":534},{"@type":"BreadcrumbList","@id":"https:\/\/likemetkovic.hr\/poznati-su-ovogodisnji-laureati-nase-zupanije-medu-njima-je-ratko-krsticevic\/#breadcrumb","itemListElement":[{"@type":"ListItem","position":1,"name":"Po\u010detna stranica","item":"https:\/\/likemetkovic.hr\/portal\/"},{"@type":"ListItem","position":2,"name":"Poznati su ovogodi\u0161nji laureati na\u0161e \u017eupanije, me\u0111u njima je i Ratko Krsti\u010devi\u0107"}]},{"@type":"WebSite","@id":"https:\/\/likemetkovic.hr\/#website","url":"https:\/\/likemetkovic.hr\/","name":"likemetkovic.hr","description":"Misli pozitivno... \u010ditaj LIKE","potentialAction":[{"@type":"SearchAction","target":{"@type":"EntryPoint","urlTemplate":"https:\/\/likemetkovic.hr\/?s={search_term_string}"},"query-input":{"@type":"PropertyValueSpecification","valueRequired":true,"valueName":"search_term_string"}}],"inLanguage":"hr"},{"@type":"Person","@id":"https:\/\/likemetkovic.hr\/#\/schema\/person\/a42711f3385a0e2be6f7e0443bfb28f0","name":"LIKEmetkovic.hr","sameAs":["http:\/\/likemetkovic.hr"],"url":"https:\/\/likemetkovic.hr\/portal\/author\/likemetkovic-hr\/"}]}},"_links":{"self":[{"href":"https:\/\/likemetkovic.hr\/portal\/wp-json\/wp\/v2\/posts\/80169","targetHints":{"allow":["GET"]}}],"collection":[{"href":"https:\/\/likemetkovic.hr\/portal\/wp-json\/wp\/v2\/posts"}],"about":[{"href":"https:\/\/likemetkovic.hr\/portal\/wp-json\/wp\/v2\/types\/post"}],"author":[{"embeddable":true,"href":"https:\/\/likemetkovic.hr\/portal\/wp-json\/wp\/v2\/users\/7"}],"replies":[{"embeddable":true,"href":"https:\/\/likemetkovic.hr\/portal\/wp-json\/wp\/v2\/comments?post=80169"}],"version-history":[{"count":0,"href":"https:\/\/likemetkovic.hr\/portal\/wp-json\/wp\/v2\/posts\/80169\/revisions"}],"wp:featuredmedia":[{"embeddable":true,"href":"https:\/\/likemetkovic.hr\/portal\/wp-json\/wp\/v2\/media\/80170"}],"wp:attachment":[{"href":"https:\/\/likemetkovic.hr\/portal\/wp-json\/wp\/v2\/media?parent=80169"}],"wp:term":[{"taxonomy":"category","embeddable":true,"href":"https:\/\/likemetkovic.hr\/portal\/wp-json\/wp\/v2\/categories?post=80169"},{"taxonomy":"post_tag","embeddable":true,"href":"https:\/\/likemetkovic.hr\/portal\/wp-json\/wp\/v2\/tags?post=80169"}],"curies":[{"name":"wp","href":"https:\/\/api.w.org\/{rel}","templated":true}]}}