{"id":80645,"date":"2019-05-08T13:42:13","date_gmt":"2019-05-08T11:42:13","guid":{"rendered":"https:\/\/likemetkovic.hr\/?p=80645"},"modified":"2019-05-08T13:45:28","modified_gmt":"2019-05-08T11:45:28","slug":"zupanijski-sdp-sretan-vam-dan-europe-i-pobjede-nad-fasizmom","status":"publish","type":"post","link":"https:\/\/likemetkovic.hr\/portal\/zupanijski-sdp-sretan-vam-dan-europe-i-pobjede-nad-fasizmom\/","title":{"rendered":"\u017dUPANIJSKI SDP: Sretan vam Dan Europe i Dan pobjede nad fa\u0161izmom!"},"content":{"rendered":"<p>\u017dupanijska organizacija SDP-a DN\u017d uputila je \u010destitku povodom Dana Europe i Dana pobjede nad fa\u0161izmom koju prenosimo u cijelosti:<\/p>\n<p><em>Robert Schuman je u svom govoru 1950. predstavio viziju europskog jedinstva, Europu oslobo\u0111enu bratoubila\u010dkih ratova, Europu napretka i solidarnosti. U spomen na njegovo govor, koji je odr\u017ean 9. svibnja Europa slavi svoj dan.<\/em><\/p>\n<p><em>Nije slu\u010dajno da je taj govor odr\u017ean 9. svibnja, jer tog je datuma 1945. Njema\u010dka potpisala kapitulaciju, \u0161to se obilje\u017eava kao Dan pobjede nad fa\u0161izmom.<\/em><\/p>\n<p><em>Nakon rata koji je bio pro\u017eet nehumanim postupanjima, sustavnim uni\u0161tavanjem\u00a0 drugih i druga\u010dijih sa ukupno 50 milijuna \u017ertava, Europa je krenula na put oporavka, jedinstva, solidarnosti, otvorenih granica i prilika za sve.<\/em><\/p>\n<p><em>Takva Europa i EU mnogima je ideal, a nekima prijetnja pa zato rade na zatiranju temeljnih postulata EU. Udru\u017eimo se u\u00a0razumijevanju i me\u0111usobnoj podr\u0161ci kako bi o\u010duvali vrijednosti koje nosi velika europska obitelj. Oduprimo se zajedno, rame uz rame, onima koji \u017eele Europsku uniju kaosa i nestabilnosti, te\u017eimo Europskoj uniji solidarnosti i ravnopravnosti.<\/em><\/p>\n<p><em>Svim gra\u0111anima Dubrova\u010dko-neretvanske \u017eupanije \u017eelimo sretan Dan Europe i Dan pobjede nad fa\u0161izmom.<\/em><\/p>\n<p style=\"text-align: right;\"><em>\u017dO SDP-a Dubrova\u010dko-neretvanske \u017eupanije<\/em><\/p>\n","protected":false},"excerpt":{"rendered":"<p>\u017dupanijska organizacija SDP-a DN\u017d uputila je \u010destitku povodom Dana Europe i Dana pobjede nad fa\u0161izmom koju prenosimo u cijelosti: Robert Schuman je u svom govoru 1950. predstavio viziju europskog jedinstva, Europu oslobo\u0111enu bratoubila\u010dkih ratova, Europu napretka i solidarnosti. U spomen na njegovo govor, koji je odr\u017ean 9. svibnja Europa slavi svoj dan. Nije slu\u010dajno da [&hellip;]<\/p>\n","protected":false},"author":9,"featured_media":80648,"comment_status":"open","ping_status":"open","sticky":false,"template":"","format":"standard","meta":{"footnotes":""},"categories":[296,300],"tags":[3130,3478],"class_list":{"0":"post-80645","1":"post","2":"type-post","3":"status-publish","4":"format-standard","5":"has-post-thumbnail","7":"category-ab","8":"category-zupanija","9":"tag-dan-europe","10":"tag-sdp-dnz"},"yoast_head":"<!-- This site is optimized with the Yoast SEO plugin v25.2 - https:\/\/yoast.com\/wordpress\/plugins\/seo\/ -->\n<title>\u017dUPANIJSKI SDP: Sretan vam Dan Europe i Dan pobjede nad fa\u0161izmom! - likemetkovic.hr<\/title>\n<meta name=\"robots\" content=\"index, follow, max-snippet:-1, max-image-preview:large, max-video-preview:-1\" \/>\n<link rel=\"canonical\" href=\"https:\/\/likemetkovic.hr\/zupanijski-sdp-sretan-vam-dan-europe-i-pobjede-nad-fasizmom\/\" \/>\n<meta property=\"og:locale\" content=\"hr_HR\" \/>\n<meta property=\"og:type\" content=\"article\" \/>\n<meta property=\"og:title\" content=\"\u017dUPANIJSKI SDP: Sretan vam Dan Europe i Dan pobjede nad fa\u0161izmom! - likemetkovic.hr\" \/>\n<meta property=\"og:description\" content=\"\u017dupanijska organizacija SDP-a DN\u017d uputila je \u010destitku povodom Dana Europe i Dana pobjede nad fa\u0161izmom koju prenosimo u cijelosti: Robert Schuman je u svom govoru 1950. predstavio viziju europskog jedinstva, Europu oslobo\u0111enu bratoubila\u010dkih ratova, Europu napretka i solidarnosti. U spomen na njegovo govor, koji je odr\u017ean 9. svibnja Europa slavi svoj dan. Nije slu\u010dajno da [&hellip;]\" \/>\n<meta property=\"og:url\" content=\"https:\/\/likemetkovic.hr\/zupanijski-sdp-sretan-vam-dan-europe-i-pobjede-nad-fasizmom\/\" \/>\n<meta property=\"og:site_name\" content=\"likemetkovic.hr\" \/>\n<meta property=\"article:publisher\" content=\"https:\/\/www.facebook.com\/likemetkovic.hr\/\" \/>\n<meta property=\"article:published_time\" content=\"2019-05-08T11:42:13+00:00\" \/>\n<meta property=\"article:modified_time\" content=\"2019-05-08T11:45:28+00:00\" \/>\n<meta property=\"og:image\" content=\"https:\/\/likemetkovic.hr\/wp-content\/uploads\/2019\/05\/sdp.jpg\" \/>\n\t<meta property=\"og:image:width\" content=\"800\" \/>\n\t<meta property=\"og:image:height\" content=\"509\" \/>\n\t<meta property=\"og:image:type\" content=\"image\/jpeg\" \/>\n<meta name=\"author\" content=\"K. J.\" \/>\n<meta name=\"twitter:card\" content=\"summary_large_image\" \/>\n<meta name=\"twitter:label1\" content=\"Napisao\/la\" \/>\n\t<meta name=\"twitter:data1\" content=\"K. J.\" \/>\n\t<meta name=\"twitter:label2\" content=\"Procijenjeno vrijeme \u010ditanja\" \/>\n\t<meta name=\"twitter:data2\" content=\"1 minuta\" \/>\n<script type=\"application\/ld+json\" class=\"yoast-schema-graph\">{\"@context\":\"https:\/\/schema.org\",\"@graph\":[{\"@type\":\"WebPage\",\"@id\":\"https:\/\/likemetkovic.hr\/zupanijski-sdp-sretan-vam-dan-europe-i-pobjede-nad-fasizmom\/\",\"url\":\"https:\/\/likemetkovic.hr\/zupanijski-sdp-sretan-vam-dan-europe-i-pobjede-nad-fasizmom\/\",\"name\":\"\u017dUPANIJSKI SDP: Sretan vam Dan Europe i Dan pobjede nad fa\u0161izmom! - likemetkovic.hr\",\"isPartOf\":{\"@id\":\"https:\/\/likemetkovic.hr\/#website\"},\"primaryImageOfPage\":{\"@id\":\"https:\/\/likemetkovic.hr\/zupanijski-sdp-sretan-vam-dan-europe-i-pobjede-nad-fasizmom\/#primaryimage\"},\"image\":{\"@id\":\"https:\/\/likemetkovic.hr\/zupanijski-sdp-sretan-vam-dan-europe-i-pobjede-nad-fasizmom\/#primaryimage\"},\"thumbnailUrl\":\"https:\/\/likemetkovic.hr\/portal\/wp-content\/uploads\/2019\/05\/sdp.jpg\",\"datePublished\":\"2019-05-08T11:42:13+00:00\",\"dateModified\":\"2019-05-08T11:45:28+00:00\",\"author\":{\"@id\":\"https:\/\/likemetkovic.hr\/#\/schema\/person\/0a8b4ebfdfe1ff01192dccda40c5da0c\"},\"breadcrumb\":{\"@id\":\"https:\/\/likemetkovic.hr\/zupanijski-sdp-sretan-vam-dan-europe-i-pobjede-nad-fasizmom\/#breadcrumb\"},\"inLanguage\":\"hr\",\"potentialAction\":[{\"@type\":\"ReadAction\",\"target\":[\"https:\/\/likemetkovic.hr\/zupanijski-sdp-sretan-vam-dan-europe-i-pobjede-nad-fasizmom\/\"]}]},{\"@type\":\"ImageObject\",\"inLanguage\":\"hr\",\"@id\":\"https:\/\/likemetkovic.hr\/zupanijski-sdp-sretan-vam-dan-europe-i-pobjede-nad-fasizmom\/#primaryimage\",\"url\":\"https:\/\/likemetkovic.hr\/portal\/wp-content\/uploads\/2019\/05\/sdp.jpg\",\"contentUrl\":\"https:\/\/likemetkovic.hr\/portal\/wp-content\/uploads\/2019\/05\/sdp.jpg\",\"width\":800,\"height\":509},{\"@type\":\"BreadcrumbList\",\"@id\":\"https:\/\/likemetkovic.hr\/zupanijski-sdp-sretan-vam-dan-europe-i-pobjede-nad-fasizmom\/#breadcrumb\",\"itemListElement\":[{\"@type\":\"ListItem\",\"position\":1,\"name\":\"Po\u010detna stranica\",\"item\":\"https:\/\/likemetkovic.hr\/portal\/\"},{\"@type\":\"ListItem\",\"position\":2,\"name\":\"\u017dUPANIJSKI SDP: Sretan vam Dan Europe i Dan pobjede nad fa\u0161izmom!\"}]},{\"@type\":\"WebSite\",\"@id\":\"https:\/\/likemetkovic.hr\/#website\",\"url\":\"https:\/\/likemetkovic.hr\/\",\"name\":\"likemetkovic.hr\",\"description\":\"Misli pozitivno... \u010ditaj LIKE\",\"potentialAction\":[{\"@type\":\"SearchAction\",\"target\":{\"@type\":\"EntryPoint\",\"urlTemplate\":\"https:\/\/likemetkovic.hr\/?s={search_term_string}\"},\"query-input\":{\"@type\":\"PropertyValueSpecification\",\"valueRequired\":true,\"valueName\":\"search_term_string\"}}],\"inLanguage\":\"hr\"},{\"@type\":\"Person\",\"@id\":\"https:\/\/likemetkovic.hr\/#\/schema\/person\/0a8b4ebfdfe1ff01192dccda40c5da0c\",\"name\":\"K. J.\",\"url\":\"https:\/\/likemetkovic.hr\/portal\/author\/likemetkovic\/\"}]}<\/script>\n<!-- \/ Yoast SEO plugin. -->","yoast_head_json":{"title":"\u017dUPANIJSKI SDP: Sretan vam Dan Europe i Dan pobjede nad fa\u0161izmom! - likemetkovic.hr","robots":{"index":"index","follow":"follow","max-snippet":"max-snippet:-1","max-image-preview":"max-image-preview:large","max-video-preview":"max-video-preview:-1"},"canonical":"https:\/\/likemetkovic.hr\/zupanijski-sdp-sretan-vam-dan-europe-i-pobjede-nad-fasizmom\/","og_locale":"hr_HR","og_type":"article","og_title":"\u017dUPANIJSKI SDP: Sretan vam Dan Europe i Dan pobjede nad fa\u0161izmom! - likemetkovic.hr","og_description":"\u017dupanijska organizacija SDP-a DN\u017d uputila je \u010destitku povodom Dana Europe i Dana pobjede nad fa\u0161izmom koju prenosimo u cijelosti: Robert Schuman je u svom govoru 1950. predstavio viziju europskog jedinstva, Europu oslobo\u0111enu bratoubila\u010dkih ratova, Europu napretka i solidarnosti. U spomen na njegovo govor, koji je odr\u017ean 9. svibnja Europa slavi svoj dan. Nije slu\u010dajno da [&hellip;]","og_url":"https:\/\/likemetkovic.hr\/zupanijski-sdp-sretan-vam-dan-europe-i-pobjede-nad-fasizmom\/","og_site_name":"likemetkovic.hr","article_publisher":"https:\/\/www.facebook.com\/likemetkovic.hr\/","article_published_time":"2019-05-08T11:42:13+00:00","article_modified_time":"2019-05-08T11:45:28+00:00","og_image":[{"width":800,"height":509,"url":"https:\/\/likemetkovic.hr\/wp-content\/uploads\/2019\/05\/sdp.jpg","type":"image\/jpeg"}],"author":"K. J.","twitter_card":"summary_large_image","twitter_misc":{"Napisao\/la":"K. J.","Procijenjeno vrijeme \u010ditanja":"1 minuta"},"schema":{"@context":"https:\/\/schema.org","@graph":[{"@type":"WebPage","@id":"https:\/\/likemetkovic.hr\/zupanijski-sdp-sretan-vam-dan-europe-i-pobjede-nad-fasizmom\/","url":"https:\/\/likemetkovic.hr\/zupanijski-sdp-sretan-vam-dan-europe-i-pobjede-nad-fasizmom\/","name":"\u017dUPANIJSKI SDP: Sretan vam Dan Europe i Dan pobjede nad fa\u0161izmom! - likemetkovic.hr","isPartOf":{"@id":"https:\/\/likemetkovic.hr\/#website"},"primaryImageOfPage":{"@id":"https:\/\/likemetkovic.hr\/zupanijski-sdp-sretan-vam-dan-europe-i-pobjede-nad-fasizmom\/#primaryimage"},"image":{"@id":"https:\/\/likemetkovic.hr\/zupanijski-sdp-sretan-vam-dan-europe-i-pobjede-nad-fasizmom\/#primaryimage"},"thumbnailUrl":"https:\/\/likemetkovic.hr\/portal\/wp-content\/uploads\/2019\/05\/sdp.jpg","datePublished":"2019-05-08T11:42:13+00:00","dateModified":"2019-05-08T11:45:28+00:00","author":{"@id":"https:\/\/likemetkovic.hr\/#\/schema\/person\/0a8b4ebfdfe1ff01192dccda40c5da0c"},"breadcrumb":{"@id":"https:\/\/likemetkovic.hr\/zupanijski-sdp-sretan-vam-dan-europe-i-pobjede-nad-fasizmom\/#breadcrumb"},"inLanguage":"hr","potentialAction":[{"@type":"ReadAction","target":["https:\/\/likemetkovic.hr\/zupanijski-sdp-sretan-vam-dan-europe-i-pobjede-nad-fasizmom\/"]}]},{"@type":"ImageObject","inLanguage":"hr","@id":"https:\/\/likemetkovic.hr\/zupanijski-sdp-sretan-vam-dan-europe-i-pobjede-nad-fasizmom\/#primaryimage","url":"https:\/\/likemetkovic.hr\/portal\/wp-content\/uploads\/2019\/05\/sdp.jpg","contentUrl":"https:\/\/likemetkovic.hr\/portal\/wp-content\/uploads\/2019\/05\/sdp.jpg","width":800,"height":509},{"@type":"BreadcrumbList","@id":"https:\/\/likemetkovic.hr\/zupanijski-sdp-sretan-vam-dan-europe-i-pobjede-nad-fasizmom\/#breadcrumb","itemListElement":[{"@type":"ListItem","position":1,"name":"Po\u010detna stranica","item":"https:\/\/likemetkovic.hr\/portal\/"},{"@type":"ListItem","position":2,"name":"\u017dUPANIJSKI SDP: Sretan vam Dan Europe i Dan pobjede nad fa\u0161izmom!"}]},{"@type":"WebSite","@id":"https:\/\/likemetkovic.hr\/#website","url":"https:\/\/likemetkovic.hr\/","name":"likemetkovic.hr","description":"Misli pozitivno... \u010ditaj LIKE","potentialAction":[{"@type":"SearchAction","target":{"@type":"EntryPoint","urlTemplate":"https:\/\/likemetkovic.hr\/?s={search_term_string}"},"query-input":{"@type":"PropertyValueSpecification","valueRequired":true,"valueName":"search_term_string"}}],"inLanguage":"hr"},{"@type":"Person","@id":"https:\/\/likemetkovic.hr\/#\/schema\/person\/0a8b4ebfdfe1ff01192dccda40c5da0c","name":"K. J.","url":"https:\/\/likemetkovic.hr\/portal\/author\/likemetkovic\/"}]}},"_links":{"self":[{"href":"https:\/\/likemetkovic.hr\/portal\/wp-json\/wp\/v2\/posts\/80645","targetHints":{"allow":["GET"]}}],"collection":[{"href":"https:\/\/likemetkovic.hr\/portal\/wp-json\/wp\/v2\/posts"}],"about":[{"href":"https:\/\/likemetkovic.hr\/portal\/wp-json\/wp\/v2\/types\/post"}],"author":[{"embeddable":true,"href":"https:\/\/likemetkovic.hr\/portal\/wp-json\/wp\/v2\/users\/9"}],"replies":[{"embeddable":true,"href":"https:\/\/likemetkovic.hr\/portal\/wp-json\/wp\/v2\/comments?post=80645"}],"version-history":[{"count":0,"href":"https:\/\/likemetkovic.hr\/portal\/wp-json\/wp\/v2\/posts\/80645\/revisions"}],"wp:featuredmedia":[{"embeddable":true,"href":"https:\/\/likemetkovic.hr\/portal\/wp-json\/wp\/v2\/media\/80648"}],"wp:attachment":[{"href":"https:\/\/likemetkovic.hr\/portal\/wp-json\/wp\/v2\/media?parent=80645"}],"wp:term":[{"taxonomy":"category","embeddable":true,"href":"https:\/\/likemetkovic.hr\/portal\/wp-json\/wp\/v2\/categories?post=80645"},{"taxonomy":"post_tag","embeddable":true,"href":"https:\/\/likemetkovic.hr\/portal\/wp-json\/wp\/v2\/tags?post=80645"}],"curies":[{"name":"wp","href":"https:\/\/api.w.org\/{rel}","templated":true}]}}