{"id":81464,"date":"2019-05-19T19:48:04","date_gmt":"2019-05-19T17:48:04","guid":{"rendered":"https:\/\/likemetkovic.hr\/?p=81464"},"modified":"2019-05-19T19:48:29","modified_gmt":"2019-05-19T17:48:29","slug":"foto-u-crkvi-sv-franje-na-kladi-proslavljena-prva-pricest","status":"publish","type":"post","link":"https:\/\/likemetkovic.hr\/portal\/foto-u-crkvi-sv-franje-na-kladi-proslavljena-prva-pricest\/","title":{"rendered":"FOTO U crkvi sv. Franje na Kladi proslavljena prva pri\u010dest"},"content":{"rendered":"<p>Tijekom sve\u010danog misnog slavlja u crkvi sv. Franje Asi\u0161kog na Kladi 14 djevoj\u010dica i dje\u010daka prvi put je primilo sakrament pri\u010desti.<\/p>\n<p>Sv. misu je predvodio \u017eupni vikar Ante Prolo\u0161\u010di\u0107 uz suslavlje fra Ante Crn\u010devi\u0107a i \u0111akona fra Darija Sinkovi\u0107a. Slavlje je uveli\u010dao pjeva\u010dki zbor pod ravnanjem s. Mile Deak, a na\u0161i prvopri\u010desnici su izveli prigodne recitacije.<\/p>\n<p>\u010cestitamo na\u0161im prvopri\u010desnicima i njihovim roditeljima na dana\u0161njem velikom danu koji \u0107e im sigurno dugo ostati u pam\u0107enju. Evo kako je to jutros bilo na Kladi&#8230;<\/p>\n\r\n                <style type=\"text\/css\">\r\n                    \r\n                    #tdi_1  .td-doubleSlider-2 .td-item1 {\r\n                        background: url(https:\/\/likemetkovic.hr\/portal\/wp-content\/uploads\/2019\/05\/pricest-klada-1-80x60.jpg) 0 0 no-repeat;\r\n                    }\r\n                    #tdi_1  .td-doubleSlider-2 .td-item2 {\r\n                        background: url(https:\/\/likemetkovic.hr\/portal\/wp-content\/uploads\/2019\/05\/pricest-klada-2-80x60.jpg) 0 0 no-repeat;\r\n                    }\r\n                    #tdi_1  .td-doubleSlider-2 .td-item3 {\r\n                        background: url(https:\/\/likemetkovic.hr\/portal\/wp-content\/uploads\/2019\/05\/pricest-klada-12-80x60.jpg) 0 0 no-repeat;\r\n                    }\r\n                <\/style>\r\n\r\n                <div id=\"tdi_1\" class=\"td-gallery td-slide-on-2-columns\">\r\n                    <div class=\"post_td_gallery\">\r\n                        <div class=\"td-gallery-slide-top\">\r\n                           <div class=\"td-gallery-title\"><\/div>\r\n\r\n                            <div class=\"td-gallery-controls-wrapper\">\r\n                                <div class=\"td-gallery-slide-count\"><span class=\"td-gallery-slide-item-focus\">1<\/span> of 12<\/div>\r\n                                <div class=\"td-gallery-slide-prev-next-but\">\r\n                                    <i class = \"td-icon-left doubleSliderPrevButton\"><\/i>\r\n                                    <i class = \"td-icon-right doubleSliderNextButton\"><\/i>\r\n                                <\/div>\r\n                            <\/div>\r\n                        <\/div>\r\n\r\n                        <div class = \"td-doubleSlider-1 \">\r\n                            <div class = \"td-slider\">\r\n                                \r\n                    <div class = \"td-slide-item td-item1\">\r\n                        <figure class=\"td-slide-galery-figure td-slide-popup-gallery\">\r\n                            <a class=\"slide-gallery-image-link\" href=\"https:\/\/likemetkovic.hr\/portal\/wp-content\/uploads\/2019\/05\/pricest-klada-1.jpg\" title=\"pricest klada (1)\"  data-caption=\"\"  data-description=\"\">\r\n                                <img decoding=\"async\" src=\"https:\/\/likemetkovic.hr\/portal\/wp-content\/uploads\/2019\/05\/pricest-klada-1-629x420.jpg\" srcset=\"https:\/\/likemetkovic.hr\/portal\/wp-content\/uploads\/2019\/05\/pricest-klada-1-629x420.jpg 629w, https:\/\/likemetkovic.hr\/portal\/wp-content\/uploads\/2019\/05\/pricest-klada-1.jpg 800w, https:\/\/likemetkovic.hr\/portal\/wp-content\/uploads\/2019\/05\/pricest-klada-1-768x513.jpg 768w, https:\/\/likemetkovic.hr\/portal\/wp-content\/uploads\/2019\/05\/pricest-klada-1-696x465.jpg 696w\" sizes=\"(max-width: 629px) 100vw, 629px\" alt=\"\">\r\n                            <\/a>\r\n                            \r\n                        <\/figure>\r\n                    <\/div>\r\n                    <div class = \"td-slide-item td-item2\">\r\n                        <figure class=\"td-slide-galery-figure td-slide-popup-gallery\">\r\n                            <a class=\"slide-gallery-image-link\" href=\"https:\/\/likemetkovic.hr\/portal\/wp-content\/uploads\/2019\/05\/pricest-klada-2.jpg\" title=\"pricest klada (2)\"  data-caption=\"\"  data-description=\"\">\r\n                                <img decoding=\"async\" src=\"https:\/\/likemetkovic.hr\/portal\/wp-content\/uploads\/2019\/05\/pricest-klada-2-280x420.jpg\" srcset=\"https:\/\/likemetkovic.hr\/portal\/wp-content\/uploads\/2019\/05\/pricest-klada-2-280x420.jpg 280w, https:\/\/likemetkovic.hr\/portal\/wp-content\/uploads\/2019\/05\/pricest-klada-2.jpg 534w\" sizes=\"(max-width: 280px) 100vw, 280px\" alt=\"\">\r\n                            <\/a>\r\n                            \r\n                        <\/figure>\r\n                    <\/div>\r\n                    <div class = \"td-slide-item td-item3\">\r\n                        <figure class=\"td-slide-galery-figure td-slide-popup-gallery\">\r\n                            <a class=\"slide-gallery-image-link\" href=\"https:\/\/likemetkovic.hr\/portal\/wp-content\/uploads\/2019\/05\/pricest-klada-12.jpg\" title=\"pricest klada (12)\"  data-caption=\"\"  data-description=\"\">\r\n                                <img decoding=\"async\" src=\"https:\/\/likemetkovic.hr\/portal\/wp-content\/uploads\/2019\/05\/pricest-klada-12-629x420.jpg\" srcset=\"https:\/\/likemetkovic.hr\/portal\/wp-content\/uploads\/2019\/05\/pricest-klada-12-629x420.jpg 629w, https:\/\/likemetkovic.hr\/portal\/wp-content\/uploads\/2019\/05\/pricest-klada-12.jpg 800w, https:\/\/likemetkovic.hr\/portal\/wp-content\/uploads\/2019\/05\/pricest-klada-12-768x513.jpg 768w, https:\/\/likemetkovic.hr\/portal\/wp-content\/uploads\/2019\/05\/pricest-klada-12-696x465.jpg 696w\" sizes=\"(max-width: 629px) 100vw, 629px\" alt=\"\">\r\n                            <\/a>\r\n                            \r\n                        <\/figure>\r\n                    <\/div>\r\n                            <\/div>\r\n                        <\/div>\r\n\r\n                        <div class = \"td-doubleSlider-2\">\r\n                            <div class = \"td-slider\">\r\n                                \r\n                    <div class = \"td-button td-item1\">\r\n                        <div class = \"td-border\"><\/div>\r\n                    <\/div>\r\n                    <div class = \"td-button td-item2\">\r\n                        <div class = \"td-border\"><\/div>\r\n                    <\/div>\r\n                    <div class = \"td-button td-item3\">\r\n                        <div class = \"td-border\"><\/div>\r\n                    <\/div>\r\n                            <\/div>\r\n                        <\/div>\r\n\r\n                    <\/div>\r\n\r\n                <\/div>\r\n                \n<p>Foto: Foto studio Veraja<\/p>\n","protected":false},"excerpt":{"rendered":"<p>Tijekom sve\u010danog misnog slavlja u crkvi sv. Franje Asi\u0161kog na Kladi 14 djevoj\u010dica i dje\u010daka prvi put je primilo sakrament pri\u010desti. Sv. misu je predvodio \u017eupni vikar Ante Prolo\u0161\u010di\u0107 uz suslavlje fra Ante Crn\u010devi\u0107a i \u0111akona fra Darija Sinkovi\u0107a. Slavlje je uveli\u010dao pjeva\u010dki zbor pod ravnanjem s. Mile Deak, a na\u0161i prvopri\u010desnici su izveli prigodne [&hellip;]<\/p>\n","protected":false},"author":9,"featured_media":81476,"comment_status":"open","ping_status":"open","sticky":false,"template":"","format":"standard","meta":{"footnotes":""},"categories":[296,11,27],"tags":[5214,1517,718],"class_list":{"0":"post-81464","1":"post","2":"type-post","3":"status-publish","4":"format-standard","5":"has-post-thumbnail","7":"category-ab","8":"category-metkovic-dolina","9":"category-vjera-i-zivot","10":"tag-crkva-sv-franje","11":"tag-klada","12":"tag-prva-pricest"},"yoast_head":"<!-- This site is optimized with the Yoast SEO plugin v25.2 - https:\/\/yoast.com\/wordpress\/plugins\/seo\/ -->\n<title>FOTO U crkvi sv. Franje na Kladi proslavljena prva pri\u010dest - likemetkovic.hr<\/title>\n<meta name=\"robots\" content=\"index, follow, max-snippet:-1, max-image-preview:large, max-video-preview:-1\" \/>\n<link rel=\"canonical\" href=\"https:\/\/likemetkovic.hr\/foto-u-crkvi-sv-franje-na-kladi-proslavljena-prva-pricest\/\" \/>\n<meta property=\"og:locale\" content=\"hr_HR\" \/>\n<meta property=\"og:type\" content=\"article\" \/>\n<meta property=\"og:title\" content=\"FOTO U crkvi sv. Franje na Kladi proslavljena prva pri\u010dest - likemetkovic.hr\" \/>\n<meta property=\"og:description\" content=\"Tijekom sve\u010danog misnog slavlja u crkvi sv. Franje Asi\u0161kog na Kladi 14 djevoj\u010dica i dje\u010daka prvi put je primilo sakrament pri\u010desti. Sv. misu je predvodio \u017eupni vikar Ante Prolo\u0161\u010di\u0107 uz suslavlje fra Ante Crn\u010devi\u0107a i \u0111akona fra Darija Sinkovi\u0107a. Slavlje je uveli\u010dao pjeva\u010dki zbor pod ravnanjem s. Mile Deak, a na\u0161i prvopri\u010desnici su izveli prigodne [&hellip;]\" \/>\n<meta property=\"og:url\" content=\"https:\/\/likemetkovic.hr\/foto-u-crkvi-sv-franje-na-kladi-proslavljena-prva-pricest\/\" \/>\n<meta property=\"og:site_name\" content=\"likemetkovic.hr\" \/>\n<meta property=\"article:publisher\" content=\"https:\/\/www.facebook.com\/likemetkovic.hr\/\" \/>\n<meta property=\"article:published_time\" content=\"2019-05-19T17:48:04+00:00\" \/>\n<meta property=\"article:modified_time\" content=\"2019-05-19T17:48:29+00:00\" \/>\n<meta property=\"og:image\" content=\"https:\/\/likemetkovic.hr\/wp-content\/uploads\/2019\/05\/pricest-klada-12.jpg\" \/>\n\t<meta property=\"og:image:width\" content=\"800\" \/>\n\t<meta property=\"og:image:height\" content=\"534\" \/>\n\t<meta property=\"og:image:type\" content=\"image\/jpeg\" \/>\n<meta name=\"author\" content=\"K. J.\" \/>\n<meta name=\"twitter:card\" content=\"summary_large_image\" \/>\n<meta name=\"twitter:label1\" content=\"Napisao\/la\" \/>\n\t<meta name=\"twitter:data1\" content=\"K. J.\" \/>\n\t<meta name=\"twitter:label2\" content=\"Procijenjeno vrijeme \u010ditanja\" \/>\n\t<meta name=\"twitter:data2\" content=\"1 minuta\" \/>\n<script type=\"application\/ld+json\" class=\"yoast-schema-graph\">{\"@context\":\"https:\/\/schema.org\",\"@graph\":[{\"@type\":\"WebPage\",\"@id\":\"https:\/\/likemetkovic.hr\/foto-u-crkvi-sv-franje-na-kladi-proslavljena-prva-pricest\/\",\"url\":\"https:\/\/likemetkovic.hr\/foto-u-crkvi-sv-franje-na-kladi-proslavljena-prva-pricest\/\",\"name\":\"FOTO U crkvi sv. Franje na Kladi proslavljena prva pri\u010dest - likemetkovic.hr\",\"isPartOf\":{\"@id\":\"https:\/\/likemetkovic.hr\/#website\"},\"primaryImageOfPage\":{\"@id\":\"https:\/\/likemetkovic.hr\/foto-u-crkvi-sv-franje-na-kladi-proslavljena-prva-pricest\/#primaryimage\"},\"image\":{\"@id\":\"https:\/\/likemetkovic.hr\/foto-u-crkvi-sv-franje-na-kladi-proslavljena-prva-pricest\/#primaryimage\"},\"thumbnailUrl\":\"https:\/\/likemetkovic.hr\/portal\/wp-content\/uploads\/2019\/05\/pricest-klada-12.jpg\",\"datePublished\":\"2019-05-19T17:48:04+00:00\",\"dateModified\":\"2019-05-19T17:48:29+00:00\",\"author\":{\"@id\":\"https:\/\/likemetkovic.hr\/#\/schema\/person\/0a8b4ebfdfe1ff01192dccda40c5da0c\"},\"breadcrumb\":{\"@id\":\"https:\/\/likemetkovic.hr\/foto-u-crkvi-sv-franje-na-kladi-proslavljena-prva-pricest\/#breadcrumb\"},\"inLanguage\":\"hr\",\"potentialAction\":[{\"@type\":\"ReadAction\",\"target\":[\"https:\/\/likemetkovic.hr\/foto-u-crkvi-sv-franje-na-kladi-proslavljena-prva-pricest\/\"]}]},{\"@type\":\"ImageObject\",\"inLanguage\":\"hr\",\"@id\":\"https:\/\/likemetkovic.hr\/foto-u-crkvi-sv-franje-na-kladi-proslavljena-prva-pricest\/#primaryimage\",\"url\":\"https:\/\/likemetkovic.hr\/portal\/wp-content\/uploads\/2019\/05\/pricest-klada-12.jpg\",\"contentUrl\":\"https:\/\/likemetkovic.hr\/portal\/wp-content\/uploads\/2019\/05\/pricest-klada-12.jpg\",\"width\":800,\"height\":534},{\"@type\":\"BreadcrumbList\",\"@id\":\"https:\/\/likemetkovic.hr\/foto-u-crkvi-sv-franje-na-kladi-proslavljena-prva-pricest\/#breadcrumb\",\"itemListElement\":[{\"@type\":\"ListItem\",\"position\":1,\"name\":\"Po\u010detna stranica\",\"item\":\"https:\/\/likemetkovic.hr\/portal\/\"},{\"@type\":\"ListItem\",\"position\":2,\"name\":\"FOTO U crkvi sv. Franje na Kladi proslavljena prva pri\u010dest\"}]},{\"@type\":\"WebSite\",\"@id\":\"https:\/\/likemetkovic.hr\/#website\",\"url\":\"https:\/\/likemetkovic.hr\/\",\"name\":\"likemetkovic.hr\",\"description\":\"Misli pozitivno... \u010ditaj LIKE\",\"potentialAction\":[{\"@type\":\"SearchAction\",\"target\":{\"@type\":\"EntryPoint\",\"urlTemplate\":\"https:\/\/likemetkovic.hr\/?s={search_term_string}\"},\"query-input\":{\"@type\":\"PropertyValueSpecification\",\"valueRequired\":true,\"valueName\":\"search_term_string\"}}],\"inLanguage\":\"hr\"},{\"@type\":\"Person\",\"@id\":\"https:\/\/likemetkovic.hr\/#\/schema\/person\/0a8b4ebfdfe1ff01192dccda40c5da0c\",\"name\":\"K. J.\",\"url\":\"https:\/\/likemetkovic.hr\/portal\/author\/likemetkovic\/\"}]}<\/script>\n<!-- \/ Yoast SEO plugin. -->","yoast_head_json":{"title":"FOTO U crkvi sv. Franje na Kladi proslavljena prva pri\u010dest - likemetkovic.hr","robots":{"index":"index","follow":"follow","max-snippet":"max-snippet:-1","max-image-preview":"max-image-preview:large","max-video-preview":"max-video-preview:-1"},"canonical":"https:\/\/likemetkovic.hr\/foto-u-crkvi-sv-franje-na-kladi-proslavljena-prva-pricest\/","og_locale":"hr_HR","og_type":"article","og_title":"FOTO U crkvi sv. Franje na Kladi proslavljena prva pri\u010dest - likemetkovic.hr","og_description":"Tijekom sve\u010danog misnog slavlja u crkvi sv. Franje Asi\u0161kog na Kladi 14 djevoj\u010dica i dje\u010daka prvi put je primilo sakrament pri\u010desti. Sv. misu je predvodio \u017eupni vikar Ante Prolo\u0161\u010di\u0107 uz suslavlje fra Ante Crn\u010devi\u0107a i \u0111akona fra Darija Sinkovi\u0107a. Slavlje je uveli\u010dao pjeva\u010dki zbor pod ravnanjem s. Mile Deak, a na\u0161i prvopri\u010desnici su izveli prigodne [&hellip;]","og_url":"https:\/\/likemetkovic.hr\/foto-u-crkvi-sv-franje-na-kladi-proslavljena-prva-pricest\/","og_site_name":"likemetkovic.hr","article_publisher":"https:\/\/www.facebook.com\/likemetkovic.hr\/","article_published_time":"2019-05-19T17:48:04+00:00","article_modified_time":"2019-05-19T17:48:29+00:00","og_image":[{"width":800,"height":534,"url":"https:\/\/likemetkovic.hr\/wp-content\/uploads\/2019\/05\/pricest-klada-12.jpg","type":"image\/jpeg"}],"author":"K. J.","twitter_card":"summary_large_image","twitter_misc":{"Napisao\/la":"K. J.","Procijenjeno vrijeme \u010ditanja":"1 minuta"},"schema":{"@context":"https:\/\/schema.org","@graph":[{"@type":"WebPage","@id":"https:\/\/likemetkovic.hr\/foto-u-crkvi-sv-franje-na-kladi-proslavljena-prva-pricest\/","url":"https:\/\/likemetkovic.hr\/foto-u-crkvi-sv-franje-na-kladi-proslavljena-prva-pricest\/","name":"FOTO U crkvi sv. Franje na Kladi proslavljena prva pri\u010dest - likemetkovic.hr","isPartOf":{"@id":"https:\/\/likemetkovic.hr\/#website"},"primaryImageOfPage":{"@id":"https:\/\/likemetkovic.hr\/foto-u-crkvi-sv-franje-na-kladi-proslavljena-prva-pricest\/#primaryimage"},"image":{"@id":"https:\/\/likemetkovic.hr\/foto-u-crkvi-sv-franje-na-kladi-proslavljena-prva-pricest\/#primaryimage"},"thumbnailUrl":"https:\/\/likemetkovic.hr\/portal\/wp-content\/uploads\/2019\/05\/pricest-klada-12.jpg","datePublished":"2019-05-19T17:48:04+00:00","dateModified":"2019-05-19T17:48:29+00:00","author":{"@id":"https:\/\/likemetkovic.hr\/#\/schema\/person\/0a8b4ebfdfe1ff01192dccda40c5da0c"},"breadcrumb":{"@id":"https:\/\/likemetkovic.hr\/foto-u-crkvi-sv-franje-na-kladi-proslavljena-prva-pricest\/#breadcrumb"},"inLanguage":"hr","potentialAction":[{"@type":"ReadAction","target":["https:\/\/likemetkovic.hr\/foto-u-crkvi-sv-franje-na-kladi-proslavljena-prva-pricest\/"]}]},{"@type":"ImageObject","inLanguage":"hr","@id":"https:\/\/likemetkovic.hr\/foto-u-crkvi-sv-franje-na-kladi-proslavljena-prva-pricest\/#primaryimage","url":"https:\/\/likemetkovic.hr\/portal\/wp-content\/uploads\/2019\/05\/pricest-klada-12.jpg","contentUrl":"https:\/\/likemetkovic.hr\/portal\/wp-content\/uploads\/2019\/05\/pricest-klada-12.jpg","width":800,"height":534},{"@type":"BreadcrumbList","@id":"https:\/\/likemetkovic.hr\/foto-u-crkvi-sv-franje-na-kladi-proslavljena-prva-pricest\/#breadcrumb","itemListElement":[{"@type":"ListItem","position":1,"name":"Po\u010detna stranica","item":"https:\/\/likemetkovic.hr\/portal\/"},{"@type":"ListItem","position":2,"name":"FOTO U crkvi sv. Franje na Kladi proslavljena prva pri\u010dest"}]},{"@type":"WebSite","@id":"https:\/\/likemetkovic.hr\/#website","url":"https:\/\/likemetkovic.hr\/","name":"likemetkovic.hr","description":"Misli pozitivno... \u010ditaj LIKE","potentialAction":[{"@type":"SearchAction","target":{"@type":"EntryPoint","urlTemplate":"https:\/\/likemetkovic.hr\/?s={search_term_string}"},"query-input":{"@type":"PropertyValueSpecification","valueRequired":true,"valueName":"search_term_string"}}],"inLanguage":"hr"},{"@type":"Person","@id":"https:\/\/likemetkovic.hr\/#\/schema\/person\/0a8b4ebfdfe1ff01192dccda40c5da0c","name":"K. J.","url":"https:\/\/likemetkovic.hr\/portal\/author\/likemetkovic\/"}]}},"_links":{"self":[{"href":"https:\/\/likemetkovic.hr\/portal\/wp-json\/wp\/v2\/posts\/81464","targetHints":{"allow":["GET"]}}],"collection":[{"href":"https:\/\/likemetkovic.hr\/portal\/wp-json\/wp\/v2\/posts"}],"about":[{"href":"https:\/\/likemetkovic.hr\/portal\/wp-json\/wp\/v2\/types\/post"}],"author":[{"embeddable":true,"href":"https:\/\/likemetkovic.hr\/portal\/wp-json\/wp\/v2\/users\/9"}],"replies":[{"embeddable":true,"href":"https:\/\/likemetkovic.hr\/portal\/wp-json\/wp\/v2\/comments?post=81464"}],"version-history":[{"count":0,"href":"https:\/\/likemetkovic.hr\/portal\/wp-json\/wp\/v2\/posts\/81464\/revisions"}],"wp:featuredmedia":[{"embeddable":true,"href":"https:\/\/likemetkovic.hr\/portal\/wp-json\/wp\/v2\/media\/81476"}],"wp:attachment":[{"href":"https:\/\/likemetkovic.hr\/portal\/wp-json\/wp\/v2\/media?parent=81464"}],"wp:term":[{"taxonomy":"category","embeddable":true,"href":"https:\/\/likemetkovic.hr\/portal\/wp-json\/wp\/v2\/categories?post=81464"},{"taxonomy":"post_tag","embeddable":true,"href":"https:\/\/likemetkovic.hr\/portal\/wp-json\/wp\/v2\/tags?post=81464"}],"curies":[{"name":"wp","href":"https:\/\/api.w.org\/{rel}","templated":true}]}}