{"id":82254,"date":"2019-06-01T11:24:06","date_gmt":"2019-06-01T09:24:06","guid":{"rendered":"https:\/\/likemetkovic.hr\/?p=82254"},"modified":"2019-06-01T11:33:25","modified_gmt":"2019-06-01T09:33:25","slug":"na-magistrali-kod-opuzena-traje-prosvjed-gi-sinovi-i-kceri-doline-neretve","status":"publish","type":"post","link":"https:\/\/likemetkovic.hr\/portal\/na-magistrali-kod-opuzena-traje-prosvjed-gi-sinovi-i-kceri-doline-neretve\/","title":{"rendered":"Na magistrali kod Opuzena traje prosvjed GI Sinovi i k\u0107eri doline Neretve"},"content":{"rendered":"<p>Jutros od 9 sati na Jadranskoj magistrali kod Opuzena (Podgradina) taje <strong>mirni prosvjed<\/strong> GI Sinovi i k\u0107eri doline Neretve koja na taj na\u010din \u017eeli skrenuti pozornost na probleme u zdravstvenoj skrbi u dolini Neretve.<\/p>\n<p>Kako je izjavio <strong>Ivo Mati\u010devi\u0107<\/strong>, na prosvjedu sudjeluje samo on jer su posljednjih dana gra\u0111anima poslana upozorenja o mogu\u0107im represivnim mjerama policije prema sudionicima prosvjeda. Ka\u017ee da je stoga raspustio sve prosvjednike i da \u017eeli sam snositi odgovornost za ovaj prosvjed koji je uredno prijavljen kod PP Metkovi\u0107. Organizator je \u010dvrst u odluci da \u0107e prosvjed trajati do 19 sati.<\/p>\n<p>Podsje\u0107amo, GI tra\u017ei organiziranje stalne<strong> helikopterske hitne medicinske slu\u017ebe<\/strong> i izgradnju <strong>bolnice regionalnog zna\u010denja<\/strong> na podru\u010dju doline Neretve.<\/p>\n\r\n                <style type=\"text\/css\">\r\n                    \r\n                    #tdi_1  .td-doubleSlider-2 .td-item1 {\r\n                        background: url(https:\/\/likemetkovic.hr\/portal\/wp-content\/uploads\/2019\/06\/GI-sinovikcerineretveprosvjed-opuzen-1-80x60.jpg) 0 0 no-repeat;\r\n                    }\r\n                    #tdi_1  .td-doubleSlider-2 .td-item2 {\r\n                        background: url(https:\/\/likemetkovic.hr\/portal\/wp-content\/uploads\/2019\/06\/GI-sinovikcerineretveprosvjed-opuzen-2-80x60.jpg) 0 0 no-repeat;\r\n                    }\r\n                    #tdi_1  .td-doubleSlider-2 .td-item3 {\r\n                        background: url(https:\/\/likemetkovic.hr\/portal\/wp-content\/uploads\/2019\/06\/GI-sinovikcerineretveprosvjed-opuzen-3-80x60.jpg) 0 0 no-repeat;\r\n                    }\r\n                    #tdi_1  .td-doubleSlider-2 .td-item4 {\r\n                        background: url(https:\/\/likemetkovic.hr\/portal\/wp-content\/uploads\/2019\/06\/GI-sinovikcerineretveprosvjed-opuzen-4-80x60.jpg) 0 0 no-repeat;\r\n                    }\r\n                <\/style>\r\n\r\n                <div id=\"tdi_1\" class=\"td-gallery td-slide-on-2-columns\">\r\n                    <div class=\"post_td_gallery\">\r\n                        <div class=\"td-gallery-slide-top\">\r\n                           <div class=\"td-gallery-title\"><\/div>\r\n\r\n                            <div class=\"td-gallery-controls-wrapper\">\r\n                                <div class=\"td-gallery-slide-count\"><span class=\"td-gallery-slide-item-focus\">1<\/span> of 4<\/div>\r\n                                <div class=\"td-gallery-slide-prev-next-but\">\r\n                                    <i class = \"td-icon-left doubleSliderPrevButton\"><\/i>\r\n                                    <i class = \"td-icon-right doubleSliderNextButton\"><\/i>\r\n                                <\/div>\r\n                            <\/div>\r\n                        <\/div>\r\n\r\n                        <div class = \"td-doubleSlider-1 \">\r\n                            <div class = \"td-slider\">\r\n                                \r\n                    <div class = \"td-slide-item td-item1\">\r\n                        <figure class=\"td-slide-galery-figure td-slide-popup-gallery\">\r\n                            <a class=\"slide-gallery-image-link\" href=\"https:\/\/likemetkovic.hr\/portal\/wp-content\/uploads\/2019\/06\/GI-sinovikcerineretveprosvjed-opuzen-1.jpg\" title=\"GI sinovikcerineretveprosvjed opuzen (1)\"  data-caption=\"\"  data-description=\"\">\r\n                                <img decoding=\"async\" src=\"https:\/\/likemetkovic.hr\/portal\/wp-content\/uploads\/2019\/06\/GI-sinovikcerineretveprosvjed-opuzen-1-630x420.jpg\" srcset=\"https:\/\/likemetkovic.hr\/portal\/wp-content\/uploads\/2019\/06\/GI-sinovikcerineretveprosvjed-opuzen-1-630x420.jpg 630w, https:\/\/likemetkovic.hr\/portal\/wp-content\/uploads\/2019\/06\/GI-sinovikcerineretveprosvjed-opuzen-1.jpg 800w, https:\/\/likemetkovic.hr\/portal\/wp-content\/uploads\/2019\/06\/GI-sinovikcerineretveprosvjed-opuzen-1-768x512.jpg 768w, https:\/\/likemetkovic.hr\/portal\/wp-content\/uploads\/2019\/06\/GI-sinovikcerineretveprosvjed-opuzen-1-696x464.jpg 696w\" sizes=\"(max-width: 630px) 100vw, 630px\" alt=\"\">\r\n                            <\/a>\r\n                            \r\n                        <\/figure>\r\n                    <\/div>\r\n                    <div class = \"td-slide-item td-item2\">\r\n                        <figure class=\"td-slide-galery-figure td-slide-popup-gallery\">\r\n                            <a class=\"slide-gallery-image-link\" href=\"https:\/\/likemetkovic.hr\/portal\/wp-content\/uploads\/2019\/06\/GI-sinovikcerineretveprosvjed-opuzen-2.jpg\" title=\"GI sinovikcerineretveprosvjed opuzen (2)\"  data-caption=\"\"  data-description=\"\">\r\n                                <img decoding=\"async\" src=\"https:\/\/likemetkovic.hr\/portal\/wp-content\/uploads\/2019\/06\/GI-sinovikcerineretveprosvjed-opuzen-2-630x420.jpg\" srcset=\"https:\/\/likemetkovic.hr\/portal\/wp-content\/uploads\/2019\/06\/GI-sinovikcerineretveprosvjed-opuzen-2-630x420.jpg 630w, https:\/\/likemetkovic.hr\/portal\/wp-content\/uploads\/2019\/06\/GI-sinovikcerineretveprosvjed-opuzen-2.jpg 800w, https:\/\/likemetkovic.hr\/portal\/wp-content\/uploads\/2019\/06\/GI-sinovikcerineretveprosvjed-opuzen-2-768x512.jpg 768w, https:\/\/likemetkovic.hr\/portal\/wp-content\/uploads\/2019\/06\/GI-sinovikcerineretveprosvjed-opuzen-2-696x464.jpg 696w\" sizes=\"(max-width: 630px) 100vw, 630px\" alt=\"\">\r\n                            <\/a>\r\n                            \r\n                        <\/figure>\r\n                    <\/div>\r\n                    <div class = \"td-slide-item td-item3\">\r\n                        <figure class=\"td-slide-galery-figure td-slide-popup-gallery\">\r\n                            <a class=\"slide-gallery-image-link\" href=\"https:\/\/likemetkovic.hr\/portal\/wp-content\/uploads\/2019\/06\/GI-sinovikcerineretveprosvjed-opuzen-3.jpg\" title=\"GI sinovikcerineretveprosvjed opuzen (3)\"  data-caption=\"\"  data-description=\"\">\r\n                                <img decoding=\"async\" src=\"https:\/\/likemetkovic.hr\/portal\/wp-content\/uploads\/2019\/06\/GI-sinovikcerineretveprosvjed-opuzen-3-630x420.jpg\" srcset=\"https:\/\/likemetkovic.hr\/portal\/wp-content\/uploads\/2019\/06\/GI-sinovikcerineretveprosvjed-opuzen-3-630x420.jpg 630w, https:\/\/likemetkovic.hr\/portal\/wp-content\/uploads\/2019\/06\/GI-sinovikcerineretveprosvjed-opuzen-3.jpg 800w, https:\/\/likemetkovic.hr\/portal\/wp-content\/uploads\/2019\/06\/GI-sinovikcerineretveprosvjed-opuzen-3-768x512.jpg 768w, https:\/\/likemetkovic.hr\/portal\/wp-content\/uploads\/2019\/06\/GI-sinovikcerineretveprosvjed-opuzen-3-696x464.jpg 696w\" sizes=\"(max-width: 630px) 100vw, 630px\" alt=\"\">\r\n                            <\/a>\r\n                            \r\n                        <\/figure>\r\n                    <\/div>\r\n                    <div class = \"td-slide-item td-item4\">\r\n                        <figure class=\"td-slide-galery-figure td-slide-popup-gallery\">\r\n                            <a class=\"slide-gallery-image-link\" href=\"https:\/\/likemetkovic.hr\/portal\/wp-content\/uploads\/2019\/06\/GI-sinovikcerineretveprosvjed-opuzen-4.jpg\" title=\"GI sinovikcerineretveprosvjed opuzen (4)\"  data-caption=\"\"  data-description=\"\">\r\n                                <img decoding=\"async\" src=\"https:\/\/likemetkovic.hr\/portal\/wp-content\/uploads\/2019\/06\/GI-sinovikcerineretveprosvjed-opuzen-4-747x420.jpg\" srcset=\"https:\/\/likemetkovic.hr\/portal\/wp-content\/uploads\/2019\/06\/GI-sinovikcerineretveprosvjed-opuzen-4-747x420.jpg 747w, https:\/\/likemetkovic.hr\/portal\/wp-content\/uploads\/2019\/06\/GI-sinovikcerineretveprosvjed-opuzen-4.jpg 800w, https:\/\/likemetkovic.hr\/portal\/wp-content\/uploads\/2019\/06\/GI-sinovikcerineretveprosvjed-opuzen-4-768x432.jpg 768w, https:\/\/likemetkovic.hr\/portal\/wp-content\/uploads\/2019\/06\/GI-sinovikcerineretveprosvjed-opuzen-4-696x392.jpg 696w\" sizes=\"(max-width: 747px) 100vw, 747px\" alt=\"\">\r\n                            <\/a>\r\n                            \r\n                        <\/figure>\r\n                    <\/div>\r\n                            <\/div>\r\n                        <\/div>\r\n\r\n                        <div class = \"td-doubleSlider-2\">\r\n                            <div class = \"td-slider\">\r\n                                \r\n                    <div class = \"td-button td-item1\">\r\n                        <div class = \"td-border\"><\/div>\r\n                    <\/div>\r\n                    <div class = \"td-button td-item2\">\r\n                        <div class = \"td-border\"><\/div>\r\n                    <\/div>\r\n                    <div class = \"td-button td-item3\">\r\n                        <div class = \"td-border\"><\/div>\r\n                    <\/div>\r\n                    <div class = \"td-button td-item4\">\r\n                        <div class = \"td-border\"><\/div>\r\n                    <\/div>\r\n                            <\/div>\r\n                        <\/div>\r\n\r\n                    <\/div>\r\n\r\n                <\/div>\r\n                \n<p>Ne\u0161to kasnije, Mati\u010devi\u0107u se pridru\u017eilo jo\u0161 nekoliko prosvjednika koji u svojstvu pje\u0161aka prelaze dr\u017eavnu cestu na pje\u0161a\u010dkom prijelazu uz regulaciju prometa od strane policije zbog \u010dega nema zastoja u prometu. U me\u0111uvremenu je jedan dio policijskih slu\u017ebenika napustio mjesto prosvjeda.<\/p>\n<p>Prosvjed je privukao poprili\u010dnu pozornost medija, vidimo da su prisutni novinari iz gotovo svih zna\u010dajnijih medijskih ku\u0107a u dr\u017eavi.<\/p>\n<div id=\"fb-root\"><\/div>\n<p><script async=\"1\" defer=\"1\" crossorigin=\"anonymous\" src=\"https:\/\/connect.facebook.net\/de_DE\/sdk.js#xfbml=1&amp;version=v5.0\"><\/script><\/p>\n<div class=\"fb-video\" data-href=\"https:\/\/www.facebook.com\/likemetkovic.hr\/videos\/1230700897090104\/\" data-width=\"696\">\n<blockquote cite=\"https:\/\/www.facebook.com\/likemetkovic.hr\/videos\/1230700897090104\/\" class=\"fb-xfbml-parse-ignore\"><p><a href=\"https:\/\/www.facebook.com\/likemetkovic.hr\/videos\/1230700897090104\/\"><\/a><\/p>\n<p>Prosvjed na magistrali kod Opuzena.<\/p>\n<p>Gepostet von <a href=\"https:\/\/www.facebook.com\/likemetkovic.hr\/\">LIKEmetkovic.hr<\/a> am Samstag, 1. Juni 2019<\/p><\/blockquote>\n<\/div>\n<p>&nbsp;<\/p>\n","protected":false},"excerpt":{"rendered":"<p>Jutros od 9 sati na Jadranskoj magistrali kod Opuzena (Podgradina) taje mirni prosvjed GI Sinovi i k\u0107eri doline Neretve koja na taj na\u010din \u017eeli skrenuti pozornost na probleme u zdravstvenoj skrbi u dolini Neretve. Kako je izjavio Ivo Mati\u010devi\u0107, na prosvjedu sudjeluje samo on jer su posljednjih dana gra\u0111anima poslana upozorenja o mogu\u0107im represivnim mjerama [&hellip;]<\/p>\n","protected":false},"author":9,"featured_media":82257,"comment_status":"open","ping_status":"open","sticky":false,"template":"","format":"video","meta":{"footnotes":""},"categories":[283,11],"tags":[577,1887,5299,4285],"class_list":{"0":"post-82254","1":"post","2":"type-post","3":"status-publish","4":"format-video","5":"has-post-thumbnail","7":"category-a","8":"category-metkovic-dolina","9":"tag-opuzen","10":"tag-prosvjed","11":"tag-sinovi-i-kceri-doline-neretve","12":"tag-zdravstvo","13":"post_format-post-format-video"},"yoast_head":"<!-- This site is optimized with the Yoast SEO plugin v25.2 - https:\/\/yoast.com\/wordpress\/plugins\/seo\/ -->\n<title>Na magistrali kod Opuzena traje prosvjed GI Sinovi i k\u0107eri doline Neretve - likemetkovic.hr<\/title>\n<meta name=\"description\" content=\"Jutros od 9 sati na Jadranskoj magistrali kod Opuzena (Podgradina) taje mirni prosvjed GI Sinovi i k\u0107eri doline Neretve koja na taj na\u010din \u017eeli skrenuti pozornost na probleme u zdravstvenoj skrbi u dolini Neretve.\" \/>\n<meta name=\"robots\" content=\"index, follow, max-snippet:-1, max-image-preview:large, max-video-preview:-1\" \/>\n<link rel=\"canonical\" href=\"https:\/\/likemetkovic.hr\/na-magistrali-kod-opuzena-traje-prosvjed-gi-sinovi-i-kceri-doline-neretve\/\" \/>\n<meta property=\"og:locale\" content=\"hr_HR\" \/>\n<meta property=\"og:type\" content=\"article\" \/>\n<meta property=\"og:title\" content=\"Na magistrali kod Opuzena traje prosvjed GI Sinovi i k\u0107eri doline Neretve - likemetkovic.hr\" \/>\n<meta property=\"og:description\" content=\"Jutros od 9 sati na Jadranskoj magistrali kod Opuzena (Podgradina) taje mirni prosvjed GI Sinovi i k\u0107eri doline Neretve koja na taj na\u010din \u017eeli skrenuti pozornost na probleme u zdravstvenoj skrbi u dolini Neretve.\" \/>\n<meta property=\"og:url\" content=\"https:\/\/likemetkovic.hr\/na-magistrali-kod-opuzena-traje-prosvjed-gi-sinovi-i-kceri-doline-neretve\/\" \/>\n<meta property=\"og:site_name\" content=\"likemetkovic.hr\" \/>\n<meta property=\"article:publisher\" content=\"https:\/\/www.facebook.com\/likemetkovic.hr\/\" \/>\n<meta property=\"article:published_time\" content=\"2019-06-01T09:24:06+00:00\" \/>\n<meta property=\"article:modified_time\" content=\"2019-06-01T09:33:25+00:00\" \/>\n<meta property=\"og:image\" content=\"https:\/\/likemetkovic.hr\/wp-content\/uploads\/2019\/06\/GI-sinovikcerineretveprosvjed-opuzen-3.jpg\" \/>\n\t<meta property=\"og:image:width\" content=\"800\" \/>\n\t<meta property=\"og:image:height\" content=\"533\" \/>\n\t<meta property=\"og:image:type\" content=\"image\/jpeg\" \/>\n<meta name=\"author\" content=\"K. J.\" \/>\n<meta name=\"twitter:card\" content=\"summary_large_image\" \/>\n<meta name=\"twitter:label1\" content=\"Napisao\/la\" \/>\n\t<meta name=\"twitter:data1\" content=\"K. J.\" \/>\n\t<meta name=\"twitter:label2\" content=\"Procijenjeno vrijeme \u010ditanja\" \/>\n\t<meta name=\"twitter:data2\" content=\"1 minuta\" \/>\n<script type=\"application\/ld+json\" class=\"yoast-schema-graph\">{\"@context\":\"https:\/\/schema.org\",\"@graph\":[{\"@type\":\"WebPage\",\"@id\":\"https:\/\/likemetkovic.hr\/na-magistrali-kod-opuzena-traje-prosvjed-gi-sinovi-i-kceri-doline-neretve\/\",\"url\":\"https:\/\/likemetkovic.hr\/na-magistrali-kod-opuzena-traje-prosvjed-gi-sinovi-i-kceri-doline-neretve\/\",\"name\":\"Na magistrali kod Opuzena traje prosvjed GI Sinovi i k\u0107eri doline Neretve - likemetkovic.hr\",\"isPartOf\":{\"@id\":\"https:\/\/likemetkovic.hr\/#website\"},\"primaryImageOfPage\":{\"@id\":\"https:\/\/likemetkovic.hr\/na-magistrali-kod-opuzena-traje-prosvjed-gi-sinovi-i-kceri-doline-neretve\/#primaryimage\"},\"image\":{\"@id\":\"https:\/\/likemetkovic.hr\/na-magistrali-kod-opuzena-traje-prosvjed-gi-sinovi-i-kceri-doline-neretve\/#primaryimage\"},\"thumbnailUrl\":\"https:\/\/likemetkovic.hr\/portal\/wp-content\/uploads\/2019\/06\/GI-sinovikcerineretveprosvjed-opuzen-3.jpg\",\"datePublished\":\"2019-06-01T09:24:06+00:00\",\"dateModified\":\"2019-06-01T09:33:25+00:00\",\"author\":{\"@id\":\"https:\/\/likemetkovic.hr\/#\/schema\/person\/0a8b4ebfdfe1ff01192dccda40c5da0c\"},\"description\":\"Jutros od 9 sati na Jadranskoj magistrali kod Opuzena (Podgradina) taje mirni prosvjed GI Sinovi i k\u0107eri doline Neretve koja na taj na\u010din \u017eeli skrenuti pozornost na probleme u zdravstvenoj skrbi u dolini Neretve.\",\"breadcrumb\":{\"@id\":\"https:\/\/likemetkovic.hr\/na-magistrali-kod-opuzena-traje-prosvjed-gi-sinovi-i-kceri-doline-neretve\/#breadcrumb\"},\"inLanguage\":\"hr\",\"potentialAction\":[{\"@type\":\"ReadAction\",\"target\":[\"https:\/\/likemetkovic.hr\/na-magistrali-kod-opuzena-traje-prosvjed-gi-sinovi-i-kceri-doline-neretve\/\"]}]},{\"@type\":\"ImageObject\",\"inLanguage\":\"hr\",\"@id\":\"https:\/\/likemetkovic.hr\/na-magistrali-kod-opuzena-traje-prosvjed-gi-sinovi-i-kceri-doline-neretve\/#primaryimage\",\"url\":\"https:\/\/likemetkovic.hr\/portal\/wp-content\/uploads\/2019\/06\/GI-sinovikcerineretveprosvjed-opuzen-3.jpg\",\"contentUrl\":\"https:\/\/likemetkovic.hr\/portal\/wp-content\/uploads\/2019\/06\/GI-sinovikcerineretveprosvjed-opuzen-3.jpg\",\"width\":800,\"height\":533},{\"@type\":\"BreadcrumbList\",\"@id\":\"https:\/\/likemetkovic.hr\/na-magistrali-kod-opuzena-traje-prosvjed-gi-sinovi-i-kceri-doline-neretve\/#breadcrumb\",\"itemListElement\":[{\"@type\":\"ListItem\",\"position\":1,\"name\":\"Po\u010detna stranica\",\"item\":\"https:\/\/likemetkovic.hr\/portal\/\"},{\"@type\":\"ListItem\",\"position\":2,\"name\":\"Na magistrali kod Opuzena traje prosvjed GI Sinovi i k\u0107eri doline Neretve\"}]},{\"@type\":\"WebSite\",\"@id\":\"https:\/\/likemetkovic.hr\/#website\",\"url\":\"https:\/\/likemetkovic.hr\/\",\"name\":\"likemetkovic.hr\",\"description\":\"Misli pozitivno... \u010ditaj LIKE\",\"potentialAction\":[{\"@type\":\"SearchAction\",\"target\":{\"@type\":\"EntryPoint\",\"urlTemplate\":\"https:\/\/likemetkovic.hr\/?s={search_term_string}\"},\"query-input\":{\"@type\":\"PropertyValueSpecification\",\"valueRequired\":true,\"valueName\":\"search_term_string\"}}],\"inLanguage\":\"hr\"},{\"@type\":\"Person\",\"@id\":\"https:\/\/likemetkovic.hr\/#\/schema\/person\/0a8b4ebfdfe1ff01192dccda40c5da0c\",\"name\":\"K. J.\",\"url\":\"https:\/\/likemetkovic.hr\/portal\/author\/likemetkovic\/\"}]}<\/script>\n<!-- \/ Yoast SEO plugin. -->","yoast_head_json":{"title":"Na magistrali kod Opuzena traje prosvjed GI Sinovi i k\u0107eri doline Neretve - likemetkovic.hr","description":"Jutros od 9 sati na Jadranskoj magistrali kod Opuzena (Podgradina) taje mirni prosvjed GI Sinovi i k\u0107eri doline Neretve koja na taj na\u010din \u017eeli skrenuti pozornost na probleme u zdravstvenoj skrbi u dolini Neretve.","robots":{"index":"index","follow":"follow","max-snippet":"max-snippet:-1","max-image-preview":"max-image-preview:large","max-video-preview":"max-video-preview:-1"},"canonical":"https:\/\/likemetkovic.hr\/na-magistrali-kod-opuzena-traje-prosvjed-gi-sinovi-i-kceri-doline-neretve\/","og_locale":"hr_HR","og_type":"article","og_title":"Na magistrali kod Opuzena traje prosvjed GI Sinovi i k\u0107eri doline Neretve - likemetkovic.hr","og_description":"Jutros od 9 sati na Jadranskoj magistrali kod Opuzena (Podgradina) taje mirni prosvjed GI Sinovi i k\u0107eri doline Neretve koja na taj na\u010din \u017eeli skrenuti pozornost na probleme u zdravstvenoj skrbi u dolini Neretve.","og_url":"https:\/\/likemetkovic.hr\/na-magistrali-kod-opuzena-traje-prosvjed-gi-sinovi-i-kceri-doline-neretve\/","og_site_name":"likemetkovic.hr","article_publisher":"https:\/\/www.facebook.com\/likemetkovic.hr\/","article_published_time":"2019-06-01T09:24:06+00:00","article_modified_time":"2019-06-01T09:33:25+00:00","og_image":[{"width":800,"height":533,"url":"https:\/\/likemetkovic.hr\/wp-content\/uploads\/2019\/06\/GI-sinovikcerineretveprosvjed-opuzen-3.jpg","type":"image\/jpeg"}],"author":"K. J.","twitter_card":"summary_large_image","twitter_misc":{"Napisao\/la":"K. J.","Procijenjeno vrijeme \u010ditanja":"1 minuta"},"schema":{"@context":"https:\/\/schema.org","@graph":[{"@type":"WebPage","@id":"https:\/\/likemetkovic.hr\/na-magistrali-kod-opuzena-traje-prosvjed-gi-sinovi-i-kceri-doline-neretve\/","url":"https:\/\/likemetkovic.hr\/na-magistrali-kod-opuzena-traje-prosvjed-gi-sinovi-i-kceri-doline-neretve\/","name":"Na magistrali kod Opuzena traje prosvjed GI Sinovi i k\u0107eri doline Neretve - likemetkovic.hr","isPartOf":{"@id":"https:\/\/likemetkovic.hr\/#website"},"primaryImageOfPage":{"@id":"https:\/\/likemetkovic.hr\/na-magistrali-kod-opuzena-traje-prosvjed-gi-sinovi-i-kceri-doline-neretve\/#primaryimage"},"image":{"@id":"https:\/\/likemetkovic.hr\/na-magistrali-kod-opuzena-traje-prosvjed-gi-sinovi-i-kceri-doline-neretve\/#primaryimage"},"thumbnailUrl":"https:\/\/likemetkovic.hr\/portal\/wp-content\/uploads\/2019\/06\/GI-sinovikcerineretveprosvjed-opuzen-3.jpg","datePublished":"2019-06-01T09:24:06+00:00","dateModified":"2019-06-01T09:33:25+00:00","author":{"@id":"https:\/\/likemetkovic.hr\/#\/schema\/person\/0a8b4ebfdfe1ff01192dccda40c5da0c"},"description":"Jutros od 9 sati na Jadranskoj magistrali kod Opuzena (Podgradina) taje mirni prosvjed GI Sinovi i k\u0107eri doline Neretve koja na taj na\u010din \u017eeli skrenuti pozornost na probleme u zdravstvenoj skrbi u dolini Neretve.","breadcrumb":{"@id":"https:\/\/likemetkovic.hr\/na-magistrali-kod-opuzena-traje-prosvjed-gi-sinovi-i-kceri-doline-neretve\/#breadcrumb"},"inLanguage":"hr","potentialAction":[{"@type":"ReadAction","target":["https:\/\/likemetkovic.hr\/na-magistrali-kod-opuzena-traje-prosvjed-gi-sinovi-i-kceri-doline-neretve\/"]}]},{"@type":"ImageObject","inLanguage":"hr","@id":"https:\/\/likemetkovic.hr\/na-magistrali-kod-opuzena-traje-prosvjed-gi-sinovi-i-kceri-doline-neretve\/#primaryimage","url":"https:\/\/likemetkovic.hr\/portal\/wp-content\/uploads\/2019\/06\/GI-sinovikcerineretveprosvjed-opuzen-3.jpg","contentUrl":"https:\/\/likemetkovic.hr\/portal\/wp-content\/uploads\/2019\/06\/GI-sinovikcerineretveprosvjed-opuzen-3.jpg","width":800,"height":533},{"@type":"BreadcrumbList","@id":"https:\/\/likemetkovic.hr\/na-magistrali-kod-opuzena-traje-prosvjed-gi-sinovi-i-kceri-doline-neretve\/#breadcrumb","itemListElement":[{"@type":"ListItem","position":1,"name":"Po\u010detna stranica","item":"https:\/\/likemetkovic.hr\/portal\/"},{"@type":"ListItem","position":2,"name":"Na magistrali kod Opuzena traje prosvjed GI Sinovi i k\u0107eri doline Neretve"}]},{"@type":"WebSite","@id":"https:\/\/likemetkovic.hr\/#website","url":"https:\/\/likemetkovic.hr\/","name":"likemetkovic.hr","description":"Misli pozitivno... \u010ditaj LIKE","potentialAction":[{"@type":"SearchAction","target":{"@type":"EntryPoint","urlTemplate":"https:\/\/likemetkovic.hr\/?s={search_term_string}"},"query-input":{"@type":"PropertyValueSpecification","valueRequired":true,"valueName":"search_term_string"}}],"inLanguage":"hr"},{"@type":"Person","@id":"https:\/\/likemetkovic.hr\/#\/schema\/person\/0a8b4ebfdfe1ff01192dccda40c5da0c","name":"K. J.","url":"https:\/\/likemetkovic.hr\/portal\/author\/likemetkovic\/"}]}},"_links":{"self":[{"href":"https:\/\/likemetkovic.hr\/portal\/wp-json\/wp\/v2\/posts\/82254","targetHints":{"allow":["GET"]}}],"collection":[{"href":"https:\/\/likemetkovic.hr\/portal\/wp-json\/wp\/v2\/posts"}],"about":[{"href":"https:\/\/likemetkovic.hr\/portal\/wp-json\/wp\/v2\/types\/post"}],"author":[{"embeddable":true,"href":"https:\/\/likemetkovic.hr\/portal\/wp-json\/wp\/v2\/users\/9"}],"replies":[{"embeddable":true,"href":"https:\/\/likemetkovic.hr\/portal\/wp-json\/wp\/v2\/comments?post=82254"}],"version-history":[{"count":0,"href":"https:\/\/likemetkovic.hr\/portal\/wp-json\/wp\/v2\/posts\/82254\/revisions"}],"wp:featuredmedia":[{"embeddable":true,"href":"https:\/\/likemetkovic.hr\/portal\/wp-json\/wp\/v2\/media\/82257"}],"wp:attachment":[{"href":"https:\/\/likemetkovic.hr\/portal\/wp-json\/wp\/v2\/media?parent=82254"}],"wp:term":[{"taxonomy":"category","embeddable":true,"href":"https:\/\/likemetkovic.hr\/portal\/wp-json\/wp\/v2\/categories?post=82254"},{"taxonomy":"post_tag","embeddable":true,"href":"https:\/\/likemetkovic.hr\/portal\/wp-json\/wp\/v2\/tags?post=82254"}],"curies":[{"name":"wp","href":"https:\/\/api.w.org\/{rel}","templated":true}]}}