{"id":82414,"date":"2019-06-03T11:52:14","date_gmt":"2019-06-03T09:52:14","guid":{"rendered":"https:\/\/likemetkovic.hr\/?p=82414"},"modified":"2019-06-03T11:52:14","modified_gmt":"2019-06-03T09:52:14","slug":"nova-pravila-za-granicne-prijelaze-imotica-duzi-i-slano-orahov-do","status":"publish","type":"post","link":"https:\/\/likemetkovic.hr\/portal\/nova-pravila-za-granicne-prijelaze-imotica-duzi-i-slano-orahov-do\/","title":{"rendered":"Nova pravila za grani\u010dne prijelaze Imotica \u2013 Du\u017ei i Slano \u2013 Orahov Do"},"content":{"rendered":"<p>Policijska uprava dubrova\u010dko-neretvanska obavje\u0161tava gra\u0111ane da je Mje\u0161ovito povjerenstvo za pra\u0107enje provedbe Ugovora izme\u0111u Republike Hrvatske i Bosne i Hercegovine donijelo odluku da se grani\u010dni prijelazi za pograni\u010dni promet <strong>Imotica \u2013 Du\u017ei i Slano \u2013 Orahov Do<\/strong> privremeno prekategoriziraju u grani\u010dne prijelaze za me\u0111unarodni promet putnika.<\/p>\n<p><main class=\"c-page-content o-grid-container\" role=\"main\"><\/p>\n<div class=\"c-page-content__inner\">\n<section class=\"c-page-section c-page-section--vijesti\">\n<div class=\"c-page-section--article o-grid-row\">\n<div class=\"c-page-content__main-column\">\n<div class=\"o-grid-row\">\n<div id=\"dnn_LeftCol\" class=\"pane pane--main-left\">\n<div class=\"DnnModule DnnModule-DnnForge-NewsArticles DnnModule-1115\">\n<div id=\"dnn_ctr1115_ContentPane\">\n<div id=\"dnn_ctr1115_ModuleContent\" class=\"DNNModuleContent ModDnnForgeNewsArticlesC\">\n<div class=\"NewsArticles\">\n<article id=\"story\" class=\"article article--standard-theme article--Vijesti\">\n<section class=\"article__wrapper\">\n<div class=\"article__body\">\n<div id=\"__xclaimwords_wrapper\">\nOdluka stupa na snagu <strong>10. lipnja<\/strong>, i na snazi \u0107e biti tri mjeseca, odnosno do odr\u017eavanja naredne sjednice Mje\u0161ovitog povjerenstva, a radno vrijeme navedenih grani\u010dnih prijelaza je svakim danom 24 sata.<\/p>\n<p>Ujedno obavje\u0161tavaju kako grani\u010dni prijelaz za pograni\u010dni promet Gabela polje I \u2013 Gabela i dalje zadr\u017eava kategoriju grani\u010dnog prijelaza za me\u0111unarodni promet.<\/p><\/div>\n<\/div>\n<\/section>\n<\/article>\n<\/div>\n<\/div>\n<\/div>\n<\/div>\n<\/div>\n<\/div>\n<\/div>\n<\/div>\n<\/section>\n<\/div>\n<p><\/main><\/p>\n","protected":false},"excerpt":{"rendered":"<p>Policijska uprava dubrova\u010dko-neretvanska obavje\u0161tava gra\u0111ane da je Mje\u0161ovito povjerenstvo za pra\u0107enje provedbe Ugovora izme\u0111u Republike Hrvatske i Bosne i Hercegovine donijelo odluku da se grani\u010dni prijelazi za pograni\u010dni promet Imotica \u2013 Du\u017ei i Slano \u2013 Orahov Do privremeno prekategoriziraju u grani\u010dne prijelaze za me\u0111unarodni promet putnika. Odluka stupa na snagu 10. lipnja, i na snazi [&hellip;]<\/p>\n","protected":false},"author":8,"featured_media":48309,"comment_status":"open","ping_status":"open","sticky":false,"template":"","format":"standard","meta":{"footnotes":""},"categories":[296,1026,300],"tags":[],"class_list":{"0":"post-82414","1":"post","2":"type-post","3":"status-publish","4":"format-standard","5":"has-post-thumbnail","7":"category-ab","8":"category-vijesti","9":"category-zupanija"},"yoast_head":"<!-- This site is optimized with the Yoast SEO plugin v25.2 - https:\/\/yoast.com\/wordpress\/plugins\/seo\/ -->\n<title>Nova pravila za grani\u010dne prijelaze Imotica \u2013 Du\u017ei i Slano \u2013 Orahov Do - likemetkovic.hr<\/title>\n<meta name=\"robots\" content=\"index, follow, max-snippet:-1, max-image-preview:large, max-video-preview:-1\" \/>\n<link rel=\"canonical\" href=\"https:\/\/likemetkovic.hr\/nova-pravila-za-granicne-prijelaze-imotica-duzi-i-slano-orahov-do\/\" \/>\n<meta property=\"og:locale\" content=\"hr_HR\" \/>\n<meta property=\"og:type\" content=\"article\" \/>\n<meta property=\"og:title\" content=\"Nova pravila za grani\u010dne prijelaze Imotica \u2013 Du\u017ei i Slano \u2013 Orahov Do - likemetkovic.hr\" \/>\n<meta property=\"og:description\" content=\"Policijska uprava dubrova\u010dko-neretvanska obavje\u0161tava gra\u0111ane da je Mje\u0161ovito povjerenstvo za pra\u0107enje provedbe Ugovora izme\u0111u Republike Hrvatske i Bosne i Hercegovine donijelo odluku da se grani\u010dni prijelazi za pograni\u010dni promet Imotica \u2013 Du\u017ei i Slano \u2013 Orahov Do privremeno prekategoriziraju u grani\u010dne prijelaze za me\u0111unarodni promet putnika. Odluka stupa na snagu 10. lipnja, i na snazi [&hellip;]\" \/>\n<meta property=\"og:url\" content=\"https:\/\/likemetkovic.hr\/nova-pravila-za-granicne-prijelaze-imotica-duzi-i-slano-orahov-do\/\" \/>\n<meta property=\"og:site_name\" content=\"likemetkovic.hr\" \/>\n<meta property=\"article:publisher\" content=\"https:\/\/www.facebook.com\/likemetkovic.hr\/\" \/>\n<meta property=\"article:published_time\" content=\"2019-06-03T09:52:14+00:00\" \/>\n<meta property=\"og:image\" content=\"https:\/\/likemetkovic.hr\/wp-content\/uploads\/2017\/10\/DSC_0252.jpg\" \/>\n\t<meta property=\"og:image:width\" content=\"900\" \/>\n\t<meta property=\"og:image:height\" content=\"600\" \/>\n\t<meta property=\"og:image:type\" content=\"image\/jpeg\" \/>\n<meta name=\"author\" content=\"LIKEmetkovic.hr\" \/>\n<meta name=\"twitter:card\" content=\"summary_large_image\" \/>\n<meta name=\"twitter:label1\" content=\"Napisao\/la\" \/>\n\t<meta name=\"twitter:data1\" content=\"LIKEmetkovic.hr\" \/>\n\t<meta name=\"twitter:label2\" content=\"Procijenjeno vrijeme \u010ditanja\" \/>\n\t<meta name=\"twitter:data2\" content=\"1 minuta\" \/>\n<script type=\"application\/ld+json\" class=\"yoast-schema-graph\">{\"@context\":\"https:\/\/schema.org\",\"@graph\":[{\"@type\":\"WebPage\",\"@id\":\"https:\/\/likemetkovic.hr\/nova-pravila-za-granicne-prijelaze-imotica-duzi-i-slano-orahov-do\/\",\"url\":\"https:\/\/likemetkovic.hr\/nova-pravila-za-granicne-prijelaze-imotica-duzi-i-slano-orahov-do\/\",\"name\":\"Nova pravila za grani\u010dne prijelaze Imotica \u2013 Du\u017ei i Slano \u2013 Orahov Do - likemetkovic.hr\",\"isPartOf\":{\"@id\":\"https:\/\/likemetkovic.hr\/#website\"},\"primaryImageOfPage\":{\"@id\":\"https:\/\/likemetkovic.hr\/nova-pravila-za-granicne-prijelaze-imotica-duzi-i-slano-orahov-do\/#primaryimage\"},\"image\":{\"@id\":\"https:\/\/likemetkovic.hr\/nova-pravila-za-granicne-prijelaze-imotica-duzi-i-slano-orahov-do\/#primaryimage\"},\"thumbnailUrl\":\"https:\/\/likemetkovic.hr\/portal\/wp-content\/uploads\/2017\/10\/DSC_0252.jpg\",\"datePublished\":\"2019-06-03T09:52:14+00:00\",\"author\":{\"@id\":\"https:\/\/likemetkovic.hr\/#\/schema\/person\/adba0fd43631b5fc581c97e6ca793693\"},\"breadcrumb\":{\"@id\":\"https:\/\/likemetkovic.hr\/nova-pravila-za-granicne-prijelaze-imotica-duzi-i-slano-orahov-do\/#breadcrumb\"},\"inLanguage\":\"hr\",\"potentialAction\":[{\"@type\":\"ReadAction\",\"target\":[\"https:\/\/likemetkovic.hr\/nova-pravila-za-granicne-prijelaze-imotica-duzi-i-slano-orahov-do\/\"]}]},{\"@type\":\"ImageObject\",\"inLanguage\":\"hr\",\"@id\":\"https:\/\/likemetkovic.hr\/nova-pravila-za-granicne-prijelaze-imotica-duzi-i-slano-orahov-do\/#primaryimage\",\"url\":\"https:\/\/likemetkovic.hr\/portal\/wp-content\/uploads\/2017\/10\/DSC_0252.jpg\",\"contentUrl\":\"https:\/\/likemetkovic.hr\/portal\/wp-content\/uploads\/2017\/10\/DSC_0252.jpg\",\"width\":900,\"height\":600},{\"@type\":\"BreadcrumbList\",\"@id\":\"https:\/\/likemetkovic.hr\/nova-pravila-za-granicne-prijelaze-imotica-duzi-i-slano-orahov-do\/#breadcrumb\",\"itemListElement\":[{\"@type\":\"ListItem\",\"position\":1,\"name\":\"Po\u010detna stranica\",\"item\":\"https:\/\/likemetkovic.hr\/portal\/\"},{\"@type\":\"ListItem\",\"position\":2,\"name\":\"Nova pravila za grani\u010dne prijelaze Imotica \u2013 Du\u017ei i Slano \u2013 Orahov Do\"}]},{\"@type\":\"WebSite\",\"@id\":\"https:\/\/likemetkovic.hr\/#website\",\"url\":\"https:\/\/likemetkovic.hr\/\",\"name\":\"likemetkovic.hr\",\"description\":\"Misli pozitivno... \u010ditaj LIKE\",\"potentialAction\":[{\"@type\":\"SearchAction\",\"target\":{\"@type\":\"EntryPoint\",\"urlTemplate\":\"https:\/\/likemetkovic.hr\/?s={search_term_string}\"},\"query-input\":{\"@type\":\"PropertyValueSpecification\",\"valueRequired\":true,\"valueName\":\"search_term_string\"}}],\"inLanguage\":\"hr\"},{\"@type\":\"Person\",\"@id\":\"https:\/\/likemetkovic.hr\/#\/schema\/person\/adba0fd43631b5fc581c97e6ca793693\",\"name\":\"LIKEmetkovic.hr\",\"url\":\"https:\/\/likemetkovic.hr\/portal\/author\/marijana\/\"}]}<\/script>\n<!-- \/ Yoast SEO plugin. -->","yoast_head_json":{"title":"Nova pravila za grani\u010dne prijelaze Imotica \u2013 Du\u017ei i Slano \u2013 Orahov Do - likemetkovic.hr","robots":{"index":"index","follow":"follow","max-snippet":"max-snippet:-1","max-image-preview":"max-image-preview:large","max-video-preview":"max-video-preview:-1"},"canonical":"https:\/\/likemetkovic.hr\/nova-pravila-za-granicne-prijelaze-imotica-duzi-i-slano-orahov-do\/","og_locale":"hr_HR","og_type":"article","og_title":"Nova pravila za grani\u010dne prijelaze Imotica \u2013 Du\u017ei i Slano \u2013 Orahov Do - likemetkovic.hr","og_description":"Policijska uprava dubrova\u010dko-neretvanska obavje\u0161tava gra\u0111ane da je Mje\u0161ovito povjerenstvo za pra\u0107enje provedbe Ugovora izme\u0111u Republike Hrvatske i Bosne i Hercegovine donijelo odluku da se grani\u010dni prijelazi za pograni\u010dni promet Imotica \u2013 Du\u017ei i Slano \u2013 Orahov Do privremeno prekategoriziraju u grani\u010dne prijelaze za me\u0111unarodni promet putnika. Odluka stupa na snagu 10. lipnja, i na snazi [&hellip;]","og_url":"https:\/\/likemetkovic.hr\/nova-pravila-za-granicne-prijelaze-imotica-duzi-i-slano-orahov-do\/","og_site_name":"likemetkovic.hr","article_publisher":"https:\/\/www.facebook.com\/likemetkovic.hr\/","article_published_time":"2019-06-03T09:52:14+00:00","og_image":[{"width":900,"height":600,"url":"https:\/\/likemetkovic.hr\/wp-content\/uploads\/2017\/10\/DSC_0252.jpg","type":"image\/jpeg"}],"author":"LIKEmetkovic.hr","twitter_card":"summary_large_image","twitter_misc":{"Napisao\/la":"LIKEmetkovic.hr","Procijenjeno vrijeme \u010ditanja":"1 minuta"},"schema":{"@context":"https:\/\/schema.org","@graph":[{"@type":"WebPage","@id":"https:\/\/likemetkovic.hr\/nova-pravila-za-granicne-prijelaze-imotica-duzi-i-slano-orahov-do\/","url":"https:\/\/likemetkovic.hr\/nova-pravila-za-granicne-prijelaze-imotica-duzi-i-slano-orahov-do\/","name":"Nova pravila za grani\u010dne prijelaze Imotica \u2013 Du\u017ei i Slano \u2013 Orahov Do - likemetkovic.hr","isPartOf":{"@id":"https:\/\/likemetkovic.hr\/#website"},"primaryImageOfPage":{"@id":"https:\/\/likemetkovic.hr\/nova-pravila-za-granicne-prijelaze-imotica-duzi-i-slano-orahov-do\/#primaryimage"},"image":{"@id":"https:\/\/likemetkovic.hr\/nova-pravila-za-granicne-prijelaze-imotica-duzi-i-slano-orahov-do\/#primaryimage"},"thumbnailUrl":"https:\/\/likemetkovic.hr\/portal\/wp-content\/uploads\/2017\/10\/DSC_0252.jpg","datePublished":"2019-06-03T09:52:14+00:00","author":{"@id":"https:\/\/likemetkovic.hr\/#\/schema\/person\/adba0fd43631b5fc581c97e6ca793693"},"breadcrumb":{"@id":"https:\/\/likemetkovic.hr\/nova-pravila-za-granicne-prijelaze-imotica-duzi-i-slano-orahov-do\/#breadcrumb"},"inLanguage":"hr","potentialAction":[{"@type":"ReadAction","target":["https:\/\/likemetkovic.hr\/nova-pravila-za-granicne-prijelaze-imotica-duzi-i-slano-orahov-do\/"]}]},{"@type":"ImageObject","inLanguage":"hr","@id":"https:\/\/likemetkovic.hr\/nova-pravila-za-granicne-prijelaze-imotica-duzi-i-slano-orahov-do\/#primaryimage","url":"https:\/\/likemetkovic.hr\/portal\/wp-content\/uploads\/2017\/10\/DSC_0252.jpg","contentUrl":"https:\/\/likemetkovic.hr\/portal\/wp-content\/uploads\/2017\/10\/DSC_0252.jpg","width":900,"height":600},{"@type":"BreadcrumbList","@id":"https:\/\/likemetkovic.hr\/nova-pravila-za-granicne-prijelaze-imotica-duzi-i-slano-orahov-do\/#breadcrumb","itemListElement":[{"@type":"ListItem","position":1,"name":"Po\u010detna stranica","item":"https:\/\/likemetkovic.hr\/portal\/"},{"@type":"ListItem","position":2,"name":"Nova pravila za grani\u010dne prijelaze Imotica \u2013 Du\u017ei i Slano \u2013 Orahov Do"}]},{"@type":"WebSite","@id":"https:\/\/likemetkovic.hr\/#website","url":"https:\/\/likemetkovic.hr\/","name":"likemetkovic.hr","description":"Misli pozitivno... \u010ditaj LIKE","potentialAction":[{"@type":"SearchAction","target":{"@type":"EntryPoint","urlTemplate":"https:\/\/likemetkovic.hr\/?s={search_term_string}"},"query-input":{"@type":"PropertyValueSpecification","valueRequired":true,"valueName":"search_term_string"}}],"inLanguage":"hr"},{"@type":"Person","@id":"https:\/\/likemetkovic.hr\/#\/schema\/person\/adba0fd43631b5fc581c97e6ca793693","name":"LIKEmetkovic.hr","url":"https:\/\/likemetkovic.hr\/portal\/author\/marijana\/"}]}},"_links":{"self":[{"href":"https:\/\/likemetkovic.hr\/portal\/wp-json\/wp\/v2\/posts\/82414","targetHints":{"allow":["GET"]}}],"collection":[{"href":"https:\/\/likemetkovic.hr\/portal\/wp-json\/wp\/v2\/posts"}],"about":[{"href":"https:\/\/likemetkovic.hr\/portal\/wp-json\/wp\/v2\/types\/post"}],"author":[{"embeddable":true,"href":"https:\/\/likemetkovic.hr\/portal\/wp-json\/wp\/v2\/users\/8"}],"replies":[{"embeddable":true,"href":"https:\/\/likemetkovic.hr\/portal\/wp-json\/wp\/v2\/comments?post=82414"}],"version-history":[{"count":0,"href":"https:\/\/likemetkovic.hr\/portal\/wp-json\/wp\/v2\/posts\/82414\/revisions"}],"wp:featuredmedia":[{"embeddable":true,"href":"https:\/\/likemetkovic.hr\/portal\/wp-json\/wp\/v2\/media\/48309"}],"wp:attachment":[{"href":"https:\/\/likemetkovic.hr\/portal\/wp-json\/wp\/v2\/media?parent=82414"}],"wp:term":[{"taxonomy":"category","embeddable":true,"href":"https:\/\/likemetkovic.hr\/portal\/wp-json\/wp\/v2\/categories?post=82414"},{"taxonomy":"post_tag","embeddable":true,"href":"https:\/\/likemetkovic.hr\/portal\/wp-json\/wp\/v2\/tags?post=82414"}],"curies":[{"name":"wp","href":"https:\/\/api.w.org\/{rel}","templated":true}]}}