{"id":82469,"date":"2019-06-04T14:58:46","date_gmt":"2019-06-04T12:58:46","guid":{"rendered":"https:\/\/likemetkovic.hr\/?p=82469"},"modified":"2019-06-04T14:58:46","modified_gmt":"2019-06-04T12:58:46","slug":"erasmus-plus-metkovski-srednjoskolci-boravili-na-obali-baltika","status":"publish","type":"post","link":"https:\/\/likemetkovic.hr\/portal\/erasmus-plus-metkovski-srednjoskolci-boravili-na-obali-baltika\/","title":{"rendered":"ERASMUS PLUS: Metkovski srednjo\u0161kolci boravili na obali Baltika&#8230;"},"content":{"rendered":"<div id=\"js_1th\" class=\"_5pbx userContent _3576\" data-testid=\"post_message\" data-ft=\"{&quot;tn&quot;:&quot;K&quot;}\">\n<div id=\"id_5cf6682d773ef8241221807\" class=\"text_exposed_root text_exposed\">\n<p>U\u010denici Srednje \u0161kole Metkovi\u0107 Jurica Talaji\u0107, David Begu\u0161i\u0107, Leon Sko\u010dibu\u0161i\u0107 i Matej Ujdur te profesori Petar Nikoli\u0107 i Nina Bjeli\u0161 boravili su u poljskom gradu Ustka koji se nalazi na obali Balti\u010dkog mora.<\/p>\n<p>Bilo je to od 20. do 26. svibnja u sklopu Erasmus+ projekta European patterns: <strong><em>Migration of birds nad people<\/em> <\/strong>u kojem jo\u0161 sudjeluju u\u010denici iz <span class=\"text_exposed_show\">Engleske, Njema\u010dke, Poljske i Rumunjske.<\/span><\/p>\n<p><img decoding=\"async\" src=\"https:\/\/scontent.fzag4-1.fna.fbcdn.net\/v\/t1.0-9\/62115831_1228970013938285_5759158012694495232_n.jpg?_nc_cat=104&amp;_nc_ht=scontent.fzag4-1.fna&amp;oh=3523a6461ce9a9ec407227f2a4ebed2c&amp;oe=5D85D746\" alt=\"Fotografija Srednja \u00c5\u00a1kola Metkovi\u00c4\u0087.\" \/><\/p>\n<p>Cilj tre\u0107e aktivnosti u\u010denja, pou\u010davanja i osposobljavanja bio je upoznati poljski obrazovni sustav, kulturu, tradiciju te povijest migracija u Poljskoj. Isto tako, u\u010denici i nastavnici sudjelovali su u sljede\u0107im aktivnostima: izlo\u017eba ptica selica u <span class=\"text_exposed_show\">Poljskoj, predstava <em>Jurate- the Queen of the Baltic Sea<\/em>, poljski tradicionalni plesovi, animirani film o povijesti Poljske, pjesme o pticama selicama u izvedbi u\u010denika iz partnerskih \u0161kola, poljski kulinarski festival, edukacija u prirodnom rezervatu <em>Wydma Orzechowska<\/em>, promatranje ptica te obilazak luke i grada Ustka, posjet tehni\u010dkoj \u0161umarskoj \u0161koli Warcino (Bismarck Palace) u kojoj se nalazi rehabilitacijski centar za ozlije\u0111ene ptice, susret s poljskim doma\u0107inima, terenska nastava u NP Slowinski, posjet povijesnom svjetioniku Czolpino te Czolpino dinama, posjet muzeju Kluki te Lebskom jezeru, radionica u orintolo\u0161koj zbirci, muzeju i zoolo\u0161kom institutu poljske akademije znanosti Wyspa Sobieszewska u Gdanjsku, posjet Gdanjsku.<\/span><\/p>\n<p><img decoding=\"async\" src=\"https:\/\/scontent.fzag4-1.fna.fbcdn.net\/v\/t1.0-9\/61894716_1228970110604942_2680165339093794816_n.jpg?_nc_cat=109&amp;_nc_ht=scontent.fzag4-1.fna&amp;oh=c73c463ca6eb02e9b47859103b42af1f&amp;oe=5D882C45\" alt=\"Fotografija Srednja \u00c5\u00a1kola Metkovi\u00c4\u0087.\" \/><\/p>\n<p><span class=\"text_exposed_show\">Sljede\u0107a mobilnost odr\u017eat \u0107e se na po\u010detku sljede\u0107e \u0161kolske godine, u rujnu 2019. u Bremenu u Njema\u010dkoj.<\/span><\/p>\n<p>Foto: Srednja \u0161kola Metkovi\u0107<\/p>\n<\/div>\n<\/div>\n<div class=\"_3x-2\" data-ft=\"{&quot;tn&quot;:&quot;H&quot;}\">\n<div data-ft=\"{&quot;tn&quot;:&quot;H&quot;}\">\n<div class=\"mtm\">\n<div class=\"_2a2q _65sr\"><\/div>\n<\/div>\n<\/div>\n<\/div>\n","protected":false},"excerpt":{"rendered":"<p>U\u010denici Srednje \u0161kole Metkovi\u0107 Jurica Talaji\u0107, David Begu\u0161i\u0107, Leon Sko\u010dibu\u0161i\u0107 i Matej Ujdur te profesori Petar Nikoli\u0107 i Nina Bjeli\u0161 boravili su u poljskom gradu Ustka koji se nalazi na obali Balti\u010dkog mora. Bilo je to od 20. do 26. svibnja u sklopu Erasmus+ projekta European patterns: Migration of birds nad people u kojem jo\u0161 [&hellip;]<\/p>\n","protected":false},"author":9,"featured_media":82470,"comment_status":"open","ping_status":"open","sticky":false,"template":"","format":"standard","meta":{"footnotes":""},"categories":[296,166],"tags":[1863,5318,546],"class_list":{"0":"post-82469","1":"post","2":"type-post","3":"status-publish","4":"format-standard","5":"has-post-thumbnail","7":"category-ab","8":"category-skolstvo","9":"tag-erasmus-plus","10":"tag-poljska","11":"tag-srednja-skola-metkovic"},"yoast_head":"<!-- This site is optimized with the Yoast SEO plugin v25.2 - https:\/\/yoast.com\/wordpress\/plugins\/seo\/ -->\n<title>ERASMUS PLUS: Metkovski srednjo\u0161kolci boravili na obali Baltika... - likemetkovic.hr<\/title>\n<meta name=\"robots\" content=\"index, follow, max-snippet:-1, max-image-preview:large, max-video-preview:-1\" \/>\n<link rel=\"canonical\" href=\"https:\/\/likemetkovic.hr\/erasmus-plus-metkovski-srednjoskolci-boravili-na-obali-baltika\/\" \/>\n<meta property=\"og:locale\" content=\"hr_HR\" \/>\n<meta property=\"og:type\" content=\"article\" \/>\n<meta property=\"og:title\" content=\"ERASMUS PLUS: Metkovski srednjo\u0161kolci boravili na obali Baltika... - likemetkovic.hr\" \/>\n<meta property=\"og:description\" content=\"U\u010denici Srednje \u0161kole Metkovi\u0107 Jurica Talaji\u0107, David Begu\u0161i\u0107, Leon Sko\u010dibu\u0161i\u0107 i Matej Ujdur te profesori Petar Nikoli\u0107 i Nina Bjeli\u0161 boravili su u poljskom gradu Ustka koji se nalazi na obali Balti\u010dkog mora. Bilo je to od 20. do 26. svibnja u sklopu Erasmus+ projekta European patterns: Migration of birds nad people u kojem jo\u0161 [&hellip;]\" \/>\n<meta property=\"og:url\" content=\"https:\/\/likemetkovic.hr\/erasmus-plus-metkovski-srednjoskolci-boravili-na-obali-baltika\/\" \/>\n<meta property=\"og:site_name\" content=\"likemetkovic.hr\" \/>\n<meta property=\"article:publisher\" content=\"https:\/\/www.facebook.com\/likemetkovic.hr\/\" \/>\n<meta property=\"article:published_time\" content=\"2019-06-04T12:58:46+00:00\" \/>\n<meta property=\"og:image\" content=\"https:\/\/likemetkovic.hr\/wp-content\/uploads\/2019\/06\/srednja-\u0161kola-metkovic-poljska.jpg\" \/>\n\t<meta property=\"og:image:width\" content=\"800\" \/>\n\t<meta property=\"og:image:height\" content=\"600\" \/>\n\t<meta property=\"og:image:type\" content=\"image\/jpeg\" \/>\n<meta name=\"author\" content=\"K. J.\" \/>\n<meta name=\"twitter:card\" content=\"summary_large_image\" \/>\n<meta name=\"twitter:label1\" content=\"Napisao\/la\" \/>\n\t<meta name=\"twitter:data1\" content=\"K. J.\" \/>\n\t<meta name=\"twitter:label2\" content=\"Procijenjeno vrijeme \u010ditanja\" \/>\n\t<meta name=\"twitter:data2\" content=\"1 minuta\" \/>\n<script type=\"application\/ld+json\" class=\"yoast-schema-graph\">{\"@context\":\"https:\/\/schema.org\",\"@graph\":[{\"@type\":\"WebPage\",\"@id\":\"https:\/\/likemetkovic.hr\/erasmus-plus-metkovski-srednjoskolci-boravili-na-obali-baltika\/\",\"url\":\"https:\/\/likemetkovic.hr\/erasmus-plus-metkovski-srednjoskolci-boravili-na-obali-baltika\/\",\"name\":\"ERASMUS PLUS: Metkovski srednjo\u0161kolci boravili na obali Baltika... - likemetkovic.hr\",\"isPartOf\":{\"@id\":\"https:\/\/likemetkovic.hr\/#website\"},\"primaryImageOfPage\":{\"@id\":\"https:\/\/likemetkovic.hr\/erasmus-plus-metkovski-srednjoskolci-boravili-na-obali-baltika\/#primaryimage\"},\"image\":{\"@id\":\"https:\/\/likemetkovic.hr\/erasmus-plus-metkovski-srednjoskolci-boravili-na-obali-baltika\/#primaryimage\"},\"thumbnailUrl\":\"https:\/\/likemetkovic.hr\/portal\/wp-content\/uploads\/2019\/06\/srednja-\u0161kola-metkovic-poljska.jpg\",\"datePublished\":\"2019-06-04T12:58:46+00:00\",\"author\":{\"@id\":\"https:\/\/likemetkovic.hr\/#\/schema\/person\/0a8b4ebfdfe1ff01192dccda40c5da0c\"},\"breadcrumb\":{\"@id\":\"https:\/\/likemetkovic.hr\/erasmus-plus-metkovski-srednjoskolci-boravili-na-obali-baltika\/#breadcrumb\"},\"inLanguage\":\"hr\",\"potentialAction\":[{\"@type\":\"ReadAction\",\"target\":[\"https:\/\/likemetkovic.hr\/erasmus-plus-metkovski-srednjoskolci-boravili-na-obali-baltika\/\"]}]},{\"@type\":\"ImageObject\",\"inLanguage\":\"hr\",\"@id\":\"https:\/\/likemetkovic.hr\/erasmus-plus-metkovski-srednjoskolci-boravili-na-obali-baltika\/#primaryimage\",\"url\":\"https:\/\/likemetkovic.hr\/portal\/wp-content\/uploads\/2019\/06\/srednja-\u0161kola-metkovic-poljska.jpg\",\"contentUrl\":\"https:\/\/likemetkovic.hr\/portal\/wp-content\/uploads\/2019\/06\/srednja-\u0161kola-metkovic-poljska.jpg\",\"width\":800,\"height\":600},{\"@type\":\"BreadcrumbList\",\"@id\":\"https:\/\/likemetkovic.hr\/erasmus-plus-metkovski-srednjoskolci-boravili-na-obali-baltika\/#breadcrumb\",\"itemListElement\":[{\"@type\":\"ListItem\",\"position\":1,\"name\":\"Po\u010detna stranica\",\"item\":\"https:\/\/likemetkovic.hr\/portal\/\"},{\"@type\":\"ListItem\",\"position\":2,\"name\":\"ERASMUS PLUS: Metkovski srednjo\u0161kolci boravili na obali Baltika&#8230;\"}]},{\"@type\":\"WebSite\",\"@id\":\"https:\/\/likemetkovic.hr\/#website\",\"url\":\"https:\/\/likemetkovic.hr\/\",\"name\":\"likemetkovic.hr\",\"description\":\"Misli pozitivno... \u010ditaj LIKE\",\"potentialAction\":[{\"@type\":\"SearchAction\",\"target\":{\"@type\":\"EntryPoint\",\"urlTemplate\":\"https:\/\/likemetkovic.hr\/?s={search_term_string}\"},\"query-input\":{\"@type\":\"PropertyValueSpecification\",\"valueRequired\":true,\"valueName\":\"search_term_string\"}}],\"inLanguage\":\"hr\"},{\"@type\":\"Person\",\"@id\":\"https:\/\/likemetkovic.hr\/#\/schema\/person\/0a8b4ebfdfe1ff01192dccda40c5da0c\",\"name\":\"K. J.\",\"url\":\"https:\/\/likemetkovic.hr\/portal\/author\/likemetkovic\/\"}]}<\/script>\n<!-- \/ Yoast SEO plugin. -->","yoast_head_json":{"title":"ERASMUS PLUS: Metkovski srednjo\u0161kolci boravili na obali Baltika... - likemetkovic.hr","robots":{"index":"index","follow":"follow","max-snippet":"max-snippet:-1","max-image-preview":"max-image-preview:large","max-video-preview":"max-video-preview:-1"},"canonical":"https:\/\/likemetkovic.hr\/erasmus-plus-metkovski-srednjoskolci-boravili-na-obali-baltika\/","og_locale":"hr_HR","og_type":"article","og_title":"ERASMUS PLUS: Metkovski srednjo\u0161kolci boravili na obali Baltika... - likemetkovic.hr","og_description":"U\u010denici Srednje \u0161kole Metkovi\u0107 Jurica Talaji\u0107, David Begu\u0161i\u0107, Leon Sko\u010dibu\u0161i\u0107 i Matej Ujdur te profesori Petar Nikoli\u0107 i Nina Bjeli\u0161 boravili su u poljskom gradu Ustka koji se nalazi na obali Balti\u010dkog mora. Bilo je to od 20. do 26. svibnja u sklopu Erasmus+ projekta European patterns: Migration of birds nad people u kojem jo\u0161 [&hellip;]","og_url":"https:\/\/likemetkovic.hr\/erasmus-plus-metkovski-srednjoskolci-boravili-na-obali-baltika\/","og_site_name":"likemetkovic.hr","article_publisher":"https:\/\/www.facebook.com\/likemetkovic.hr\/","article_published_time":"2019-06-04T12:58:46+00:00","og_image":[{"width":800,"height":600,"url":"https:\/\/likemetkovic.hr\/wp-content\/uploads\/2019\/06\/srednja-\u0161kola-metkovic-poljska.jpg","type":"image\/jpeg"}],"author":"K. J.","twitter_card":"summary_large_image","twitter_misc":{"Napisao\/la":"K. J.","Procijenjeno vrijeme \u010ditanja":"1 minuta"},"schema":{"@context":"https:\/\/schema.org","@graph":[{"@type":"WebPage","@id":"https:\/\/likemetkovic.hr\/erasmus-plus-metkovski-srednjoskolci-boravili-na-obali-baltika\/","url":"https:\/\/likemetkovic.hr\/erasmus-plus-metkovski-srednjoskolci-boravili-na-obali-baltika\/","name":"ERASMUS PLUS: Metkovski srednjo\u0161kolci boravili na obali Baltika... - likemetkovic.hr","isPartOf":{"@id":"https:\/\/likemetkovic.hr\/#website"},"primaryImageOfPage":{"@id":"https:\/\/likemetkovic.hr\/erasmus-plus-metkovski-srednjoskolci-boravili-na-obali-baltika\/#primaryimage"},"image":{"@id":"https:\/\/likemetkovic.hr\/erasmus-plus-metkovski-srednjoskolci-boravili-na-obali-baltika\/#primaryimage"},"thumbnailUrl":"https:\/\/likemetkovic.hr\/portal\/wp-content\/uploads\/2019\/06\/srednja-\u0161kola-metkovic-poljska.jpg","datePublished":"2019-06-04T12:58:46+00:00","author":{"@id":"https:\/\/likemetkovic.hr\/#\/schema\/person\/0a8b4ebfdfe1ff01192dccda40c5da0c"},"breadcrumb":{"@id":"https:\/\/likemetkovic.hr\/erasmus-plus-metkovski-srednjoskolci-boravili-na-obali-baltika\/#breadcrumb"},"inLanguage":"hr","potentialAction":[{"@type":"ReadAction","target":["https:\/\/likemetkovic.hr\/erasmus-plus-metkovski-srednjoskolci-boravili-na-obali-baltika\/"]}]},{"@type":"ImageObject","inLanguage":"hr","@id":"https:\/\/likemetkovic.hr\/erasmus-plus-metkovski-srednjoskolci-boravili-na-obali-baltika\/#primaryimage","url":"https:\/\/likemetkovic.hr\/portal\/wp-content\/uploads\/2019\/06\/srednja-\u0161kola-metkovic-poljska.jpg","contentUrl":"https:\/\/likemetkovic.hr\/portal\/wp-content\/uploads\/2019\/06\/srednja-\u0161kola-metkovic-poljska.jpg","width":800,"height":600},{"@type":"BreadcrumbList","@id":"https:\/\/likemetkovic.hr\/erasmus-plus-metkovski-srednjoskolci-boravili-na-obali-baltika\/#breadcrumb","itemListElement":[{"@type":"ListItem","position":1,"name":"Po\u010detna stranica","item":"https:\/\/likemetkovic.hr\/portal\/"},{"@type":"ListItem","position":2,"name":"ERASMUS PLUS: Metkovski srednjo\u0161kolci boravili na obali Baltika&#8230;"}]},{"@type":"WebSite","@id":"https:\/\/likemetkovic.hr\/#website","url":"https:\/\/likemetkovic.hr\/","name":"likemetkovic.hr","description":"Misli pozitivno... \u010ditaj LIKE","potentialAction":[{"@type":"SearchAction","target":{"@type":"EntryPoint","urlTemplate":"https:\/\/likemetkovic.hr\/?s={search_term_string}"},"query-input":{"@type":"PropertyValueSpecification","valueRequired":true,"valueName":"search_term_string"}}],"inLanguage":"hr"},{"@type":"Person","@id":"https:\/\/likemetkovic.hr\/#\/schema\/person\/0a8b4ebfdfe1ff01192dccda40c5da0c","name":"K. J.","url":"https:\/\/likemetkovic.hr\/portal\/author\/likemetkovic\/"}]}},"_links":{"self":[{"href":"https:\/\/likemetkovic.hr\/portal\/wp-json\/wp\/v2\/posts\/82469","targetHints":{"allow":["GET"]}}],"collection":[{"href":"https:\/\/likemetkovic.hr\/portal\/wp-json\/wp\/v2\/posts"}],"about":[{"href":"https:\/\/likemetkovic.hr\/portal\/wp-json\/wp\/v2\/types\/post"}],"author":[{"embeddable":true,"href":"https:\/\/likemetkovic.hr\/portal\/wp-json\/wp\/v2\/users\/9"}],"replies":[{"embeddable":true,"href":"https:\/\/likemetkovic.hr\/portal\/wp-json\/wp\/v2\/comments?post=82469"}],"version-history":[{"count":0,"href":"https:\/\/likemetkovic.hr\/portal\/wp-json\/wp\/v2\/posts\/82469\/revisions"}],"wp:featuredmedia":[{"embeddable":true,"href":"https:\/\/likemetkovic.hr\/portal\/wp-json\/wp\/v2\/media\/82470"}],"wp:attachment":[{"href":"https:\/\/likemetkovic.hr\/portal\/wp-json\/wp\/v2\/media?parent=82469"}],"wp:term":[{"taxonomy":"category","embeddable":true,"href":"https:\/\/likemetkovic.hr\/portal\/wp-json\/wp\/v2\/categories?post=82469"},{"taxonomy":"post_tag","embeddable":true,"href":"https:\/\/likemetkovic.hr\/portal\/wp-json\/wp\/v2\/tags?post=82469"}],"curies":[{"name":"wp","href":"https:\/\/api.w.org\/{rel}","templated":true}]}}