{"id":83839,"date":"2019-06-26T14:16:39","date_gmt":"2019-06-26T12:16:39","guid":{"rendered":"https:\/\/likemetkovic.hr\/?p=83839"},"modified":"2019-06-26T23:29:06","modified_gmt":"2019-06-26T21:29:06","slug":"pasja-vrucina-u-neretvanskoj-dolini-u-14-sati-metkovic-i-ploce-iznad-36-c","status":"publish","type":"post","link":"https:\/\/likemetkovic.hr\/portal\/pasja-vrucina-u-neretvanskoj-dolini-u-14-sati-metkovic-i-ploce-iznad-36-c\/","title":{"rendered":"&#8216;Pasja vru\u0107ina&#8217; u neretvanskoj dolini: u 14 sati Metkovi\u0107 i Plo\u010de iznad 36 \u00b0C"},"content":{"rendered":"<p>Prvi dan toplinskog vala je stigao u dolinu Neretve. Na cijelom tom prostoru su\u00a0 temperature zraka od 9 sati iznad 30 \u00b0C, a u 14 sati su dosegle vrijednosti u Plo\u010dama 36.2 \u00b0C, a u Metkovi\u0107u 36.1 \u00b0C.<\/p>\n<p>Kako se vrhunac vru\u0107ine o\u010dekuje oko 15 sati, mo\u017eemo danas o\u010dekivati jo\u0161 stupanj-dva vi\u0161e vrijednosti.<\/p>\n<p>U razgovoru s motriteljem na metereolo\u0161koj stanici u Metkovi\u0107u Draganom Toli\u0107em doznajemo da osje\u0107aj vru\u0107ine u neretvanskoj dolini poja\u010dava slaba bura koja donosi zrak zagrijan iznad kr\u0161kom prostoru.<\/p>\n","protected":false},"excerpt":{"rendered":"<p>Prvi dan toplinskog vala je stigao u dolinu Neretve. Na cijelom tom prostoru su\u00a0 temperature zraka od 9 sati iznad 30 \u00b0C, a u 14 sati su dosegle vrijednosti u Plo\u010dama 36.2 \u00b0C, a u Metkovi\u0107u 36.1 \u00b0C. Kako se vrhunac vru\u0107ine o\u010dekuje oko 15 sati, mo\u017eemo danas o\u010dekivati jo\u0161 stupanj-dva vi\u0161e vrijednosti. U razgovoru [&hellip;]<\/p>\n","protected":false},"author":9,"featured_media":0,"comment_status":"open","ping_status":"open","sticky":false,"template":"","format":"standard","meta":{"footnotes":""},"categories":[296,11],"tags":[380,576,3576,874],"class_list":{"0":"post-83839","1":"post","2":"type-post","3":"status-publish","4":"format-standard","6":"category-ab","7":"category-metkovic-dolina","8":"tag-metkovic","9":"tag-ploce","10":"tag-toplinski-val","11":"tag-vrucina"},"yoast_head":"<!-- This site is optimized with the Yoast SEO plugin v25.2 - https:\/\/yoast.com\/wordpress\/plugins\/seo\/ -->\n<title>&#039;Pasja vru\u0107ina&#039; u neretvanskoj dolini: u 14 sati Metkovi\u0107 i Plo\u010de iznad 36 \u00b0C - likemetkovic.hr<\/title>\n<meta name=\"robots\" content=\"index, follow, max-snippet:-1, max-image-preview:large, max-video-preview:-1\" \/>\n<link rel=\"canonical\" href=\"https:\/\/likemetkovic.hr\/pasja-vrucina-u-neretvanskoj-dolini-u-14-sati-metkovic-i-ploce-iznad-36-c\/\" \/>\n<meta property=\"og:locale\" content=\"hr_HR\" \/>\n<meta property=\"og:type\" content=\"article\" \/>\n<meta property=\"og:title\" content=\"&#039;Pasja vru\u0107ina&#039; u neretvanskoj dolini: u 14 sati Metkovi\u0107 i Plo\u010de iznad 36 \u00b0C - likemetkovic.hr\" \/>\n<meta property=\"og:description\" content=\"Prvi dan toplinskog vala je stigao u dolinu Neretve. Na cijelom tom prostoru su\u00a0 temperature zraka od 9 sati iznad 30 \u00b0C, a u 14 sati su dosegle vrijednosti u Plo\u010dama 36.2 \u00b0C, a u Metkovi\u0107u 36.1 \u00b0C. Kako se vrhunac vru\u0107ine o\u010dekuje oko 15 sati, mo\u017eemo danas o\u010dekivati jo\u0161 stupanj-dva vi\u0161e vrijednosti. U razgovoru [&hellip;]\" \/>\n<meta property=\"og:url\" content=\"https:\/\/likemetkovic.hr\/pasja-vrucina-u-neretvanskoj-dolini-u-14-sati-metkovic-i-ploce-iznad-36-c\/\" \/>\n<meta property=\"og:site_name\" content=\"likemetkovic.hr\" \/>\n<meta property=\"article:publisher\" content=\"https:\/\/www.facebook.com\/likemetkovic.hr\/\" \/>\n<meta property=\"article:published_time\" content=\"2019-06-26T12:16:39+00:00\" \/>\n<meta property=\"article:modified_time\" content=\"2019-06-26T21:29:06+00:00\" \/>\n<meta property=\"og:image\" content=\"https:\/\/likemetkovic.hr\/wp-content\/uploads\/2019\/06\/pasja-vrucina_edited.jpg\" \/>\n\t<meta property=\"og:image:width\" content=\"799\" \/>\n\t<meta property=\"og:image:height\" content=\"491\" \/>\n\t<meta property=\"og:image:type\" content=\"image\/jpeg\" \/>\n<meta name=\"author\" content=\"K. J.\" \/>\n<meta name=\"twitter:card\" content=\"summary_large_image\" \/>\n<meta name=\"twitter:label1\" content=\"Napisao\/la\" \/>\n\t<meta name=\"twitter:data1\" content=\"K. J.\" \/>\n<script type=\"application\/ld+json\" class=\"yoast-schema-graph\">{\"@context\":\"https:\/\/schema.org\",\"@graph\":[{\"@type\":\"WebPage\",\"@id\":\"https:\/\/likemetkovic.hr\/pasja-vrucina-u-neretvanskoj-dolini-u-14-sati-metkovic-i-ploce-iznad-36-c\/\",\"url\":\"https:\/\/likemetkovic.hr\/pasja-vrucina-u-neretvanskoj-dolini-u-14-sati-metkovic-i-ploce-iznad-36-c\/\",\"name\":\"'Pasja vru\u0107ina' u neretvanskoj dolini: u 14 sati Metkovi\u0107 i Plo\u010de iznad 36 \u00b0C - likemetkovic.hr\",\"isPartOf\":{\"@id\":\"https:\/\/likemetkovic.hr\/#website\"},\"datePublished\":\"2019-06-26T12:16:39+00:00\",\"dateModified\":\"2019-06-26T21:29:06+00:00\",\"author\":{\"@id\":\"https:\/\/likemetkovic.hr\/#\/schema\/person\/0a8b4ebfdfe1ff01192dccda40c5da0c\"},\"breadcrumb\":{\"@id\":\"https:\/\/likemetkovic.hr\/pasja-vrucina-u-neretvanskoj-dolini-u-14-sati-metkovic-i-ploce-iznad-36-c\/#breadcrumb\"},\"inLanguage\":\"hr\",\"potentialAction\":[{\"@type\":\"ReadAction\",\"target\":[\"https:\/\/likemetkovic.hr\/pasja-vrucina-u-neretvanskoj-dolini-u-14-sati-metkovic-i-ploce-iznad-36-c\/\"]}]},{\"@type\":\"BreadcrumbList\",\"@id\":\"https:\/\/likemetkovic.hr\/pasja-vrucina-u-neretvanskoj-dolini-u-14-sati-metkovic-i-ploce-iznad-36-c\/#breadcrumb\",\"itemListElement\":[{\"@type\":\"ListItem\",\"position\":1,\"name\":\"Po\u010detna stranica\",\"item\":\"https:\/\/likemetkovic.hr\/portal\/\"},{\"@type\":\"ListItem\",\"position\":2,\"name\":\"&#8216;Pasja vru\u0107ina&#8217; u neretvanskoj dolini: u 14 sati Metkovi\u0107 i Plo\u010de iznad 36 \u00b0C\"}]},{\"@type\":\"WebSite\",\"@id\":\"https:\/\/likemetkovic.hr\/#website\",\"url\":\"https:\/\/likemetkovic.hr\/\",\"name\":\"likemetkovic.hr\",\"description\":\"Misli pozitivno... \u010ditaj LIKE\",\"potentialAction\":[{\"@type\":\"SearchAction\",\"target\":{\"@type\":\"EntryPoint\",\"urlTemplate\":\"https:\/\/likemetkovic.hr\/?s={search_term_string}\"},\"query-input\":{\"@type\":\"PropertyValueSpecification\",\"valueRequired\":true,\"valueName\":\"search_term_string\"}}],\"inLanguage\":\"hr\"},{\"@type\":\"Person\",\"@id\":\"https:\/\/likemetkovic.hr\/#\/schema\/person\/0a8b4ebfdfe1ff01192dccda40c5da0c\",\"name\":\"K. J.\",\"url\":\"https:\/\/likemetkovic.hr\/portal\/author\/likemetkovic\/\"}]}<\/script>\n<!-- \/ Yoast SEO plugin. -->","yoast_head_json":{"title":"'Pasja vru\u0107ina' u neretvanskoj dolini: u 14 sati Metkovi\u0107 i Plo\u010de iznad 36 \u00b0C - likemetkovic.hr","robots":{"index":"index","follow":"follow","max-snippet":"max-snippet:-1","max-image-preview":"max-image-preview:large","max-video-preview":"max-video-preview:-1"},"canonical":"https:\/\/likemetkovic.hr\/pasja-vrucina-u-neretvanskoj-dolini-u-14-sati-metkovic-i-ploce-iznad-36-c\/","og_locale":"hr_HR","og_type":"article","og_title":"'Pasja vru\u0107ina' u neretvanskoj dolini: u 14 sati Metkovi\u0107 i Plo\u010de iznad 36 \u00b0C - likemetkovic.hr","og_description":"Prvi dan toplinskog vala je stigao u dolinu Neretve. Na cijelom tom prostoru su\u00a0 temperature zraka od 9 sati iznad 30 \u00b0C, a u 14 sati su dosegle vrijednosti u Plo\u010dama 36.2 \u00b0C, a u Metkovi\u0107u 36.1 \u00b0C. Kako se vrhunac vru\u0107ine o\u010dekuje oko 15 sati, mo\u017eemo danas o\u010dekivati jo\u0161 stupanj-dva vi\u0161e vrijednosti. U razgovoru [&hellip;]","og_url":"https:\/\/likemetkovic.hr\/pasja-vrucina-u-neretvanskoj-dolini-u-14-sati-metkovic-i-ploce-iznad-36-c\/","og_site_name":"likemetkovic.hr","article_publisher":"https:\/\/www.facebook.com\/likemetkovic.hr\/","article_published_time":"2019-06-26T12:16:39+00:00","article_modified_time":"2019-06-26T21:29:06+00:00","og_image":[{"width":799,"height":491,"url":"https:\/\/likemetkovic.hr\/wp-content\/uploads\/2019\/06\/pasja-vrucina_edited.jpg","type":"image\/jpeg"}],"author":"K. J.","twitter_card":"summary_large_image","twitter_misc":{"Napisao\/la":"K. J."},"schema":{"@context":"https:\/\/schema.org","@graph":[{"@type":"WebPage","@id":"https:\/\/likemetkovic.hr\/pasja-vrucina-u-neretvanskoj-dolini-u-14-sati-metkovic-i-ploce-iznad-36-c\/","url":"https:\/\/likemetkovic.hr\/pasja-vrucina-u-neretvanskoj-dolini-u-14-sati-metkovic-i-ploce-iznad-36-c\/","name":"'Pasja vru\u0107ina' u neretvanskoj dolini: u 14 sati Metkovi\u0107 i Plo\u010de iznad 36 \u00b0C - likemetkovic.hr","isPartOf":{"@id":"https:\/\/likemetkovic.hr\/#website"},"datePublished":"2019-06-26T12:16:39+00:00","dateModified":"2019-06-26T21:29:06+00:00","author":{"@id":"https:\/\/likemetkovic.hr\/#\/schema\/person\/0a8b4ebfdfe1ff01192dccda40c5da0c"},"breadcrumb":{"@id":"https:\/\/likemetkovic.hr\/pasja-vrucina-u-neretvanskoj-dolini-u-14-sati-metkovic-i-ploce-iznad-36-c\/#breadcrumb"},"inLanguage":"hr","potentialAction":[{"@type":"ReadAction","target":["https:\/\/likemetkovic.hr\/pasja-vrucina-u-neretvanskoj-dolini-u-14-sati-metkovic-i-ploce-iznad-36-c\/"]}]},{"@type":"BreadcrumbList","@id":"https:\/\/likemetkovic.hr\/pasja-vrucina-u-neretvanskoj-dolini-u-14-sati-metkovic-i-ploce-iznad-36-c\/#breadcrumb","itemListElement":[{"@type":"ListItem","position":1,"name":"Po\u010detna stranica","item":"https:\/\/likemetkovic.hr\/portal\/"},{"@type":"ListItem","position":2,"name":"&#8216;Pasja vru\u0107ina&#8217; u neretvanskoj dolini: u 14 sati Metkovi\u0107 i Plo\u010de iznad 36 \u00b0C"}]},{"@type":"WebSite","@id":"https:\/\/likemetkovic.hr\/#website","url":"https:\/\/likemetkovic.hr\/","name":"likemetkovic.hr","description":"Misli pozitivno... \u010ditaj LIKE","potentialAction":[{"@type":"SearchAction","target":{"@type":"EntryPoint","urlTemplate":"https:\/\/likemetkovic.hr\/?s={search_term_string}"},"query-input":{"@type":"PropertyValueSpecification","valueRequired":true,"valueName":"search_term_string"}}],"inLanguage":"hr"},{"@type":"Person","@id":"https:\/\/likemetkovic.hr\/#\/schema\/person\/0a8b4ebfdfe1ff01192dccda40c5da0c","name":"K. J.","url":"https:\/\/likemetkovic.hr\/portal\/author\/likemetkovic\/"}]}},"_links":{"self":[{"href":"https:\/\/likemetkovic.hr\/portal\/wp-json\/wp\/v2\/posts\/83839","targetHints":{"allow":["GET"]}}],"collection":[{"href":"https:\/\/likemetkovic.hr\/portal\/wp-json\/wp\/v2\/posts"}],"about":[{"href":"https:\/\/likemetkovic.hr\/portal\/wp-json\/wp\/v2\/types\/post"}],"author":[{"embeddable":true,"href":"https:\/\/likemetkovic.hr\/portal\/wp-json\/wp\/v2\/users\/9"}],"replies":[{"embeddable":true,"href":"https:\/\/likemetkovic.hr\/portal\/wp-json\/wp\/v2\/comments?post=83839"}],"version-history":[{"count":0,"href":"https:\/\/likemetkovic.hr\/portal\/wp-json\/wp\/v2\/posts\/83839\/revisions"}],"wp:attachment":[{"href":"https:\/\/likemetkovic.hr\/portal\/wp-json\/wp\/v2\/media?parent=83839"}],"wp:term":[{"taxonomy":"category","embeddable":true,"href":"https:\/\/likemetkovic.hr\/portal\/wp-json\/wp\/v2\/categories?post=83839"},{"taxonomy":"post_tag","embeddable":true,"href":"https:\/\/likemetkovic.hr\/portal\/wp-json\/wp\/v2\/tags?post=83839"}],"curies":[{"name":"wp","href":"https:\/\/api.w.org\/{rel}","templated":true}]}}