{"id":84896,"date":"2019-07-11T20:11:51","date_gmt":"2019-07-11T18:11:51","guid":{"rendered":"https:\/\/likemetkovic.hr\/?p=84896"},"modified":"2019-07-11T20:11:51","modified_gmt":"2019-07-11T18:11:51","slug":"sto-ce-biti-s-lukom-ploce-nakon-zatvaranja-aluminija-koji-uvelike-utjece-poslovanje-luke","status":"publish","type":"post","link":"https:\/\/likemetkovic.hr\/portal\/sto-ce-biti-s-lukom-ploce-nakon-zatvaranja-aluminija-koji-uvelike-utjece-poslovanje-luke\/","title":{"rendered":"\u0160to \u0107e biti s Lukom Plo\u010de nakon zatvaranja Aluminija koji uvelike utje\u010de njezino poslovanje?"},"content":{"rendered":"<p>Uru\u0161avanje industrijskog diva\u00a0<strong>Aluminij Mostar<\/strong>, odrazilo se i na poslovanje\u00a0<strong>Luke Plo\u010de<\/strong>. Gubitak je to jednog od zna\u010dajnih partnera, od kojeg je samo u pro\u0161loj godini Luka zaradila polovinu ukupnih prihoda. Gra\u0111ani su ogor\u010deni, a vlast rezervirana.<\/p>\n<p>Vizura grada Plo\u010de odmah daje naslutiti da je ovo lu\u010dki grad. Generacije Plo\u010dana tu su provele svoj radni vijek, pa ne \u010dudi to \u0161to su \u0161okirani zbog ga\u0161enja Aluminij Mostara.<\/p>\n<p><em>&#8211; Katastrofa! Evo ja radim u H\u017d Cargu, mi smo bili vezani za Aluminijski kombinat, prevozili smo tu ginicu u Mostar. Ovo je politi\u010dko pitanje, ni\u0161ta drugo<\/em>, govori Vojislav Kulid\u017ean iz Plo\u010da.<\/p>\n<p>Sli\u010dnog je\u00a0mi\u0161ljenja i njegov sugra\u0111anin Vlado.<\/p>\n<p>&#8211;<em> Katastrofa za privredu Plo\u010de, katastrofa za cijelu Luku Plo\u010de<\/em>, ka\u017ee.<\/p>\n<h4>Iz Luke poru\u010duju \u2013 razloga za brigu nema<\/h4>\n<p>&#8211; <em>Uprava Luke Plo\u010de je po\u010detkom ove godine pokrenula niz aktivnosti kako bi pokrenula poslovanje i podigla promet u Luci Plo\u010de. Dokaz tome je da je u prvih 6 mjeseci promet narastao za 15%,<\/em> govori za <strong>RTL Danas<\/strong>\u00a0predsjednik uprave Luke Plo\u010de d.d.\u00a0<strong>Hrvoje Livaja<\/strong>.<\/p>\n<p>Pro\u0161le je godine \u010dak 50 posto ukupnih prihoda Luke Plo\u010de ovisilo o suradnji s Alumnij Mostarom.<\/p>\n<p>&#8211; <em>Sve ono \u0161to \u0107e biti vezano uz raspetljavanje slu\u010daja mostarskog Aluminija, dogodit \u0107e se u nekoliko sljede\u0107ih dana. U ovom trenutku, koje kakve insinuacije, mislim da je preuranjeno govoriti o tome<\/em>, pri\u010da <strong>Darko Horvat<\/strong>, ministar gospodarstva, poduzetni\u0161tva i obrta<\/p>\n<p>&#8211; <em>Vidjet \u0107emo, vidjet \u0107emo, ne znam. Bit \u0107e sve dobro s Lukom Plo\u010de, ne\u0107emo odmah sve tragi\u010dno<\/em>, govori nam Oleg Butkovi\u0107, ministar mora, prometa i infrastrukture.<\/p>\n<h4>Oporba pak ovu situaciju ne smatra tako bezazlenom<\/h4>\n<p>Hrvatska vlada ima dionice u Aluminiju. Nitko ne reagira. 900 radnika, 900 obitelji je ugro\u017eeno. Apsolutno je neprihvatljivo da nema rije\u010di hrvatske Vlade, \u010dak ni od zastupnika koji su izabrani u toj lokalnoj jedinici.<\/p>\n<p>&#8211; <em>Stanje u Aluminij Mostaru je posljedica bahatosti HDZ-a BIH i neuva\u017eavanja onoga \u0161to treba uva\u017eiti od struke. Naravno, tu je uloga i HDZ-a RH i to je dugo bio bankomat te iste stranke<\/em>, smatra <strong>Nikola Grmoja<\/strong>.<\/p>\n<p>Aluminij Mostar \u0107e vjerojatno u ste\u010daj, pa je i strah radnika Luke Plo\u010de ho\u0107e li dobiti svoju sljede\u0107u pla\u0107u \u2013 opravdan.<\/p>\n<p><em>&#8211; Pla\u0107e ne\u0107e sigurno do\u0107i u pitanje i Luka Plo\u010de \u0107e ispuniti sve svoje budu\u0107e obveze prema zaposlenicima<\/em>, ka\u017ee Livaja.<\/p>\n<p>Najvi\u0161e problema bi moglo biti s lu\u010dkim koncesijama, kao i s dovozom glinice iz Mostara.<\/p>\n<p>&#8211;<em> Ovaj \u0107e doga\u0111aj imati velikog utjecaja na njihovo poslovanje. U tom kontekstu se nadamo da \u0107e se prona\u0107i neka alternativna rje\u0161enja kako bi nadomjestili gubitak koji je uslijedio propa\u0161\u0107u Aluminij Mostara<\/em>, rekao je<strong> Tomislav Batur<\/strong>, ravnatelj Lu\u010dke uprave Plo\u010de<\/p>\n<p>A i predsjednica <strong>Kolinda Grabar Kitarovi\u0107<\/strong> u priop\u0107enju isti\u010de zabrinutost za sudbinu radnika Aluminij Mostara. Od Vlade je zatra\u017eila hitno o\u010ditovanje \u2013 je li sve napravljeno u cilju za\u0161tite nacionalnih i radni\u010dkih interesa.<\/p>\n<p>Pi\u0161e: Lada Marinovi\u0107\/vijesti.rtl.hr<br \/>\nFoto: Luka Plo\u010de<\/p>\n","protected":false},"excerpt":{"rendered":"<p>Uru\u0161avanje industrijskog diva\u00a0Aluminij Mostar, odrazilo se i na poslovanje\u00a0Luke Plo\u010de. Gubitak je to jednog od zna\u010dajnih partnera, od kojeg je samo u pro\u0161loj godini Luka zaradila polovinu ukupnih prihoda. Gra\u0111ani su ogor\u010deni, a vlast rezervirana. Vizura grada Plo\u010de odmah daje naslutiti da je ovo lu\u010dki grad. Generacije Plo\u010dana tu su provele svoj radni vijek, pa [&hellip;]<\/p>\n","protected":false},"author":9,"featured_media":84897,"comment_status":"open","ping_status":"open","sticky":false,"template":"","format":"standard","meta":{"footnotes":""},"categories":[296,290],"tags":[5582,1312],"class_list":{"0":"post-84896","1":"post","2":"type-post","3":"status-publish","4":"format-standard","5":"has-post-thumbnail","7":"category-ab","8":"category-politika","9":"tag-aluminij-mostar","10":"tag-luka-ploce"},"yoast_head":"<!-- This site is optimized with the Yoast SEO plugin v25.2 - https:\/\/yoast.com\/wordpress\/plugins\/seo\/ -->\n<title>\u0160to \u0107e biti s Lukom Plo\u010de nakon zatvaranja Aluminija koji uvelike utje\u010de njezino poslovanje? - likemetkovic.hr<\/title>\n<meta name=\"robots\" content=\"index, follow, max-snippet:-1, max-image-preview:large, max-video-preview:-1\" \/>\n<link rel=\"canonical\" href=\"https:\/\/likemetkovic.hr\/sto-ce-biti-s-lukom-ploce-nakon-zatvaranja-aluminija-koji-uvelike-utjece-poslovanje-luke\/\" \/>\n<meta property=\"og:locale\" content=\"hr_HR\" \/>\n<meta property=\"og:type\" content=\"article\" \/>\n<meta property=\"og:title\" content=\"\u0160to \u0107e biti s Lukom Plo\u010de nakon zatvaranja Aluminija koji uvelike utje\u010de njezino poslovanje? - likemetkovic.hr\" \/>\n<meta property=\"og:description\" content=\"Uru\u0161avanje industrijskog diva\u00a0Aluminij Mostar, odrazilo se i na poslovanje\u00a0Luke Plo\u010de. Gubitak je to jednog od zna\u010dajnih partnera, od kojeg je samo u pro\u0161loj godini Luka zaradila polovinu ukupnih prihoda. Gra\u0111ani su ogor\u010deni, a vlast rezervirana. Vizura grada Plo\u010de odmah daje naslutiti da je ovo lu\u010dki grad. Generacije Plo\u010dana tu su provele svoj radni vijek, pa [&hellip;]\" \/>\n<meta property=\"og:url\" content=\"https:\/\/likemetkovic.hr\/sto-ce-biti-s-lukom-ploce-nakon-zatvaranja-aluminija-koji-uvelike-utjece-poslovanje-luke\/\" \/>\n<meta property=\"og:site_name\" content=\"likemetkovic.hr\" \/>\n<meta property=\"article:publisher\" content=\"https:\/\/www.facebook.com\/likemetkovic.hr\/\" \/>\n<meta property=\"article:published_time\" content=\"2019-07-11T18:11:51+00:00\" \/>\n<meta property=\"og:image\" content=\"https:\/\/likemetkovic.hr\/wp-content\/uploads\/2019\/07\/luka-plo\u010de.jpg\" \/>\n\t<meta property=\"og:image:width\" content=\"800\" \/>\n\t<meta property=\"og:image:height\" content=\"384\" \/>\n\t<meta property=\"og:image:type\" content=\"image\/jpeg\" \/>\n<meta name=\"author\" content=\"K. J.\" \/>\n<meta name=\"twitter:card\" content=\"summary_large_image\" \/>\n<meta name=\"twitter:label1\" content=\"Napisao\/la\" \/>\n\t<meta name=\"twitter:data1\" content=\"K. J.\" \/>\n\t<meta name=\"twitter:label2\" content=\"Procijenjeno vrijeme \u010ditanja\" \/>\n\t<meta name=\"twitter:data2\" content=\"3 minute\" \/>\n<script type=\"application\/ld+json\" class=\"yoast-schema-graph\">{\"@context\":\"https:\/\/schema.org\",\"@graph\":[{\"@type\":\"WebPage\",\"@id\":\"https:\/\/likemetkovic.hr\/sto-ce-biti-s-lukom-ploce-nakon-zatvaranja-aluminija-koji-uvelike-utjece-poslovanje-luke\/\",\"url\":\"https:\/\/likemetkovic.hr\/sto-ce-biti-s-lukom-ploce-nakon-zatvaranja-aluminija-koji-uvelike-utjece-poslovanje-luke\/\",\"name\":\"\u0160to \u0107e biti s Lukom Plo\u010de nakon zatvaranja Aluminija koji uvelike utje\u010de njezino poslovanje? - likemetkovic.hr\",\"isPartOf\":{\"@id\":\"https:\/\/likemetkovic.hr\/#website\"},\"primaryImageOfPage\":{\"@id\":\"https:\/\/likemetkovic.hr\/sto-ce-biti-s-lukom-ploce-nakon-zatvaranja-aluminija-koji-uvelike-utjece-poslovanje-luke\/#primaryimage\"},\"image\":{\"@id\":\"https:\/\/likemetkovic.hr\/sto-ce-biti-s-lukom-ploce-nakon-zatvaranja-aluminija-koji-uvelike-utjece-poslovanje-luke\/#primaryimage\"},\"thumbnailUrl\":\"https:\/\/likemetkovic.hr\/portal\/wp-content\/uploads\/2019\/07\/luka-plo\u010de.jpg\",\"datePublished\":\"2019-07-11T18:11:51+00:00\",\"author\":{\"@id\":\"https:\/\/likemetkovic.hr\/#\/schema\/person\/0a8b4ebfdfe1ff01192dccda40c5da0c\"},\"breadcrumb\":{\"@id\":\"https:\/\/likemetkovic.hr\/sto-ce-biti-s-lukom-ploce-nakon-zatvaranja-aluminija-koji-uvelike-utjece-poslovanje-luke\/#breadcrumb\"},\"inLanguage\":\"hr\",\"potentialAction\":[{\"@type\":\"ReadAction\",\"target\":[\"https:\/\/likemetkovic.hr\/sto-ce-biti-s-lukom-ploce-nakon-zatvaranja-aluminija-koji-uvelike-utjece-poslovanje-luke\/\"]}]},{\"@type\":\"ImageObject\",\"inLanguage\":\"hr\",\"@id\":\"https:\/\/likemetkovic.hr\/sto-ce-biti-s-lukom-ploce-nakon-zatvaranja-aluminija-koji-uvelike-utjece-poslovanje-luke\/#primaryimage\",\"url\":\"https:\/\/likemetkovic.hr\/portal\/wp-content\/uploads\/2019\/07\/luka-plo\u010de.jpg\",\"contentUrl\":\"https:\/\/likemetkovic.hr\/portal\/wp-content\/uploads\/2019\/07\/luka-plo\u010de.jpg\",\"width\":800,\"height\":384},{\"@type\":\"BreadcrumbList\",\"@id\":\"https:\/\/likemetkovic.hr\/sto-ce-biti-s-lukom-ploce-nakon-zatvaranja-aluminija-koji-uvelike-utjece-poslovanje-luke\/#breadcrumb\",\"itemListElement\":[{\"@type\":\"ListItem\",\"position\":1,\"name\":\"Po\u010detna stranica\",\"item\":\"https:\/\/likemetkovic.hr\/portal\/\"},{\"@type\":\"ListItem\",\"position\":2,\"name\":\"\u0160to \u0107e biti s Lukom Plo\u010de nakon zatvaranja Aluminija koji uvelike utje\u010de njezino poslovanje?\"}]},{\"@type\":\"WebSite\",\"@id\":\"https:\/\/likemetkovic.hr\/#website\",\"url\":\"https:\/\/likemetkovic.hr\/\",\"name\":\"likemetkovic.hr\",\"description\":\"Misli pozitivno... \u010ditaj LIKE\",\"potentialAction\":[{\"@type\":\"SearchAction\",\"target\":{\"@type\":\"EntryPoint\",\"urlTemplate\":\"https:\/\/likemetkovic.hr\/?s={search_term_string}\"},\"query-input\":{\"@type\":\"PropertyValueSpecification\",\"valueRequired\":true,\"valueName\":\"search_term_string\"}}],\"inLanguage\":\"hr\"},{\"@type\":\"Person\",\"@id\":\"https:\/\/likemetkovic.hr\/#\/schema\/person\/0a8b4ebfdfe1ff01192dccda40c5da0c\",\"name\":\"K. J.\",\"url\":\"https:\/\/likemetkovic.hr\/portal\/author\/likemetkovic\/\"}]}<\/script>\n<!-- \/ Yoast SEO plugin. -->","yoast_head_json":{"title":"\u0160to \u0107e biti s Lukom Plo\u010de nakon zatvaranja Aluminija koji uvelike utje\u010de njezino poslovanje? - likemetkovic.hr","robots":{"index":"index","follow":"follow","max-snippet":"max-snippet:-1","max-image-preview":"max-image-preview:large","max-video-preview":"max-video-preview:-1"},"canonical":"https:\/\/likemetkovic.hr\/sto-ce-biti-s-lukom-ploce-nakon-zatvaranja-aluminija-koji-uvelike-utjece-poslovanje-luke\/","og_locale":"hr_HR","og_type":"article","og_title":"\u0160to \u0107e biti s Lukom Plo\u010de nakon zatvaranja Aluminija koji uvelike utje\u010de njezino poslovanje? - likemetkovic.hr","og_description":"Uru\u0161avanje industrijskog diva\u00a0Aluminij Mostar, odrazilo se i na poslovanje\u00a0Luke Plo\u010de. Gubitak je to jednog od zna\u010dajnih partnera, od kojeg je samo u pro\u0161loj godini Luka zaradila polovinu ukupnih prihoda. Gra\u0111ani su ogor\u010deni, a vlast rezervirana. Vizura grada Plo\u010de odmah daje naslutiti da je ovo lu\u010dki grad. Generacije Plo\u010dana tu su provele svoj radni vijek, pa [&hellip;]","og_url":"https:\/\/likemetkovic.hr\/sto-ce-biti-s-lukom-ploce-nakon-zatvaranja-aluminija-koji-uvelike-utjece-poslovanje-luke\/","og_site_name":"likemetkovic.hr","article_publisher":"https:\/\/www.facebook.com\/likemetkovic.hr\/","article_published_time":"2019-07-11T18:11:51+00:00","og_image":[{"width":800,"height":384,"url":"https:\/\/likemetkovic.hr\/wp-content\/uploads\/2019\/07\/luka-plo\u010de.jpg","type":"image\/jpeg"}],"author":"K. J.","twitter_card":"summary_large_image","twitter_misc":{"Napisao\/la":"K. J.","Procijenjeno vrijeme \u010ditanja":"3 minute"},"schema":{"@context":"https:\/\/schema.org","@graph":[{"@type":"WebPage","@id":"https:\/\/likemetkovic.hr\/sto-ce-biti-s-lukom-ploce-nakon-zatvaranja-aluminija-koji-uvelike-utjece-poslovanje-luke\/","url":"https:\/\/likemetkovic.hr\/sto-ce-biti-s-lukom-ploce-nakon-zatvaranja-aluminija-koji-uvelike-utjece-poslovanje-luke\/","name":"\u0160to \u0107e biti s Lukom Plo\u010de nakon zatvaranja Aluminija koji uvelike utje\u010de njezino poslovanje? - likemetkovic.hr","isPartOf":{"@id":"https:\/\/likemetkovic.hr\/#website"},"primaryImageOfPage":{"@id":"https:\/\/likemetkovic.hr\/sto-ce-biti-s-lukom-ploce-nakon-zatvaranja-aluminija-koji-uvelike-utjece-poslovanje-luke\/#primaryimage"},"image":{"@id":"https:\/\/likemetkovic.hr\/sto-ce-biti-s-lukom-ploce-nakon-zatvaranja-aluminija-koji-uvelike-utjece-poslovanje-luke\/#primaryimage"},"thumbnailUrl":"https:\/\/likemetkovic.hr\/portal\/wp-content\/uploads\/2019\/07\/luka-plo\u010de.jpg","datePublished":"2019-07-11T18:11:51+00:00","author":{"@id":"https:\/\/likemetkovic.hr\/#\/schema\/person\/0a8b4ebfdfe1ff01192dccda40c5da0c"},"breadcrumb":{"@id":"https:\/\/likemetkovic.hr\/sto-ce-biti-s-lukom-ploce-nakon-zatvaranja-aluminija-koji-uvelike-utjece-poslovanje-luke\/#breadcrumb"},"inLanguage":"hr","potentialAction":[{"@type":"ReadAction","target":["https:\/\/likemetkovic.hr\/sto-ce-biti-s-lukom-ploce-nakon-zatvaranja-aluminija-koji-uvelike-utjece-poslovanje-luke\/"]}]},{"@type":"ImageObject","inLanguage":"hr","@id":"https:\/\/likemetkovic.hr\/sto-ce-biti-s-lukom-ploce-nakon-zatvaranja-aluminija-koji-uvelike-utjece-poslovanje-luke\/#primaryimage","url":"https:\/\/likemetkovic.hr\/portal\/wp-content\/uploads\/2019\/07\/luka-plo\u010de.jpg","contentUrl":"https:\/\/likemetkovic.hr\/portal\/wp-content\/uploads\/2019\/07\/luka-plo\u010de.jpg","width":800,"height":384},{"@type":"BreadcrumbList","@id":"https:\/\/likemetkovic.hr\/sto-ce-biti-s-lukom-ploce-nakon-zatvaranja-aluminija-koji-uvelike-utjece-poslovanje-luke\/#breadcrumb","itemListElement":[{"@type":"ListItem","position":1,"name":"Po\u010detna stranica","item":"https:\/\/likemetkovic.hr\/portal\/"},{"@type":"ListItem","position":2,"name":"\u0160to \u0107e biti s Lukom Plo\u010de nakon zatvaranja Aluminija koji uvelike utje\u010de njezino poslovanje?"}]},{"@type":"WebSite","@id":"https:\/\/likemetkovic.hr\/#website","url":"https:\/\/likemetkovic.hr\/","name":"likemetkovic.hr","description":"Misli pozitivno... \u010ditaj LIKE","potentialAction":[{"@type":"SearchAction","target":{"@type":"EntryPoint","urlTemplate":"https:\/\/likemetkovic.hr\/?s={search_term_string}"},"query-input":{"@type":"PropertyValueSpecification","valueRequired":true,"valueName":"search_term_string"}}],"inLanguage":"hr"},{"@type":"Person","@id":"https:\/\/likemetkovic.hr\/#\/schema\/person\/0a8b4ebfdfe1ff01192dccda40c5da0c","name":"K. J.","url":"https:\/\/likemetkovic.hr\/portal\/author\/likemetkovic\/"}]}},"_links":{"self":[{"href":"https:\/\/likemetkovic.hr\/portal\/wp-json\/wp\/v2\/posts\/84896","targetHints":{"allow":["GET"]}}],"collection":[{"href":"https:\/\/likemetkovic.hr\/portal\/wp-json\/wp\/v2\/posts"}],"about":[{"href":"https:\/\/likemetkovic.hr\/portal\/wp-json\/wp\/v2\/types\/post"}],"author":[{"embeddable":true,"href":"https:\/\/likemetkovic.hr\/portal\/wp-json\/wp\/v2\/users\/9"}],"replies":[{"embeddable":true,"href":"https:\/\/likemetkovic.hr\/portal\/wp-json\/wp\/v2\/comments?post=84896"}],"version-history":[{"count":0,"href":"https:\/\/likemetkovic.hr\/portal\/wp-json\/wp\/v2\/posts\/84896\/revisions"}],"wp:featuredmedia":[{"embeddable":true,"href":"https:\/\/likemetkovic.hr\/portal\/wp-json\/wp\/v2\/media\/84897"}],"wp:attachment":[{"href":"https:\/\/likemetkovic.hr\/portal\/wp-json\/wp\/v2\/media?parent=84896"}],"wp:term":[{"taxonomy":"category","embeddable":true,"href":"https:\/\/likemetkovic.hr\/portal\/wp-json\/wp\/v2\/categories?post=84896"},{"taxonomy":"post_tag","embeddable":true,"href":"https:\/\/likemetkovic.hr\/portal\/wp-json\/wp\/v2\/tags?post=84896"}],"curies":[{"name":"wp","href":"https:\/\/api.w.org\/{rel}","templated":true}]}}