{"id":8530,"date":"2016-08-16T05:50:26","date_gmt":"2016-08-16T03:50:26","guid":{"rendered":"http:\/\/likemetkovic.hr\/?p=8530"},"modified":"2016-08-16T07:12:56","modified_gmt":"2016-08-16T05:12:56","slug":"kapela-svetog-ante-svetoga-roka-na-mlinistu","status":"publish","type":"post","link":"https:\/\/likemetkovic.hr\/portal\/kapela-svetog-ante-svetoga-roka-na-mlinistu\/","title":{"rendered":"Kapela svetog Ante i svetoga Roka na Mlini\u0161tu"},"content":{"rendered":"<p>Kapela svetog Ante i svetoga Roka na Mlini\u0161tu, sagra\u0111ena ja 1931. godine za vrijeme \u017eupnika <strong>don Mate Rado\u0161evi\u0107a<\/strong>. Iste godine uo\u010di blagdana Velike Gospe, 14.kolovoza, kapela je blagoslovljena. Blagdan svetog Roka, 16. kolovoza 1931. godine, bio je sve\u010dano proslavljen uz veliko sudjelovanje naroda. Na samoj misi je sudjelovalo preko 800 ljudi.<\/p>\n<p>Kapela je sagra\u0111ena od lijepo klesanog kamena, pravilnih dimenzija, a iznutra je o\u017ebukana. Unutarnje dimenzije su : 4,3 m du\u017eina, 2,9 \u0161irina i 4,5 visina. Na pro\u010delju se nalazi kameni zvonik sa jednim zvonom. Oltar je od betona s kipovima sv. Ante i sv. Roka u posebnim ni\u0161ama. Godine 1953. \u017eupnik<strong> don \u0160pirko Vukovi\u0107<\/strong> je me\u0111u narodom naro\u010dito \u0161irio pobo\u017enost prema Gospi. Uveo je pobo\u017enost prvih subota i osobito preko te pobo\u017enosti je \u0161irio pobo\u017enost prema Srcu Marijinu, koju je narod veoma zavolio. Dana 22. kolovoza 1953. godine, kada se po onda\u0161njem liturgijskom kalendaru slavio blagdan Pre\u010distog Srca Marijina, a po\u0161to je ne\u0161to prije i nabavio kip, prvi put je u \u017eupi sve\u010dano proslavljen taj blagdan uz veliko sudjelovanje naroda. Poslije toga, taj blagdan dobivao je u \u017eupi sve ve\u0107e zna\u010denje i pobo\u017enost prema Pre\u010distom Srcu Marijinu sve vi\u0161e je rasla, pa je drugi titular nove \u017eupne crkve na Mlini\u0161tu Pre\u010disto Srce Marijino. Na taj blagdan blagoslovljen je temeljni kamen nove \u017eupne crkve i nova \u017eupna crkva, na isti blagdan, bila je posve\u0107ena.<\/p>\n<p>Po\u0161to je za novu \u017eupnu crkvu nabavljen novi kip Srca Marijina, stari kip, \u0161to ga je nabavio <strong>\u017eupnik Vukovi\u0107<\/strong>, ostao je u <strong>kapeli sv. Ante i sv. Roka<\/strong>.<\/p>\n<p>Kako bi se narod za ljetnih mjeseci iz brdskih sela sa svojim blagom preseljavao na Kraj, tako bi se kroz cijelo ljeto nedjeljna misa odr\u017eavala u ovoj kapeli. A od kada je uz kapelu sagra\u0111ena \u017eupna ku\u0107a, u koju se 1952. godine stalno preselio \u017eupnik, kapela sv. Ante i sv. roka postala je sredi\u0161te svega pastoralnog rada i vjerskog \u017eivota \u017eupe. Od tada se u kapeli redovito govori dnevna i nedjeljna misa, osim nedjelje Presvetog sakramenta, obavljaju razne pobo\u017enosti, a od otvaranja nove \u0161kole na Mlini\u0161tu i redovita vjeronau\u010dna pouka.<\/p>\n<p>Godine 1962., <strong>\u017eupnik Ante Juri\u0107<\/strong>, kupnjom terena, ne\u0161to je pro\u0161irio crkveni prostor prema zapadu. Da bi se narod za\u0161titio od ki\u0161e i nevremena, on je taj prostor natkrio salonitnim plo\u010dama, a na samom kraju podigao betonski oltar na kojem se govorila misa od nedjelje i blagdana. Ta improvizacija je uklonjena nakon izgradnje nove \u017eupne crkve. Jo\u0161 se mogu vidjeti samo betonski nosa\u010di i ostaci oltara. Vrijedno je re\u0107i da su na tom improviziranom oltaru dvojica vidonjski sve\u0107enika rekli svoje mlade mise. Bili su to <strong>don Stanko Vrnoga<\/strong> 1963. i <strong>don Duje Perleta<\/strong> 1965. godine.<\/p>\n<p>Pored kapele, 1938. godine, sagra\u0111ena je seoska \u010datrnja od betona.<\/p>\n<p>Potrebno je re\u0107i da \u0161tovalje sv. Roka u<strong> Vidonjama<\/strong> ne potje\u010de od 1931. godine, kada je sagra\u0111ena kapela. Ono je znatno starije i potje\u010de jo\u0161 iz 18. stolje\u0107a. Ve\u0107 se 1779. godine slika sv. Roka nalazila u \u017eupnoj crkvi na Vidonjama. Na temelju toga podatka mo\u017eemo re\u0107i da je \u0161tovanje sv. Roka bilo i prije te godine.<\/p>\n<p>Sveti Roko \u0161tuje se kao pomo\u0107nik u <strong>ku\u017enim bolestima<\/strong>. Po\u0161to su ku\u017ene bolesti u 18. stolje\u0107u u Vidonjama vi\u0161e puta harale, razumljivo je za\u0161to je sve\u010devo \u0161tovanje nastalo u to vrijeme.<\/p>\n<p>Tako\u0111er, jedno zvono na \u017eupnoj crkvi u Vidonjama bilo je blagoslovljeno u \u010dast sv. Roka 1885. godine.<\/p>\n<p>Blagdani sv. Roka i sv. Ante bili su zavjetni blagdani u \u017eupi, pa ih je narod slavio uz veliko sudjelovanje i s procesijo kroz cijelo Mlini\u0161te. <strong>Poslije Drugog svjetskog rata, kada su<\/strong> <strong>procesije od vlasti bile zabranjene<\/strong>, one su se odr\u017eavale samo simboli\u010dno. Naime, kipovi svetaca nosili su se samo oko kapele uz pratnju \u017eupnika i pjeva\u010da.<\/p>\n","protected":false},"excerpt":{"rendered":"<p>Kapela svetog Ante i svetoga Roka na Mlini\u0161tu, sagra\u0111ena ja 1931. godine za vrijeme \u017eupnika don Mate Rado\u0161evi\u0107a. Iste godine uo\u010di blagdana Velike Gospe, 14.kolovoza, kapela je blagoslovljena. Blagdan svetog Roka, 16. kolovoza 1931. godine, bio je sve\u010dano proslavljen uz veliko sudjelovanje naroda. Na samoj misi je sudjelovalo preko 800 ljudi. Kapela je sagra\u0111ena od [&hellip;]<\/p>\n","protected":false},"author":7,"featured_media":8519,"comment_status":"closed","ping_status":"closed","sticky":false,"template":"","format":"standard","meta":{"footnotes":""},"categories":[283],"tags":[],"class_list":{"0":"post-8530","1":"post","2":"type-post","3":"status-publish","4":"format-standard","5":"has-post-thumbnail","7":"category-a"},"yoast_head":"<!-- This site is optimized with the Yoast SEO plugin v25.2 - https:\/\/yoast.com\/wordpress\/plugins\/seo\/ -->\n<title>Kapela svetog Ante i svetoga Roka na Mlini\u0161tu<\/title>\n<meta name=\"robots\" content=\"index, follow, max-snippet:-1, max-image-preview:large, max-video-preview:-1\" \/>\n<link rel=\"canonical\" href=\"https:\/\/likemetkovic.hr\/kapela-svetog-ante-svetoga-roka-na-mlinistu\/\" \/>\n<meta property=\"og:locale\" content=\"hr_HR\" \/>\n<meta property=\"og:type\" content=\"article\" \/>\n<meta property=\"og:title\" content=\"Kapela svetog Ante i svetoga Roka na Mlini\u0161tu\" \/>\n<meta property=\"og:description\" content=\"Kapela svetog Ante i svetoga Roka na Mlini\u0161tu, sagra\u0111ena ja 1931. godine za vrijeme \u017eupnika don Mate Rado\u0161evi\u0107a. Iste godine uo\u010di blagdana Velike Gospe, 14.kolovoza, kapela je blagoslovljena. Blagdan svetog Roka, 16. kolovoza 1931. godine, bio je sve\u010dano proslavljen uz veliko sudjelovanje naroda. Na samoj misi je sudjelovalo preko 800 ljudi. Kapela je sagra\u0111ena od [&hellip;]\" \/>\n<meta property=\"og:url\" content=\"https:\/\/likemetkovic.hr\/kapela-svetog-ante-svetoga-roka-na-mlinistu\/\" \/>\n<meta property=\"og:site_name\" content=\"likemetkovic.hr\" \/>\n<meta property=\"article:publisher\" content=\"https:\/\/www.facebook.com\/likemetkovic.hr\/\" \/>\n<meta property=\"article:published_time\" content=\"2016-08-16T03:50:26+00:00\" \/>\n<meta property=\"article:modified_time\" content=\"2016-08-16T05:12:56+00:00\" \/>\n<meta property=\"og:image\" content=\"https:\/\/likemetkovic.hr\/wp-content\/uploads\/2015\/08\/sv-Ante-i-sv-Roko-Mlini\u0161te.jpg\" \/>\n\t<meta property=\"og:image:width\" content=\"800\" \/>\n\t<meta property=\"og:image:height\" content=\"600\" \/>\n\t<meta property=\"og:image:type\" content=\"image\/jpeg\" \/>\n<meta name=\"author\" content=\"LIKEmetkovic.hr\" \/>\n<meta name=\"twitter:card\" content=\"summary_large_image\" \/>\n<meta name=\"twitter:label1\" content=\"Napisao\/la\" \/>\n\t<meta name=\"twitter:data1\" content=\"LIKEmetkovic.hr\" \/>\n\t<meta name=\"twitter:label2\" content=\"Procijenjeno vrijeme \u010ditanja\" \/>\n\t<meta name=\"twitter:data2\" content=\"3 minute\" \/>\n<script type=\"application\/ld+json\" class=\"yoast-schema-graph\">{\"@context\":\"https:\/\/schema.org\",\"@graph\":[{\"@type\":\"WebPage\",\"@id\":\"https:\/\/likemetkovic.hr\/kapela-svetog-ante-svetoga-roka-na-mlinistu\/\",\"url\":\"https:\/\/likemetkovic.hr\/kapela-svetog-ante-svetoga-roka-na-mlinistu\/\",\"name\":\"Kapela svetog Ante i svetoga Roka na Mlini\u0161tu\",\"isPartOf\":{\"@id\":\"https:\/\/likemetkovic.hr\/#website\"},\"primaryImageOfPage\":{\"@id\":\"https:\/\/likemetkovic.hr\/kapela-svetog-ante-svetoga-roka-na-mlinistu\/#primaryimage\"},\"image\":{\"@id\":\"https:\/\/likemetkovic.hr\/kapela-svetog-ante-svetoga-roka-na-mlinistu\/#primaryimage\"},\"thumbnailUrl\":\"https:\/\/likemetkovic.hr\/portal\/wp-content\/uploads\/2015\/08\/sv-Ante-i-sv-Roko-Mlini\u0161te.jpg\",\"datePublished\":\"2016-08-16T03:50:26+00:00\",\"dateModified\":\"2016-08-16T05:12:56+00:00\",\"author\":{\"@id\":\"https:\/\/likemetkovic.hr\/#\/schema\/person\/a42711f3385a0e2be6f7e0443bfb28f0\"},\"breadcrumb\":{\"@id\":\"https:\/\/likemetkovic.hr\/kapela-svetog-ante-svetoga-roka-na-mlinistu\/#breadcrumb\"},\"inLanguage\":\"hr\",\"potentialAction\":[{\"@type\":\"ReadAction\",\"target\":[\"https:\/\/likemetkovic.hr\/kapela-svetog-ante-svetoga-roka-na-mlinistu\/\"]}]},{\"@type\":\"ImageObject\",\"inLanguage\":\"hr\",\"@id\":\"https:\/\/likemetkovic.hr\/kapela-svetog-ante-svetoga-roka-na-mlinistu\/#primaryimage\",\"url\":\"https:\/\/likemetkovic.hr\/portal\/wp-content\/uploads\/2015\/08\/sv-Ante-i-sv-Roko-Mlini\u0161te.jpg\",\"contentUrl\":\"https:\/\/likemetkovic.hr\/portal\/wp-content\/uploads\/2015\/08\/sv-Ante-i-sv-Roko-Mlini\u0161te.jpg\",\"width\":800,\"height\":600},{\"@type\":\"BreadcrumbList\",\"@id\":\"https:\/\/likemetkovic.hr\/kapela-svetog-ante-svetoga-roka-na-mlinistu\/#breadcrumb\",\"itemListElement\":[{\"@type\":\"ListItem\",\"position\":1,\"name\":\"Po\u010detna stranica\",\"item\":\"https:\/\/likemetkovic.hr\/portal\/\"},{\"@type\":\"ListItem\",\"position\":2,\"name\":\"Kapela svetog Ante i svetoga Roka na Mlini\u0161tu\"}]},{\"@type\":\"WebSite\",\"@id\":\"https:\/\/likemetkovic.hr\/#website\",\"url\":\"https:\/\/likemetkovic.hr\/\",\"name\":\"likemetkovic.hr\",\"description\":\"Misli pozitivno... \u010ditaj LIKE\",\"potentialAction\":[{\"@type\":\"SearchAction\",\"target\":{\"@type\":\"EntryPoint\",\"urlTemplate\":\"https:\/\/likemetkovic.hr\/?s={search_term_string}\"},\"query-input\":{\"@type\":\"PropertyValueSpecification\",\"valueRequired\":true,\"valueName\":\"search_term_string\"}}],\"inLanguage\":\"hr\"},{\"@type\":\"Person\",\"@id\":\"https:\/\/likemetkovic.hr\/#\/schema\/person\/a42711f3385a0e2be6f7e0443bfb28f0\",\"name\":\"LIKEmetkovic.hr\",\"sameAs\":[\"http:\/\/likemetkovic.hr\"],\"url\":\"https:\/\/likemetkovic.hr\/portal\/author\/likemetkovic-hr\/\"}]}<\/script>\n<!-- \/ Yoast SEO plugin. -->","yoast_head_json":{"title":"Kapela svetog Ante i svetoga Roka na Mlini\u0161tu","robots":{"index":"index","follow":"follow","max-snippet":"max-snippet:-1","max-image-preview":"max-image-preview:large","max-video-preview":"max-video-preview:-1"},"canonical":"https:\/\/likemetkovic.hr\/kapela-svetog-ante-svetoga-roka-na-mlinistu\/","og_locale":"hr_HR","og_type":"article","og_title":"Kapela svetog Ante i svetoga Roka na Mlini\u0161tu","og_description":"Kapela svetog Ante i svetoga Roka na Mlini\u0161tu, sagra\u0111ena ja 1931. godine za vrijeme \u017eupnika don Mate Rado\u0161evi\u0107a. Iste godine uo\u010di blagdana Velike Gospe, 14.kolovoza, kapela je blagoslovljena. Blagdan svetog Roka, 16. kolovoza 1931. godine, bio je sve\u010dano proslavljen uz veliko sudjelovanje naroda. Na samoj misi je sudjelovalo preko 800 ljudi. Kapela je sagra\u0111ena od [&hellip;]","og_url":"https:\/\/likemetkovic.hr\/kapela-svetog-ante-svetoga-roka-na-mlinistu\/","og_site_name":"likemetkovic.hr","article_publisher":"https:\/\/www.facebook.com\/likemetkovic.hr\/","article_published_time":"2016-08-16T03:50:26+00:00","article_modified_time":"2016-08-16T05:12:56+00:00","og_image":[{"width":800,"height":600,"url":"https:\/\/likemetkovic.hr\/wp-content\/uploads\/2015\/08\/sv-Ante-i-sv-Roko-Mlini\u0161te.jpg","type":"image\/jpeg"}],"author":"LIKEmetkovic.hr","twitter_card":"summary_large_image","twitter_misc":{"Napisao\/la":"LIKEmetkovic.hr","Procijenjeno vrijeme \u010ditanja":"3 minute"},"schema":{"@context":"https:\/\/schema.org","@graph":[{"@type":"WebPage","@id":"https:\/\/likemetkovic.hr\/kapela-svetog-ante-svetoga-roka-na-mlinistu\/","url":"https:\/\/likemetkovic.hr\/kapela-svetog-ante-svetoga-roka-na-mlinistu\/","name":"Kapela svetog Ante i svetoga Roka na Mlini\u0161tu","isPartOf":{"@id":"https:\/\/likemetkovic.hr\/#website"},"primaryImageOfPage":{"@id":"https:\/\/likemetkovic.hr\/kapela-svetog-ante-svetoga-roka-na-mlinistu\/#primaryimage"},"image":{"@id":"https:\/\/likemetkovic.hr\/kapela-svetog-ante-svetoga-roka-na-mlinistu\/#primaryimage"},"thumbnailUrl":"https:\/\/likemetkovic.hr\/portal\/wp-content\/uploads\/2015\/08\/sv-Ante-i-sv-Roko-Mlini\u0161te.jpg","datePublished":"2016-08-16T03:50:26+00:00","dateModified":"2016-08-16T05:12:56+00:00","author":{"@id":"https:\/\/likemetkovic.hr\/#\/schema\/person\/a42711f3385a0e2be6f7e0443bfb28f0"},"breadcrumb":{"@id":"https:\/\/likemetkovic.hr\/kapela-svetog-ante-svetoga-roka-na-mlinistu\/#breadcrumb"},"inLanguage":"hr","potentialAction":[{"@type":"ReadAction","target":["https:\/\/likemetkovic.hr\/kapela-svetog-ante-svetoga-roka-na-mlinistu\/"]}]},{"@type":"ImageObject","inLanguage":"hr","@id":"https:\/\/likemetkovic.hr\/kapela-svetog-ante-svetoga-roka-na-mlinistu\/#primaryimage","url":"https:\/\/likemetkovic.hr\/portal\/wp-content\/uploads\/2015\/08\/sv-Ante-i-sv-Roko-Mlini\u0161te.jpg","contentUrl":"https:\/\/likemetkovic.hr\/portal\/wp-content\/uploads\/2015\/08\/sv-Ante-i-sv-Roko-Mlini\u0161te.jpg","width":800,"height":600},{"@type":"BreadcrumbList","@id":"https:\/\/likemetkovic.hr\/kapela-svetog-ante-svetoga-roka-na-mlinistu\/#breadcrumb","itemListElement":[{"@type":"ListItem","position":1,"name":"Po\u010detna stranica","item":"https:\/\/likemetkovic.hr\/portal\/"},{"@type":"ListItem","position":2,"name":"Kapela svetog Ante i svetoga Roka na Mlini\u0161tu"}]},{"@type":"WebSite","@id":"https:\/\/likemetkovic.hr\/#website","url":"https:\/\/likemetkovic.hr\/","name":"likemetkovic.hr","description":"Misli pozitivno... \u010ditaj LIKE","potentialAction":[{"@type":"SearchAction","target":{"@type":"EntryPoint","urlTemplate":"https:\/\/likemetkovic.hr\/?s={search_term_string}"},"query-input":{"@type":"PropertyValueSpecification","valueRequired":true,"valueName":"search_term_string"}}],"inLanguage":"hr"},{"@type":"Person","@id":"https:\/\/likemetkovic.hr\/#\/schema\/person\/a42711f3385a0e2be6f7e0443bfb28f0","name":"LIKEmetkovic.hr","sameAs":["http:\/\/likemetkovic.hr"],"url":"https:\/\/likemetkovic.hr\/portal\/author\/likemetkovic-hr\/"}]}},"_links":{"self":[{"href":"https:\/\/likemetkovic.hr\/portal\/wp-json\/wp\/v2\/posts\/8530","targetHints":{"allow":["GET"]}}],"collection":[{"href":"https:\/\/likemetkovic.hr\/portal\/wp-json\/wp\/v2\/posts"}],"about":[{"href":"https:\/\/likemetkovic.hr\/portal\/wp-json\/wp\/v2\/types\/post"}],"author":[{"embeddable":true,"href":"https:\/\/likemetkovic.hr\/portal\/wp-json\/wp\/v2\/users\/7"}],"replies":[{"embeddable":true,"href":"https:\/\/likemetkovic.hr\/portal\/wp-json\/wp\/v2\/comments?post=8530"}],"version-history":[{"count":0,"href":"https:\/\/likemetkovic.hr\/portal\/wp-json\/wp\/v2\/posts\/8530\/revisions"}],"wp:featuredmedia":[{"embeddable":true,"href":"https:\/\/likemetkovic.hr\/portal\/wp-json\/wp\/v2\/media\/8519"}],"wp:attachment":[{"href":"https:\/\/likemetkovic.hr\/portal\/wp-json\/wp\/v2\/media?parent=8530"}],"wp:term":[{"taxonomy":"category","embeddable":true,"href":"https:\/\/likemetkovic.hr\/portal\/wp-json\/wp\/v2\/categories?post=8530"},{"taxonomy":"post_tag","embeddable":true,"href":"https:\/\/likemetkovic.hr\/portal\/wp-json\/wp\/v2\/tags?post=8530"}],"curies":[{"name":"wp","href":"https:\/\/api.w.org\/{rel}","templated":true}]}}