{"id":8541,"date":"2015-08-17T07:00:32","date_gmt":"2015-08-17T05:00:32","guid":{"rendered":"http:\/\/likemetkovic.hr\/?p=8541"},"modified":"2015-08-17T00:47:12","modified_gmt":"2015-08-16T22:47:12","slug":"don-senko-don-ante-se-oprostili-od-zupe-svetog-nikole","status":"publish","type":"post","link":"https:\/\/likemetkovic.hr\/portal\/don-senko-don-ante-se-oprostili-od-zupe-svetog-nikole\/","title":{"rendered":"Don Senko i don Ante se oprostili od \u017eupe Svetog Nikole"},"content":{"rendered":"<p>Sve\u010dano misno slavlje\u00a0sino\u0107 u 19 sati u crkvi svetog Nikole bilo je opro\u0161tajno za <strong>don Senka i don Antu Antunovi\u0107a<\/strong>. To\u010dno u pono\u0107 prestala je njihova slu\u017eba u <strong>\u017eupi Svetog Nikole<\/strong> u Metkovi\u0107u, a po\u010dela ona u <strong>\u017eupi Kraljice Neba i Zemlje u Plo\u010dama<\/strong>.<\/p>\n<p>U punoj crkvi <strong>don Senko i don Ante<\/strong> su se zahvalili pojedincima i cijeloj \u017eupnoj zajednici na svemu, te zamolili za molitvu naro\u010dito za nove sve\u0107enike koji dolaze u <strong>\u017eupu Svetog Nikole<\/strong>. <strong>Don Senko<\/strong> je zavr\u0161io na dirljiv na\u010din kada je rekao: &#8221; Sutra ujutro ne moram se pozdraviti sa nijednom obitelji u ovoj \u017eupi..&#8221; te je prstom pokazuju\u0107i na vjernike dodao: &#8220;&#8230;jer, ovo je moja obitelj, OVO JE MOJA OBITELJ!&#8221; &#8211; \u0161to je izazvalo gromoglasan pljesak te izmamilo pokoju suzu na licima vjernika.<\/p>\n<p>Tako\u0111er, i vjernici su se na prigodan na\u010din zahvalili biv\u0161im su\u017eupnicima te su im poklonili sliku na kojoj je<strong> crkva Svetog Nikole<\/strong>, te CD sa posve\u0107enja slike na kojoj su upisana imena poginulih branitelja iz <strong>\u017eupe Svetog Nikole<\/strong>.<\/p>\n<p><strong>Don Senki i don Anti<\/strong> \u017eelimo sre\u0107u na novoj \u017eupi u <strong>Plo\u010dama<\/strong>, te dobrodo\u0161licu novom<strong> \u017eupniku don Davoru i \u017eupnom vikaru don Miroslavu<\/strong>!<\/p>\n<p>&nbsp;<\/p>\n","protected":false},"excerpt":{"rendered":"<p>Sve\u010dano misno slavlje\u00a0sino\u0107 u 19 sati u crkvi svetog Nikole bilo je opro\u0161tajno za don Senka i don Antu Antunovi\u0107a. To\u010dno u pono\u0107 prestala je njihova slu\u017eba u \u017eupi Svetog Nikole u Metkovi\u0107u, a po\u010dela ona u \u017eupi Kraljice Neba i Zemlje u Plo\u010dama. U punoj crkvi don Senko i don Ante su se zahvalili [&hellip;]<\/p>\n","protected":false},"author":7,"featured_media":8544,"comment_status":"closed","ping_status":"closed","sticky":false,"template":"","format":"standard","meta":{"footnotes":""},"categories":[1],"tags":[],"class_list":{"0":"post-8541","1":"post","2":"type-post","3":"status-publish","4":"format-standard","5":"has-post-thumbnail","7":"category-nekategorizirano"},"yoast_head":"<!-- This site is optimized with the Yoast SEO plugin v25.2 - https:\/\/yoast.com\/wordpress\/plugins\/seo\/ -->\n<title>Don Senko i don Ante se oprostili od \u017eupe Svetog Nikole<\/title>\n<meta name=\"robots\" content=\"index, follow, max-snippet:-1, max-image-preview:large, max-video-preview:-1\" \/>\n<link rel=\"canonical\" href=\"https:\/\/likemetkovic.hr\/don-senko-don-ante-se-oprostili-od-zupe-svetog-nikole\/\" \/>\n<meta property=\"og:locale\" content=\"hr_HR\" \/>\n<meta property=\"og:type\" content=\"article\" \/>\n<meta property=\"og:title\" content=\"Don Senko i don Ante se oprostili od \u017eupe Svetog Nikole\" \/>\n<meta property=\"og:description\" content=\"Sve\u010dano misno slavlje\u00a0sino\u0107 u 19 sati u crkvi svetog Nikole bilo je opro\u0161tajno za don Senka i don Antu Antunovi\u0107a. To\u010dno u pono\u0107 prestala je njihova slu\u017eba u \u017eupi Svetog Nikole u Metkovi\u0107u, a po\u010dela ona u \u017eupi Kraljice Neba i Zemlje u Plo\u010dama. U punoj crkvi don Senko i don Ante su se zahvalili [&hellip;]\" \/>\n<meta property=\"og:url\" content=\"https:\/\/likemetkovic.hr\/don-senko-don-ante-se-oprostili-od-zupe-svetog-nikole\/\" \/>\n<meta property=\"og:site_name\" content=\"likemetkovic.hr\" \/>\n<meta property=\"article:publisher\" content=\"https:\/\/www.facebook.com\/likemetkovic.hr\/\" \/>\n<meta property=\"article:published_time\" content=\"2015-08-17T05:00:32+00:00\" \/>\n<meta property=\"og:image\" content=\"https:\/\/likemetkovic.hr\/wp-content\/uploads\/2015\/08\/don-senko-i-don-ante-3.jpg\" \/>\n\t<meta property=\"og:image:width\" content=\"800\" \/>\n\t<meta property=\"og:image:height\" content=\"600\" \/>\n\t<meta property=\"og:image:type\" content=\"image\/jpeg\" \/>\n<meta name=\"author\" content=\"LIKEmetkovic.hr\" \/>\n<meta name=\"twitter:card\" content=\"summary_large_image\" \/>\n<meta name=\"twitter:label1\" content=\"Napisao\/la\" \/>\n\t<meta name=\"twitter:data1\" content=\"LIKEmetkovic.hr\" \/>\n\t<meta name=\"twitter:label2\" content=\"Procijenjeno vrijeme \u010ditanja\" \/>\n\t<meta name=\"twitter:data2\" content=\"1 minuta\" \/>\n<script type=\"application\/ld+json\" class=\"yoast-schema-graph\">{\"@context\":\"https:\/\/schema.org\",\"@graph\":[{\"@type\":\"WebPage\",\"@id\":\"https:\/\/likemetkovic.hr\/don-senko-don-ante-se-oprostili-od-zupe-svetog-nikole\/\",\"url\":\"https:\/\/likemetkovic.hr\/don-senko-don-ante-se-oprostili-od-zupe-svetog-nikole\/\",\"name\":\"Don Senko i don Ante se oprostili od \u017eupe Svetog Nikole\",\"isPartOf\":{\"@id\":\"https:\/\/likemetkovic.hr\/#website\"},\"primaryImageOfPage\":{\"@id\":\"https:\/\/likemetkovic.hr\/don-senko-don-ante-se-oprostili-od-zupe-svetog-nikole\/#primaryimage\"},\"image\":{\"@id\":\"https:\/\/likemetkovic.hr\/don-senko-don-ante-se-oprostili-od-zupe-svetog-nikole\/#primaryimage\"},\"thumbnailUrl\":\"https:\/\/likemetkovic.hr\/portal\/wp-content\/uploads\/2015\/08\/don-senko-i-don-ante-3.jpg\",\"datePublished\":\"2015-08-17T05:00:32+00:00\",\"author\":{\"@id\":\"https:\/\/likemetkovic.hr\/#\/schema\/person\/a42711f3385a0e2be6f7e0443bfb28f0\"},\"breadcrumb\":{\"@id\":\"https:\/\/likemetkovic.hr\/don-senko-don-ante-se-oprostili-od-zupe-svetog-nikole\/#breadcrumb\"},\"inLanguage\":\"hr\",\"potentialAction\":[{\"@type\":\"ReadAction\",\"target\":[\"https:\/\/likemetkovic.hr\/don-senko-don-ante-se-oprostili-od-zupe-svetog-nikole\/\"]}]},{\"@type\":\"ImageObject\",\"inLanguage\":\"hr\",\"@id\":\"https:\/\/likemetkovic.hr\/don-senko-don-ante-se-oprostili-od-zupe-svetog-nikole\/#primaryimage\",\"url\":\"https:\/\/likemetkovic.hr\/portal\/wp-content\/uploads\/2015\/08\/don-senko-i-don-ante-3.jpg\",\"contentUrl\":\"https:\/\/likemetkovic.hr\/portal\/wp-content\/uploads\/2015\/08\/don-senko-i-don-ante-3.jpg\",\"width\":800,\"height\":600},{\"@type\":\"BreadcrumbList\",\"@id\":\"https:\/\/likemetkovic.hr\/don-senko-don-ante-se-oprostili-od-zupe-svetog-nikole\/#breadcrumb\",\"itemListElement\":[{\"@type\":\"ListItem\",\"position\":1,\"name\":\"Po\u010detna stranica\",\"item\":\"https:\/\/likemetkovic.hr\/portal\/\"},{\"@type\":\"ListItem\",\"position\":2,\"name\":\"Don Senko i don Ante se oprostili od \u017eupe Svetog Nikole\"}]},{\"@type\":\"WebSite\",\"@id\":\"https:\/\/likemetkovic.hr\/#website\",\"url\":\"https:\/\/likemetkovic.hr\/\",\"name\":\"likemetkovic.hr\",\"description\":\"Misli pozitivno... \u010ditaj LIKE\",\"potentialAction\":[{\"@type\":\"SearchAction\",\"target\":{\"@type\":\"EntryPoint\",\"urlTemplate\":\"https:\/\/likemetkovic.hr\/?s={search_term_string}\"},\"query-input\":{\"@type\":\"PropertyValueSpecification\",\"valueRequired\":true,\"valueName\":\"search_term_string\"}}],\"inLanguage\":\"hr\"},{\"@type\":\"Person\",\"@id\":\"https:\/\/likemetkovic.hr\/#\/schema\/person\/a42711f3385a0e2be6f7e0443bfb28f0\",\"name\":\"LIKEmetkovic.hr\",\"sameAs\":[\"http:\/\/likemetkovic.hr\"],\"url\":\"https:\/\/likemetkovic.hr\/portal\/author\/likemetkovic-hr\/\"}]}<\/script>\n<!-- \/ Yoast SEO plugin. -->","yoast_head_json":{"title":"Don Senko i don Ante se oprostili od \u017eupe Svetog Nikole","robots":{"index":"index","follow":"follow","max-snippet":"max-snippet:-1","max-image-preview":"max-image-preview:large","max-video-preview":"max-video-preview:-1"},"canonical":"https:\/\/likemetkovic.hr\/don-senko-don-ante-se-oprostili-od-zupe-svetog-nikole\/","og_locale":"hr_HR","og_type":"article","og_title":"Don Senko i don Ante se oprostili od \u017eupe Svetog Nikole","og_description":"Sve\u010dano misno slavlje\u00a0sino\u0107 u 19 sati u crkvi svetog Nikole bilo je opro\u0161tajno za don Senka i don Antu Antunovi\u0107a. To\u010dno u pono\u0107 prestala je njihova slu\u017eba u \u017eupi Svetog Nikole u Metkovi\u0107u, a po\u010dela ona u \u017eupi Kraljice Neba i Zemlje u Plo\u010dama. U punoj crkvi don Senko i don Ante su se zahvalili [&hellip;]","og_url":"https:\/\/likemetkovic.hr\/don-senko-don-ante-se-oprostili-od-zupe-svetog-nikole\/","og_site_name":"likemetkovic.hr","article_publisher":"https:\/\/www.facebook.com\/likemetkovic.hr\/","article_published_time":"2015-08-17T05:00:32+00:00","og_image":[{"width":800,"height":600,"url":"https:\/\/likemetkovic.hr\/wp-content\/uploads\/2015\/08\/don-senko-i-don-ante-3.jpg","type":"image\/jpeg"}],"author":"LIKEmetkovic.hr","twitter_card":"summary_large_image","twitter_misc":{"Napisao\/la":"LIKEmetkovic.hr","Procijenjeno vrijeme \u010ditanja":"1 minuta"},"schema":{"@context":"https:\/\/schema.org","@graph":[{"@type":"WebPage","@id":"https:\/\/likemetkovic.hr\/don-senko-don-ante-se-oprostili-od-zupe-svetog-nikole\/","url":"https:\/\/likemetkovic.hr\/don-senko-don-ante-se-oprostili-od-zupe-svetog-nikole\/","name":"Don Senko i don Ante se oprostili od \u017eupe Svetog Nikole","isPartOf":{"@id":"https:\/\/likemetkovic.hr\/#website"},"primaryImageOfPage":{"@id":"https:\/\/likemetkovic.hr\/don-senko-don-ante-se-oprostili-od-zupe-svetog-nikole\/#primaryimage"},"image":{"@id":"https:\/\/likemetkovic.hr\/don-senko-don-ante-se-oprostili-od-zupe-svetog-nikole\/#primaryimage"},"thumbnailUrl":"https:\/\/likemetkovic.hr\/portal\/wp-content\/uploads\/2015\/08\/don-senko-i-don-ante-3.jpg","datePublished":"2015-08-17T05:00:32+00:00","author":{"@id":"https:\/\/likemetkovic.hr\/#\/schema\/person\/a42711f3385a0e2be6f7e0443bfb28f0"},"breadcrumb":{"@id":"https:\/\/likemetkovic.hr\/don-senko-don-ante-se-oprostili-od-zupe-svetog-nikole\/#breadcrumb"},"inLanguage":"hr","potentialAction":[{"@type":"ReadAction","target":["https:\/\/likemetkovic.hr\/don-senko-don-ante-se-oprostili-od-zupe-svetog-nikole\/"]}]},{"@type":"ImageObject","inLanguage":"hr","@id":"https:\/\/likemetkovic.hr\/don-senko-don-ante-se-oprostili-od-zupe-svetog-nikole\/#primaryimage","url":"https:\/\/likemetkovic.hr\/portal\/wp-content\/uploads\/2015\/08\/don-senko-i-don-ante-3.jpg","contentUrl":"https:\/\/likemetkovic.hr\/portal\/wp-content\/uploads\/2015\/08\/don-senko-i-don-ante-3.jpg","width":800,"height":600},{"@type":"BreadcrumbList","@id":"https:\/\/likemetkovic.hr\/don-senko-don-ante-se-oprostili-od-zupe-svetog-nikole\/#breadcrumb","itemListElement":[{"@type":"ListItem","position":1,"name":"Po\u010detna stranica","item":"https:\/\/likemetkovic.hr\/portal\/"},{"@type":"ListItem","position":2,"name":"Don Senko i don Ante se oprostili od \u017eupe Svetog Nikole"}]},{"@type":"WebSite","@id":"https:\/\/likemetkovic.hr\/#website","url":"https:\/\/likemetkovic.hr\/","name":"likemetkovic.hr","description":"Misli pozitivno... \u010ditaj LIKE","potentialAction":[{"@type":"SearchAction","target":{"@type":"EntryPoint","urlTemplate":"https:\/\/likemetkovic.hr\/?s={search_term_string}"},"query-input":{"@type":"PropertyValueSpecification","valueRequired":true,"valueName":"search_term_string"}}],"inLanguage":"hr"},{"@type":"Person","@id":"https:\/\/likemetkovic.hr\/#\/schema\/person\/a42711f3385a0e2be6f7e0443bfb28f0","name":"LIKEmetkovic.hr","sameAs":["http:\/\/likemetkovic.hr"],"url":"https:\/\/likemetkovic.hr\/portal\/author\/likemetkovic-hr\/"}]}},"_links":{"self":[{"href":"https:\/\/likemetkovic.hr\/portal\/wp-json\/wp\/v2\/posts\/8541","targetHints":{"allow":["GET"]}}],"collection":[{"href":"https:\/\/likemetkovic.hr\/portal\/wp-json\/wp\/v2\/posts"}],"about":[{"href":"https:\/\/likemetkovic.hr\/portal\/wp-json\/wp\/v2\/types\/post"}],"author":[{"embeddable":true,"href":"https:\/\/likemetkovic.hr\/portal\/wp-json\/wp\/v2\/users\/7"}],"replies":[{"embeddable":true,"href":"https:\/\/likemetkovic.hr\/portal\/wp-json\/wp\/v2\/comments?post=8541"}],"version-history":[{"count":0,"href":"https:\/\/likemetkovic.hr\/portal\/wp-json\/wp\/v2\/posts\/8541\/revisions"}],"wp:featuredmedia":[{"embeddable":true,"href":"https:\/\/likemetkovic.hr\/portal\/wp-json\/wp\/v2\/media\/8544"}],"wp:attachment":[{"href":"https:\/\/likemetkovic.hr\/portal\/wp-json\/wp\/v2\/media?parent=8541"}],"wp:term":[{"taxonomy":"category","embeddable":true,"href":"https:\/\/likemetkovic.hr\/portal\/wp-json\/wp\/v2\/categories?post=8541"},{"taxonomy":"post_tag","embeddable":true,"href":"https:\/\/likemetkovic.hr\/portal\/wp-json\/wp\/v2\/tags?post=8541"}],"curies":[{"name":"wp","href":"https:\/\/api.w.org\/{rel}","templated":true}]}}