{"id":85533,"date":"2019-07-20T12:37:17","date_gmt":"2019-07-20T10:37:17","guid":{"rendered":"https:\/\/likemetkovic.hr\/?p=85533"},"modified":"2019-07-21T09:36:42","modified_gmt":"2019-07-21T07:36:42","slug":"svecanom-sv-misom-proslavljen-blagdan-sv-ilije-zastitnika-zupe-i-grada","status":"publish","type":"post","link":"https:\/\/likemetkovic.hr\/portal\/svecanom-sv-misom-proslavljen-blagdan-sv-ilije-zastitnika-zupe-i-grada\/","title":{"rendered":"Sve\u010danom sv. misom proslavljen blagdan sv. Ilije, za\u0161titnika \u017eupe i grada"},"content":{"rendered":"<p>Sve\u010danom sv. misom jutros u 9 sati u Metkovi\u0107u je proslavljen blagdan sv. Ilije proroka, za\u0161titnika \u017eupe i grada.<\/p>\n<p>Bogoslu\u017eje je predvodio fra Zoran Kutle\u0161a, zamjenik provincijala splitske franjeva\u010dke Provincije Presvetoga Otkupitelja. U koncelebraciji su bili \u017eupnici iz cijele doline Neretve.<\/p>\n<p>Ranu misu za hodo\u010dasnike predvodio je don Mate Bre\u010di\u0107, duhovnik u Nadbiskupskom sjemeni\u0161tu u Splitu, a ve\u010dernju u 20 sati, nakon koje je bio i blagoslov djece, slavio je fra Domagoj Volarevi\u0107, profesor na KBF-u u Splitu.<\/p>\n\r\n                <style type=\"text\/css\">\r\n                    \r\n                    #tdi_1  .td-doubleSlider-2 .td-item1 {\r\n                        background: url(https:\/\/likemetkovic.hr\/portal\/wp-content\/uploads\/2019\/07\/misa-svilija-blagdan-1-80x60.jpg) 0 0 no-repeat;\r\n                    }\r\n                    #tdi_1  .td-doubleSlider-2 .td-item2 {\r\n                        background: url(https:\/\/likemetkovic.hr\/portal\/wp-content\/uploads\/2019\/07\/misa-svilija-blagdan-2-80x60.jpg) 0 0 no-repeat;\r\n                    }\r\n                    #tdi_1  .td-doubleSlider-2 .td-item3 {\r\n                        background: url(https:\/\/likemetkovic.hr\/portal\/wp-content\/uploads\/2019\/07\/misa-svilija-blagdan-3-80x60.jpg) 0 0 no-repeat;\r\n                    }\r\n                    #tdi_1  .td-doubleSlider-2 .td-item4 {\r\n                        background: url(https:\/\/likemetkovic.hr\/portal\/wp-content\/uploads\/2019\/07\/misa-svilija-blagdan-4-80x60.jpg) 0 0 no-repeat;\r\n                    }\r\n                    #tdi_1  .td-doubleSlider-2 .td-item5 {\r\n                        background: url(https:\/\/likemetkovic.hr\/portal\/wp-content\/uploads\/2019\/07\/misa-svilija-blagdan-5-80x60.jpg) 0 0 no-repeat;\r\n                    }\r\n                <\/style>\r\n\r\n                <div id=\"tdi_1\" class=\"td-gallery td-slide-on-2-columns\">\r\n                    <div class=\"post_td_gallery\">\r\n                        <div class=\"td-gallery-slide-top\">\r\n                           <div class=\"td-gallery-title\"><\/div>\r\n\r\n                            <div class=\"td-gallery-controls-wrapper\">\r\n                                <div class=\"td-gallery-slide-count\"><span class=\"td-gallery-slide-item-focus\">1<\/span> of 5<\/div>\r\n                                <div class=\"td-gallery-slide-prev-next-but\">\r\n                                    <i class = \"td-icon-left doubleSliderPrevButton\"><\/i>\r\n                                    <i class = \"td-icon-right doubleSliderNextButton\"><\/i>\r\n                                <\/div>\r\n                            <\/div>\r\n                        <\/div>\r\n\r\n                        <div class = \"td-doubleSlider-1 \">\r\n                            <div class = \"td-slider\">\r\n                                \r\n                    <div class = \"td-slide-item td-item1\">\r\n                        <figure class=\"td-slide-galery-figure td-slide-popup-gallery\">\r\n                            <a class=\"slide-gallery-image-link\" href=\"https:\/\/likemetkovic.hr\/portal\/wp-content\/uploads\/2019\/07\/misa-svilija-blagdan-1.jpg\" title=\"misa svilija blagdan (1)\"  data-caption=\"\"  data-description=\"\">\r\n                                <img decoding=\"async\" src=\"https:\/\/likemetkovic.hr\/portal\/wp-content\/uploads\/2019\/07\/misa-svilija-blagdan-1-630x420.jpg\" srcset=\"https:\/\/likemetkovic.hr\/portal\/wp-content\/uploads\/2019\/07\/misa-svilija-blagdan-1-630x420.jpg 630w, https:\/\/likemetkovic.hr\/portal\/wp-content\/uploads\/2019\/07\/misa-svilija-blagdan-1.jpg 800w, https:\/\/likemetkovic.hr\/portal\/wp-content\/uploads\/2019\/07\/misa-svilija-blagdan-1-768x512.jpg 768w, https:\/\/likemetkovic.hr\/portal\/wp-content\/uploads\/2019\/07\/misa-svilija-blagdan-1-696x464.jpg 696w\" sizes=\"(max-width: 630px) 100vw, 630px\" alt=\"\">\r\n                            <\/a>\r\n                            \r\n                        <\/figure>\r\n                    <\/div>\r\n                    <div class = \"td-slide-item td-item2\">\r\n                        <figure class=\"td-slide-galery-figure td-slide-popup-gallery\">\r\n                            <a class=\"slide-gallery-image-link\" href=\"https:\/\/likemetkovic.hr\/portal\/wp-content\/uploads\/2019\/07\/misa-svilija-blagdan-2.jpg\" title=\"misa svilija blagdan (2)\"  data-caption=\"\"  data-description=\"\">\r\n                                <img decoding=\"async\" src=\"https:\/\/likemetkovic.hr\/portal\/wp-content\/uploads\/2019\/07\/misa-svilija-blagdan-2-629x420.jpg\" srcset=\"https:\/\/likemetkovic.hr\/portal\/wp-content\/uploads\/2019\/07\/misa-svilija-blagdan-2-629x420.jpg 629w, https:\/\/likemetkovic.hr\/portal\/wp-content\/uploads\/2019\/07\/misa-svilija-blagdan-2.jpg 800w, https:\/\/likemetkovic.hr\/portal\/wp-content\/uploads\/2019\/07\/misa-svilija-blagdan-2-768x513.jpg 768w, https:\/\/likemetkovic.hr\/portal\/wp-content\/uploads\/2019\/07\/misa-svilija-blagdan-2-696x465.jpg 696w\" sizes=\"(max-width: 629px) 100vw, 629px\" alt=\"\">\r\n                            <\/a>\r\n                            \r\n                        <\/figure>\r\n                    <\/div>\r\n                    <div class = \"td-slide-item td-item3\">\r\n                        <figure class=\"td-slide-galery-figure td-slide-popup-gallery\">\r\n                            <a class=\"slide-gallery-image-link\" href=\"https:\/\/likemetkovic.hr\/portal\/wp-content\/uploads\/2019\/07\/misa-svilija-blagdan-3.jpg\" title=\"misa svilija blagdan (3)\"  data-caption=\"\"  data-description=\"\">\r\n                                <img decoding=\"async\" src=\"https:\/\/likemetkovic.hr\/portal\/wp-content\/uploads\/2019\/07\/misa-svilija-blagdan-3-629x420.jpg\" srcset=\"https:\/\/likemetkovic.hr\/portal\/wp-content\/uploads\/2019\/07\/misa-svilija-blagdan-3-629x420.jpg 629w, https:\/\/likemetkovic.hr\/portal\/wp-content\/uploads\/2019\/07\/misa-svilija-blagdan-3.jpg 800w, https:\/\/likemetkovic.hr\/portal\/wp-content\/uploads\/2019\/07\/misa-svilija-blagdan-3-768x513.jpg 768w, https:\/\/likemetkovic.hr\/portal\/wp-content\/uploads\/2019\/07\/misa-svilija-blagdan-3-696x465.jpg 696w\" sizes=\"(max-width: 629px) 100vw, 629px\" alt=\"\">\r\n                            <\/a>\r\n                            \r\n                        <\/figure>\r\n                    <\/div>\r\n                    <div class = \"td-slide-item td-item4\">\r\n                        <figure class=\"td-slide-galery-figure td-slide-popup-gallery\">\r\n                            <a class=\"slide-gallery-image-link\" href=\"https:\/\/likemetkovic.hr\/portal\/wp-content\/uploads\/2019\/07\/misa-svilija-blagdan-4.jpg\" title=\"misa svilija blagdan (4)\"  data-caption=\"\"  data-description=\"\">\r\n                                <img decoding=\"async\" src=\"https:\/\/likemetkovic.hr\/portal\/wp-content\/uploads\/2019\/07\/misa-svilija-blagdan-4-629x420.jpg\" srcset=\"https:\/\/likemetkovic.hr\/portal\/wp-content\/uploads\/2019\/07\/misa-svilija-blagdan-4-629x420.jpg 629w, https:\/\/likemetkovic.hr\/portal\/wp-content\/uploads\/2019\/07\/misa-svilija-blagdan-4.jpg 800w, https:\/\/likemetkovic.hr\/portal\/wp-content\/uploads\/2019\/07\/misa-svilija-blagdan-4-768x513.jpg 768w, https:\/\/likemetkovic.hr\/portal\/wp-content\/uploads\/2019\/07\/misa-svilija-blagdan-4-696x465.jpg 696w\" sizes=\"(max-width: 629px) 100vw, 629px\" alt=\"\">\r\n                            <\/a>\r\n                            \r\n                        <\/figure>\r\n                    <\/div>\r\n                    <div class = \"td-slide-item td-item5\">\r\n                        <figure class=\"td-slide-galery-figure td-slide-popup-gallery\">\r\n                            <a class=\"slide-gallery-image-link\" href=\"https:\/\/likemetkovic.hr\/portal\/wp-content\/uploads\/2019\/07\/misa-svilija-blagdan-5.jpg\" title=\"misa svilija blagdan (5)\"  data-caption=\"\"  data-description=\"\">\r\n                                <img decoding=\"async\" src=\"https:\/\/likemetkovic.hr\/portal\/wp-content\/uploads\/2019\/07\/misa-svilija-blagdan-5-630x420.jpg\" srcset=\"https:\/\/likemetkovic.hr\/portal\/wp-content\/uploads\/2019\/07\/misa-svilija-blagdan-5-630x420.jpg 630w, https:\/\/likemetkovic.hr\/portal\/wp-content\/uploads\/2019\/07\/misa-svilija-blagdan-5.jpg 800w, https:\/\/likemetkovic.hr\/portal\/wp-content\/uploads\/2019\/07\/misa-svilija-blagdan-5-768x512.jpg 768w, https:\/\/likemetkovic.hr\/portal\/wp-content\/uploads\/2019\/07\/misa-svilija-blagdan-5-696x464.jpg 696w\" sizes=\"(max-width: 630px) 100vw, 630px\" alt=\"\">\r\n                            <\/a>\r\n                            \r\n                        <\/figure>\r\n                    <\/div>\r\n                            <\/div>\r\n                        <\/div>\r\n\r\n                        <div class = \"td-doubleSlider-2\">\r\n                            <div class = \"td-slider\">\r\n                                \r\n                    <div class = \"td-button td-item1\">\r\n                        <div class = \"td-border\"><\/div>\r\n                    <\/div>\r\n                    <div class = \"td-button td-item2\">\r\n                        <div class = \"td-border\"><\/div>\r\n                    <\/div>\r\n                    <div class = \"td-button td-item3\">\r\n                        <div class = \"td-border\"><\/div>\r\n                    <\/div>\r\n                    <div class = \"td-button td-item4\">\r\n                        <div class = \"td-border\"><\/div>\r\n                    <\/div>\r\n                    <div class = \"td-button td-item5\">\r\n                        <div class = \"td-border\"><\/div>\r\n                    <\/div>\r\n                            <\/div>\r\n                        <\/div>\r\n\r\n                    <\/div>\r\n\r\n                <\/div>\r\n                \n<p>Foto: Antonija Menalo<\/p>\n","protected":false},"excerpt":{"rendered":"<p>Sve\u010danom sv. misom jutros u 9 sati u Metkovi\u0107u je proslavljen blagdan sv. Ilije proroka, za\u0161titnika \u017eupe i grada. Bogoslu\u017eje je predvodio fra Zoran Kutle\u0161a, zamjenik provincijala splitske franjeva\u010dke Provincije Presvetoga Otkupitelja. U koncelebraciji su bili \u017eupnici iz cijele doline Neretve. Ranu misu za hodo\u010dasnike predvodio je don Mate Bre\u010di\u0107, duhovnik u Nadbiskupskom sjemeni\u0161tu u [&hellip;]<\/p>\n","protected":false},"author":9,"featured_media":85535,"comment_status":"open","ping_status":"open","sticky":false,"template":"","format":"standard","meta":{"footnotes":""},"categories":[296,27],"tags":[3524],"class_list":{"0":"post-85533","1":"post","2":"type-post","3":"status-publish","4":"format-standard","5":"has-post-thumbnail","7":"category-ab","8":"category-vjera-i-zivot","9":"tag-blagdan-sv-ilije"},"yoast_head":"<!-- This site is optimized with the Yoast SEO plugin v25.2 - https:\/\/yoast.com\/wordpress\/plugins\/seo\/ -->\n<title>Sve\u010danom sv. misom proslavljen blagdan sv. Ilije, za\u0161titnika \u017eupe i grada - likemetkovic.hr<\/title>\n<meta name=\"description\" content=\"Sve\u010danom sv. misom proslavljen blagdan sv. Ilije, za\u0161titnika \u017eupe i grada\" \/>\n<meta name=\"robots\" content=\"index, follow, max-snippet:-1, max-image-preview:large, max-video-preview:-1\" \/>\n<link rel=\"canonical\" href=\"https:\/\/likemetkovic.hr\/svecanom-sv-misom-proslavljen-blagdan-sv-ilije-zastitnika-zupe-i-grada\/\" \/>\n<meta property=\"og:locale\" content=\"hr_HR\" \/>\n<meta property=\"og:type\" content=\"article\" \/>\n<meta property=\"og:title\" content=\"Sve\u010danom sv. misom proslavljen blagdan sv. Ilije, za\u0161titnika \u017eupe i grada - likemetkovic.hr\" \/>\n<meta property=\"og:description\" content=\"Sve\u010danom sv. misom proslavljen blagdan sv. Ilije, za\u0161titnika \u017eupe i grada\" \/>\n<meta property=\"og:url\" content=\"https:\/\/likemetkovic.hr\/svecanom-sv-misom-proslavljen-blagdan-sv-ilije-zastitnika-zupe-i-grada\/\" \/>\n<meta property=\"og:site_name\" content=\"likemetkovic.hr\" \/>\n<meta property=\"article:publisher\" content=\"https:\/\/www.facebook.com\/likemetkovic.hr\/\" \/>\n<meta property=\"article:published_time\" content=\"2019-07-20T10:37:17+00:00\" \/>\n<meta property=\"article:modified_time\" content=\"2019-07-21T07:36:42+00:00\" \/>\n<meta property=\"og:image\" content=\"https:\/\/likemetkovic.hr\/wp-content\/uploads\/2019\/07\/misa-svilija-blagdan-2.jpg\" \/>\n\t<meta property=\"og:image:width\" content=\"800\" \/>\n\t<meta property=\"og:image:height\" content=\"534\" \/>\n\t<meta property=\"og:image:type\" content=\"image\/jpeg\" \/>\n<meta name=\"author\" content=\"K. J.\" \/>\n<meta name=\"twitter:card\" content=\"summary_large_image\" \/>\n<meta name=\"twitter:label1\" content=\"Napisao\/la\" \/>\n\t<meta name=\"twitter:data1\" content=\"K. J.\" \/>\n<script type=\"application\/ld+json\" class=\"yoast-schema-graph\">{\"@context\":\"https:\/\/schema.org\",\"@graph\":[{\"@type\":\"WebPage\",\"@id\":\"https:\/\/likemetkovic.hr\/svecanom-sv-misom-proslavljen-blagdan-sv-ilije-zastitnika-zupe-i-grada\/\",\"url\":\"https:\/\/likemetkovic.hr\/svecanom-sv-misom-proslavljen-blagdan-sv-ilije-zastitnika-zupe-i-grada\/\",\"name\":\"Sve\u010danom sv. misom proslavljen blagdan sv. Ilije, za\u0161titnika \u017eupe i grada - likemetkovic.hr\",\"isPartOf\":{\"@id\":\"https:\/\/likemetkovic.hr\/#website\"},\"primaryImageOfPage\":{\"@id\":\"https:\/\/likemetkovic.hr\/svecanom-sv-misom-proslavljen-blagdan-sv-ilije-zastitnika-zupe-i-grada\/#primaryimage\"},\"image\":{\"@id\":\"https:\/\/likemetkovic.hr\/svecanom-sv-misom-proslavljen-blagdan-sv-ilije-zastitnika-zupe-i-grada\/#primaryimage\"},\"thumbnailUrl\":\"https:\/\/likemetkovic.hr\/portal\/wp-content\/uploads\/2019\/07\/misa-svilija-blagdan-2.jpg\",\"datePublished\":\"2019-07-20T10:37:17+00:00\",\"dateModified\":\"2019-07-21T07:36:42+00:00\",\"author\":{\"@id\":\"https:\/\/likemetkovic.hr\/#\/schema\/person\/0a8b4ebfdfe1ff01192dccda40c5da0c\"},\"description\":\"Sve\u010danom sv. misom proslavljen blagdan sv. Ilije, za\u0161titnika \u017eupe i grada\",\"breadcrumb\":{\"@id\":\"https:\/\/likemetkovic.hr\/svecanom-sv-misom-proslavljen-blagdan-sv-ilije-zastitnika-zupe-i-grada\/#breadcrumb\"},\"inLanguage\":\"hr\",\"potentialAction\":[{\"@type\":\"ReadAction\",\"target\":[\"https:\/\/likemetkovic.hr\/svecanom-sv-misom-proslavljen-blagdan-sv-ilije-zastitnika-zupe-i-grada\/\"]}]},{\"@type\":\"ImageObject\",\"inLanguage\":\"hr\",\"@id\":\"https:\/\/likemetkovic.hr\/svecanom-sv-misom-proslavljen-blagdan-sv-ilije-zastitnika-zupe-i-grada\/#primaryimage\",\"url\":\"https:\/\/likemetkovic.hr\/portal\/wp-content\/uploads\/2019\/07\/misa-svilija-blagdan-2.jpg\",\"contentUrl\":\"https:\/\/likemetkovic.hr\/portal\/wp-content\/uploads\/2019\/07\/misa-svilija-blagdan-2.jpg\",\"width\":800,\"height\":534},{\"@type\":\"BreadcrumbList\",\"@id\":\"https:\/\/likemetkovic.hr\/svecanom-sv-misom-proslavljen-blagdan-sv-ilije-zastitnika-zupe-i-grada\/#breadcrumb\",\"itemListElement\":[{\"@type\":\"ListItem\",\"position\":1,\"name\":\"Po\u010detna stranica\",\"item\":\"https:\/\/likemetkovic.hr\/portal\/\"},{\"@type\":\"ListItem\",\"position\":2,\"name\":\"Sve\u010danom sv. misom proslavljen blagdan sv. Ilije, za\u0161titnika \u017eupe i grada\"}]},{\"@type\":\"WebSite\",\"@id\":\"https:\/\/likemetkovic.hr\/#website\",\"url\":\"https:\/\/likemetkovic.hr\/\",\"name\":\"likemetkovic.hr\",\"description\":\"Misli pozitivno... \u010ditaj LIKE\",\"potentialAction\":[{\"@type\":\"SearchAction\",\"target\":{\"@type\":\"EntryPoint\",\"urlTemplate\":\"https:\/\/likemetkovic.hr\/?s={search_term_string}\"},\"query-input\":{\"@type\":\"PropertyValueSpecification\",\"valueRequired\":true,\"valueName\":\"search_term_string\"}}],\"inLanguage\":\"hr\"},{\"@type\":\"Person\",\"@id\":\"https:\/\/likemetkovic.hr\/#\/schema\/person\/0a8b4ebfdfe1ff01192dccda40c5da0c\",\"name\":\"K. J.\",\"url\":\"https:\/\/likemetkovic.hr\/portal\/author\/likemetkovic\/\"}]}<\/script>\n<!-- \/ Yoast SEO plugin. -->","yoast_head_json":{"title":"Sve\u010danom sv. misom proslavljen blagdan sv. Ilije, za\u0161titnika \u017eupe i grada - likemetkovic.hr","description":"Sve\u010danom sv. misom proslavljen blagdan sv. Ilije, za\u0161titnika \u017eupe i grada","robots":{"index":"index","follow":"follow","max-snippet":"max-snippet:-1","max-image-preview":"max-image-preview:large","max-video-preview":"max-video-preview:-1"},"canonical":"https:\/\/likemetkovic.hr\/svecanom-sv-misom-proslavljen-blagdan-sv-ilije-zastitnika-zupe-i-grada\/","og_locale":"hr_HR","og_type":"article","og_title":"Sve\u010danom sv. misom proslavljen blagdan sv. Ilije, za\u0161titnika \u017eupe i grada - likemetkovic.hr","og_description":"Sve\u010danom sv. misom proslavljen blagdan sv. Ilije, za\u0161titnika \u017eupe i grada","og_url":"https:\/\/likemetkovic.hr\/svecanom-sv-misom-proslavljen-blagdan-sv-ilije-zastitnika-zupe-i-grada\/","og_site_name":"likemetkovic.hr","article_publisher":"https:\/\/www.facebook.com\/likemetkovic.hr\/","article_published_time":"2019-07-20T10:37:17+00:00","article_modified_time":"2019-07-21T07:36:42+00:00","og_image":[{"width":800,"height":534,"url":"https:\/\/likemetkovic.hr\/wp-content\/uploads\/2019\/07\/misa-svilija-blagdan-2.jpg","type":"image\/jpeg"}],"author":"K. J.","twitter_card":"summary_large_image","twitter_misc":{"Napisao\/la":"K. J."},"schema":{"@context":"https:\/\/schema.org","@graph":[{"@type":"WebPage","@id":"https:\/\/likemetkovic.hr\/svecanom-sv-misom-proslavljen-blagdan-sv-ilije-zastitnika-zupe-i-grada\/","url":"https:\/\/likemetkovic.hr\/svecanom-sv-misom-proslavljen-blagdan-sv-ilije-zastitnika-zupe-i-grada\/","name":"Sve\u010danom sv. misom proslavljen blagdan sv. Ilije, za\u0161titnika \u017eupe i grada - likemetkovic.hr","isPartOf":{"@id":"https:\/\/likemetkovic.hr\/#website"},"primaryImageOfPage":{"@id":"https:\/\/likemetkovic.hr\/svecanom-sv-misom-proslavljen-blagdan-sv-ilije-zastitnika-zupe-i-grada\/#primaryimage"},"image":{"@id":"https:\/\/likemetkovic.hr\/svecanom-sv-misom-proslavljen-blagdan-sv-ilije-zastitnika-zupe-i-grada\/#primaryimage"},"thumbnailUrl":"https:\/\/likemetkovic.hr\/portal\/wp-content\/uploads\/2019\/07\/misa-svilija-blagdan-2.jpg","datePublished":"2019-07-20T10:37:17+00:00","dateModified":"2019-07-21T07:36:42+00:00","author":{"@id":"https:\/\/likemetkovic.hr\/#\/schema\/person\/0a8b4ebfdfe1ff01192dccda40c5da0c"},"description":"Sve\u010danom sv. misom proslavljen blagdan sv. Ilije, za\u0161titnika \u017eupe i grada","breadcrumb":{"@id":"https:\/\/likemetkovic.hr\/svecanom-sv-misom-proslavljen-blagdan-sv-ilije-zastitnika-zupe-i-grada\/#breadcrumb"},"inLanguage":"hr","potentialAction":[{"@type":"ReadAction","target":["https:\/\/likemetkovic.hr\/svecanom-sv-misom-proslavljen-blagdan-sv-ilije-zastitnika-zupe-i-grada\/"]}]},{"@type":"ImageObject","inLanguage":"hr","@id":"https:\/\/likemetkovic.hr\/svecanom-sv-misom-proslavljen-blagdan-sv-ilije-zastitnika-zupe-i-grada\/#primaryimage","url":"https:\/\/likemetkovic.hr\/portal\/wp-content\/uploads\/2019\/07\/misa-svilija-blagdan-2.jpg","contentUrl":"https:\/\/likemetkovic.hr\/portal\/wp-content\/uploads\/2019\/07\/misa-svilija-blagdan-2.jpg","width":800,"height":534},{"@type":"BreadcrumbList","@id":"https:\/\/likemetkovic.hr\/svecanom-sv-misom-proslavljen-blagdan-sv-ilije-zastitnika-zupe-i-grada\/#breadcrumb","itemListElement":[{"@type":"ListItem","position":1,"name":"Po\u010detna stranica","item":"https:\/\/likemetkovic.hr\/portal\/"},{"@type":"ListItem","position":2,"name":"Sve\u010danom sv. misom proslavljen blagdan sv. Ilije, za\u0161titnika \u017eupe i grada"}]},{"@type":"WebSite","@id":"https:\/\/likemetkovic.hr\/#website","url":"https:\/\/likemetkovic.hr\/","name":"likemetkovic.hr","description":"Misli pozitivno... \u010ditaj LIKE","potentialAction":[{"@type":"SearchAction","target":{"@type":"EntryPoint","urlTemplate":"https:\/\/likemetkovic.hr\/?s={search_term_string}"},"query-input":{"@type":"PropertyValueSpecification","valueRequired":true,"valueName":"search_term_string"}}],"inLanguage":"hr"},{"@type":"Person","@id":"https:\/\/likemetkovic.hr\/#\/schema\/person\/0a8b4ebfdfe1ff01192dccda40c5da0c","name":"K. J.","url":"https:\/\/likemetkovic.hr\/portal\/author\/likemetkovic\/"}]}},"_links":{"self":[{"href":"https:\/\/likemetkovic.hr\/portal\/wp-json\/wp\/v2\/posts\/85533","targetHints":{"allow":["GET"]}}],"collection":[{"href":"https:\/\/likemetkovic.hr\/portal\/wp-json\/wp\/v2\/posts"}],"about":[{"href":"https:\/\/likemetkovic.hr\/portal\/wp-json\/wp\/v2\/types\/post"}],"author":[{"embeddable":true,"href":"https:\/\/likemetkovic.hr\/portal\/wp-json\/wp\/v2\/users\/9"}],"replies":[{"embeddable":true,"href":"https:\/\/likemetkovic.hr\/portal\/wp-json\/wp\/v2\/comments?post=85533"}],"version-history":[{"count":0,"href":"https:\/\/likemetkovic.hr\/portal\/wp-json\/wp\/v2\/posts\/85533\/revisions"}],"wp:featuredmedia":[{"embeddable":true,"href":"https:\/\/likemetkovic.hr\/portal\/wp-json\/wp\/v2\/media\/85535"}],"wp:attachment":[{"href":"https:\/\/likemetkovic.hr\/portal\/wp-json\/wp\/v2\/media?parent=85533"}],"wp:term":[{"taxonomy":"category","embeddable":true,"href":"https:\/\/likemetkovic.hr\/portal\/wp-json\/wp\/v2\/categories?post=85533"},{"taxonomy":"post_tag","embeddable":true,"href":"https:\/\/likemetkovic.hr\/portal\/wp-json\/wp\/v2\/tags?post=85533"}],"curies":[{"name":"wp","href":"https:\/\/api.w.org\/{rel}","templated":true}]}}