{"id":8701,"date":"2015-08-23T17:06:03","date_gmt":"2015-08-23T15:06:03","guid":{"rendered":"http:\/\/likemetkovic.hr\/?p=8701"},"modified":"2015-08-23T17:06:03","modified_gmt":"2015-08-23T15:06:03","slug":"prva-nedjeljna-misa-don-ivana-bezine-u-vidu","status":"publish","type":"post","link":"https:\/\/likemetkovic.hr\/portal\/prva-nedjeljna-misa-don-ivana-bezine-u-vidu\/","title":{"rendered":"Prva nedjeljna misa don Ivana Bezine u Vidu"},"content":{"rendered":"<p align=\"justify\">U crkvi Gospe od Snijega u Vidu svoju prvu nedjeljnu misu pred \u017eupljanima imao je na\u0161 novi \u017eupnik don Ivo Bezina. Svetu misu don Ivo je odr\u017eao u koncelebraciji sa dvojicom ro\u0111enih vidonjaca don Nedjeljkom i don Ivanom Ke\u0161ina. Na kraju svete mise, don Nedjeljko je \u017eupljanima predstavio novog \u017eupnika a u svom obra\u0107anju \u017eupljanima don Ivo je zamolio da mu <i>daju malo vremena da upozna obi\u010daje i ljude u \u017eupi, a ako se i dogodi koja gre\u0161ka da mu ne zamjerimo na tome<\/i>.<\/p>\n<p align=\"justify\"><strong><span style=\"font-size: small;\">Don Ivo Bezina<\/span><\/strong><span style=\"font-size: small;\">, ro\u0111en je 1986.godine u \u017eupi sv. Ante Padovanskoga \u2013 Prugovo (Prugovo je mjesto u sastavu op\u0107ine Klis, od kojeg je udaljeno oko 15 km uz cestu koja od Klisa vodi prema Drni\u0161u i Kninu. Po popisu iz 2011.godine Prugovo je imalo 555 stanovnika). Don Ivo <a href=\"http:\/\/www.slobodnadalmacija.hr\/Split-%C5%BEupanija\/tabid\/76\/articleType\/ArticleView\/articleId\/249604\/Default.aspx\" target=\"_blank\">svoju mladu misu<\/a> imao je u Prugovu pro\u0161le godine a do\u00a0 dolaska u na\u0161u \u017eupu bio je \u017eupni vikar \u017eupe sv. Andrije na splitskom Su\u0107idru.<\/span><\/p>\n<p align=\"justify\">izvor i slike:\u00a0<a href=\"http:\/\/www.vid.hr\/\" target=\"_blank\">http:\/\/www.vid.hr\/<\/a><\/p>\n","protected":false},"excerpt":{"rendered":"<p>U crkvi Gospe od Snijega u Vidu svoju prvu nedjeljnu misu pred \u017eupljanima imao je na\u0161 novi \u017eupnik don Ivo Bezina. Svetu misu don Ivo je odr\u017eao u koncelebraciji sa dvojicom ro\u0111enih vidonjaca don Nedjeljkom i don Ivanom Ke\u0161ina. Na kraju svete mise, don Nedjeljko je \u017eupljanima predstavio novog \u017eupnika a u svom obra\u0107anju \u017eupljanima [&hellip;]<\/p>\n","protected":false},"author":7,"featured_media":8702,"comment_status":"closed","ping_status":"closed","sticky":false,"template":"","format":"standard","meta":{"footnotes":""},"categories":[27],"tags":[],"class_list":{"0":"post-8701","1":"post","2":"type-post","3":"status-publish","4":"format-standard","5":"has-post-thumbnail","7":"category-vjera-i-zivot"},"yoast_head":"<!-- This site is optimized with the Yoast SEO plugin v25.2 - https:\/\/yoast.com\/wordpress\/plugins\/seo\/ -->\n<title>Prva nedjeljna misa don Ivana Bezine u Vidu<\/title>\n<meta name=\"robots\" content=\"index, follow, max-snippet:-1, max-image-preview:large, max-video-preview:-1\" \/>\n<link rel=\"canonical\" href=\"https:\/\/likemetkovic.hr\/prva-nedjeljna-misa-don-ivana-bezine-u-vidu\/\" \/>\n<meta property=\"og:locale\" content=\"hr_HR\" \/>\n<meta property=\"og:type\" content=\"article\" \/>\n<meta property=\"og:title\" content=\"Prva nedjeljna misa don Ivana Bezine u Vidu\" \/>\n<meta property=\"og:description\" content=\"U crkvi Gospe od Snijega u Vidu svoju prvu nedjeljnu misu pred \u017eupljanima imao je na\u0161 novi \u017eupnik don Ivo Bezina. Svetu misu don Ivo je odr\u017eao u koncelebraciji sa dvojicom ro\u0111enih vidonjaca don Nedjeljkom i don Ivanom Ke\u0161ina. Na kraju svete mise, don Nedjeljko je \u017eupljanima predstavio novog \u017eupnika a u svom obra\u0107anju \u017eupljanima [&hellip;]\" \/>\n<meta property=\"og:url\" content=\"https:\/\/likemetkovic.hr\/prva-nedjeljna-misa-don-ivana-bezine-u-vidu\/\" \/>\n<meta property=\"og:site_name\" content=\"likemetkovic.hr\" \/>\n<meta property=\"article:publisher\" content=\"https:\/\/www.facebook.com\/likemetkovic.hr\/\" \/>\n<meta property=\"article:published_time\" content=\"2015-08-23T15:06:03+00:00\" \/>\n<meta property=\"og:image\" content=\"https:\/\/likemetkovic.hr\/wp-content\/uploads\/2015\/08\/don-ivo-bezina-1.jpg\" \/>\n\t<meta property=\"og:image:width\" content=\"800\" \/>\n\t<meta property=\"og:image:height\" content=\"532\" \/>\n\t<meta property=\"og:image:type\" content=\"image\/jpeg\" \/>\n<meta name=\"author\" content=\"LIKEmetkovic.hr\" \/>\n<meta name=\"twitter:card\" content=\"summary_large_image\" \/>\n<meta name=\"twitter:label1\" content=\"Napisao\/la\" \/>\n\t<meta name=\"twitter:data1\" content=\"LIKEmetkovic.hr\" \/>\n\t<meta name=\"twitter:label2\" content=\"Procijenjeno vrijeme \u010ditanja\" \/>\n\t<meta name=\"twitter:data2\" content=\"1 minuta\" \/>\n<script type=\"application\/ld+json\" class=\"yoast-schema-graph\">{\"@context\":\"https:\/\/schema.org\",\"@graph\":[{\"@type\":\"WebPage\",\"@id\":\"https:\/\/likemetkovic.hr\/prva-nedjeljna-misa-don-ivana-bezine-u-vidu\/\",\"url\":\"https:\/\/likemetkovic.hr\/prva-nedjeljna-misa-don-ivana-bezine-u-vidu\/\",\"name\":\"Prva nedjeljna misa don Ivana Bezine u Vidu\",\"isPartOf\":{\"@id\":\"https:\/\/likemetkovic.hr\/#website\"},\"primaryImageOfPage\":{\"@id\":\"https:\/\/likemetkovic.hr\/prva-nedjeljna-misa-don-ivana-bezine-u-vidu\/#primaryimage\"},\"image\":{\"@id\":\"https:\/\/likemetkovic.hr\/prva-nedjeljna-misa-don-ivana-bezine-u-vidu\/#primaryimage\"},\"thumbnailUrl\":\"https:\/\/likemetkovic.hr\/portal\/wp-content\/uploads\/2015\/08\/don-ivo-bezina-1.jpg\",\"datePublished\":\"2015-08-23T15:06:03+00:00\",\"author\":{\"@id\":\"https:\/\/likemetkovic.hr\/#\/schema\/person\/a42711f3385a0e2be6f7e0443bfb28f0\"},\"breadcrumb\":{\"@id\":\"https:\/\/likemetkovic.hr\/prva-nedjeljna-misa-don-ivana-bezine-u-vidu\/#breadcrumb\"},\"inLanguage\":\"hr\",\"potentialAction\":[{\"@type\":\"ReadAction\",\"target\":[\"https:\/\/likemetkovic.hr\/prva-nedjeljna-misa-don-ivana-bezine-u-vidu\/\"]}]},{\"@type\":\"ImageObject\",\"inLanguage\":\"hr\",\"@id\":\"https:\/\/likemetkovic.hr\/prva-nedjeljna-misa-don-ivana-bezine-u-vidu\/#primaryimage\",\"url\":\"https:\/\/likemetkovic.hr\/portal\/wp-content\/uploads\/2015\/08\/don-ivo-bezina-1.jpg\",\"contentUrl\":\"https:\/\/likemetkovic.hr\/portal\/wp-content\/uploads\/2015\/08\/don-ivo-bezina-1.jpg\",\"width\":800,\"height\":532},{\"@type\":\"BreadcrumbList\",\"@id\":\"https:\/\/likemetkovic.hr\/prva-nedjeljna-misa-don-ivana-bezine-u-vidu\/#breadcrumb\",\"itemListElement\":[{\"@type\":\"ListItem\",\"position\":1,\"name\":\"Po\u010detna stranica\",\"item\":\"https:\/\/likemetkovic.hr\/portal\/\"},{\"@type\":\"ListItem\",\"position\":2,\"name\":\"Prva nedjeljna misa don Ivana Bezine u Vidu\"}]},{\"@type\":\"WebSite\",\"@id\":\"https:\/\/likemetkovic.hr\/#website\",\"url\":\"https:\/\/likemetkovic.hr\/\",\"name\":\"likemetkovic.hr\",\"description\":\"Misli pozitivno... \u010ditaj LIKE\",\"potentialAction\":[{\"@type\":\"SearchAction\",\"target\":{\"@type\":\"EntryPoint\",\"urlTemplate\":\"https:\/\/likemetkovic.hr\/?s={search_term_string}\"},\"query-input\":{\"@type\":\"PropertyValueSpecification\",\"valueRequired\":true,\"valueName\":\"search_term_string\"}}],\"inLanguage\":\"hr\"},{\"@type\":\"Person\",\"@id\":\"https:\/\/likemetkovic.hr\/#\/schema\/person\/a42711f3385a0e2be6f7e0443bfb28f0\",\"name\":\"LIKEmetkovic.hr\",\"sameAs\":[\"http:\/\/likemetkovic.hr\"],\"url\":\"https:\/\/likemetkovic.hr\/portal\/author\/likemetkovic-hr\/\"}]}<\/script>\n<!-- \/ Yoast SEO plugin. -->","yoast_head_json":{"title":"Prva nedjeljna misa don Ivana Bezine u Vidu","robots":{"index":"index","follow":"follow","max-snippet":"max-snippet:-1","max-image-preview":"max-image-preview:large","max-video-preview":"max-video-preview:-1"},"canonical":"https:\/\/likemetkovic.hr\/prva-nedjeljna-misa-don-ivana-bezine-u-vidu\/","og_locale":"hr_HR","og_type":"article","og_title":"Prva nedjeljna misa don Ivana Bezine u Vidu","og_description":"U crkvi Gospe od Snijega u Vidu svoju prvu nedjeljnu misu pred \u017eupljanima imao je na\u0161 novi \u017eupnik don Ivo Bezina. Svetu misu don Ivo je odr\u017eao u koncelebraciji sa dvojicom ro\u0111enih vidonjaca don Nedjeljkom i don Ivanom Ke\u0161ina. Na kraju svete mise, don Nedjeljko je \u017eupljanima predstavio novog \u017eupnika a u svom obra\u0107anju \u017eupljanima [&hellip;]","og_url":"https:\/\/likemetkovic.hr\/prva-nedjeljna-misa-don-ivana-bezine-u-vidu\/","og_site_name":"likemetkovic.hr","article_publisher":"https:\/\/www.facebook.com\/likemetkovic.hr\/","article_published_time":"2015-08-23T15:06:03+00:00","og_image":[{"width":800,"height":532,"url":"https:\/\/likemetkovic.hr\/wp-content\/uploads\/2015\/08\/don-ivo-bezina-1.jpg","type":"image\/jpeg"}],"author":"LIKEmetkovic.hr","twitter_card":"summary_large_image","twitter_misc":{"Napisao\/la":"LIKEmetkovic.hr","Procijenjeno vrijeme \u010ditanja":"1 minuta"},"schema":{"@context":"https:\/\/schema.org","@graph":[{"@type":"WebPage","@id":"https:\/\/likemetkovic.hr\/prva-nedjeljna-misa-don-ivana-bezine-u-vidu\/","url":"https:\/\/likemetkovic.hr\/prva-nedjeljna-misa-don-ivana-bezine-u-vidu\/","name":"Prva nedjeljna misa don Ivana Bezine u Vidu","isPartOf":{"@id":"https:\/\/likemetkovic.hr\/#website"},"primaryImageOfPage":{"@id":"https:\/\/likemetkovic.hr\/prva-nedjeljna-misa-don-ivana-bezine-u-vidu\/#primaryimage"},"image":{"@id":"https:\/\/likemetkovic.hr\/prva-nedjeljna-misa-don-ivana-bezine-u-vidu\/#primaryimage"},"thumbnailUrl":"https:\/\/likemetkovic.hr\/portal\/wp-content\/uploads\/2015\/08\/don-ivo-bezina-1.jpg","datePublished":"2015-08-23T15:06:03+00:00","author":{"@id":"https:\/\/likemetkovic.hr\/#\/schema\/person\/a42711f3385a0e2be6f7e0443bfb28f0"},"breadcrumb":{"@id":"https:\/\/likemetkovic.hr\/prva-nedjeljna-misa-don-ivana-bezine-u-vidu\/#breadcrumb"},"inLanguage":"hr","potentialAction":[{"@type":"ReadAction","target":["https:\/\/likemetkovic.hr\/prva-nedjeljna-misa-don-ivana-bezine-u-vidu\/"]}]},{"@type":"ImageObject","inLanguage":"hr","@id":"https:\/\/likemetkovic.hr\/prva-nedjeljna-misa-don-ivana-bezine-u-vidu\/#primaryimage","url":"https:\/\/likemetkovic.hr\/portal\/wp-content\/uploads\/2015\/08\/don-ivo-bezina-1.jpg","contentUrl":"https:\/\/likemetkovic.hr\/portal\/wp-content\/uploads\/2015\/08\/don-ivo-bezina-1.jpg","width":800,"height":532},{"@type":"BreadcrumbList","@id":"https:\/\/likemetkovic.hr\/prva-nedjeljna-misa-don-ivana-bezine-u-vidu\/#breadcrumb","itemListElement":[{"@type":"ListItem","position":1,"name":"Po\u010detna stranica","item":"https:\/\/likemetkovic.hr\/portal\/"},{"@type":"ListItem","position":2,"name":"Prva nedjeljna misa don Ivana Bezine u Vidu"}]},{"@type":"WebSite","@id":"https:\/\/likemetkovic.hr\/#website","url":"https:\/\/likemetkovic.hr\/","name":"likemetkovic.hr","description":"Misli pozitivno... \u010ditaj LIKE","potentialAction":[{"@type":"SearchAction","target":{"@type":"EntryPoint","urlTemplate":"https:\/\/likemetkovic.hr\/?s={search_term_string}"},"query-input":{"@type":"PropertyValueSpecification","valueRequired":true,"valueName":"search_term_string"}}],"inLanguage":"hr"},{"@type":"Person","@id":"https:\/\/likemetkovic.hr\/#\/schema\/person\/a42711f3385a0e2be6f7e0443bfb28f0","name":"LIKEmetkovic.hr","sameAs":["http:\/\/likemetkovic.hr"],"url":"https:\/\/likemetkovic.hr\/portal\/author\/likemetkovic-hr\/"}]}},"_links":{"self":[{"href":"https:\/\/likemetkovic.hr\/portal\/wp-json\/wp\/v2\/posts\/8701","targetHints":{"allow":["GET"]}}],"collection":[{"href":"https:\/\/likemetkovic.hr\/portal\/wp-json\/wp\/v2\/posts"}],"about":[{"href":"https:\/\/likemetkovic.hr\/portal\/wp-json\/wp\/v2\/types\/post"}],"author":[{"embeddable":true,"href":"https:\/\/likemetkovic.hr\/portal\/wp-json\/wp\/v2\/users\/7"}],"replies":[{"embeddable":true,"href":"https:\/\/likemetkovic.hr\/portal\/wp-json\/wp\/v2\/comments?post=8701"}],"version-history":[{"count":0,"href":"https:\/\/likemetkovic.hr\/portal\/wp-json\/wp\/v2\/posts\/8701\/revisions"}],"wp:featuredmedia":[{"embeddable":true,"href":"https:\/\/likemetkovic.hr\/portal\/wp-json\/wp\/v2\/media\/8702"}],"wp:attachment":[{"href":"https:\/\/likemetkovic.hr\/portal\/wp-json\/wp\/v2\/media?parent=8701"}],"wp:term":[{"taxonomy":"category","embeddable":true,"href":"https:\/\/likemetkovic.hr\/portal\/wp-json\/wp\/v2\/categories?post=8701"},{"taxonomy":"post_tag","embeddable":true,"href":"https:\/\/likemetkovic.hr\/portal\/wp-json\/wp\/v2\/tags?post=8701"}],"curies":[{"name":"wp","href":"https:\/\/api.w.org\/{rel}","templated":true}]}}