{"id":8750,"date":"2015-08-25T00:16:52","date_gmt":"2015-08-24T22:16:52","guid":{"rendered":"http:\/\/likemetkovic.hr\/?p=8750"},"modified":"2015-08-25T00:45:38","modified_gmt":"2015-08-24T22:45:38","slug":"vk-neretvanski-gusar-na-dvije-regate-ivan-puljic-prvi-osmerac-treci","status":"publish","type":"post","link":"https:\/\/likemetkovic.hr\/portal\/vk-neretvanski-gusar-na-dvije-regate-ivan-puljic-prvi-osmerac-treci\/","title":{"rendered":"VK Neretvanski gusar na dvije regate: Ivan Pulji\u0107 prvi, osmerac tre\u0107i!"},"content":{"rendered":"<p>U organizaciji vesla\u010dkog kluba Rama, vesla\u010dkog saveza Zagreb i op\u0107ine Prozor-Rama, 22. kolovoza 2015. na Ramskom jezeru odr\u017eana je 3. vesla\u010dka regata \u201eLake to Lake &#8211; Green Tourism 2015\u201c. Na regati, koja je ove godine najbrojnija po broju natjecatelja, nastupilo je pet vesla\u010dkih klubova: Iktus iz Osijeka, Croatia iz Zagreba, Nova iz Zagreba, Neretvanski gusar i Rama (BiH) te hrvatski r<span class=\"text_exposed_show\">eprezentativci Marcela Milo\u0161evi\u0107, Damir Martin, David \u0160ain i Mario Veki\u0107. Odli\u010dan rezultat izveslao je na\u0161 skifist Ivan Pulji\u0107 koji je osvojio 1. mjesto ispred dva skifista vesla\u010dkog kluba Iktus iz Osijeka, dva skifista vesla\u010dkog kluba Croatia iz Zagreba i skifista vesla\u010dkog kluba Rama (BiH). To je dobra potvrda njegovih ljetnih priprema i dodatna motivacija za nadolaze\u0107e prenstvo Hrvatske koje se odr\u017eava u Zagrebu po\u010detkom listopada. Ivan je uz svog klubskog kolegu Marina Kre\u0161i\u0107a tako\u0111er dio priprema odradio na Ramskom jezeru neposredno prije ove regate, gdje su nekoliko dana boravili uz najbolje Hrvatske vesla\u010de, izme\u0111u ostaloga i Damira Martina, Europskog prvaka u skifu. Vjerujemo da je Damir jo\u0161 vi\u0161e motivirao na\u0161eg Ivana uz nekoliko dobrih savjeta, \u0161to je zapravo i cilj ovog ljetnog kampa, zbog \u010dega je vrijedilo nazo\u010diti pripremama i samoj regati. Na Ramskom jezeru svoje vesla\u010dke pripreme odradila je i na\u0161a Metkovka Katarina Vu\u010dina (VK Croatia), koja je dio priprema tijekom ljetnih mjeseci odradila u na\u0161em klubu.<br \/>\nDok su mla\u0111i nara\u0161taji za vikend boravili u BiH, stariji dio vesla\u010da je u subotu sudjelovao na \u010detvrtom izdanju Jadranovog vesla\u010dkog dvoboja osmeraca na regatnoj stazi u Zadarskim Jazinama. Na\u0161i de\u010dki su u osmercu u kategoriji Masters C osvojili 3. mjesto, kojeg su izborili u repasa\u017eu u utrci protiv posade vesla\u010da splitkog Mornara.<br \/>\nU rujnu predstoji 6. Kup regata VSD \u2013 Memorijal Perica Vla\u0161i\u0107 i XII. Vukovarski me\u0111unarodni vesla\u010dki maraton 2015. a po\u010detkom listopada kao \u0161to je spomenuto u Zagrebu Hrvatsko vesla\u010dko prvenstvo te u Dubrovniku Me\u0111unarodna regata Semper Primus.<\/span><\/p>\n","protected":false},"excerpt":{"rendered":"<p>U organizaciji vesla\u010dkog kluba Rama, vesla\u010dkog saveza Zagreb i op\u0107ine Prozor-Rama, 22. kolovoza 2015. na Ramskom jezeru odr\u017eana je 3. vesla\u010dka regata \u201eLake to Lake &#8211; Green Tourism 2015\u201c. Na regati, koja je ove godine najbrojnija po broju natjecatelja, nastupilo je pet vesla\u010dkih klubova: Iktus iz Osijeka, Croatia iz Zagreba, Nova iz Zagreba, Neretvanski gusar [&hellip;]<\/p>\n","protected":false},"author":7,"featured_media":8754,"comment_status":"closed","ping_status":"closed","sticky":false,"template":"","format":"standard","meta":{"footnotes":""},"categories":[35],"tags":[],"class_list":{"0":"post-8750","1":"post","2":"type-post","3":"status-publish","4":"format-standard","5":"has-post-thumbnail","7":"category-veslanje"},"yoast_head":"<!-- This site is optimized with the Yoast SEO plugin v25.2 - https:\/\/yoast.com\/wordpress\/plugins\/seo\/ -->\n<title>VK Neretvanski gusar na dvije regate: Ivan Pulji\u0107 prvi, osmerac tre\u0107i!<\/title>\n<meta name=\"robots\" content=\"index, follow, max-snippet:-1, max-image-preview:large, max-video-preview:-1\" \/>\n<link rel=\"canonical\" href=\"https:\/\/likemetkovic.hr\/vk-neretvanski-gusar-na-dvije-regate-ivan-puljic-prvi-osmerac-treci\/\" \/>\n<meta property=\"og:locale\" content=\"hr_HR\" \/>\n<meta property=\"og:type\" content=\"article\" \/>\n<meta property=\"og:title\" content=\"VK Neretvanski gusar na dvije regate: Ivan Pulji\u0107 prvi, osmerac tre\u0107i!\" \/>\n<meta property=\"og:description\" content=\"U organizaciji vesla\u010dkog kluba Rama, vesla\u010dkog saveza Zagreb i op\u0107ine Prozor-Rama, 22. kolovoza 2015. na Ramskom jezeru odr\u017eana je 3. vesla\u010dka regata \u201eLake to Lake &#8211; Green Tourism 2015\u201c. Na regati, koja je ove godine najbrojnija po broju natjecatelja, nastupilo je pet vesla\u010dkih klubova: Iktus iz Osijeka, Croatia iz Zagreba, Nova iz Zagreba, Neretvanski gusar [&hellip;]\" \/>\n<meta property=\"og:url\" content=\"https:\/\/likemetkovic.hr\/vk-neretvanski-gusar-na-dvije-regate-ivan-puljic-prvi-osmerac-treci\/\" \/>\n<meta property=\"og:site_name\" content=\"likemetkovic.hr\" \/>\n<meta property=\"article:publisher\" content=\"https:\/\/www.facebook.com\/likemetkovic.hr\/\" \/>\n<meta property=\"article:published_time\" content=\"2015-08-24T22:16:52+00:00\" \/>\n<meta property=\"article:modified_time\" content=\"2015-08-24T22:45:38+00:00\" \/>\n<meta property=\"og:image\" content=\"https:\/\/likemetkovic.hr\/wp-content\/uploads\/2015\/08\/neretvanski-gusar.jpg\" \/>\n\t<meta property=\"og:image:width\" content=\"800\" \/>\n\t<meta property=\"og:image:height\" content=\"447\" \/>\n\t<meta property=\"og:image:type\" content=\"image\/jpeg\" \/>\n<meta name=\"author\" content=\"LIKEmetkovic.hr\" \/>\n<meta name=\"twitter:card\" content=\"summary_large_image\" \/>\n<meta name=\"twitter:label1\" content=\"Napisao\/la\" \/>\n\t<meta name=\"twitter:data1\" content=\"LIKEmetkovic.hr\" \/>\n\t<meta name=\"twitter:label2\" content=\"Procijenjeno vrijeme \u010ditanja\" \/>\n\t<meta name=\"twitter:data2\" content=\"2 minute\" \/>\n<script type=\"application\/ld+json\" class=\"yoast-schema-graph\">{\"@context\":\"https:\/\/schema.org\",\"@graph\":[{\"@type\":\"WebPage\",\"@id\":\"https:\/\/likemetkovic.hr\/vk-neretvanski-gusar-na-dvije-regate-ivan-puljic-prvi-osmerac-treci\/\",\"url\":\"https:\/\/likemetkovic.hr\/vk-neretvanski-gusar-na-dvije-regate-ivan-puljic-prvi-osmerac-treci\/\",\"name\":\"VK Neretvanski gusar na dvije regate: Ivan Pulji\u0107 prvi, osmerac tre\u0107i!\",\"isPartOf\":{\"@id\":\"https:\/\/likemetkovic.hr\/#website\"},\"primaryImageOfPage\":{\"@id\":\"https:\/\/likemetkovic.hr\/vk-neretvanski-gusar-na-dvije-regate-ivan-puljic-prvi-osmerac-treci\/#primaryimage\"},\"image\":{\"@id\":\"https:\/\/likemetkovic.hr\/vk-neretvanski-gusar-na-dvije-regate-ivan-puljic-prvi-osmerac-treci\/#primaryimage\"},\"thumbnailUrl\":\"https:\/\/likemetkovic.hr\/portal\/wp-content\/uploads\/2015\/08\/neretvanski-gusar.jpg\",\"datePublished\":\"2015-08-24T22:16:52+00:00\",\"dateModified\":\"2015-08-24T22:45:38+00:00\",\"author\":{\"@id\":\"https:\/\/likemetkovic.hr\/#\/schema\/person\/a42711f3385a0e2be6f7e0443bfb28f0\"},\"breadcrumb\":{\"@id\":\"https:\/\/likemetkovic.hr\/vk-neretvanski-gusar-na-dvije-regate-ivan-puljic-prvi-osmerac-treci\/#breadcrumb\"},\"inLanguage\":\"hr\",\"potentialAction\":[{\"@type\":\"ReadAction\",\"target\":[\"https:\/\/likemetkovic.hr\/vk-neretvanski-gusar-na-dvije-regate-ivan-puljic-prvi-osmerac-treci\/\"]}]},{\"@type\":\"ImageObject\",\"inLanguage\":\"hr\",\"@id\":\"https:\/\/likemetkovic.hr\/vk-neretvanski-gusar-na-dvije-regate-ivan-puljic-prvi-osmerac-treci\/#primaryimage\",\"url\":\"https:\/\/likemetkovic.hr\/portal\/wp-content\/uploads\/2015\/08\/neretvanski-gusar.jpg\",\"contentUrl\":\"https:\/\/likemetkovic.hr\/portal\/wp-content\/uploads\/2015\/08\/neretvanski-gusar.jpg\",\"width\":800,\"height\":447},{\"@type\":\"BreadcrumbList\",\"@id\":\"https:\/\/likemetkovic.hr\/vk-neretvanski-gusar-na-dvije-regate-ivan-puljic-prvi-osmerac-treci\/#breadcrumb\",\"itemListElement\":[{\"@type\":\"ListItem\",\"position\":1,\"name\":\"Po\u010detna stranica\",\"item\":\"https:\/\/likemetkovic.hr\/portal\/\"},{\"@type\":\"ListItem\",\"position\":2,\"name\":\"VK Neretvanski gusar na dvije regate: Ivan Pulji\u0107 prvi, osmerac tre\u0107i!\"}]},{\"@type\":\"WebSite\",\"@id\":\"https:\/\/likemetkovic.hr\/#website\",\"url\":\"https:\/\/likemetkovic.hr\/\",\"name\":\"likemetkovic.hr\",\"description\":\"Misli pozitivno... \u010ditaj LIKE\",\"potentialAction\":[{\"@type\":\"SearchAction\",\"target\":{\"@type\":\"EntryPoint\",\"urlTemplate\":\"https:\/\/likemetkovic.hr\/?s={search_term_string}\"},\"query-input\":{\"@type\":\"PropertyValueSpecification\",\"valueRequired\":true,\"valueName\":\"search_term_string\"}}],\"inLanguage\":\"hr\"},{\"@type\":\"Person\",\"@id\":\"https:\/\/likemetkovic.hr\/#\/schema\/person\/a42711f3385a0e2be6f7e0443bfb28f0\",\"name\":\"LIKEmetkovic.hr\",\"sameAs\":[\"http:\/\/likemetkovic.hr\"],\"url\":\"https:\/\/likemetkovic.hr\/portal\/author\/likemetkovic-hr\/\"}]}<\/script>\n<!-- \/ Yoast SEO plugin. -->","yoast_head_json":{"title":"VK Neretvanski gusar na dvije regate: Ivan Pulji\u0107 prvi, osmerac tre\u0107i!","robots":{"index":"index","follow":"follow","max-snippet":"max-snippet:-1","max-image-preview":"max-image-preview:large","max-video-preview":"max-video-preview:-1"},"canonical":"https:\/\/likemetkovic.hr\/vk-neretvanski-gusar-na-dvije-regate-ivan-puljic-prvi-osmerac-treci\/","og_locale":"hr_HR","og_type":"article","og_title":"VK Neretvanski gusar na dvije regate: Ivan Pulji\u0107 prvi, osmerac tre\u0107i!","og_description":"U organizaciji vesla\u010dkog kluba Rama, vesla\u010dkog saveza Zagreb i op\u0107ine Prozor-Rama, 22. kolovoza 2015. na Ramskom jezeru odr\u017eana je 3. vesla\u010dka regata \u201eLake to Lake &#8211; Green Tourism 2015\u201c. Na regati, koja je ove godine najbrojnija po broju natjecatelja, nastupilo je pet vesla\u010dkih klubova: Iktus iz Osijeka, Croatia iz Zagreba, Nova iz Zagreba, Neretvanski gusar [&hellip;]","og_url":"https:\/\/likemetkovic.hr\/vk-neretvanski-gusar-na-dvije-regate-ivan-puljic-prvi-osmerac-treci\/","og_site_name":"likemetkovic.hr","article_publisher":"https:\/\/www.facebook.com\/likemetkovic.hr\/","article_published_time":"2015-08-24T22:16:52+00:00","article_modified_time":"2015-08-24T22:45:38+00:00","og_image":[{"width":800,"height":447,"url":"https:\/\/likemetkovic.hr\/wp-content\/uploads\/2015\/08\/neretvanski-gusar.jpg","type":"image\/jpeg"}],"author":"LIKEmetkovic.hr","twitter_card":"summary_large_image","twitter_misc":{"Napisao\/la":"LIKEmetkovic.hr","Procijenjeno vrijeme \u010ditanja":"2 minute"},"schema":{"@context":"https:\/\/schema.org","@graph":[{"@type":"WebPage","@id":"https:\/\/likemetkovic.hr\/vk-neretvanski-gusar-na-dvije-regate-ivan-puljic-prvi-osmerac-treci\/","url":"https:\/\/likemetkovic.hr\/vk-neretvanski-gusar-na-dvije-regate-ivan-puljic-prvi-osmerac-treci\/","name":"VK Neretvanski gusar na dvije regate: Ivan Pulji\u0107 prvi, osmerac tre\u0107i!","isPartOf":{"@id":"https:\/\/likemetkovic.hr\/#website"},"primaryImageOfPage":{"@id":"https:\/\/likemetkovic.hr\/vk-neretvanski-gusar-na-dvije-regate-ivan-puljic-prvi-osmerac-treci\/#primaryimage"},"image":{"@id":"https:\/\/likemetkovic.hr\/vk-neretvanski-gusar-na-dvije-regate-ivan-puljic-prvi-osmerac-treci\/#primaryimage"},"thumbnailUrl":"https:\/\/likemetkovic.hr\/portal\/wp-content\/uploads\/2015\/08\/neretvanski-gusar.jpg","datePublished":"2015-08-24T22:16:52+00:00","dateModified":"2015-08-24T22:45:38+00:00","author":{"@id":"https:\/\/likemetkovic.hr\/#\/schema\/person\/a42711f3385a0e2be6f7e0443bfb28f0"},"breadcrumb":{"@id":"https:\/\/likemetkovic.hr\/vk-neretvanski-gusar-na-dvije-regate-ivan-puljic-prvi-osmerac-treci\/#breadcrumb"},"inLanguage":"hr","potentialAction":[{"@type":"ReadAction","target":["https:\/\/likemetkovic.hr\/vk-neretvanski-gusar-na-dvije-regate-ivan-puljic-prvi-osmerac-treci\/"]}]},{"@type":"ImageObject","inLanguage":"hr","@id":"https:\/\/likemetkovic.hr\/vk-neretvanski-gusar-na-dvije-regate-ivan-puljic-prvi-osmerac-treci\/#primaryimage","url":"https:\/\/likemetkovic.hr\/portal\/wp-content\/uploads\/2015\/08\/neretvanski-gusar.jpg","contentUrl":"https:\/\/likemetkovic.hr\/portal\/wp-content\/uploads\/2015\/08\/neretvanski-gusar.jpg","width":800,"height":447},{"@type":"BreadcrumbList","@id":"https:\/\/likemetkovic.hr\/vk-neretvanski-gusar-na-dvije-regate-ivan-puljic-prvi-osmerac-treci\/#breadcrumb","itemListElement":[{"@type":"ListItem","position":1,"name":"Po\u010detna stranica","item":"https:\/\/likemetkovic.hr\/portal\/"},{"@type":"ListItem","position":2,"name":"VK Neretvanski gusar na dvije regate: Ivan Pulji\u0107 prvi, osmerac tre\u0107i!"}]},{"@type":"WebSite","@id":"https:\/\/likemetkovic.hr\/#website","url":"https:\/\/likemetkovic.hr\/","name":"likemetkovic.hr","description":"Misli pozitivno... \u010ditaj LIKE","potentialAction":[{"@type":"SearchAction","target":{"@type":"EntryPoint","urlTemplate":"https:\/\/likemetkovic.hr\/?s={search_term_string}"},"query-input":{"@type":"PropertyValueSpecification","valueRequired":true,"valueName":"search_term_string"}}],"inLanguage":"hr"},{"@type":"Person","@id":"https:\/\/likemetkovic.hr\/#\/schema\/person\/a42711f3385a0e2be6f7e0443bfb28f0","name":"LIKEmetkovic.hr","sameAs":["http:\/\/likemetkovic.hr"],"url":"https:\/\/likemetkovic.hr\/portal\/author\/likemetkovic-hr\/"}]}},"_links":{"self":[{"href":"https:\/\/likemetkovic.hr\/portal\/wp-json\/wp\/v2\/posts\/8750","targetHints":{"allow":["GET"]}}],"collection":[{"href":"https:\/\/likemetkovic.hr\/portal\/wp-json\/wp\/v2\/posts"}],"about":[{"href":"https:\/\/likemetkovic.hr\/portal\/wp-json\/wp\/v2\/types\/post"}],"author":[{"embeddable":true,"href":"https:\/\/likemetkovic.hr\/portal\/wp-json\/wp\/v2\/users\/7"}],"replies":[{"embeddable":true,"href":"https:\/\/likemetkovic.hr\/portal\/wp-json\/wp\/v2\/comments?post=8750"}],"version-history":[{"count":0,"href":"https:\/\/likemetkovic.hr\/portal\/wp-json\/wp\/v2\/posts\/8750\/revisions"}],"wp:featuredmedia":[{"embeddable":true,"href":"https:\/\/likemetkovic.hr\/portal\/wp-json\/wp\/v2\/media\/8754"}],"wp:attachment":[{"href":"https:\/\/likemetkovic.hr\/portal\/wp-json\/wp\/v2\/media?parent=8750"}],"wp:term":[{"taxonomy":"category","embeddable":true,"href":"https:\/\/likemetkovic.hr\/portal\/wp-json\/wp\/v2\/categories?post=8750"},{"taxonomy":"post_tag","embeddable":true,"href":"https:\/\/likemetkovic.hr\/portal\/wp-json\/wp\/v2\/tags?post=8750"}],"curies":[{"name":"wp","href":"https:\/\/api.w.org\/{rel}","templated":true}]}}