{"id":88496,"date":"2019-09-05T08:30:47","date_gmt":"2019-09-05T06:30:47","guid":{"rendered":"https:\/\/likemetkovic.hr\/?p=88496"},"modified":"2019-09-05T07:39:47","modified_gmt":"2019-09-05T05:39:47","slug":"u-osam-neretvanskih-osnovnih-skola-u-prvi-razred-je-upisano-337-ucenika-40-vise-nego-lani","status":"publish","type":"post","link":"https:\/\/likemetkovic.hr\/portal\/u-osam-neretvanskih-osnovnih-skola-u-prvi-razred-je-upisano-337-ucenika-40-vise-nego-lani\/","title":{"rendered":"U osam neretvanskih osnovnih \u0161kola u prvi razred je upisano 337 u\u010denika, 40 vi\u0161e nego lani"},"content":{"rendered":"<p>Uskoro \u0107e po\u010deti nova \u0161kolska godine. \u0160kolske kupe od ponedjeljka, 9. rujna vi\u0161e ne\u0107e biti prazne. Poznati zvuk dje\u010dje vriske i smijeha zauzet \u0107e \u0161kolska igrali\u0161ta i hodnike.<\/p>\n<p>Istra\u017eili smo koliko je prva\u0161a u novoj \u0161kolskoj godini u neretvanskim osnovnim \u0161kolama. Evo broja, u ponedjeljak \u0107e u osam osnovnih \u0161kola na podru\u010dju Neretve u\u0107i <strong>337\u00a0u\u010denika prvog razreda<\/strong>, 40 vi\u0161e nego u pro\u0161loj godini \u0161to nas treba veseliti.<\/p>\n<p>Me\u0111utim, u nekim osnovnim \u0161kolama nema mjesta za veselje, primjerice, u Otri\u0107-Seocima gdje su upisana tek dva prva\u0161a, ili podru\u010dnim \u0161kolama u Momi\u0107ima i Bjelom Viru gdje nije upisan ni jedan prva\u0161. Ono \u0161to nas treba zabrinjavati je negativan trend prirasta stanovni\u0161tva u dolini Neretve, primjerice, u posljednje dvije godine (2017. i 2018.) u Metkovi\u0107u je bilo oko 160 novoro\u0111enih, a ove godine je u metkovskim osnovnim \u0161kolama upisano ravno 200 prva\u0161a koji su ro\u0111eni u 2012.\/13. upisnoj godini.<\/p>\n<p>Evo kako to izgleda u osam neretvanskim \u0161kolama u \u0161k. godini 2019.\/2020. uz usporedbu s pro\u0161lom godinom:<\/p>\n<ul>\n<li>u <strong>O\u0160 Stjepana Radi\u0107a \u2013 Metkovi\u0107<\/strong> upisano je 120 prva\u0161a (115 u mati\u010dnoj \u0161koli i 5 u P\u0160 Mlini\u0161te), a pro\u0161le godine je bio upisan 101 u\u010denik (97 u mati\u010dnoj \u0161koli, 1 u P\u0160 Bijeli Vir i 3 u P\u0160 Mlini\u0161e)<\/li>\n<li>u <strong>O\u0160 don Mihovila Pavlinovi\u0107a \u2013 Metkovi\u0107<\/strong> upisano je 89 prva\u0161a (81 u mati\u010dnoj \u0161koli i po 4 u P\u0160 Prud i Vid), a pro\u0161le godine 63 (57 u mati\u010dnoj \u0161koli i 6 u P\u0160 Vid)<\/li>\n<li>u <strong>O\u0160 Kula Norinska<\/strong> upisno je 7 prva\u0161a ( 6 u mati\u010dnoj \u0161koli i 1 u P\u0160 Krvavac), a pro\u0161le godine 6 (3 u mati\u010dnoj \u0161koli i 3 u P\u0160 Krvavac)<\/li>\n<li><strong>O\u0160 Ivo Dugand\u017ei\u0107 Mi\u0161i\u0107 \u2013 Komin<\/strong> je upisano 7 prva\u0161a, kao i pro\u0161le godine<\/li>\n<li>u <strong>O\u0160 Opuzen<\/strong> upisano je 47 prva\u0161a (46 u mati\u010dnoj \u0161koli i 1 u P\u0160 Blace), a pro\u0161le godine\u00a0 41 i to samo u mati\u010dnoj \u0161koli.<\/li>\n<li>u <strong>O\u0160 Vladimira Nazora \u2013 Plo\u010de<\/strong> je upisano 57 prva\u0161a (53 u mati\u010dnoj \u0161koli i 4 u P\u0160 Rogotin), a u pro\u0161loj 63 (u mati\u010dnoj \u0161koli 58 i P\u0160 Rogotin 5)<\/li>\n<li>O\u0160 Fra Ante Gnje\u010d \u2013 Sta\u0161evica\u00a0 je upisano 8 prva\u0161a, a u pro\u0161loj ih je bilo 7<\/li>\n<li>O\u0160 Otri\u0107-Dubrave (Otri\u0107-Seoci) su upisana tek 2 prva\u0161a, a u pro\u0161loj ih je bilo 9.<\/li>\n<\/ul>\n<p>Najve\u0107e pove\u0107anje broja u\u010denika prvoga razreda je<strong> u metkoviskim osnovnim \u0161kolama<\/strong> u kojima je, uklju\u010divo s podru\u010dnim \u0161kolama, <strong>35 prva\u0161a vi\u0161e nego lani.\u00a0<\/strong><\/p>\n","protected":false},"excerpt":{"rendered":"<p>Uskoro \u0107e po\u010deti nova \u0161kolska godine. \u0160kolske kupe od ponedjeljka, 9. rujna vi\u0161e ne\u0107e biti prazne. Poznati zvuk dje\u010dje vriske i smijeha zauzet \u0107e \u0161kolska igrali\u0161ta i hodnike. Istra\u017eili smo koliko je prva\u0161a u novoj \u0161kolskoj godini u neretvanskim osnovnim \u0161kolama. Evo broja, u ponedjeljak \u0107e u osam osnovnih \u0161kola na podru\u010dju Neretve u\u0107i 337\u00a0u\u010denika [&hellip;]<\/p>\n","protected":false},"author":9,"featured_media":8774,"comment_status":"open","ping_status":"open","sticky":false,"template":"","format":"standard","meta":{"footnotes":""},"categories":[283,166],"tags":[323,3684],"class_list":{"0":"post-88496","1":"post","2":"type-post","3":"status-publish","4":"format-standard","5":"has-post-thumbnail","7":"category-a","8":"category-skolstvo","9":"tag-osnovna-skola","10":"tag-prvasi"},"yoast_head":"<!-- This site is optimized with the Yoast SEO plugin v25.2 - https:\/\/yoast.com\/wordpress\/plugins\/seo\/ -->\n<title>U osam neretvanskih osnovnih \u0161kola u prvi razred je upisano 337 u\u010denika, 40 vi\u0161e nego lani - likemetkovic.hr<\/title>\n<meta name=\"robots\" content=\"index, follow, max-snippet:-1, max-image-preview:large, max-video-preview:-1\" \/>\n<link rel=\"canonical\" href=\"https:\/\/likemetkovic.hr\/u-osam-neretvanskih-osnovnih-skola-u-prvi-razred-je-upisano-337-ucenika-40-vise-nego-lani\/\" \/>\n<meta property=\"og:locale\" content=\"hr_HR\" \/>\n<meta property=\"og:type\" content=\"article\" \/>\n<meta property=\"og:title\" content=\"U osam neretvanskih osnovnih \u0161kola u prvi razred je upisano 337 u\u010denika, 40 vi\u0161e nego lani - likemetkovic.hr\" \/>\n<meta property=\"og:description\" content=\"Uskoro \u0107e po\u010deti nova \u0161kolska godine. \u0160kolske kupe od ponedjeljka, 9. rujna vi\u0161e ne\u0107e biti prazne. Poznati zvuk dje\u010dje vriske i smijeha zauzet \u0107e \u0161kolska igrali\u0161ta i hodnike. Istra\u017eili smo koliko je prva\u0161a u novoj \u0161kolskoj godini u neretvanskim osnovnim \u0161kolama. Evo broja, u ponedjeljak \u0107e u osam osnovnih \u0161kola na podru\u010dju Neretve u\u0107i 337\u00a0u\u010denika [&hellip;]\" \/>\n<meta property=\"og:url\" content=\"https:\/\/likemetkovic.hr\/u-osam-neretvanskih-osnovnih-skola-u-prvi-razred-je-upisano-337-ucenika-40-vise-nego-lani\/\" \/>\n<meta property=\"og:site_name\" content=\"likemetkovic.hr\" \/>\n<meta property=\"article:publisher\" content=\"https:\/\/www.facebook.com\/likemetkovic.hr\/\" \/>\n<meta property=\"article:published_time\" content=\"2019-09-05T06:30:47+00:00\" \/>\n<meta property=\"og:image\" content=\"https:\/\/likemetkovic.hr\/wp-content\/uploads\/2015\/08\/skola030912-1.jpg\" \/>\n\t<meta property=\"og:image:width\" content=\"799\" \/>\n\t<meta property=\"og:image:height\" content=\"538\" \/>\n\t<meta property=\"og:image:type\" content=\"image\/jpeg\" \/>\n<meta name=\"author\" content=\"K. J.\" \/>\n<meta name=\"twitter:card\" content=\"summary_large_image\" \/>\n<meta name=\"twitter:label1\" content=\"Napisao\/la\" \/>\n\t<meta name=\"twitter:data1\" content=\"K. J.\" \/>\n\t<meta name=\"twitter:label2\" content=\"Procijenjeno vrijeme \u010ditanja\" \/>\n\t<meta name=\"twitter:data2\" content=\"2 minute\" \/>\n<script type=\"application\/ld+json\" class=\"yoast-schema-graph\">{\"@context\":\"https:\/\/schema.org\",\"@graph\":[{\"@type\":\"WebPage\",\"@id\":\"https:\/\/likemetkovic.hr\/u-osam-neretvanskih-osnovnih-skola-u-prvi-razred-je-upisano-337-ucenika-40-vise-nego-lani\/\",\"url\":\"https:\/\/likemetkovic.hr\/u-osam-neretvanskih-osnovnih-skola-u-prvi-razred-je-upisano-337-ucenika-40-vise-nego-lani\/\",\"name\":\"U osam neretvanskih osnovnih \u0161kola u prvi razred je upisano 337 u\u010denika, 40 vi\u0161e nego lani - likemetkovic.hr\",\"isPartOf\":{\"@id\":\"https:\/\/likemetkovic.hr\/#website\"},\"primaryImageOfPage\":{\"@id\":\"https:\/\/likemetkovic.hr\/u-osam-neretvanskih-osnovnih-skola-u-prvi-razred-je-upisano-337-ucenika-40-vise-nego-lani\/#primaryimage\"},\"image\":{\"@id\":\"https:\/\/likemetkovic.hr\/u-osam-neretvanskih-osnovnih-skola-u-prvi-razred-je-upisano-337-ucenika-40-vise-nego-lani\/#primaryimage\"},\"thumbnailUrl\":\"https:\/\/likemetkovic.hr\/portal\/wp-content\/uploads\/2015\/08\/skola030912-1.jpg\",\"datePublished\":\"2019-09-05T06:30:47+00:00\",\"author\":{\"@id\":\"https:\/\/likemetkovic.hr\/#\/schema\/person\/0a8b4ebfdfe1ff01192dccda40c5da0c\"},\"breadcrumb\":{\"@id\":\"https:\/\/likemetkovic.hr\/u-osam-neretvanskih-osnovnih-skola-u-prvi-razred-je-upisano-337-ucenika-40-vise-nego-lani\/#breadcrumb\"},\"inLanguage\":\"hr\",\"potentialAction\":[{\"@type\":\"ReadAction\",\"target\":[\"https:\/\/likemetkovic.hr\/u-osam-neretvanskih-osnovnih-skola-u-prvi-razred-je-upisano-337-ucenika-40-vise-nego-lani\/\"]}]},{\"@type\":\"ImageObject\",\"inLanguage\":\"hr\",\"@id\":\"https:\/\/likemetkovic.hr\/u-osam-neretvanskih-osnovnih-skola-u-prvi-razred-je-upisano-337-ucenika-40-vise-nego-lani\/#primaryimage\",\"url\":\"https:\/\/likemetkovic.hr\/portal\/wp-content\/uploads\/2015\/08\/skola030912-1.jpg\",\"contentUrl\":\"https:\/\/likemetkovic.hr\/portal\/wp-content\/uploads\/2015\/08\/skola030912-1.jpg\",\"width\":799,\"height\":538,\"caption\":\"OLYMPUS DIGITAL CAMERA\"},{\"@type\":\"BreadcrumbList\",\"@id\":\"https:\/\/likemetkovic.hr\/u-osam-neretvanskih-osnovnih-skola-u-prvi-razred-je-upisano-337-ucenika-40-vise-nego-lani\/#breadcrumb\",\"itemListElement\":[{\"@type\":\"ListItem\",\"position\":1,\"name\":\"Po\u010detna stranica\",\"item\":\"https:\/\/likemetkovic.hr\/portal\/\"},{\"@type\":\"ListItem\",\"position\":2,\"name\":\"U osam neretvanskih osnovnih \u0161kola u prvi razred je upisano 337 u\u010denika, 40 vi\u0161e nego lani\"}]},{\"@type\":\"WebSite\",\"@id\":\"https:\/\/likemetkovic.hr\/#website\",\"url\":\"https:\/\/likemetkovic.hr\/\",\"name\":\"likemetkovic.hr\",\"description\":\"Misli pozitivno... \u010ditaj LIKE\",\"potentialAction\":[{\"@type\":\"SearchAction\",\"target\":{\"@type\":\"EntryPoint\",\"urlTemplate\":\"https:\/\/likemetkovic.hr\/?s={search_term_string}\"},\"query-input\":{\"@type\":\"PropertyValueSpecification\",\"valueRequired\":true,\"valueName\":\"search_term_string\"}}],\"inLanguage\":\"hr\"},{\"@type\":\"Person\",\"@id\":\"https:\/\/likemetkovic.hr\/#\/schema\/person\/0a8b4ebfdfe1ff01192dccda40c5da0c\",\"name\":\"K. J.\",\"url\":\"https:\/\/likemetkovic.hr\/portal\/author\/likemetkovic\/\"}]}<\/script>\n<!-- \/ Yoast SEO plugin. -->","yoast_head_json":{"title":"U osam neretvanskih osnovnih \u0161kola u prvi razred je upisano 337 u\u010denika, 40 vi\u0161e nego lani - likemetkovic.hr","robots":{"index":"index","follow":"follow","max-snippet":"max-snippet:-1","max-image-preview":"max-image-preview:large","max-video-preview":"max-video-preview:-1"},"canonical":"https:\/\/likemetkovic.hr\/u-osam-neretvanskih-osnovnih-skola-u-prvi-razred-je-upisano-337-ucenika-40-vise-nego-lani\/","og_locale":"hr_HR","og_type":"article","og_title":"U osam neretvanskih osnovnih \u0161kola u prvi razred je upisano 337 u\u010denika, 40 vi\u0161e nego lani - likemetkovic.hr","og_description":"Uskoro \u0107e po\u010deti nova \u0161kolska godine. \u0160kolske kupe od ponedjeljka, 9. rujna vi\u0161e ne\u0107e biti prazne. Poznati zvuk dje\u010dje vriske i smijeha zauzet \u0107e \u0161kolska igrali\u0161ta i hodnike. Istra\u017eili smo koliko je prva\u0161a u novoj \u0161kolskoj godini u neretvanskim osnovnim \u0161kolama. Evo broja, u ponedjeljak \u0107e u osam osnovnih \u0161kola na podru\u010dju Neretve u\u0107i 337\u00a0u\u010denika [&hellip;]","og_url":"https:\/\/likemetkovic.hr\/u-osam-neretvanskih-osnovnih-skola-u-prvi-razred-je-upisano-337-ucenika-40-vise-nego-lani\/","og_site_name":"likemetkovic.hr","article_publisher":"https:\/\/www.facebook.com\/likemetkovic.hr\/","article_published_time":"2019-09-05T06:30:47+00:00","og_image":[{"width":799,"height":538,"url":"https:\/\/likemetkovic.hr\/wp-content\/uploads\/2015\/08\/skola030912-1.jpg","type":"image\/jpeg"}],"author":"K. J.","twitter_card":"summary_large_image","twitter_misc":{"Napisao\/la":"K. J.","Procijenjeno vrijeme \u010ditanja":"2 minute"},"schema":{"@context":"https:\/\/schema.org","@graph":[{"@type":"WebPage","@id":"https:\/\/likemetkovic.hr\/u-osam-neretvanskih-osnovnih-skola-u-prvi-razred-je-upisano-337-ucenika-40-vise-nego-lani\/","url":"https:\/\/likemetkovic.hr\/u-osam-neretvanskih-osnovnih-skola-u-prvi-razred-je-upisano-337-ucenika-40-vise-nego-lani\/","name":"U osam neretvanskih osnovnih \u0161kola u prvi razred je upisano 337 u\u010denika, 40 vi\u0161e nego lani - likemetkovic.hr","isPartOf":{"@id":"https:\/\/likemetkovic.hr\/#website"},"primaryImageOfPage":{"@id":"https:\/\/likemetkovic.hr\/u-osam-neretvanskih-osnovnih-skola-u-prvi-razred-je-upisano-337-ucenika-40-vise-nego-lani\/#primaryimage"},"image":{"@id":"https:\/\/likemetkovic.hr\/u-osam-neretvanskih-osnovnih-skola-u-prvi-razred-je-upisano-337-ucenika-40-vise-nego-lani\/#primaryimage"},"thumbnailUrl":"https:\/\/likemetkovic.hr\/portal\/wp-content\/uploads\/2015\/08\/skola030912-1.jpg","datePublished":"2019-09-05T06:30:47+00:00","author":{"@id":"https:\/\/likemetkovic.hr\/#\/schema\/person\/0a8b4ebfdfe1ff01192dccda40c5da0c"},"breadcrumb":{"@id":"https:\/\/likemetkovic.hr\/u-osam-neretvanskih-osnovnih-skola-u-prvi-razred-je-upisano-337-ucenika-40-vise-nego-lani\/#breadcrumb"},"inLanguage":"hr","potentialAction":[{"@type":"ReadAction","target":["https:\/\/likemetkovic.hr\/u-osam-neretvanskih-osnovnih-skola-u-prvi-razred-je-upisano-337-ucenika-40-vise-nego-lani\/"]}]},{"@type":"ImageObject","inLanguage":"hr","@id":"https:\/\/likemetkovic.hr\/u-osam-neretvanskih-osnovnih-skola-u-prvi-razred-je-upisano-337-ucenika-40-vise-nego-lani\/#primaryimage","url":"https:\/\/likemetkovic.hr\/portal\/wp-content\/uploads\/2015\/08\/skola030912-1.jpg","contentUrl":"https:\/\/likemetkovic.hr\/portal\/wp-content\/uploads\/2015\/08\/skola030912-1.jpg","width":799,"height":538,"caption":"OLYMPUS DIGITAL CAMERA"},{"@type":"BreadcrumbList","@id":"https:\/\/likemetkovic.hr\/u-osam-neretvanskih-osnovnih-skola-u-prvi-razred-je-upisano-337-ucenika-40-vise-nego-lani\/#breadcrumb","itemListElement":[{"@type":"ListItem","position":1,"name":"Po\u010detna stranica","item":"https:\/\/likemetkovic.hr\/portal\/"},{"@type":"ListItem","position":2,"name":"U osam neretvanskih osnovnih \u0161kola u prvi razred je upisano 337 u\u010denika, 40 vi\u0161e nego lani"}]},{"@type":"WebSite","@id":"https:\/\/likemetkovic.hr\/#website","url":"https:\/\/likemetkovic.hr\/","name":"likemetkovic.hr","description":"Misli pozitivno... \u010ditaj LIKE","potentialAction":[{"@type":"SearchAction","target":{"@type":"EntryPoint","urlTemplate":"https:\/\/likemetkovic.hr\/?s={search_term_string}"},"query-input":{"@type":"PropertyValueSpecification","valueRequired":true,"valueName":"search_term_string"}}],"inLanguage":"hr"},{"@type":"Person","@id":"https:\/\/likemetkovic.hr\/#\/schema\/person\/0a8b4ebfdfe1ff01192dccda40c5da0c","name":"K. J.","url":"https:\/\/likemetkovic.hr\/portal\/author\/likemetkovic\/"}]}},"_links":{"self":[{"href":"https:\/\/likemetkovic.hr\/portal\/wp-json\/wp\/v2\/posts\/88496","targetHints":{"allow":["GET"]}}],"collection":[{"href":"https:\/\/likemetkovic.hr\/portal\/wp-json\/wp\/v2\/posts"}],"about":[{"href":"https:\/\/likemetkovic.hr\/portal\/wp-json\/wp\/v2\/types\/post"}],"author":[{"embeddable":true,"href":"https:\/\/likemetkovic.hr\/portal\/wp-json\/wp\/v2\/users\/9"}],"replies":[{"embeddable":true,"href":"https:\/\/likemetkovic.hr\/portal\/wp-json\/wp\/v2\/comments?post=88496"}],"version-history":[{"count":0,"href":"https:\/\/likemetkovic.hr\/portal\/wp-json\/wp\/v2\/posts\/88496\/revisions"}],"wp:featuredmedia":[{"embeddable":true,"href":"https:\/\/likemetkovic.hr\/portal\/wp-json\/wp\/v2\/media\/8774"}],"wp:attachment":[{"href":"https:\/\/likemetkovic.hr\/portal\/wp-json\/wp\/v2\/media?parent=88496"}],"wp:term":[{"taxonomy":"category","embeddable":true,"href":"https:\/\/likemetkovic.hr\/portal\/wp-json\/wp\/v2\/categories?post=88496"},{"taxonomy":"post_tag","embeddable":true,"href":"https:\/\/likemetkovic.hr\/portal\/wp-json\/wp\/v2\/tags?post=88496"}],"curies":[{"name":"wp","href":"https:\/\/api.w.org\/{rel}","templated":true}]}}