{"id":88521,"date":"2019-09-05T12:49:33","date_gmt":"2019-09-05T10:49:33","guid":{"rendered":"https:\/\/likemetkovic.hr\/?p=88521"},"modified":"2019-09-05T18:07:30","modified_gmt":"2019-09-05T16:07:30","slug":"na-limanu-u-neretvi-pronadeno-bezivotno-tijelo","status":"publish","type":"post","link":"https:\/\/likemetkovic.hr\/portal\/na-limanu-u-neretvi-pronadeno-bezivotno-tijelo\/","title":{"rendered":"Na Limanu u Neretvi prona\u0111eno be\u017eivotno tijelo"},"content":{"rendered":"<p>Jutros oko 11 sati u rijeci Neretvi u Metkovi\u0107u na predjelu Liman prona\u0111eno je be\u017eivotno tijelo 70-godi\u0161nje \u017eenske osobe s podru\u010dja Metkovi\u0107a.<\/p>\n<p>Prema slu\u017ebenim informacijama, policija je jutros zaprimila dojavu o nestaku navedene osobe. U potrazi su sudjelovali policijski slu\u017ebenici i vatrogasci. O\u010devidom je utvr\u0111eno je da je uzrok smrti utapanje.<\/p>\n","protected":false},"excerpt":{"rendered":"<p>Jutros oko 11 sati u rijeci Neretvi u Metkovi\u0107u na predjelu Liman prona\u0111eno je be\u017eivotno tijelo 70-godi\u0161nje \u017eenske osobe s podru\u010dja Metkovi\u0107a. Prema slu\u017ebenim informacijama, policija je jutros zaprimila dojavu o nestaku navedene osobe. U potrazi su sudjelovali policijski slu\u017ebenici i vatrogasci. O\u010devidom je utvr\u0111eno je da je uzrok smrti utapanje.<\/p>\n","protected":false},"author":9,"featured_media":88522,"comment_status":"open","ping_status":"open","sticky":false,"template":"","format":"standard","meta":{"footnotes":""},"categories":[296,305],"tags":[428,5340],"class_list":{"0":"post-88521","1":"post","2":"type-post","3":"status-publish","4":"format-standard","5":"has-post-thumbnail","7":"category-ab","8":"category-crna-kronika","9":"tag-neretva","10":"tag-utapanje"},"yoast_head":"<!-- This site is optimized with the Yoast SEO plugin v25.2 - https:\/\/yoast.com\/wordpress\/plugins\/seo\/ -->\n<title>Na Limanu u Neretvi prona\u0111eno be\u017eivotno tijelo - likemetkovic.hr<\/title>\n<meta name=\"robots\" content=\"index, follow, max-snippet:-1, max-image-preview:large, max-video-preview:-1\" \/>\n<link rel=\"canonical\" href=\"https:\/\/likemetkovic.hr\/na-limanu-u-neretvi-pronadeno-bezivotno-tijelo\/\" \/>\n<meta property=\"og:locale\" content=\"hr_HR\" \/>\n<meta property=\"og:type\" content=\"article\" \/>\n<meta property=\"og:title\" content=\"Na Limanu u Neretvi prona\u0111eno be\u017eivotno tijelo - likemetkovic.hr\" \/>\n<meta property=\"og:description\" content=\"Jutros oko 11 sati u rijeci Neretvi u Metkovi\u0107u na predjelu Liman prona\u0111eno je be\u017eivotno tijelo 70-godi\u0161nje \u017eenske osobe s podru\u010dja Metkovi\u0107a. Prema slu\u017ebenim informacijama, policija je jutros zaprimila dojavu o nestaku navedene osobe. U potrazi su sudjelovali policijski slu\u017ebenici i vatrogasci. O\u010devidom je utvr\u0111eno je da je uzrok smrti utapanje.\" \/>\n<meta property=\"og:url\" content=\"https:\/\/likemetkovic.hr\/na-limanu-u-neretvi-pronadeno-bezivotno-tijelo\/\" \/>\n<meta property=\"og:site_name\" content=\"likemetkovic.hr\" \/>\n<meta property=\"article:publisher\" content=\"https:\/\/www.facebook.com\/likemetkovic.hr\/\" \/>\n<meta property=\"article:published_time\" content=\"2019-09-05T10:49:33+00:00\" \/>\n<meta property=\"article:modified_time\" content=\"2019-09-05T16:07:30+00:00\" \/>\n<meta property=\"og:image\" content=\"https:\/\/likemetkovic.hr\/wp-content\/uploads\/2019\/09\/PSX_20190905_124233.jpg\" \/>\n\t<meta property=\"og:image:width\" content=\"900\" \/>\n\t<meta property=\"og:image:height\" content=\"601\" \/>\n\t<meta property=\"og:image:type\" content=\"image\/jpeg\" \/>\n<meta name=\"author\" content=\"K. J.\" \/>\n<meta name=\"twitter:card\" content=\"summary_large_image\" \/>\n<meta name=\"twitter:label1\" content=\"Napisao\/la\" \/>\n\t<meta name=\"twitter:data1\" content=\"K. J.\" \/>\n<script type=\"application\/ld+json\" class=\"yoast-schema-graph\">{\"@context\":\"https:\/\/schema.org\",\"@graph\":[{\"@type\":\"WebPage\",\"@id\":\"https:\/\/likemetkovic.hr\/na-limanu-u-neretvi-pronadeno-bezivotno-tijelo\/\",\"url\":\"https:\/\/likemetkovic.hr\/na-limanu-u-neretvi-pronadeno-bezivotno-tijelo\/\",\"name\":\"Na Limanu u Neretvi prona\u0111eno be\u017eivotno tijelo - likemetkovic.hr\",\"isPartOf\":{\"@id\":\"https:\/\/likemetkovic.hr\/#website\"},\"primaryImageOfPage\":{\"@id\":\"https:\/\/likemetkovic.hr\/na-limanu-u-neretvi-pronadeno-bezivotno-tijelo\/#primaryimage\"},\"image\":{\"@id\":\"https:\/\/likemetkovic.hr\/na-limanu-u-neretvi-pronadeno-bezivotno-tijelo\/#primaryimage\"},\"thumbnailUrl\":\"https:\/\/likemetkovic.hr\/portal\/wp-content\/uploads\/2019\/09\/PSX_20190905_124233.jpg\",\"datePublished\":\"2019-09-05T10:49:33+00:00\",\"dateModified\":\"2019-09-05T16:07:30+00:00\",\"author\":{\"@id\":\"https:\/\/likemetkovic.hr\/#\/schema\/person\/0a8b4ebfdfe1ff01192dccda40c5da0c\"},\"breadcrumb\":{\"@id\":\"https:\/\/likemetkovic.hr\/na-limanu-u-neretvi-pronadeno-bezivotno-tijelo\/#breadcrumb\"},\"inLanguage\":\"hr\",\"potentialAction\":[{\"@type\":\"ReadAction\",\"target\":[\"https:\/\/likemetkovic.hr\/na-limanu-u-neretvi-pronadeno-bezivotno-tijelo\/\"]}]},{\"@type\":\"ImageObject\",\"inLanguage\":\"hr\",\"@id\":\"https:\/\/likemetkovic.hr\/na-limanu-u-neretvi-pronadeno-bezivotno-tijelo\/#primaryimage\",\"url\":\"https:\/\/likemetkovic.hr\/portal\/wp-content\/uploads\/2019\/09\/PSX_20190905_124233.jpg\",\"contentUrl\":\"https:\/\/likemetkovic.hr\/portal\/wp-content\/uploads\/2019\/09\/PSX_20190905_124233.jpg\",\"width\":900,\"height\":601},{\"@type\":\"BreadcrumbList\",\"@id\":\"https:\/\/likemetkovic.hr\/na-limanu-u-neretvi-pronadeno-bezivotno-tijelo\/#breadcrumb\",\"itemListElement\":[{\"@type\":\"ListItem\",\"position\":1,\"name\":\"Po\u010detna stranica\",\"item\":\"https:\/\/likemetkovic.hr\/portal\/\"},{\"@type\":\"ListItem\",\"position\":2,\"name\":\"Na Limanu u Neretvi prona\u0111eno be\u017eivotno tijelo\"}]},{\"@type\":\"WebSite\",\"@id\":\"https:\/\/likemetkovic.hr\/#website\",\"url\":\"https:\/\/likemetkovic.hr\/\",\"name\":\"likemetkovic.hr\",\"description\":\"Misli pozitivno... \u010ditaj LIKE\",\"potentialAction\":[{\"@type\":\"SearchAction\",\"target\":{\"@type\":\"EntryPoint\",\"urlTemplate\":\"https:\/\/likemetkovic.hr\/?s={search_term_string}\"},\"query-input\":{\"@type\":\"PropertyValueSpecification\",\"valueRequired\":true,\"valueName\":\"search_term_string\"}}],\"inLanguage\":\"hr\"},{\"@type\":\"Person\",\"@id\":\"https:\/\/likemetkovic.hr\/#\/schema\/person\/0a8b4ebfdfe1ff01192dccda40c5da0c\",\"name\":\"K. J.\",\"url\":\"https:\/\/likemetkovic.hr\/portal\/author\/likemetkovic\/\"}]}<\/script>\n<!-- \/ Yoast SEO plugin. -->","yoast_head_json":{"title":"Na Limanu u Neretvi prona\u0111eno be\u017eivotno tijelo - likemetkovic.hr","robots":{"index":"index","follow":"follow","max-snippet":"max-snippet:-1","max-image-preview":"max-image-preview:large","max-video-preview":"max-video-preview:-1"},"canonical":"https:\/\/likemetkovic.hr\/na-limanu-u-neretvi-pronadeno-bezivotno-tijelo\/","og_locale":"hr_HR","og_type":"article","og_title":"Na Limanu u Neretvi prona\u0111eno be\u017eivotno tijelo - likemetkovic.hr","og_description":"Jutros oko 11 sati u rijeci Neretvi u Metkovi\u0107u na predjelu Liman prona\u0111eno je be\u017eivotno tijelo 70-godi\u0161nje \u017eenske osobe s podru\u010dja Metkovi\u0107a. Prema slu\u017ebenim informacijama, policija je jutros zaprimila dojavu o nestaku navedene osobe. U potrazi su sudjelovali policijski slu\u017ebenici i vatrogasci. O\u010devidom je utvr\u0111eno je da je uzrok smrti utapanje.","og_url":"https:\/\/likemetkovic.hr\/na-limanu-u-neretvi-pronadeno-bezivotno-tijelo\/","og_site_name":"likemetkovic.hr","article_publisher":"https:\/\/www.facebook.com\/likemetkovic.hr\/","article_published_time":"2019-09-05T10:49:33+00:00","article_modified_time":"2019-09-05T16:07:30+00:00","og_image":[{"width":900,"height":601,"url":"https:\/\/likemetkovic.hr\/wp-content\/uploads\/2019\/09\/PSX_20190905_124233.jpg","type":"image\/jpeg"}],"author":"K. J.","twitter_card":"summary_large_image","twitter_misc":{"Napisao\/la":"K. J."},"schema":{"@context":"https:\/\/schema.org","@graph":[{"@type":"WebPage","@id":"https:\/\/likemetkovic.hr\/na-limanu-u-neretvi-pronadeno-bezivotno-tijelo\/","url":"https:\/\/likemetkovic.hr\/na-limanu-u-neretvi-pronadeno-bezivotno-tijelo\/","name":"Na Limanu u Neretvi prona\u0111eno be\u017eivotno tijelo - likemetkovic.hr","isPartOf":{"@id":"https:\/\/likemetkovic.hr\/#website"},"primaryImageOfPage":{"@id":"https:\/\/likemetkovic.hr\/na-limanu-u-neretvi-pronadeno-bezivotno-tijelo\/#primaryimage"},"image":{"@id":"https:\/\/likemetkovic.hr\/na-limanu-u-neretvi-pronadeno-bezivotno-tijelo\/#primaryimage"},"thumbnailUrl":"https:\/\/likemetkovic.hr\/portal\/wp-content\/uploads\/2019\/09\/PSX_20190905_124233.jpg","datePublished":"2019-09-05T10:49:33+00:00","dateModified":"2019-09-05T16:07:30+00:00","author":{"@id":"https:\/\/likemetkovic.hr\/#\/schema\/person\/0a8b4ebfdfe1ff01192dccda40c5da0c"},"breadcrumb":{"@id":"https:\/\/likemetkovic.hr\/na-limanu-u-neretvi-pronadeno-bezivotno-tijelo\/#breadcrumb"},"inLanguage":"hr","potentialAction":[{"@type":"ReadAction","target":["https:\/\/likemetkovic.hr\/na-limanu-u-neretvi-pronadeno-bezivotno-tijelo\/"]}]},{"@type":"ImageObject","inLanguage":"hr","@id":"https:\/\/likemetkovic.hr\/na-limanu-u-neretvi-pronadeno-bezivotno-tijelo\/#primaryimage","url":"https:\/\/likemetkovic.hr\/portal\/wp-content\/uploads\/2019\/09\/PSX_20190905_124233.jpg","contentUrl":"https:\/\/likemetkovic.hr\/portal\/wp-content\/uploads\/2019\/09\/PSX_20190905_124233.jpg","width":900,"height":601},{"@type":"BreadcrumbList","@id":"https:\/\/likemetkovic.hr\/na-limanu-u-neretvi-pronadeno-bezivotno-tijelo\/#breadcrumb","itemListElement":[{"@type":"ListItem","position":1,"name":"Po\u010detna stranica","item":"https:\/\/likemetkovic.hr\/portal\/"},{"@type":"ListItem","position":2,"name":"Na Limanu u Neretvi prona\u0111eno be\u017eivotno tijelo"}]},{"@type":"WebSite","@id":"https:\/\/likemetkovic.hr\/#website","url":"https:\/\/likemetkovic.hr\/","name":"likemetkovic.hr","description":"Misli pozitivno... \u010ditaj LIKE","potentialAction":[{"@type":"SearchAction","target":{"@type":"EntryPoint","urlTemplate":"https:\/\/likemetkovic.hr\/?s={search_term_string}"},"query-input":{"@type":"PropertyValueSpecification","valueRequired":true,"valueName":"search_term_string"}}],"inLanguage":"hr"},{"@type":"Person","@id":"https:\/\/likemetkovic.hr\/#\/schema\/person\/0a8b4ebfdfe1ff01192dccda40c5da0c","name":"K. J.","url":"https:\/\/likemetkovic.hr\/portal\/author\/likemetkovic\/"}]}},"_links":{"self":[{"href":"https:\/\/likemetkovic.hr\/portal\/wp-json\/wp\/v2\/posts\/88521","targetHints":{"allow":["GET"]}}],"collection":[{"href":"https:\/\/likemetkovic.hr\/portal\/wp-json\/wp\/v2\/posts"}],"about":[{"href":"https:\/\/likemetkovic.hr\/portal\/wp-json\/wp\/v2\/types\/post"}],"author":[{"embeddable":true,"href":"https:\/\/likemetkovic.hr\/portal\/wp-json\/wp\/v2\/users\/9"}],"replies":[{"embeddable":true,"href":"https:\/\/likemetkovic.hr\/portal\/wp-json\/wp\/v2\/comments?post=88521"}],"version-history":[{"count":0,"href":"https:\/\/likemetkovic.hr\/portal\/wp-json\/wp\/v2\/posts\/88521\/revisions"}],"wp:featuredmedia":[{"embeddable":true,"href":"https:\/\/likemetkovic.hr\/portal\/wp-json\/wp\/v2\/media\/88522"}],"wp:attachment":[{"href":"https:\/\/likemetkovic.hr\/portal\/wp-json\/wp\/v2\/media?parent=88521"}],"wp:term":[{"taxonomy":"category","embeddable":true,"href":"https:\/\/likemetkovic.hr\/portal\/wp-json\/wp\/v2\/categories?post=88521"},{"taxonomy":"post_tag","embeddable":true,"href":"https:\/\/likemetkovic.hr\/portal\/wp-json\/wp\/v2\/tags?post=88521"}],"curies":[{"name":"wp","href":"https:\/\/api.w.org\/{rel}","templated":true}]}}