{"id":88703,"date":"2019-09-09T14:29:29","date_gmt":"2019-09-09T12:29:29","guid":{"rendered":"https:\/\/likemetkovic.hr\/?p=88703"},"modified":"2019-09-09T14:29:29","modified_gmt":"2019-09-09T12:29:29","slug":"uspjesan-nastup-nasih-biciklista-na-xco-vucja-staza-na-kamesnici","status":"publish","type":"post","link":"https:\/\/likemetkovic.hr\/portal\/uspjesan-nastup-nasih-biciklista-na-xco-vucja-staza-na-kamesnici\/","title":{"rendered":"Uspje\u0161an nastup na\u0161ih biciklista na utrci XCO Vu\u010dja staza na Kame\u0161nici"},"content":{"rendered":"<p>Ju\u010der je u Otoku kod Sinja vo\u017eena utrka XCO kupa Hrvatske imena <em><strong>XCO Vu\u010dja staza<\/strong><\/em>. Doma\u0107ini iz BK Kame\u0161nice su pripremili vrhunsku stazu i doga\u0111aj koji je privukao 137 natjecatelja iz Hrvatske i susjednih zemalja me\u0111u kojima i 15 biciklista iz BK Metkovi\u0107.<\/p>\n<div id='gallery-1' class='gallery galleryid-88703 gallery-columns-1 gallery-size-full'><figure class='gallery-item'>\n\t\t\t<div class='gallery-icon landscape'>\n\t\t\t\t<a href='https:\/\/likemetkovic.hr\/portal\/uspjesan-nastup-nasih-biciklista-na-xco-vucja-staza-na-kamesnici\/bk-metkovic-kamesnica\/'><img decoding=\"async\" width=\"800\" height=\"600\" src=\"https:\/\/likemetkovic.hr\/portal\/wp-content\/uploads\/2019\/09\/bk-metkovic-kamesnica.jpg\" class=\"attachment-full size-full\" alt=\"\" srcset=\"https:\/\/likemetkovic.hr\/portal\/wp-content\/uploads\/2019\/09\/bk-metkovic-kamesnica.jpg 800w, https:\/\/likemetkovic.hr\/portal\/wp-content\/uploads\/2019\/09\/bk-metkovic-kamesnica-768x576.jpg 768w, https:\/\/likemetkovic.hr\/portal\/wp-content\/uploads\/2019\/09\/bk-metkovic-kamesnica-80x60.jpg 80w, https:\/\/likemetkovic.hr\/portal\/wp-content\/uploads\/2019\/09\/bk-metkovic-kamesnica-265x198.jpg 265w, https:\/\/likemetkovic.hr\/portal\/wp-content\/uploads\/2019\/09\/bk-metkovic-kamesnica-696x522.jpg 696w, https:\/\/likemetkovic.hr\/portal\/wp-content\/uploads\/2019\/09\/bk-metkovic-kamesnica-560x420.jpg 560w\" sizes=\"(max-width: 800px) 100vw, 800px\" \/><\/a>\n\t\t\t<\/div><\/figure>\n\t\t<\/div>\n\n<p>U kategoriji U7 <strong>Vito Prusac<\/strong> je maestralnom vo\u017enjom do\u0161ao do srebrene medalje.<\/p>\n<p>Kategorija U9 djevoj\u010dice bila je rezervirana za na\u0161e curice.<strong> Cvita Talaji\u0107<\/strong> osvojila je bron\u010danu medalju, <strong>Erika Malezija<\/strong> srebrenu, a <strong>Iva Dominikovi\u0107<\/strong> zlatnu medalju.\u00a0Kod dje\u010daka u ovoj karegoriji <strong>Antonio Krsti\u010devi\u0107<\/strong> se okitio srebrom, a Juri Kuzmanu je malo falilo do medalje, nu cilje je u\u0161ao kao \u010detvrti.<\/p>\n<p>U kategoriji U11 djevoj\u010dice<strong> Lara Bok\u0161i\u0107<\/strong> se okitila bron\u010danom medaljom, Lucija Kuzman \u010detvrta, a Mara Talaji\u0107 peta. Kategorija U11 dje\u010daci Mate Krsti\u010devi\u0107 osvojio najnezahvalniije \u010detvrto mjesto, dok su iza njega kroz cilj pro\u0161li David leonti\u0107 kao peti i Jure Vi\u0161tica kao \u0161esti.<\/p>\n<div id='gallery-2' class='gallery galleryid-88703 gallery-columns-1 gallery-size-full'><figure class='gallery-item'>\n\t\t\t<div class='gallery-icon landscape'>\n\t\t\t\t<a href='https:\/\/likemetkovic.hr\/portal\/uspjesan-nastup-nasih-biciklista-na-xco-vucja-staza-na-kamesnici\/bk-metkovic-kamesnica1\/'><img decoding=\"async\" width=\"800\" height=\"533\" src=\"https:\/\/likemetkovic.hr\/portal\/wp-content\/uploads\/2019\/09\/bk-metkovic-kamesnica1.jpg\" class=\"attachment-full size-full\" alt=\"\" srcset=\"https:\/\/likemetkovic.hr\/portal\/wp-content\/uploads\/2019\/09\/bk-metkovic-kamesnica1.jpg 800w, https:\/\/likemetkovic.hr\/portal\/wp-content\/uploads\/2019\/09\/bk-metkovic-kamesnica1-768x512.jpg 768w, https:\/\/likemetkovic.hr\/portal\/wp-content\/uploads\/2019\/09\/bk-metkovic-kamesnica1-696x464.jpg 696w, https:\/\/likemetkovic.hr\/portal\/wp-content\/uploads\/2019\/09\/bk-metkovic-kamesnica1-630x420.jpg 630w\" sizes=\"(max-width: 800px) 100vw, 800px\" \/><\/a>\n\t\t\t<\/div><\/figure>\n\t\t<\/div>\n\n<p>U kategoriji U13 dje\u010daci te\u017eak pad Marka Talaji\u0107a, ali na kraju je sve hvala Bogu pro\u0161lo uz par ogrebotina, modrica.<\/p>\n<p>Kategorija U15 dje\u010daci <strong>Vinko Bulum<\/strong> odli\u010dan bron\u010dani \u010dime je pokazao da je pro\u0161lotjedni pad na Hvaru ve\u0107 zaboravljen. I na kraju veteran Dado Talaji\u0107 je uspio uzet bodove za klub osvojenim petim mjestom.<\/p>\n<p>Veliku fotogaleriju s utrke na Kame\u0161nici mo\u017eete pogledati na FB stranici <strong><a href=\"https:\/\/www.facebook.com\/BiciklistickiKlubMetkovic\/posts\/2389857004563924\" target=\"_blank\" rel=\"noopener noreferrer\">Biciklisti\u010dkog kluba Metkovi\u0107<\/a>.<\/strong><\/p>\n","protected":false},"excerpt":{"rendered":"<p>Ju\u010der je u Otoku kod Sinja vo\u017eena utrka XCO kupa Hrvatske imena XCO Vu\u010dja staza. Doma\u0107ini iz BK Kame\u0161nice su pripremili vrhunsku stazu i doga\u0111aj koji je privukao 137 natjecatelja iz Hrvatske i susjednih zemalja me\u0111u kojima i 15 biciklista iz BK Metkovi\u0107. U kategoriji U7 Vito Prusac je maestralnom vo\u017enjom do\u0161ao do srebrene medalje. [&hellip;]<\/p>\n","protected":false},"author":9,"featured_media":88704,"comment_status":"open","ping_status":"open","sticky":false,"template":"","format":"standard","meta":{"footnotes":""},"categories":[296,34,10],"tags":[1442,5959,5958],"class_list":{"0":"post-88703","1":"post","2":"type-post","3":"status-publish","4":"format-standard","5":"has-post-thumbnail","7":"category-ab","8":"category-biciklizam","9":"category-sport","10":"tag-bk-metkovic","11":"tag-otok-dalmatinski","12":"tag-xco-vucja-staza"},"yoast_head":"<!-- This site is optimized with the Yoast SEO plugin v25.2 - https:\/\/yoast.com\/wordpress\/plugins\/seo\/ -->\n<title>Uspje\u0161an nastup na\u0161ih biciklista na utrci XCO Vu\u010dja staza na Kame\u0161nici - likemetkovic.hr<\/title>\n<meta name=\"robots\" content=\"index, follow, max-snippet:-1, max-image-preview:large, max-video-preview:-1\" \/>\n<link rel=\"canonical\" href=\"https:\/\/likemetkovic.hr\/uspjesan-nastup-nasih-biciklista-na-xco-vucja-staza-na-kamesnici\/\" \/>\n<meta property=\"og:locale\" content=\"hr_HR\" \/>\n<meta property=\"og:type\" content=\"article\" \/>\n<meta property=\"og:title\" content=\"Uspje\u0161an nastup na\u0161ih biciklista na utrci XCO Vu\u010dja staza na Kame\u0161nici - likemetkovic.hr\" \/>\n<meta property=\"og:description\" content=\"Ju\u010der je u Otoku kod Sinja vo\u017eena utrka XCO kupa Hrvatske imena XCO Vu\u010dja staza. Doma\u0107ini iz BK Kame\u0161nice su pripremili vrhunsku stazu i doga\u0111aj koji je privukao 137 natjecatelja iz Hrvatske i susjednih zemalja me\u0111u kojima i 15 biciklista iz BK Metkovi\u0107. U kategoriji U7 Vito Prusac je maestralnom vo\u017enjom do\u0161ao do srebrene medalje. [&hellip;]\" \/>\n<meta property=\"og:url\" content=\"https:\/\/likemetkovic.hr\/uspjesan-nastup-nasih-biciklista-na-xco-vucja-staza-na-kamesnici\/\" \/>\n<meta property=\"og:site_name\" content=\"likemetkovic.hr\" \/>\n<meta property=\"article:publisher\" content=\"https:\/\/www.facebook.com\/likemetkovic.hr\/\" \/>\n<meta property=\"article:published_time\" content=\"2019-09-09T12:29:29+00:00\" \/>\n<meta property=\"og:image\" content=\"https:\/\/likemetkovic.hr\/wp-content\/uploads\/2019\/09\/bk-metkovic-kamesnica.jpg\" \/>\n\t<meta property=\"og:image:width\" content=\"800\" \/>\n\t<meta property=\"og:image:height\" content=\"600\" \/>\n\t<meta property=\"og:image:type\" content=\"image\/jpeg\" \/>\n<meta name=\"author\" content=\"K. J.\" \/>\n<meta name=\"twitter:card\" content=\"summary_large_image\" \/>\n<meta name=\"twitter:label1\" content=\"Napisao\/la\" \/>\n\t<meta name=\"twitter:data1\" content=\"K. J.\" \/>\n\t<meta name=\"twitter:label2\" content=\"Procijenjeno vrijeme \u010ditanja\" \/>\n\t<meta name=\"twitter:data2\" content=\"1 minuta\" \/>\n<script type=\"application\/ld+json\" class=\"yoast-schema-graph\">{\"@context\":\"https:\/\/schema.org\",\"@graph\":[{\"@type\":\"WebPage\",\"@id\":\"https:\/\/likemetkovic.hr\/uspjesan-nastup-nasih-biciklista-na-xco-vucja-staza-na-kamesnici\/\",\"url\":\"https:\/\/likemetkovic.hr\/uspjesan-nastup-nasih-biciklista-na-xco-vucja-staza-na-kamesnici\/\",\"name\":\"Uspje\u0161an nastup na\u0161ih biciklista na utrci XCO Vu\u010dja staza na Kame\u0161nici - likemetkovic.hr\",\"isPartOf\":{\"@id\":\"https:\/\/likemetkovic.hr\/#website\"},\"primaryImageOfPage\":{\"@id\":\"https:\/\/likemetkovic.hr\/uspjesan-nastup-nasih-biciklista-na-xco-vucja-staza-na-kamesnici\/#primaryimage\"},\"image\":{\"@id\":\"https:\/\/likemetkovic.hr\/uspjesan-nastup-nasih-biciklista-na-xco-vucja-staza-na-kamesnici\/#primaryimage\"},\"thumbnailUrl\":\"https:\/\/likemetkovic.hr\/portal\/wp-content\/uploads\/2019\/09\/bk-metkovic-kamesnica.jpg\",\"datePublished\":\"2019-09-09T12:29:29+00:00\",\"author\":{\"@id\":\"https:\/\/likemetkovic.hr\/#\/schema\/person\/0a8b4ebfdfe1ff01192dccda40c5da0c\"},\"breadcrumb\":{\"@id\":\"https:\/\/likemetkovic.hr\/uspjesan-nastup-nasih-biciklista-na-xco-vucja-staza-na-kamesnici\/#breadcrumb\"},\"inLanguage\":\"hr\",\"potentialAction\":[{\"@type\":\"ReadAction\",\"target\":[\"https:\/\/likemetkovic.hr\/uspjesan-nastup-nasih-biciklista-na-xco-vucja-staza-na-kamesnici\/\"]}]},{\"@type\":\"ImageObject\",\"inLanguage\":\"hr\",\"@id\":\"https:\/\/likemetkovic.hr\/uspjesan-nastup-nasih-biciklista-na-xco-vucja-staza-na-kamesnici\/#primaryimage\",\"url\":\"https:\/\/likemetkovic.hr\/portal\/wp-content\/uploads\/2019\/09\/bk-metkovic-kamesnica.jpg\",\"contentUrl\":\"https:\/\/likemetkovic.hr\/portal\/wp-content\/uploads\/2019\/09\/bk-metkovic-kamesnica.jpg\",\"width\":800,\"height\":600},{\"@type\":\"BreadcrumbList\",\"@id\":\"https:\/\/likemetkovic.hr\/uspjesan-nastup-nasih-biciklista-na-xco-vucja-staza-na-kamesnici\/#breadcrumb\",\"itemListElement\":[{\"@type\":\"ListItem\",\"position\":1,\"name\":\"Po\u010detna stranica\",\"item\":\"https:\/\/likemetkovic.hr\/portal\/\"},{\"@type\":\"ListItem\",\"position\":2,\"name\":\"Uspje\u0161an nastup na\u0161ih biciklista na utrci XCO Vu\u010dja staza na Kame\u0161nici\"}]},{\"@type\":\"WebSite\",\"@id\":\"https:\/\/likemetkovic.hr\/#website\",\"url\":\"https:\/\/likemetkovic.hr\/\",\"name\":\"likemetkovic.hr\",\"description\":\"Misli pozitivno... \u010ditaj LIKE\",\"potentialAction\":[{\"@type\":\"SearchAction\",\"target\":{\"@type\":\"EntryPoint\",\"urlTemplate\":\"https:\/\/likemetkovic.hr\/?s={search_term_string}\"},\"query-input\":{\"@type\":\"PropertyValueSpecification\",\"valueRequired\":true,\"valueName\":\"search_term_string\"}}],\"inLanguage\":\"hr\"},{\"@type\":\"Person\",\"@id\":\"https:\/\/likemetkovic.hr\/#\/schema\/person\/0a8b4ebfdfe1ff01192dccda40c5da0c\",\"name\":\"K. J.\",\"url\":\"https:\/\/likemetkovic.hr\/portal\/author\/likemetkovic\/\"}]}<\/script>\n<!-- \/ Yoast SEO plugin. -->","yoast_head_json":{"title":"Uspje\u0161an nastup na\u0161ih biciklista na utrci XCO Vu\u010dja staza na Kame\u0161nici - likemetkovic.hr","robots":{"index":"index","follow":"follow","max-snippet":"max-snippet:-1","max-image-preview":"max-image-preview:large","max-video-preview":"max-video-preview:-1"},"canonical":"https:\/\/likemetkovic.hr\/uspjesan-nastup-nasih-biciklista-na-xco-vucja-staza-na-kamesnici\/","og_locale":"hr_HR","og_type":"article","og_title":"Uspje\u0161an nastup na\u0161ih biciklista na utrci XCO Vu\u010dja staza na Kame\u0161nici - likemetkovic.hr","og_description":"Ju\u010der je u Otoku kod Sinja vo\u017eena utrka XCO kupa Hrvatske imena XCO Vu\u010dja staza. Doma\u0107ini iz BK Kame\u0161nice su pripremili vrhunsku stazu i doga\u0111aj koji je privukao 137 natjecatelja iz Hrvatske i susjednih zemalja me\u0111u kojima i 15 biciklista iz BK Metkovi\u0107. U kategoriji U7 Vito Prusac je maestralnom vo\u017enjom do\u0161ao do srebrene medalje. [&hellip;]","og_url":"https:\/\/likemetkovic.hr\/uspjesan-nastup-nasih-biciklista-na-xco-vucja-staza-na-kamesnici\/","og_site_name":"likemetkovic.hr","article_publisher":"https:\/\/www.facebook.com\/likemetkovic.hr\/","article_published_time":"2019-09-09T12:29:29+00:00","og_image":[{"width":800,"height":600,"url":"https:\/\/likemetkovic.hr\/wp-content\/uploads\/2019\/09\/bk-metkovic-kamesnica.jpg","type":"image\/jpeg"}],"author":"K. J.","twitter_card":"summary_large_image","twitter_misc":{"Napisao\/la":"K. J.","Procijenjeno vrijeme \u010ditanja":"1 minuta"},"schema":{"@context":"https:\/\/schema.org","@graph":[{"@type":"WebPage","@id":"https:\/\/likemetkovic.hr\/uspjesan-nastup-nasih-biciklista-na-xco-vucja-staza-na-kamesnici\/","url":"https:\/\/likemetkovic.hr\/uspjesan-nastup-nasih-biciklista-na-xco-vucja-staza-na-kamesnici\/","name":"Uspje\u0161an nastup na\u0161ih biciklista na utrci XCO Vu\u010dja staza na Kame\u0161nici - likemetkovic.hr","isPartOf":{"@id":"https:\/\/likemetkovic.hr\/#website"},"primaryImageOfPage":{"@id":"https:\/\/likemetkovic.hr\/uspjesan-nastup-nasih-biciklista-na-xco-vucja-staza-na-kamesnici\/#primaryimage"},"image":{"@id":"https:\/\/likemetkovic.hr\/uspjesan-nastup-nasih-biciklista-na-xco-vucja-staza-na-kamesnici\/#primaryimage"},"thumbnailUrl":"https:\/\/likemetkovic.hr\/portal\/wp-content\/uploads\/2019\/09\/bk-metkovic-kamesnica.jpg","datePublished":"2019-09-09T12:29:29+00:00","author":{"@id":"https:\/\/likemetkovic.hr\/#\/schema\/person\/0a8b4ebfdfe1ff01192dccda40c5da0c"},"breadcrumb":{"@id":"https:\/\/likemetkovic.hr\/uspjesan-nastup-nasih-biciklista-na-xco-vucja-staza-na-kamesnici\/#breadcrumb"},"inLanguage":"hr","potentialAction":[{"@type":"ReadAction","target":["https:\/\/likemetkovic.hr\/uspjesan-nastup-nasih-biciklista-na-xco-vucja-staza-na-kamesnici\/"]}]},{"@type":"ImageObject","inLanguage":"hr","@id":"https:\/\/likemetkovic.hr\/uspjesan-nastup-nasih-biciklista-na-xco-vucja-staza-na-kamesnici\/#primaryimage","url":"https:\/\/likemetkovic.hr\/portal\/wp-content\/uploads\/2019\/09\/bk-metkovic-kamesnica.jpg","contentUrl":"https:\/\/likemetkovic.hr\/portal\/wp-content\/uploads\/2019\/09\/bk-metkovic-kamesnica.jpg","width":800,"height":600},{"@type":"BreadcrumbList","@id":"https:\/\/likemetkovic.hr\/uspjesan-nastup-nasih-biciklista-na-xco-vucja-staza-na-kamesnici\/#breadcrumb","itemListElement":[{"@type":"ListItem","position":1,"name":"Po\u010detna stranica","item":"https:\/\/likemetkovic.hr\/portal\/"},{"@type":"ListItem","position":2,"name":"Uspje\u0161an nastup na\u0161ih biciklista na utrci XCO Vu\u010dja staza na Kame\u0161nici"}]},{"@type":"WebSite","@id":"https:\/\/likemetkovic.hr\/#website","url":"https:\/\/likemetkovic.hr\/","name":"likemetkovic.hr","description":"Misli pozitivno... \u010ditaj LIKE","potentialAction":[{"@type":"SearchAction","target":{"@type":"EntryPoint","urlTemplate":"https:\/\/likemetkovic.hr\/?s={search_term_string}"},"query-input":{"@type":"PropertyValueSpecification","valueRequired":true,"valueName":"search_term_string"}}],"inLanguage":"hr"},{"@type":"Person","@id":"https:\/\/likemetkovic.hr\/#\/schema\/person\/0a8b4ebfdfe1ff01192dccda40c5da0c","name":"K. J.","url":"https:\/\/likemetkovic.hr\/portal\/author\/likemetkovic\/"}]}},"_links":{"self":[{"href":"https:\/\/likemetkovic.hr\/portal\/wp-json\/wp\/v2\/posts\/88703","targetHints":{"allow":["GET"]}}],"collection":[{"href":"https:\/\/likemetkovic.hr\/portal\/wp-json\/wp\/v2\/posts"}],"about":[{"href":"https:\/\/likemetkovic.hr\/portal\/wp-json\/wp\/v2\/types\/post"}],"author":[{"embeddable":true,"href":"https:\/\/likemetkovic.hr\/portal\/wp-json\/wp\/v2\/users\/9"}],"replies":[{"embeddable":true,"href":"https:\/\/likemetkovic.hr\/portal\/wp-json\/wp\/v2\/comments?post=88703"}],"version-history":[{"count":0,"href":"https:\/\/likemetkovic.hr\/portal\/wp-json\/wp\/v2\/posts\/88703\/revisions"}],"wp:featuredmedia":[{"embeddable":true,"href":"https:\/\/likemetkovic.hr\/portal\/wp-json\/wp\/v2\/media\/88704"}],"wp:attachment":[{"href":"https:\/\/likemetkovic.hr\/portal\/wp-json\/wp\/v2\/media?parent=88703"}],"wp:term":[{"taxonomy":"category","embeddable":true,"href":"https:\/\/likemetkovic.hr\/portal\/wp-json\/wp\/v2\/categories?post=88703"},{"taxonomy":"post_tag","embeddable":true,"href":"https:\/\/likemetkovic.hr\/portal\/wp-json\/wp\/v2\/tags?post=88703"}],"curies":[{"name":"wp","href":"https:\/\/api.w.org\/{rel}","templated":true}]}}